{"id":6563,"date":"2014-02-25T10:45:53","date_gmt":"2014-02-25T09:45:53","guid":{"rendered":"http:\/\/www.robertosedda.it\/?p=6563"},"modified":"2014-03-11T18:41:14","modified_gmt":"2014-03-11T17:41:14","slug":"restare-umani-anche-in-sardegna","status":"publish","type":"post","link":"https:\/\/www.robertosedda.it\/?p=6563","title":{"rendered":"Restare umani. Anche in Sardegna"},"content":{"rendered":"<p>Pubblico con vero piacere il consueto frutto delle riunioni dei <em>blogger<\/em> del luned\u00ec, questa volta a firma di Francesca Madrigali, ed \u00e8 anche l&#8217;occasione per suggerire <a href=\"http:\/\/madrigopolis.blogspot.it\/\">la lettura del suo <em>blog<\/em><\/a>, che \u00e8 sempre molto piacevole e che oggi viene anche inserito nella <a title=\"\u2026 e i blog degli amici\" href=\"http:\/\/www.robertosedda.it\/?page_id=1514\">posizione di amico della settimana<\/a>.<\/p>\n<p>Oltre che qui e su <a href=\"http:\/\/madrigopolis.blogspot.it\/\"><em>Madrigopolis<\/em><\/a>,\u00a0questo articolo viene pubblicato anche sui siti\u00a0di <b><a href=\"http:\/\/www.fondazionesardinia.eu\/ita\/\">Fondazione Sardinia<\/a><\/b>, <b><a href=\"http:\/\/www.tramasdeamistade.org\/\">Tramas de Amistade<\/a><\/b>, <b><a href=\"http:\/\/www.sardegnasoprattutto.com\/\">Sardegna Soprattutto<\/a><\/b>, <b><a href=\"http:\/\/www.aladinpensiero.it\/\">Aladin Pensiero<\/a><\/b>, <b><a href=\"http:\/\/www.formaparis.com\/blog\">Sportello Formaparis<\/a><\/b>,\u00a0<b><a href=\"http:\/\/tottusinpari.blog.tiscali.it\/\">Tottusinpari<\/a><\/b>\u00a0e sui blog di <b><a href=\"http:\/\/www.vitobiolchini.it\/\">Vito Biolchini<\/a><\/b>\u00a0ed <b><a href=\"http:\/\/www.enricolobina.org\/wp\/\">Enrico Lobina<\/a><\/b>. <a href=\"http:\/\/www.esseblog.it\/\"><em>Esseblog<\/em><\/a>, mi sa, ce lo siamo perso.<\/p>\n<h2><b>Restare umani, anche in Sardegna: prima, durante e dopo le elezioni.<\/b><\/h2>\n<h3>di Francesca Madrigali<\/h3>\n<p><a href=\"https:\/\/i0.wp.com\/www.robertosedda.it\/wp-content\/uploads\/2014\/02\/videolina_pigliaru.jpg\"><img data-attachment-id=\"6567\" data-permalink=\"https:\/\/www.robertosedda.it\/?attachment_id=6567\" data-orig-file=\"https:\/\/i0.wp.com\/www.robertosedda.it\/wp-content\/uploads\/2014\/02\/videolina_pigliaru.jpg?fit=1600%2C1200&amp;ssl=1\" data-orig-size=\"1600,1200\" data-comments-opened=\"1\" data-image-meta=\"{&quot;aperture&quot;:&quot;0&quot;,&quot;credit&quot;:&quot;&quot;,&quot;camera&quot;:&quot;&quot;,&quot;caption&quot;:&quot;&quot;,&quot;created_timestamp&quot;:&quot;0&quot;,&quot;copyright&quot;:&quot;&quot;,&quot;focal_length&quot;:&quot;0&quot;,&quot;iso&quot;:&quot;0&quot;,&quot;shutter_speed&quot;:&quot;0&quot;,&quot;title&quot;:&quot;&quot;}\" data-image-title=\"videolina_pigliaru\" data-image-description=\"\" data-image-caption=\"\" data-medium-file=\"https:\/\/i0.wp.com\/www.robertosedda.it\/wp-content\/uploads\/2014\/02\/videolina_pigliaru.jpg?fit=300%2C225&amp;ssl=1\" data-large-file=\"https:\/\/i0.wp.com\/www.robertosedda.it\/wp-content\/uploads\/2014\/02\/videolina_pigliaru.jpg?fit=510%2C383&amp;ssl=1\" decoding=\"async\" loading=\"lazy\" class=\"alignleft size-medium wp-image-6567\" alt=\"videolina_pigliaru\" src=\"https:\/\/i0.wp.com\/www.robertosedda.it\/wp-content\/uploads\/2014\/02\/videolina_pigliaru.jpg?resize=300%2C225\" width=\"300\" height=\"225\" srcset=\"https:\/\/i0.wp.com\/www.robertosedda.it\/wp-content\/uploads\/2014\/02\/videolina_pigliaru.jpg?resize=300%2C225&amp;ssl=1 300w, https:\/\/i0.wp.com\/www.robertosedda.it\/wp-content\/uploads\/2014\/02\/videolina_pigliaru.jpg?resize=150%2C112&amp;ssl=1 150w, https:\/\/i0.wp.com\/www.robertosedda.it\/wp-content\/uploads\/2014\/02\/videolina_pigliaru.jpg?resize=1024%2C768&amp;ssl=1 1024w, https:\/\/i0.wp.com\/www.robertosedda.it\/wp-content\/uploads\/2014\/02\/videolina_pigliaru.jpg?resize=268%2C200&amp;ssl=1 268w, https:\/\/i0.wp.com\/www.robertosedda.it\/wp-content\/uploads\/2014\/02\/videolina_pigliaru.jpg?resize=700%2C525&amp;ssl=1 700w, https:\/\/i0.wp.com\/www.robertosedda.it\/wp-content\/uploads\/2014\/02\/videolina_pigliaru.jpg?w=1600&amp;ssl=1 1600w\" sizes=\"(max-width: 300px) 100vw, 300px\" data-recalc-dims=\"1\" \/><\/a>Le elezioni per il rinnovo del consiglio regionale si sono concluse con la vittoria della coalizione di centrosinistra guidata dall&#8217;economista Francesco Pigliaru. Una campagna elettorale breve, giocata forse per la prima volta in maniera strategica sui <em>social network<\/em> e la Rete, oltre che, naturalmente, sul territorio. I principali avversari sono stati\u00a0&#8211; e saranno ancora, se il progetto <em>Sardegna Possibile<\/em> si svilupper\u00e0 ulteriormente in vista delle future amministrative\u00a0&#8211; il centrodestra raccolto intorno a Ugo Cappellacci (al 39,65% con 292.395) e appunto il movimento guidato da Michela Murgia (10,30% con 75.981 voti). Gli altri <i>competitors<\/i>\u00a0&#8211; <em>Movimento Zona Franca<\/em> allo 0,82, <em>Fronte indipendentista Unidu<\/em> con 1,03 , <em>Unidos<\/em> con 5,72%\u00a0&#8211; hanno raggiunto risultati pi\u00f9 modesti, ognuno comunque significativo a suo modo.<\/p>\n<p><b><span style=\"text-decoration: underline;\">Prima e durante la campagna elettorale<\/span><\/b>, la situazione complessiva della Sardegna<b> <\/b>\u00e8 stata ed \u00e8 tuttora caratterizzata da problemi importanti e mai veramente aggrediti con forza\u00a0&#8211; disoccupazione, dispersione scolastica, infrastrutture, desertificazione produttiva, incapacit\u00e0 di mettere le risorse a &#8220;sistema&#8221;\u00a0&#8211; che hanno dato alla campagna e allo scenario successivo un carattere &#8220;emergenziale&#8221;: prima nell&#8217;evidenziare le questioni risolte o irrisolte dalla Giunta precedente, poi nella complessa individuazione delle priorit\u00e0 attuali, infine nelle enormi aspettative verso il nuovo presidente.<\/p>\n<p>Le note vicende giudiziarie delle maggiori coalizioni di centrodestra e centrosinistra hanno creato un clima favorevole al ricambio, se soltanto si sapr\u00e0 cogliere l\u2019occasione. Ma hanno anche, insieme alla presenza di un concorrente inedito come <em>Sardegna Possibile<\/em>, favorito delle modalit\u00e0 di scontro politico che spesso hanno trasceso nel &#8220;personale&#8221;.<\/p>\n<p>Che certamente in qualche modo \u00e8 sempre &#8220;politico&#8221;, ma deve sempre essere &#8220;umano&#8221;. Cio\u00e8 non necessariamente gentile, ma corretto.<\/p>\n<p><b>&#8220;Restare umani&#8221;<\/b> (il riferimento \u00e8 alla frase di Vittorio Arrigoni, <em>reporter<\/em> ucciso a Gaza e riferita a contesti di ben altro tormento individuale e di popolo) insomma si pu\u00f2 e si deve.<\/p>\n<p>Non perch\u00e9 \u00e8 giusto, o &#8220;buono&#8221; cos\u00ec, ma perch\u00e9 in qualche modo fornisce la &#8220;cifra&#8221; della persona. Questione apparentemente superflua, in realt\u00e0 si dimostra sempre pi\u00f9 importante ad ogni livello e soprattutto per un <em>leader<\/em>.\u00a0\u00c8 stato un fattore determinante per la vittoria di Francesco Pigliaru, talvolta considerato poco vivace e aggressivo, ma allo stesso tempo percepito come rispettabile e competente, forse perfino pi\u00f9 &#8220;affidabile&#8221; della sua coalizione. I 23. 409 voti in pi\u00f9 del candidato presidente rispetto alle sue liste sono un segnale da considerare attentamente.<\/p>\n<p>Il senso della politica per la lotta aspra ma comunque correttamente centrata sulla politica si \u00e8 invece perso durante la campagna.<b>\u00a0 <\/b>Abbiamo assistito a delle manifestazioni riconducibili pi\u00f9 a una curva <em>ultras<\/em> da stadio che a delle elezioni regionali; verrebbe da dire che talvolta i candidati\u00a0&#8211; e molto pi\u00f9 spesso i loro sostenitori, ai quali i primi\u00a0 vengono comunque accostati con conseguenti risultati sul piano dell\u2019immagine\u00a0&#8211; hanno ceduto alla tentazione dell\u2019immaginario berlusconiano da spettacolo del Bagaglino, alle enfatiche modalit\u00e0 di espressione del pensiero grilline, alla tentazione di strumentalizzare temi importanti come il sessismo e le questioni di genere.<\/p>\n<p>Non credo ci siano state forme di misoginia o di sessismo acuto verso le due\u00a0 donne che a diverso titolo hanno caratterizzato la campagna elettorale, e cio\u00e8 Francesca Barracciu per il centrosinistra e Michela Murgia per <em>Sardegna Possibile<\/em>. Si tratta di due persone che sono anche &#8220;personaggi&#8221;, per le vicende politiche o professionali precedenti la candidatura. Mostrano un temperamento forte che ovviamente produce forti simpatie o antipatie nell&#8217;opinione pubblica. I &#8220;passi indietro&#8221;, ove richiesti, o i pessimi commenti da osteria sull&#8217;aspetto fisico possono essere letti come manifestazioni della consueta avversione alle novit\u00e0 e ad una mala-educazione e aderenza a un sistema generale di (dis)valori basato sull&#8217;estetica.<\/p>\n<p>Interessante, invece, l\u2019osservazione scandalizzata di alcuni\/e sulla ferocia della critica femminile alle donne: come se queste ultime fossero, appunto, una specie a parte che per mere questioni biologiche non dovrebbe attaccare mai le proprie simili (ed \u00e8 speculare alla singolare convinzione che per riequilibrare la rappresentanza politica le donne dovrebbero votare le donne in quanto tali).<\/p>\n<p><b><span style=\"text-decoration: underline;\">E dopo le elezioni?<\/span><\/b> C&#8217;\u00e8 in Sardegna una enorme aspettativa per quella che sar\u00e0 la squadra di governo del nuovo presidente, e una scia di polemiche che attraversa le analisi del voto.<\/p>\n<p>Come si pu\u00f2 &#8220;restare umani&#8221;? Con le <b>scelte politiche<\/b>: il che significa non solo un approccio inclusivo a tutte le fasce della popolazione, ma soprattutto una maggiore aderenza alla realt\u00e0 della Sardegna, una indicazione forte per il bene comune, per la collettivit\u00e0 di una regione stremata dalle troppe emergenze. Soltanto le competenze e la conoscenza della situazione &#8220;vera&#8221;, quotidiana, oltre ai numeri e prima ancora del complesso <em>Risiko<\/em> degli accordi partitici, possono fare la differenza.<\/p>\n","protected":false},"excerpt":{"rendered":"<p>Pubblico con vero piacere il consueto frutto delle riunioni dei blogger del luned\u00ec, questa volta a firma di Francesca Madrigali,<\/p>\n","protected":false},"author":1,"featured_media":6567,"comment_status":"open","ping_status":"open","sticky":false,"template":"","format":"standard","meta":{"_mi_skip_tracking":false,"_monsterinsights_sitenote_active":false,"_monsterinsights_sitenote_note":"","_monsterinsights_sitenote_category":0,"jetpack_post_was_ever_published":false,"_jetpack_newsletter_access":"","jetpack_publicize_message":"","jetpack_is_tweetstorm":false,"jetpack_publicize_feature_enabled":true,"jetpack_social_post_already_shared":true,"jetpack_social_options":{"image_generator_settings":{"template":"highway","enabled":false}}},"categories":[52,57,17,59,16],"tags":[],"jetpack_publicize_connections":[],"jetpack_featured_media_url":"https:\/\/i0.wp.com\/www.robertosedda.it\/wp-content\/uploads\/2014\/02\/videolina_pigliaru.jpg?fit=1600%2C1200&ssl=1","jetpack_sharing_enabled":true,"jetpack_shortlink":"https:\/\/wp.me\/p4jV2T-1HR","jetpack_likes_enabled":true,"jetpack-related-posts":[{"id":8914,"url":"https:\/\/www.robertosedda.it\/?p=8914","url_meta":{"origin":6563,"position":0},"title":"Quali intellettuali in Sardegna? Un intervento di Piero Marcialis","author":"Rufus","date":"19\/11\/2014","format":false,"excerpt":"Oltre che su questo\u00a0blog questo articolo viene pubblicato anche sui siti di\u00a0Fondazione Sardinia,\u00a0Aladinpensiero,\u00a0Tramas de amistade,\u00a0Sardegna Soprattutto,\u00a0Sportello Formaparis,\u00a0Tottusinpari e sui blog di\u00a0Enrico Lobina,\u00a0Vito Biolchini\u00a0e\u00a0Francesca Madrigali. Quali intellettuali in Sardegna? di Piero Marcialis Si scalda (forse) il dibattito sugli intellettuali in Sardegna. Non mi soffermo a dire che intellettuali siamo un po\u2019\u2026","rel":"","context":"In &quot;Coordinate&quot;","block_context":{"text":"Coordinate","link":"https:\/\/www.robertosedda.it\/?cat=52"},"img":{"alt_text":"","src":"https:\/\/i0.wp.com\/www.robertosedda.it\/wp-content\/uploads\/2014\/11\/intellettuali1.jpg?fit=360%2C269&ssl=1&resize=350%2C200","width":350,"height":200},"classes":[]},{"id":6680,"url":"https:\/\/www.robertosedda.it\/?p=6680","url_meta":{"origin":6563,"position":1},"title":"Chi ha paura di Giorgio Mazzella? La crisi di Sardegna Uno simbolo dell\u2019informazione isolana in caduta libera. Un articolo di Vito Biolchini","author":"Rufus","date":"11\/03\/2014","format":false,"excerpt":"Oltre che su questo blog, questo articolo viene pubblicato anche sui siti di\u00a0Fondazione Sardinia,\u00a0Aladin Pensiero,\u00a0Tramas de Amistade,\u00a0Madrigopolis,\u00a0SardegnaSoprattutto,\u00a0Sportello Formaparis,\u00a0Tottusinpari\u00a0e sui blog\u00a0di Enrico Lobina e Vito Biolchini. Chi ha paura di Giorgio Mazzella? La crisi di Sardegna Uno simbolo dell\u2019informazione isolana in caduta libera di Vito Biolchini I lavoratori di Sardegna Uno\u2026","rel":"","context":"In &quot;Coordinate&quot;","block_context":{"text":"Coordinate","link":"https:\/\/www.robertosedda.it\/?cat=52"},"img":{"alt_text":"","src":"https:\/\/i0.wp.com\/www.robertosedda.it\/wp-content\/uploads\/2014\/03\/Striscione-Sardegna-Uno.jpg?fit=786%2C445&ssl=1&resize=350%2C200","width":350,"height":200,"srcset":"https:\/\/i0.wp.com\/www.robertosedda.it\/wp-content\/uploads\/2014\/03\/Striscione-Sardegna-Uno.jpg?fit=786%2C445&ssl=1&resize=350%2C200 1x, https:\/\/i0.wp.com\/www.robertosedda.it\/wp-content\/uploads\/2014\/03\/Striscione-Sardegna-Uno.jpg?fit=786%2C445&ssl=1&resize=700%2C400 2x"},"classes":[]},{"id":13951,"url":"https:\/\/www.robertosedda.it\/?p=13951","url_meta":{"origin":6563,"position":2},"title":"Cambi di ottica visuale per la Sardegna","author":"Rufus","date":"19\/07\/2017","format":false,"excerpt":"L'altro giorno leggevo un articolo interessante sulle differenze fra lo spagnolo parlato nella penisola iberica e quello della latinoamerica. Gi\u00e0 dall'inizio c'\u00e8 una lunga discussione sull'uso della seconda persona del pronome personale e dei vari casi nei quali bisogna usare\u00a0ustedes\u00a0invece di\u00a0vosotros: saltava all'occhio il collegamento con i due pronomi sardi\u00a0fustetti\u2026","rel":"","context":"In &quot;Coordinate&quot;","block_context":{"text":"Coordinate","link":"https:\/\/www.robertosedda.it\/?cat=52"},"img":{"alt_text":"","src":"https:\/\/i0.wp.com\/www.robertosedda.it\/wp-content\/uploads\/2017\/07\/Quattro-mori.jpg?fit=1024%2C467&ssl=1&resize=350%2C200","width":350,"height":200,"srcset":"https:\/\/i0.wp.com\/www.robertosedda.it\/wp-content\/uploads\/2017\/07\/Quattro-mori.jpg?fit=1024%2C467&ssl=1&resize=350%2C200 1x, https:\/\/i0.wp.com\/www.robertosedda.it\/wp-content\/uploads\/2017\/07\/Quattro-mori.jpg?fit=1024%2C467&ssl=1&resize=700%2C400 2x"},"classes":[]},{"id":9559,"url":"https:\/\/www.robertosedda.it\/?p=9559","url_meta":{"origin":6563,"position":3},"title":"Bainzu Piliu, Pertini e Mattarella. E la Sardegna come l\u2019Alabama (di Piero Marcialis)","author":"Rufus","date":"10\/02\/2015","format":false,"excerpt":"Questo articolo viene\u00a0pubblicato anche dai siti\u00a0di\u00a0Fondazione Sardinia, Tramasdeamistade,\u00a0 SardegnaSoprattutto,\u00a0Sportello Formaparis,\u00a0Tottusinpari e sui blog\u00a0di\u00a0Enrico Lobina,\u00a0Vito Biolchini\u00a0e\u00a0Francesca Madrigali. Bainzu Piliu, Pertini e Mattarella. E la Sardegna come l\u2019Alabama di Piero Marcialis In questi primi giorni di febbraio sono impegnato a scrivere la riduzione teatrale del libro di Bainzu Piliu Cella n. 21.\u2026","rel":"","context":"In &quot;Coordinate&quot;","block_context":{"text":"Coordinate","link":"https:\/\/www.robertosedda.it\/?cat=52"},"img":{"alt_text":"","src":"https:\/\/i0.wp.com\/www.robertosedda.it\/wp-content\/uploads\/2015\/02\/Baizu-Piliu.jpg?fit=500%2C378&ssl=1&resize=350%2C200","width":350,"height":200},"classes":[]},{"id":6923,"url":"https:\/\/www.robertosedda.it\/?p=6923","url_meta":{"origin":6563,"position":4},"title":"Sardegna, a ciascuno il suo silenzio (un intervento di Vito Biolchini)","author":"Rufus","date":"08\/04\/2014","format":false,"excerpt":"Oltre che su questo blog, questo articolo viene pubblicato anche sui siti\u00a0di Vito Biolchini,\u00a0Enrico Lobina,\u00a0Fondazione Sardinia,\u00a0Aladinpensiero,\u00a0Tramas de Amistade,\u00a0Madrigopolis,\u00a0Sardegna Soprattutto,\u00a0Sportello Formaparis,\u00a0Tottusinpari. Sardegna, a ciascuno il suo silenzio (Pigliaru non spiega: almeno ascolter\u00e0?) di Vito Biolchini E all'improvviso scese il silenzio. Se nei sette mesi che hanno preceduto il voto una febbre\u2026","rel":"","context":"In &quot;Coordinate&quot;","block_context":{"text":"Coordinate","link":"https:\/\/www.robertosedda.it\/?cat=52"},"img":{"alt_text":"","src":"https:\/\/i0.wp.com\/www.robertosedda.it\/wp-content\/uploads\/2014\/02\/videolina_pigliaru.jpg?fit=1200%2C900&ssl=1&resize=350%2C200","width":350,"height":200,"srcset":"https:\/\/i0.wp.com\/www.robertosedda.it\/wp-content\/uploads\/2014\/02\/videolina_pigliaru.jpg?fit=1200%2C900&ssl=1&resize=350%2C200 1x, https:\/\/i0.wp.com\/www.robertosedda.it\/wp-content\/uploads\/2014\/02\/videolina_pigliaru.jpg?fit=1200%2C900&ssl=1&resize=700%2C400 2x, https:\/\/i0.wp.com\/www.robertosedda.it\/wp-content\/uploads\/2014\/02\/videolina_pigliaru.jpg?fit=1200%2C900&ssl=1&resize=1050%2C600 3x"},"classes":[]},{"id":9939,"url":"https:\/\/www.robertosedda.it\/?p=9939","url_meta":{"origin":6563,"position":5},"title":"DUN, dun, dun \u2026 il governo ribusser\u00e0 alle nostre porte","author":"Rufus","date":"10\/04\/2015","format":false,"excerpt":"Questo articolo viene pubblicato anche sui siti di Fondazione Sardinia, Tramasdeamistade, Sardegna Soprattutto, Sportello Formaparis,Tottusinpari e sui blog di Enrico Lobina, Vito Biolchini e\u00a0Francesca Madrigali. DUN, dun, dun \u2026 il governo ribusser\u00e0 alle nostre porte di Salvatore Cubeddu La notizia \u00e8 che il ministro Gian Luca Galletti seguir\u00e0 per il\u2026","rel":"","context":"In &quot;Coordinate&quot;","block_context":{"text":"Coordinate","link":"https:\/\/www.robertosedda.it\/?cat=52"},"img":{"alt_text":"","src":"https:\/\/i0.wp.com\/www.robertosedda.it\/wp-content\/uploads\/2013\/12\/Salvatore-Cubeddu.jpg?fit=500%2C374&ssl=1&resize=350%2C200","width":350,"height":200},"classes":[]}],"_links":{"self":[{"href":"https:\/\/www.robertosedda.it\/index.php?rest_route=\/wp\/v2\/posts\/6563"}],"collection":[{"href":"https:\/\/www.robertosedda.it\/index.php?rest_route=\/wp\/v2\/posts"}],"about":[{"href":"https:\/\/www.robertosedda.it\/index.php?rest_route=\/wp\/v2\/types\/post"}],"author":[{"embeddable":true,"href":"https:\/\/www.robertosedda.it\/index.php?rest_route=\/wp\/v2\/users\/1"}],"replies":[{"embeddable":true,"href":"https:\/\/www.robertosedda.it\/index.php?rest_route=%2Fwp%2Fv2%2Fcomments&post=6563"}],"version-history":[{"count":3,"href":"https:\/\/www.robertosedda.it\/index.php?rest_route=\/wp\/v2\/posts\/6563\/revisions"}],"predecessor-version":[{"id":6568,"href":"https:\/\/www.robertosedda.it\/index.php?rest_route=\/wp\/v2\/posts\/6563\/revisions\/6568"}],"wp:featuredmedia":[{"embeddable":true,"href":"https:\/\/www.robertosedda.it\/index.php?rest_route=\/wp\/v2\/media\/6567"}],"wp:attachment":[{"href":"https:\/\/www.robertosedda.it\/index.php?rest_route=%2Fwp%2Fv2%2Fmedia&parent=6563"}],"wp:term":[{"taxonomy":"category","embeddable":true,"href":"https:\/\/www.robertosedda.it\/index.php?rest_route=%2Fwp%2Fv2%2Fcategories&post=6563"},{"taxonomy":"post_tag","embeddable":true,"href":"https:\/\/www.robertosedda.it\/index.php?rest_route=%2Fwp%2Fv2%2Ftags&post=6563"}],"curies":[{"name":"wp","href":"https:\/\/api.w.org\/{rel}","templated":true}]}}