{"id":6560,"date":"2014-02-24T09:00:48","date_gmt":"2014-02-24T08:00:48","guid":{"rendered":"http:\/\/www.robertosedda.it\/?p=6560"},"modified":"2015-02-24T13:08:30","modified_gmt":"2015-02-24T12:08:30","slug":"elezione-del-comitato-etico-unopinione","status":"publish","type":"post","link":"https:\/\/www.robertosedda.it\/?p=6560","title":{"rendered":"Elezione del Comitato Etico: un&#8217;opinione"},"content":{"rendered":"<p><a href=\"https:\/\/i0.wp.com\/www.robertosedda.it\/wp-content\/uploads\/2014\/02\/Banca-Etica-15-anni.jpg\"><img data-attachment-id=\"6143\" data-permalink=\"https:\/\/www.robertosedda.it\/?attachment_id=6143\" data-orig-file=\"https:\/\/i0.wp.com\/www.robertosedda.it\/wp-content\/uploads\/2014\/02\/Banca-Etica-15-anni.jpg?fit=510%2C250&amp;ssl=1\" data-orig-size=\"510,250\" data-comments-opened=\"1\" data-image-meta=\"{&quot;aperture&quot;:&quot;0&quot;,&quot;credit&quot;:&quot;&quot;,&quot;camera&quot;:&quot;&quot;,&quot;caption&quot;:&quot;&quot;,&quot;created_timestamp&quot;:&quot;0&quot;,&quot;copyright&quot;:&quot;&quot;,&quot;focal_length&quot;:&quot;0&quot;,&quot;iso&quot;:&quot;0&quot;,&quot;shutter_speed&quot;:&quot;0&quot;,&quot;title&quot;:&quot;&quot;}\" data-image-title=\"Banca Etica 15 anni\" data-image-description=\"\" data-image-caption=\"\" data-medium-file=\"https:\/\/i0.wp.com\/www.robertosedda.it\/wp-content\/uploads\/2014\/02\/Banca-Etica-15-anni.jpg?fit=300%2C147&amp;ssl=1\" data-large-file=\"https:\/\/i0.wp.com\/www.robertosedda.it\/wp-content\/uploads\/2014\/02\/Banca-Etica-15-anni.jpg?fit=510%2C250&amp;ssl=1\" decoding=\"async\" loading=\"lazy\" class=\"alignleft size-medium wp-image-6143\" src=\"https:\/\/i0.wp.com\/www.robertosedda.it\/wp-content\/uploads\/2014\/02\/Banca-Etica-15-anni.jpg?resize=300%2C147\" alt=\"Banca Etica 15 anni\" width=\"300\" height=\"147\" srcset=\"https:\/\/i0.wp.com\/www.robertosedda.it\/wp-content\/uploads\/2014\/02\/Banca-Etica-15-anni.jpg?resize=300%2C147&amp;ssl=1 300w, https:\/\/i0.wp.com\/www.robertosedda.it\/wp-content\/uploads\/2014\/02\/Banca-Etica-15-anni.jpg?resize=150%2C73&amp;ssl=1 150w, https:\/\/i0.wp.com\/www.robertosedda.it\/wp-content\/uploads\/2014\/02\/Banca-Etica-15-anni.jpg?w=510&amp;ssl=1 510w\" sizes=\"(max-width: 300px) 100vw, 300px\" data-recalc-dims=\"1\" \/><\/a>Alla prossima Assemblea di <em>Banca popolare Etica <\/em>sar\u00e0 rinnovato il nostro comitato etico, che ha esaurito il suo mandato triennale.<\/p>\n<p>Con gli altri Referenti dei soci delle cinque Aree in cui \u00e8 divisa la banca ho sottoscritto un documento per provare a indirizzare il dibattito elettorale nella direzione secondo noi migliore per la banca, con un occhio ai nostri prossimi quindici anni di vita.<\/p>\n<p>Il documento &#8211; alla cui stesura ho partecipato attivamente &#8211; \u00e8 in circolazione gi\u00e0 da un mesetto, ma siccome stasera l&#8217;Area Centro si riunisce giusto su <em>Skype<\/em> per cominciare a discutere di candidature, mi \u00e8 venuto in mente di riproporlo anche qui sul <em>blog<\/em>: magari in tutto il giro di <em>mail<\/em> qualcuno \u00e8 stato saltato o non l&#8217;ha letto, magari interessa, come metodo, anche a chi non \u00e8 socio di Banca Etica &#8211; e perci\u00f2 <em>certamente<\/em> non l&#8217;ha ricevuto &#8211; e, infine, magari serve a dimostrare che dentro le organizzazioni si possono affrontare\u00a0elezioni, anche importanti,\u00a0con una certa leggerezza e senza le cose che si vedono altrove.<\/p>\n<p>Oltre che da me per l&#8217;Area Centro, il documento \u00e8 stato sottoscritto da Maurizio Bianchetti (NO), Giorgio Osti (NE), Luigi Saccenti (Sud) e Xavier Rubio (Spagna).<\/p>\n<blockquote><p>Cari soci<\/p>\n<p>desideriamo scrivervi, all&#8217;inizio del percorso per l&#8217;elezione del Comitato Etico, per manifestarvi alcune esigenze sulle quali, come Referenti dei soci della cinque Aree della Banca, ci troviamo d&#8217;accordo.<\/p>\n<p>Non vogliamo influire sull&#8217;elezione; o meglio: abbiamo l&#8217;ambizione di influire sulle elezioni, ma nel senso di orientare il processo con il quale si affronta la selezione delle candidature, manifestando alcuni punti che riteniamo nell&#8217;interesse della Banca in generale ma lasciando ovviamente la selezione e il sostegno alla presentazione delle candidature e l&#8217;appoggio in termini di voto alla responsabilit\u00e0 dei soci, dei singoli GIT e dei Coordinamenti d&#8217;Area. Non intendiamo quindi suggerire dei nomi, quanto indicare delle attenzioni lungo il percorso.<\/p>\n<p>Prendiamo la parola anche perch\u00e9 troviamo che l&#8217;elezione del nuovo Comitato Etico cada in un momento significativo, in cui tanti fattori suggeriscono che per questo organismo stia iniziando un \u201cnuovo ciclo\u201d della sua storia: per esempio il fatto che l&#8217;elezione cada durante i festeggiamenti per i quindici anni di vita di Banca Etica, nel momento in cui la Banca stessa, con l&#8217;apertura della nuova Area in Spagna, entra in una fase nuova di attivit\u00e0; un periodo in cui si stende il nuovo Manifesto politico di Banca Etica&#8230; Sono tutti fattori che suggeriscono che l&#8217;elezione dei nuovi componenti del Comitato vada fatta con particolare senso di responsabilit\u00e0, in vista di un suo ruolo rinnovato e adatto alle nuove sfide dei \u201csecondi\u201d quindici anni della Banca.<\/p>\n<p>Prima di tutto, siamo tutti d&#8217;accordo nel ritenere che, per un organo come il Comitato Etico, sia opportuno superare il solo concetto ristretto dell&#8217;appartenenza territoriale, che impoverisce il dibattito elettorale a un confronto fra poche aree. Per quanto ci riguarda il meccanismo elettorale affida la selezione delle candidature a organismi territoriali dell&#8217;Organizzazione dei soci, ma vi chiediamo, in questo percorso, di essere capaci di guardare al di l\u00e0 dei confini di ciascuno nell&#8217;individuazione delle persone adatte, ragionando in termini del ventaglio di competenze che \u00e8 opportuno che siano rappresentate nel Comitato. In particolare tenendo ben presente che il prossimo CE dovr\u00e0 eleggere tra i propri membri un nuovo Presidente in quanto Leonardo Becchetti non si ricandida per cumulo di mandati. La dedizione e la competenza che Leonardo ha profuso nello svolgimento del proprio incarico ci fanno capire come sar\u00e0 impegnativo trovare un sostituto e questo impegno inizia nella selezione delle candidature.<\/p>\n<p>La seconda preoccupazione, che \u00e8 simile, \u00e8 che nel percorso elettorale si tenga conto della nuova realt\u00e0 della Banca, che supera ormai i confini italiani: \u00e8 opportuno che la composizione del Comitato e le sue capacit\u00e0 di lavoro tengano conto di questa nuova realt\u00e0.<\/p>\n<p>Desideriamo anche segnalarvi che la nostra nuova normativa interna sulle rappresentanze minime di genere, approvata due anni, fa, non si applica all&#8217;elezione del Comitato Etico, che \u00e8 regolata a parte. Riteniamo per\u00f2 che sia opportuno che il percorso iniziato l&#8217;anno scorso con il CdA vada continuato, e vi chiediamo pertanto, nella fase di selezione delle candidature, di farvi carico autonomamente, facendo il possibile, per il soddisfacimento dei requisiti minimi della rappresentanza di genere.<\/p>\n<p>Infine, riteniamo che l&#8217;elezione del Comitato Etico rappresenti un&#8217;opportunit\u00e0 per sperimentare una qualche forma di maggiore partecipazione dei soci lavoratori alla vita politica della Banca. Sollecitiamo quindi in primo luogo i soci lavoratori ad offrire una propria riflessione sul ruolo del Comitato Etico e sulle competenze richieste ai suoi componenti, e d&#8217;altra parte sollecitiamo le Aree e i GIT a farse carico di questa riflessione nel momento in cui selezioneranno i propri candidati. Se poi fra i soci lavoratori dovessero emergere in maniera condivisa dei nominativi di candidati competenti e significativi siamo sicuri che l&#8217;Organizzazione Territoriale dei Soci, Coordinamenti e GIT, troverebbe il modo di farsi carico di inserirli nel proprio percorso di scelta.<\/p>\n<p>Buon percorso elettorale a tutti!<\/p><\/blockquote>\n<p>Solo un chiarimento in chiusura, perch\u00e9 qualcuno mi ha fatto notare un possibile fraintendimento: per ovvie questioni di conflitto di interessi non pu\u00f2 far parte del Comitato Etico chi \u00e8 dipendente della Banca (in realt\u00e0 la norma \u00e8 pi\u00f9 restrittiva: chiunque abbia rapporti di collaborazione, eccetera): quindi l&#8217;ultimo paragrafo non intende dire che vogliamo che si candidi un socio lavoratore, che sarebbe contro le regole, ma che i soci lavoratori offrano la loro riflessione e anche, magari,\u00a0le loro indicazioni di nomi su chi sarebbe adatto a ricoprire il ruolo di componente del Comitato.<\/p>\n","protected":false},"excerpt":{"rendered":"<p>Alla prossima Assemblea di Banca popolare Etica sar\u00e0 rinnovato il nostro comitato etico, che ha esaurito il suo mandato triennale.<\/p>\n","protected":false},"author":1,"featured_media":6143,"comment_status":"open","ping_status":"open","sticky":false,"template":"","format":"standard","meta":{"_mi_skip_tracking":false,"_monsterinsights_sitenote_active":false,"_monsterinsights_sitenote_note":"","_monsterinsights_sitenote_category":0,"jetpack_post_was_ever_published":false,"_jetpack_newsletter_access":"","jetpack_publicize_message":"","jetpack_is_tweetstorm":false,"jetpack_publicize_feature_enabled":true,"jetpack_social_post_already_shared":true,"jetpack_social_options":{"image_generator_settings":{"template":"highway","enabled":false}}},"categories":[72,52,55,17,16],"tags":[],"jetpack_publicize_connections":[],"jetpack_featured_media_url":"https:\/\/i0.wp.com\/www.robertosedda.it\/wp-content\/uploads\/2014\/02\/Banca-Etica-15-anni.jpg?fit=510%2C250&ssl=1","jetpack_sharing_enabled":true,"jetpack_shortlink":"https:\/\/wp.me\/p4jV2T-1HO","jetpack_likes_enabled":true,"jetpack-related-posts":[{"id":12635,"url":"https:\/\/www.robertosedda.it\/?p=12635","url_meta":{"origin":6560,"position":0},"title":"I soci comandano","author":"Rufus","date":"11\/10\/2016","format":false,"excerpt":"I soci\u00a0comandano?! Durante una recente riunione in Banca Etica mi \u00e8 capitato di usare l'espressione: \u00abI soci comandano\u00bb. Mi sono reso conto da qualche altra chiacchierata successiva che nell'occasione non mi sono spiegato proprio bene e che l'espressione, anzi, pu\u00f2 portare a malintesi: se qualcuno comanda qualcun altro per forza\u2026","rel":"","context":"In &quot;Banche e finanza&quot;","block_context":{"text":"Banche e finanza","link":"https:\/\/www.robertosedda.it\/?cat=72"},"img":{"alt_text":"","src":"https:\/\/i0.wp.com\/www.robertosedda.it\/wp-content\/uploads\/2016\/10\/20160923_183812.jpg?fit=1200%2C720&ssl=1&resize=350%2C200","width":350,"height":200,"srcset":"https:\/\/i0.wp.com\/www.robertosedda.it\/wp-content\/uploads\/2016\/10\/20160923_183812.jpg?fit=1200%2C720&ssl=1&resize=350%2C200 1x, https:\/\/i0.wp.com\/www.robertosedda.it\/wp-content\/uploads\/2016\/10\/20160923_183812.jpg?fit=1200%2C720&ssl=1&resize=700%2C400 2x, https:\/\/i0.wp.com\/www.robertosedda.it\/wp-content\/uploads\/2016\/10\/20160923_183812.jpg?fit=1200%2C720&ssl=1&resize=1050%2C600 3x"},"classes":[]},{"id":20342,"url":"https:\/\/www.robertosedda.it\/?p=20342","url_meta":{"origin":6560,"position":1},"title":"Il rischio reputazionale di Nigel Farage","author":"Rufus","date":"20\/07\/2023","format":false,"excerpt":"Il mio amico Domenico Licheri, fidato spacciatore di notizie d'oltre Manica, mi segnala un articolo del Guardian dedicato alla vicenda della chiusura del conto di Nigel Farage da parte della banca Coutts. Dato che si tratta di una vicenda molto inglese, forse \u00e8 utile riassumerla. Immagino che tutti sappiano che\u2026","rel":"","context":"In &quot;Banche e finanza&quot;","block_context":{"text":"Banche e finanza","link":"https:\/\/www.robertosedda.it\/?cat=72"},"img":{"alt_text":"","src":"https:\/\/i0.wp.com\/www.robertosedda.it\/wp-content\/uploads\/2023\/07\/Farage-conto.png?fit=876%2C349&ssl=1&resize=350%2C200","width":350,"height":200,"srcset":"https:\/\/i0.wp.com\/www.robertosedda.it\/wp-content\/uploads\/2023\/07\/Farage-conto.png?fit=876%2C349&ssl=1&resize=350%2C200 1x, https:\/\/i0.wp.com\/www.robertosedda.it\/wp-content\/uploads\/2023\/07\/Farage-conto.png?fit=876%2C349&ssl=1&resize=700%2C400 2x"},"classes":[]},{"id":11645,"url":"https:\/\/www.robertosedda.it\/?p=11645","url_meta":{"origin":6560,"position":2},"title":"Nunc est bibendum (iuxta modum)","author":"Rufus","date":"07\/03\/2016","format":false,"excerpt":"Negli scorsi tre giorni erano aperte le consultazioni on line per comporre una delle liste che concorreranno alla formazione del prossimo Consiglio d'Amministrazione di Banca Etica. Cio\u00e8, magari alla fine sar\u00e0 l'unica lista, ma siamo ancora in una fase intermedia del processo elettorale e per il momento questo era il\u2026","rel":"","context":"In &quot;Banche e finanza&quot;","block_context":{"text":"Banche e finanza","link":"https:\/\/www.robertosedda.it\/?cat=72"},"img":{"alt_text":"","src":"https:\/\/i0.wp.com\/www.robertosedda.it\/wp-content\/uploads\/2016\/03\/Camilla-e-Nicoletta-Twitter.png?fit=578%2C636&ssl=1&resize=350%2C200","width":350,"height":200},"classes":[]},{"id":5935,"url":"https:\/\/www.robertosedda.it\/?p=5935","url_meta":{"origin":6560,"position":3},"title":"Quello che ho detto all&#8217;Assemblea del GIT di Sassari","author":"Rufus","date":"27\/01\/2014","format":false,"excerpt":"Mercoled\u00ec scorso sono\u00a0andato a Sassari\u00a0con Gaetano Lauta, coordinatore dei soci di Banca Etica della Sardegna meridionale, all'assemblea dei cugini soci della Sardegna settentrionale. \u00c8 stata un'Assemblea molto bella e piuttosto intensa e, naturalmente, a un certo punto mi hanno fatto parlare. Ne ho approfittato per dire un paio delle cose\u2026","rel":"","context":"In &quot;Banche e finanza&quot;","block_context":{"text":"Banche e finanza","link":"https:\/\/www.robertosedda.it\/?cat=72"},"img":{"alt_text":"","src":"https:\/\/i0.wp.com\/www.robertosedda.it\/wp-content\/uploads\/2012\/11\/2012-11-18-10.14.20.jpg?fit=1200%2C900&ssl=1&resize=350%2C200","width":350,"height":200,"srcset":"https:\/\/i0.wp.com\/www.robertosedda.it\/wp-content\/uploads\/2012\/11\/2012-11-18-10.14.20.jpg?fit=1200%2C900&ssl=1&resize=350%2C200 1x, https:\/\/i0.wp.com\/www.robertosedda.it\/wp-content\/uploads\/2012\/11\/2012-11-18-10.14.20.jpg?fit=1200%2C900&ssl=1&resize=700%2C400 2x, https:\/\/i0.wp.com\/www.robertosedda.it\/wp-content\/uploads\/2012\/11\/2012-11-18-10.14.20.jpg?fit=1200%2C900&ssl=1&resize=1050%2C600 3x"},"classes":[]},{"id":20583,"url":"https:\/\/www.robertosedda.it\/?p=20583","url_meta":{"origin":6560,"position":4},"title":"Sul percorso elettorale di Banca Etica","author":"Rufus","date":"05\/05\/2025","format":false,"excerpt":"Premessa: questo articolo \u00e8 scritto un po' come una cipolla, a strati. Se vi interessa solo sapere chi voter\u00f2, potete fermarvi all'inizio. Se volete le motivazioni e un po' di ulteriori riflessioni, andate avanti. L'immagine qui a fianco serve a dire che s\u00ec, non \u00e8 solo una dichiarazione di appoggio,\u2026","rel":"","context":"In &quot;Banche e finanza&quot;","block_context":{"text":"Banche e finanza","link":"https:\/\/www.robertosedda.it\/?cat=72"},"img":{"alt_text":"","src":"https:\/\/i0.wp.com\/www.robertosedda.it\/wp-content\/uploads\/2019\/08\/Rufus-1.png?fit=834%2C720&ssl=1&resize=350%2C200","width":350,"height":200,"srcset":"https:\/\/i0.wp.com\/www.robertosedda.it\/wp-content\/uploads\/2019\/08\/Rufus-1.png?fit=834%2C720&ssl=1&resize=350%2C200 1x, https:\/\/i0.wp.com\/www.robertosedda.it\/wp-content\/uploads\/2019\/08\/Rufus-1.png?fit=834%2C720&ssl=1&resize=700%2C400 2x"},"classes":[]},{"id":13088,"url":"https:\/\/www.robertosedda.it\/?p=13088","url_meta":{"origin":6560,"position":5},"title":"E nessuno chiudeva la porta","author":"Rufus","date":"16\/01\/2017","format":false,"excerpt":"Questo pomeriggio, come sempre dopo pranzo, a casa era accesa la radio e ascoltavamo Radio3, per la precisione Fahrenheit. Si parlava del rapporto Oxfam diffuso oggi, l'articolo di inquadramento della loro campagna Un'economia umana per il 99%, dove il 99% sarebbero le persone normali e l'1% quella minoranza di super-ricchi\u2026","rel":"","context":"In &quot;Coordinate&quot;","block_context":{"text":"Coordinate","link":"https:\/\/www.robertosedda.it\/?cat=52"},"img":{"alt_text":"","src":"https:\/\/i0.wp.com\/www.robertosedda.it\/wp-content\/uploads\/2017\/01\/Oxfam.jpg?fit=457%2C457&ssl=1&resize=350%2C200","width":350,"height":200},"classes":[]}],"_links":{"self":[{"href":"https:\/\/www.robertosedda.it\/index.php?rest_route=\/wp\/v2\/posts\/6560"}],"collection":[{"href":"https:\/\/www.robertosedda.it\/index.php?rest_route=\/wp\/v2\/posts"}],"about":[{"href":"https:\/\/www.robertosedda.it\/index.php?rest_route=\/wp\/v2\/types\/post"}],"author":[{"embeddable":true,"href":"https:\/\/www.robertosedda.it\/index.php?rest_route=\/wp\/v2\/users\/1"}],"replies":[{"embeddable":true,"href":"https:\/\/www.robertosedda.it\/index.php?rest_route=%2Fwp%2Fv2%2Fcomments&post=6560"}],"version-history":[{"count":4,"href":"https:\/\/www.robertosedda.it\/index.php?rest_route=\/wp\/v2\/posts\/6560\/revisions"}],"predecessor-version":[{"id":9663,"href":"https:\/\/www.robertosedda.it\/index.php?rest_route=\/wp\/v2\/posts\/6560\/revisions\/9663"}],"wp:featuredmedia":[{"embeddable":true,"href":"https:\/\/www.robertosedda.it\/index.php?rest_route=\/wp\/v2\/media\/6143"}],"wp:attachment":[{"href":"https:\/\/www.robertosedda.it\/index.php?rest_route=%2Fwp%2Fv2%2Fmedia&parent=6560"}],"wp:term":[{"taxonomy":"category","embeddable":true,"href":"https:\/\/www.robertosedda.it\/index.php?rest_route=%2Fwp%2Fv2%2Fcategories&post=6560"},{"taxonomy":"post_tag","embeddable":true,"href":"https:\/\/www.robertosedda.it\/index.php?rest_route=%2Fwp%2Fv2%2Ftags&post=6560"}],"curies":[{"name":"wp","href":"https:\/\/api.w.org\/{rel}","templated":true}]}}