{"id":6477,"date":"2014-02-16T16:01:22","date_gmt":"2014-02-16T15:01:22","guid":{"rendered":"http:\/\/www.robertosedda.it\/?p=6477"},"modified":"2022-02-17T12:56:58","modified_gmt":"2022-02-17T11:56:58","slug":"frankie-machine-alla-radio","status":"publish","type":"post","link":"https:\/\/www.robertosedda.it\/?p=6477","title":{"rendered":"Frankie Machine alla radio"},"content":{"rendered":"<p><a href=\"https:\/\/i0.wp.com\/www.robertosedda.it\/wp-content\/uploads\/2014\/02\/l-inverno-di-frankie-machine-don-winslow.jpg\"><img data-attachment-id=\"6482\" data-permalink=\"https:\/\/www.robertosedda.it\/?attachment_id=6482\" data-orig-file=\"https:\/\/i0.wp.com\/www.robertosedda.it\/wp-content\/uploads\/2014\/02\/l-inverno-di-frankie-machine-don-winslow.jpg?fit=500%2C644&amp;ssl=1\" data-orig-size=\"500,644\" data-comments-opened=\"1\" data-image-meta=\"{&quot;aperture&quot;:&quot;0&quot;,&quot;credit&quot;:&quot;&quot;,&quot;camera&quot;:&quot;&quot;,&quot;caption&quot;:&quot;&quot;,&quot;created_timestamp&quot;:&quot;0&quot;,&quot;copyright&quot;:&quot;&quot;,&quot;focal_length&quot;:&quot;0&quot;,&quot;iso&quot;:&quot;0&quot;,&quot;shutter_speed&quot;:&quot;0&quot;,&quot;title&quot;:&quot;&quot;}\" data-image-title=\"l inverno di frankie machine don winslow\" data-image-description=\"\" data-image-caption=\"\" data-medium-file=\"https:\/\/i0.wp.com\/www.robertosedda.it\/wp-content\/uploads\/2014\/02\/l-inverno-di-frankie-machine-don-winslow.jpg?fit=232%2C300&amp;ssl=1\" data-large-file=\"https:\/\/i0.wp.com\/www.robertosedda.it\/wp-content\/uploads\/2014\/02\/l-inverno-di-frankie-machine-don-winslow.jpg?fit=500%2C644&amp;ssl=1\" decoding=\"async\" loading=\"lazy\" class=\"alignleft size-medium wp-image-6482\" src=\"https:\/\/i0.wp.com\/www.robertosedda.it\/wp-content\/uploads\/2014\/02\/l-inverno-di-frankie-machine-don-winslow.jpg?resize=232%2C300\" alt=\"l inverno di frankie machine don winslow\" width=\"232\" height=\"300\" srcset=\"https:\/\/i0.wp.com\/www.robertosedda.it\/wp-content\/uploads\/2014\/02\/l-inverno-di-frankie-machine-don-winslow.jpg?resize=232%2C300&amp;ssl=1 232w, https:\/\/i0.wp.com\/www.robertosedda.it\/wp-content\/uploads\/2014\/02\/l-inverno-di-frankie-machine-don-winslow.jpg?resize=116%2C150&amp;ssl=1 116w, https:\/\/i0.wp.com\/www.robertosedda.it\/wp-content\/uploads\/2014\/02\/l-inverno-di-frankie-machine-don-winslow.jpg?w=500&amp;ssl=1 500w\" sizes=\"(max-width: 232px) 100vw, 232px\" data-recalc-dims=\"1\" \/><\/a><a title=\"L\u2019inverno di Frankie Machine\" href=\"http:\/\/www.robertosedda.it\/?p=1318\">Di <em>Frankie Machine<\/em> ho gi\u00e0 parlato qui sul <em>blog<\/em><\/a>, quindi non mi pare il caso di presentare nuovamente il libro. Nella preparazione della puntata in realt\u00e0 avevo deciso di dilungarmi un po&#8217;, oltre che sul romanzo, su quel sottogenere del <em>noir<\/em> americano dedicato all&#8217;intreccio fra poteri dello Stato, poteri forti in generale e criminalit\u00e0 organizzata, sottogenere che ha esponenti illustri come Ellroy (del quale peraltro non parler\u00f2 in questo ciclo di trasmissioni) e di cui Winslow \u00e8 certamente uno dei migliori esponenti attuali.<\/p>\n<p>Mi sembrava interessante ricordare agli ascoltatori che questo tipo di intrecci perversi, che noi riteniamo una <a href=\"https:\/\/i0.wp.com\/www.robertosedda.it\/wp-content\/uploads\/2014\/02\/american-tabloid-james-ellroy.jpg\"><img data-attachment-id=\"6483\" data-permalink=\"https:\/\/www.robertosedda.it\/?attachment_id=6483\" data-orig-file=\"https:\/\/i0.wp.com\/www.robertosedda.it\/wp-content\/uploads\/2014\/02\/american-tabloid-james-ellroy.jpg?fit=150%2C238&amp;ssl=1\" data-orig-size=\"150,238\" data-comments-opened=\"1\" data-image-meta=\"{&quot;aperture&quot;:&quot;0&quot;,&quot;credit&quot;:&quot;&quot;,&quot;camera&quot;:&quot;&quot;,&quot;caption&quot;:&quot;&quot;,&quot;created_timestamp&quot;:&quot;0&quot;,&quot;copyright&quot;:&quot;&quot;,&quot;focal_length&quot;:&quot;0&quot;,&quot;iso&quot;:&quot;0&quot;,&quot;shutter_speed&quot;:&quot;0&quot;,&quot;title&quot;:&quot;&quot;}\" data-image-title=\"american tabloid james ellroy\" data-image-description=\"\" data-image-caption=\"\" data-medium-file=\"https:\/\/i0.wp.com\/www.robertosedda.it\/wp-content\/uploads\/2014\/02\/american-tabloid-james-ellroy.jpg?fit=150%2C238&amp;ssl=1\" data-large-file=\"https:\/\/i0.wp.com\/www.robertosedda.it\/wp-content\/uploads\/2014\/02\/american-tabloid-james-ellroy.jpg?fit=150%2C238&amp;ssl=1\" decoding=\"async\" loading=\"lazy\" class=\"alignright size-full wp-image-6483\" src=\"https:\/\/i0.wp.com\/www.robertosedda.it\/wp-content\/uploads\/2014\/02\/american-tabloid-james-ellroy.jpg?resize=150%2C238\" alt=\"american tabloid james ellroy\" width=\"150\" height=\"238\" srcset=\"https:\/\/i0.wp.com\/www.robertosedda.it\/wp-content\/uploads\/2014\/02\/american-tabloid-james-ellroy.jpg?w=150&amp;ssl=1 150w, https:\/\/i0.wp.com\/www.robertosedda.it\/wp-content\/uploads\/2014\/02\/american-tabloid-james-ellroy.jpg?resize=94%2C150&amp;ssl=1 94w\" sizes=\"(max-width: 150px) 100vw, 150px\" data-recalc-dims=\"1\" \/><\/a>caratteristica delle nostre autonarrazioni sull&#8217;Italia, da <em>Il giorno della civetta<\/em> a <em>Romanzo criminale<\/em>, non sono per niente una nostra caratteristica nazionale ma sono presenti in altre letterature a sfondo criminale, prima fra tutti quella americana. Mi sarebbe piaciuto anche segnare la differenza fra le ambientazioni di Ellroy e Winslow, da una parte, cos\u00ec insistentemente californiane, e Mario Puzo e altri dall&#8217;altra, legati alla costa Est. Sarebbe stata l&#8217;occasione per riprendere il discorso sulla faccia oscura della California come mito americano, iniziato con <a title=\"Raymond Chandler e Philip Marlowe\" href=\"http:\/\/www.robertosedda.it\/?p=5506\">la puntata su Chandler<\/a> e ancora prima con <a title=\"Quel primitivo di Jack London\" href=\"http:\/\/www.robertosedda.it\/?p=3241\">quella su Jack London<\/a> (a cui vi rimando per alcuni suggerimenti di lettura ulteriori sul tema). In fondo \u00e8 proprio il collegamento diretto con le ambientazioni californiane che rende l&#8217;uso ricorrente da parte di Winslow di stilemi e modi di raccontare tipicamente <em>hard boiled<\/em>, oppure gi\u00e0 visti in Ellroy, non pretestuosi &#8211; come potrebbero sembrare &#8211; ma la prosecuzione consapevole di un ragionamento.<\/p>\n<div class=\"jetpack-video-wrapper\"><span class=\"embed-youtube\" style=\"text-align:center; display: block;\"><iframe class=\"youtube-player\" width=\"800\" height=\"450\" src=\"https:\/\/www.youtube.com\/embed\/BET0O-896eo?version=3&#038;rel=1&#038;showsearch=0&#038;showinfo=1&#038;iv_load_policy=1&#038;fs=1&#038;hl=it-IT&#038;autohide=2&#038;wmode=transparent\" allowfullscreen=\"true\" style=\"border:0;\" sandbox=\"allow-scripts allow-same-origin allow-popups allow-presentation\"><\/iframe><\/span><\/div>\n<p><a href=\"https:\/\/i0.wp.com\/www.robertosedda.it\/wp-content\/uploads\/2014\/02\/don-winslow-il-potere-del-cane.jpg\"><img data-attachment-id=\"6484\" data-permalink=\"https:\/\/www.robertosedda.it\/?attachment_id=6484\" data-orig-file=\"https:\/\/i0.wp.com\/www.robertosedda.it\/wp-content\/uploads\/2014\/02\/don-winslow-il-potere-del-cane.jpg?fit=250%2C388&amp;ssl=1\" data-orig-size=\"250,388\" data-comments-opened=\"1\" data-image-meta=\"{&quot;aperture&quot;:&quot;0&quot;,&quot;credit&quot;:&quot;&quot;,&quot;camera&quot;:&quot;&quot;,&quot;caption&quot;:&quot;&quot;,&quot;created_timestamp&quot;:&quot;0&quot;,&quot;copyright&quot;:&quot;&quot;,&quot;focal_length&quot;:&quot;0&quot;,&quot;iso&quot;:&quot;0&quot;,&quot;shutter_speed&quot;:&quot;0&quot;,&quot;title&quot;:&quot;&quot;}\" data-image-title=\"don winslow il potere del cane\" data-image-description=\"\" data-image-caption=\"\" data-medium-file=\"https:\/\/i0.wp.com\/www.robertosedda.it\/wp-content\/uploads\/2014\/02\/don-winslow-il-potere-del-cane.jpg?fit=193%2C300&amp;ssl=1\" data-large-file=\"https:\/\/i0.wp.com\/www.robertosedda.it\/wp-content\/uploads\/2014\/02\/don-winslow-il-potere-del-cane.jpg?fit=250%2C388&amp;ssl=1\" decoding=\"async\" loading=\"lazy\" class=\"alignleft size-medium wp-image-6484\" src=\"https:\/\/i0.wp.com\/www.robertosedda.it\/wp-content\/uploads\/2014\/02\/don-winslow-il-potere-del-cane.jpg?resize=193%2C300\" alt=\"don winslow il potere del cane\" width=\"193\" height=\"300\" srcset=\"https:\/\/i0.wp.com\/www.robertosedda.it\/wp-content\/uploads\/2014\/02\/don-winslow-il-potere-del-cane.jpg?resize=193%2C300&amp;ssl=1 193w, https:\/\/i0.wp.com\/www.robertosedda.it\/wp-content\/uploads\/2014\/02\/don-winslow-il-potere-del-cane.jpg?resize=96%2C150&amp;ssl=1 96w, https:\/\/i0.wp.com\/www.robertosedda.it\/wp-content\/uploads\/2014\/02\/don-winslow-il-potere-del-cane.jpg?w=250&amp;ssl=1 250w\" sizes=\"(max-width: 193px) 100vw, 193px\" data-recalc-dims=\"1\" \/><\/a>Come avrete sentito, invece, la solita tirannia del tempo mi ha impedito di fare tutti questi bei discorsi, che avrebbero reso la puntata molto pi\u00f9 &#8220;rotonda&#8221; e ben articolata. Purtroppo mi sono un po&#8217; perso nella descrizione della giornata iniziale di Frankie, che doveva essere una pura introduzione rispetto al racconto dell&#8217;intreccio vero e proprio e rispetto a tutti i possibili approfondimenti, senza mai riuscire a recuperare. Un peccato, che mi ha impedito anche di ragionare su alcuni spunti storici interessanti tipici del romanzo, come il ruolo degli immigrati italiani sulle barche da pesca di San Diego e nell&#8217;industria del tonno, una dimensione credo poco nota che avrebbe meritato almeno una segnalazione.<\/p>\n<p><a href=\"https:\/\/i0.wp.com\/www.robertosedda.it\/wp-content\/uploads\/2014\/02\/don-winslow-la-pattuglia-dell-alba.jpg\"><img data-attachment-id=\"6485\" data-permalink=\"https:\/\/www.robertosedda.it\/?attachment_id=6485\" data-orig-file=\"https:\/\/i0.wp.com\/www.robertosedda.it\/wp-content\/uploads\/2014\/02\/don-winslow-la-pattuglia-dell-alba.jpg?fit=250%2C386&amp;ssl=1\" data-orig-size=\"250,386\" data-comments-opened=\"1\" data-image-meta=\"{&quot;aperture&quot;:&quot;0&quot;,&quot;credit&quot;:&quot;&quot;,&quot;camera&quot;:&quot;&quot;,&quot;caption&quot;:&quot;&quot;,&quot;created_timestamp&quot;:&quot;0&quot;,&quot;copyright&quot;:&quot;&quot;,&quot;focal_length&quot;:&quot;0&quot;,&quot;iso&quot;:&quot;0&quot;,&quot;shutter_speed&quot;:&quot;0&quot;,&quot;title&quot;:&quot;&quot;}\" data-image-title=\"don winslow la pattuglia dell alba\" data-image-description=\"\" data-image-caption=\"\" data-medium-file=\"https:\/\/i0.wp.com\/www.robertosedda.it\/wp-content\/uploads\/2014\/02\/don-winslow-la-pattuglia-dell-alba.jpg?fit=194%2C300&amp;ssl=1\" data-large-file=\"https:\/\/i0.wp.com\/www.robertosedda.it\/wp-content\/uploads\/2014\/02\/don-winslow-la-pattuglia-dell-alba.jpg?fit=250%2C386&amp;ssl=1\" decoding=\"async\" loading=\"lazy\" class=\"size-medium wp-image-6485 alignright\" src=\"https:\/\/i0.wp.com\/www.robertosedda.it\/wp-content\/uploads\/2014\/02\/don-winslow-la-pattuglia-dell-alba.jpg?resize=194%2C300\" alt=\"don winslow la pattuglia dell alba\" width=\"194\" height=\"300\" srcset=\"https:\/\/i0.wp.com\/www.robertosedda.it\/wp-content\/uploads\/2014\/02\/don-winslow-la-pattuglia-dell-alba.jpg?resize=194%2C300&amp;ssl=1 194w, https:\/\/i0.wp.com\/www.robertosedda.it\/wp-content\/uploads\/2014\/02\/don-winslow-la-pattuglia-dell-alba.jpg?resize=97%2C150&amp;ssl=1 97w, https:\/\/i0.wp.com\/www.robertosedda.it\/wp-content\/uploads\/2014\/02\/don-winslow-la-pattuglia-dell-alba.jpg?w=250&amp;ssl=1 250w\" sizes=\"(max-width: 194px) 100vw, 194px\" data-recalc-dims=\"1\" \/><\/a>Winslow (ed Ellroy) sono comunque autori che meritano di essere inclusi nelle proprie letture, e ho incluso i miei consigli sotto forma di immagini a corredo di questo articolo.<\/p>\n<h3>Un piccolo sguardo al futuro<\/h3>\n<p>Con questa puntata, infatti, abbandono quasi sicuramente l&#8217;<em>hard boiled<\/em> e anche i gialli di ambientazione americana, quindi devo giiocarmi qui tutti i miei consigli dato che non credo che avr\u00f2 modo, nei prossimi mesi, di riprendere il discorso su questo che, peraltro, \u00e8 sicuramente il sottogenere di letteratura gialla che trovo pi\u00f9 confacente ai miei gusti e che perci\u00f2 non posso che sponsorizzare di cuore. Torner\u00f2 sicuramente in America, in una delle prossime puntate, per parlare di un trio di investigatrici, Carlotta Carlyle, V.I. Warshawki e <a href=\"https:\/\/i0.wp.com\/www.robertosedda.it\/wp-content\/uploads\/2014\/02\/LA-confidential-James-Ellroy.jpeg\"><img data-attachment-id=\"6486\" data-permalink=\"https:\/\/www.robertosedda.it\/?attachment_id=6486\" data-orig-file=\"https:\/\/i0.wp.com\/www.robertosedda.it\/wp-content\/uploads\/2014\/02\/LA-confidential-James-Ellroy.jpeg?fit=180%2C280&amp;ssl=1\" data-orig-size=\"180,280\" data-comments-opened=\"1\" data-image-meta=\"{&quot;aperture&quot;:&quot;0&quot;,&quot;credit&quot;:&quot;&quot;,&quot;camera&quot;:&quot;&quot;,&quot;caption&quot;:&quot;&quot;,&quot;created_timestamp&quot;:&quot;0&quot;,&quot;copyright&quot;:&quot;&quot;,&quot;focal_length&quot;:&quot;0&quot;,&quot;iso&quot;:&quot;0&quot;,&quot;shutter_speed&quot;:&quot;0&quot;,&quot;title&quot;:&quot;&quot;}\" data-image-title=\"LA confidential James Ellroy\" data-image-description=\"\" data-image-caption=\"\" data-medium-file=\"https:\/\/i0.wp.com\/www.robertosedda.it\/wp-content\/uploads\/2014\/02\/LA-confidential-James-Ellroy.jpeg?fit=180%2C280&amp;ssl=1\" data-large-file=\"https:\/\/i0.wp.com\/www.robertosedda.it\/wp-content\/uploads\/2014\/02\/LA-confidential-James-Ellroy.jpeg?fit=180%2C280&amp;ssl=1\" decoding=\"async\" loading=\"lazy\" class=\"alignleft size-full wp-image-6486\" src=\"https:\/\/i0.wp.com\/www.robertosedda.it\/wp-content\/uploads\/2014\/02\/LA-confidential-James-Ellroy.jpeg?resize=180%2C280\" alt=\"LA confidential James Ellroy\" width=\"180\" height=\"280\" srcset=\"https:\/\/i0.wp.com\/www.robertosedda.it\/wp-content\/uploads\/2014\/02\/LA-confidential-James-Ellroy.jpeg?w=180&amp;ssl=1 180w, https:\/\/i0.wp.com\/www.robertosedda.it\/wp-content\/uploads\/2014\/02\/LA-confidential-James-Ellroy.jpeg?resize=96%2C150&amp;ssl=1 96w\" sizes=\"(max-width: 180px) 100vw, 180px\" data-recalc-dims=\"1\" \/><\/a>Kinsey Millhone, ma credo che sar\u00e0 una puntata in cui mi concentrer\u00f2 su altre cose, diciamo lo scrivere gialli al femminile, sia nel senso di essere autrici che usare come protagoniste delle donne che, infine, scrivere per un pubblico prevalentemente femminile.<\/p>\n<p>Come brano musicale ero alla ricerca di una versione <em>pop<\/em> di un brano di musica classica, un genere adatto al gusto di Frankie Machianno ma anche utilizzabile senza troppi problemi su una radio privata all&#8217;ora di punta. Scartato <em>Nessun dorma<\/em> dei <em>Manowar<\/em> (anche per evitare la ripetizione di <a title=\"Le cronache di fratello Cadfael\" href=\"http:\/\/www.robertosedda.it\/?p=6454\">disgrazie gi\u00e0 raccontate in altri momenti<\/a>) avevo il vago ricordo di un brano di Puccini cantato da Dalla, che non sono riuscito assolutamente a ricordare. Alla fine sono arrivato a <em>Caruso<\/em>, che mi sembra comunque molto adatto (e che credo che Frankie avrebbe potuto ascoltare senza sentire il bisogno di mettere mano alla pistola).<\/p>\n<div class=\"jetpack-video-wrapper\"><span class=\"embed-youtube\" style=\"text-align:center; display: block;\"><iframe class=\"youtube-player\" width=\"800\" height=\"450\" src=\"https:\/\/www.youtube.com\/embed\/JqtSuL3H2xs?version=3&#038;rel=1&#038;showsearch=0&#038;showinfo=1&#038;iv_load_policy=1&#038;fs=1&#038;hl=it-IT&#038;autohide=2&#038;wmode=transparent\" allowfullscreen=\"true\" style=\"border:0;\" sandbox=\"allow-scripts allow-same-origin allow-popups allow-presentation\"><\/iframe><\/span><\/div>\n","protected":false},"excerpt":{"rendered":"<p>Di Frankie Machine ho gi\u00e0 parlato qui sul blog, quindi non mi pare il caso di presentare nuovamente il libro.<\/p>\n","protected":false},"author":1,"featured_media":6482,"comment_status":"open","ping_status":"open","sticky":false,"template":"","format":"video","meta":{"_mi_skip_tracking":false,"_monsterinsights_sitenote_active":false,"_monsterinsights_sitenote_note":"","_monsterinsights_sitenote_category":0,"jetpack_post_was_ever_published":false,"_jetpack_newsletter_access":"","jetpack_publicize_message":"Frankie Machine alla radio","jetpack_is_tweetstorm":false,"jetpack_publicize_feature_enabled":true,"jetpack_social_post_already_shared":true,"jetpack_social_options":{"image_generator_settings":{"template":"highway","enabled":false}}},"categories":[52,56,13,68,12],"tags":[],"jetpack_publicize_connections":[],"jetpack_featured_media_url":"https:\/\/i0.wp.com\/www.robertosedda.it\/wp-content\/uploads\/2014\/02\/l-inverno-di-frankie-machine-don-winslow.jpg?fit=500%2C644&ssl=1","jetpack_sharing_enabled":true,"jetpack_shortlink":"https:\/\/wp.me\/p4jV2T-1Gt","jetpack_likes_enabled":true,"jetpack-related-posts":[{"id":1318,"url":"https:\/\/www.robertosedda.it\/?p=1318","url_meta":{"origin":6477,"position":0},"title":"L&#8217;inverno di Frankie Machine","author":"Rufus","date":"13\/11\/2012","format":false,"excerpt":"Essere Frankie Machianno (Don Winslow, The winter of Frankie Machine) \u00e8 un lavoro impegnativo. Buttarsi gi\u00f9 dal letto nel cuore della notte, farsi la doccia mentre il lettore CD suona Puccini, prepararsi al buio un caff\u00e8, rigorosamente tostato sul momento con una macchinetta francese e fatto con una moka italiana,\u2026","rel":"","context":"In &quot;Coordinate&quot;","block_context":{"text":"Coordinate","link":"https:\/\/www.robertosedda.it\/?cat=52"},"img":{"alt_text":"","src":"https:\/\/i0.wp.com\/www.robertosedda.it\/wp-content\/uploads\/2012\/11\/200px-The_Winter_of_Frankie_Machine_book_cover.jpg?fit=200%2C298&ssl=1&resize=350%2C200","width":350,"height":200},"classes":[]},{"id":5825,"url":"https:\/\/www.robertosedda.it\/?p=5825","url_meta":{"origin":6477,"position":1},"title":"Lucas Davenport, giocatore di ruolo incompreso","author":"Rufus","date":"09\/01\/2014","format":"video","excerpt":"Credo che la puntata su Lucas Davenport e sul suo creatore John Sandford non sia male, ma riascoltandola ho avuto un attimo di rimpianto per avere scelto di concentrarmi su tematiche generali che riguardano soprattutto il funzionamento del mercato editoriale - il titolo dei libri\u00a0che rispecchia il fatto che un\u2026","rel":"","context":"In &quot;Coordinate&quot;","block_context":{"text":"Coordinate","link":"https:\/\/www.robertosedda.it\/?cat=52"},"img":{"alt_text":"","src":"https:\/\/i0.wp.com\/www.robertosedda.it\/wp-content\/uploads\/2014\/01\/Sandford-Shadow-Prey.jpg?fit=303%2C475&ssl=1&resize=350%2C200","width":350,"height":200},"classes":[]},{"id":8150,"url":"https:\/\/www.robertosedda.it\/?p=8150","url_meta":{"origin":6477,"position":2},"title":"L&#8217;ombra della paura a &#8220;Oggi parliamo di libri&#8221;","author":"Rufus","date":"05\/08\/2014","format":"video","excerpt":"L'ombra del vento (Carlos Ruiz Zaf\u00f3n, Mondadori 2006) Ho messo in linea da alcuni giorni sul mio solito canale Youtube da alcuni giorni la puntata dedicata a L'ombra del vento di Carlos Ruiz Zaf\u00f3n. Due cose da dire a cui tenevo Come avrete sentito ci sono nella parte iniziale della\u2026","rel":"","context":"In &quot;Coordinate&quot;","block_context":{"text":"Coordinate","link":"https:\/\/www.robertosedda.it\/?cat=52"},"img":{"alt_text":"","src":"https:\/\/i0.wp.com\/www.robertosedda.it\/wp-content\/uploads\/2014\/08\/Zafon.png?fit=768%2C438&ssl=1&resize=350%2C200","width":350,"height":200,"srcset":"https:\/\/i0.wp.com\/www.robertosedda.it\/wp-content\/uploads\/2014\/08\/Zafon.png?fit=768%2C438&ssl=1&resize=350%2C200 1x, https:\/\/i0.wp.com\/www.robertosedda.it\/wp-content\/uploads\/2014\/08\/Zafon.png?fit=768%2C438&ssl=1&resize=700%2C400 2x"},"classes":[]},{"id":10386,"url":"https:\/\/www.robertosedda.it\/?p=10386","url_meta":{"origin":6477,"position":3},"title":"Modelli matematici","author":"Rufus","date":"16\/06\/2015","format":false,"excerpt":"Ricorderete che tempo fa ho raccontato del giocatore di\u00a0football americano che \u00e8 anche un matematico di valore, John Urschel. Scopro adesso da un articolo recente del\u00a0Guardian\u00a0(ma la storia va avanti da marzo) che si trovano matematici in altri posti improbabili, per esempio voi non direste che il tizio qui sopra\u2026","rel":"","context":"In &quot;Coordinate&quot;","block_context":{"text":"Coordinate","link":"https:\/\/www.robertosedda.it\/?cat=52"},"img":{"alt_text":"","src":"https:\/\/i0.wp.com\/www.robertosedda.it\/wp-content\/uploads\/2015\/06\/Piero-Boselli-1.jpeg?fit=540%2C540&ssl=1&resize=350%2C200","width":350,"height":200},"classes":[]},{"id":5750,"url":"https:\/\/www.robertosedda.it\/?p=5750","url_meta":{"origin":6477,"position":4},"title":"Il commissario Montalbano a &#8220;Oggi parliamo di libri&#8221;","author":"Rufus","date":"04\/01\/2014","format":"video","excerpt":"Ed ecco a voi la non puntata di Oggi parliamo di libri: una puntata sulla quale non ho molto da segnalare, se non che a un certo punto mi sono perso e, dopo aver annunciato che avrei fatto notare tre cose su Camilleri in riferimento al successo arrivato tardivamente, poi\u2026","rel":"","context":"In &quot;Coordinate&quot;","block_context":{"text":"Coordinate","link":"https:\/\/www.robertosedda.it\/?cat=52"},"img":{"alt_text":"","src":"https:\/\/i0.wp.com\/img.youtube.com\/vi\/YLqPp9mtKIM\/0.jpg?resize=350%2C200","width":350,"height":200},"classes":[]},{"id":1337,"url":"https:\/\/www.robertosedda.it\/?p=1337","url_meta":{"origin":6477,"position":5},"title":"Selvaggi futuristi","author":"Rufus","date":"20\/11\/2012","format":false,"excerpt":"Savages,\u00a0di Don Winslow Di Winslow ho letto, due o tre anni fa, Il potere del cane, un regalo di cui non ringrazier\u00f2 mai abbastanza il mio amico Alessandro Celoni, pilastro della finanza etica e uno dei miei punti di riferimento cinematografici. Per\u00f2 leggere Il potere del cane \u00e8, pi\u00f9 o\u2026","rel":"","context":"In &quot;Coordinate&quot;","block_context":{"text":"Coordinate","link":"https:\/\/www.robertosedda.it\/?cat=52"},"img":{"alt_text":"","src":"https:\/\/i0.wp.com\/www.robertosedda.it\/wp-content\/uploads\/2012\/11\/519-UyXDqiL.jpg?fit=306%2C500&ssl=1&resize=350%2C200","width":350,"height":200},"classes":[]}],"_links":{"self":[{"href":"https:\/\/www.robertosedda.it\/index.php?rest_route=\/wp\/v2\/posts\/6477"}],"collection":[{"href":"https:\/\/www.robertosedda.it\/index.php?rest_route=\/wp\/v2\/posts"}],"about":[{"href":"https:\/\/www.robertosedda.it\/index.php?rest_route=\/wp\/v2\/types\/post"}],"author":[{"embeddable":true,"href":"https:\/\/www.robertosedda.it\/index.php?rest_route=\/wp\/v2\/users\/1"}],"replies":[{"embeddable":true,"href":"https:\/\/www.robertosedda.it\/index.php?rest_route=%2Fwp%2Fv2%2Fcomments&post=6477"}],"version-history":[{"count":8,"href":"https:\/\/www.robertosedda.it\/index.php?rest_route=\/wp\/v2\/posts\/6477\/revisions"}],"predecessor-version":[{"id":9344,"href":"https:\/\/www.robertosedda.it\/index.php?rest_route=\/wp\/v2\/posts\/6477\/revisions\/9344"}],"wp:featuredmedia":[{"embeddable":true,"href":"https:\/\/www.robertosedda.it\/index.php?rest_route=\/wp\/v2\/media\/6482"}],"wp:attachment":[{"href":"https:\/\/www.robertosedda.it\/index.php?rest_route=%2Fwp%2Fv2%2Fmedia&parent=6477"}],"wp:term":[{"taxonomy":"category","embeddable":true,"href":"https:\/\/www.robertosedda.it\/index.php?rest_route=%2Fwp%2Fv2%2Fcategories&post=6477"},{"taxonomy":"post_tag","embeddable":true,"href":"https:\/\/www.robertosedda.it\/index.php?rest_route=%2Fwp%2Fv2%2Ftags&post=6477"}],"curies":[{"name":"wp","href":"https:\/\/api.w.org\/{rel}","templated":true}]}}