{"id":6460,"date":"2014-02-15T15:59:36","date_gmt":"2014-02-15T14:59:36","guid":{"rendered":"http:\/\/www.robertosedda.it\/?p=6460"},"modified":"2022-02-16T11:16:51","modified_gmt":"2022-02-16T10:16:51","slug":"il-destino-di-icaro","status":"publish","type":"post","link":"https:\/\/www.robertosedda.it\/?p=6460","title":{"rendered":"Il destino di Icaro"},"content":{"rendered":"<p>Sono tre citazioni sparse, che mi ripeto mentre penso cosa far\u00f2 al seggio ma soprattutto descrivono ci\u00f2 che penso di questa campagna elettorale. Ognuno pu\u00f2 trovarci il senso che crede.<\/p>\n<p>La prima \u00e8 la poesia di Brecht che <a title=\"Cosa devo dir loro?\" href=\"http:\/\/www.robertosedda.it\/?p=5095\">anche altrove ho gi\u00e0 citato<\/a>:<\/p>\n<blockquote>\n<h2>Questo voglio dir loro<\/h2>\n<p>Mi chiedevo: perch\u00e9 parlare con loro?<br \/>\nComprano il sapere per venderlo.<br \/>\nVogliono sentire dove c\u2019\u00e8 sapere a buon mercato<br \/>\nda vendere a caro prezzo. Perch\u00e9<br \/>\ndovrebbero voler sapere ci\u00f2 che<br \/>\nparla contro la compra e la vendita?<\/p>\n<p>Vogliono vincere,<br \/>\ncontro la vittoria non vogliono saper nulla.<br \/>\nNon vogliono essere oppressi,<br \/>\nvogliono opprimere.<br \/>\nNon vogliono il progresso,<br \/>\nvogliono il vantaggio.<\/p>\n<p>Sono obbedienti a chiunque<br \/>\nprometta loro il comando.<br \/>\nSi sacrificano affinch\u00e9<br \/>\nresti la pietra sacrificale.<\/p>\n<p>Che devo dir loro, pensavo. Questo<br \/>\nvoglio dir loro, pensavo. Questo<br \/>\nvoglio dir loro, decisi.<\/p><\/blockquote>\n<p>In secondo luogo l&#8217;<em>incipit<\/em> di un bel racconto di Gibson<em>:<\/em><\/p>\n<blockquote>\n<h2>Johnny Mnemonico<\/h2>\n<p>Tutto il contrario del mio stile abituale, ma era proprio questo il mio scopo: se ti credono rozzo, fai il raffinato; se ti credono raffinato, mostrati rozzo. Io sono molto raffinato. Perci\u00f2 decisi di sembrare il pi\u00f9 rozzo possibile. Di questi tempi, poi, uno deve essere piuttosto raffinato prima di poter anche aspirare alla grossolanit\u00e0.<\/p><\/blockquote>\n<p>Ma quello che penso veramente \u00e8 una battuta che sta in <em>Malcolm X<\/em>, all&#8217;inizio del punto in cui il <em>film<\/em> e la vicenda che racconta cominciano ad andare verso il disastro finale. Malcolm dice alla moglie:<\/p>\n<blockquote>\n<h2><a href=\"https:\/\/i0.wp.com\/www.robertosedda.it\/wp-content\/uploads\/2014\/02\/malcolm-x.jpg\"><img data-attachment-id=\"6462\" data-permalink=\"https:\/\/www.robertosedda.it\/?attachment_id=6462\" data-orig-file=\"https:\/\/i0.wp.com\/www.robertosedda.it\/wp-content\/uploads\/2014\/02\/malcolm-x.jpg?fit=774%2C900&amp;ssl=1\" data-orig-size=\"774,900\" data-comments-opened=\"1\" data-image-meta=\"{&quot;aperture&quot;:&quot;0&quot;,&quot;credit&quot;:&quot;&quot;,&quot;camera&quot;:&quot;&quot;,&quot;caption&quot;:&quot;&quot;,&quot;created_timestamp&quot;:&quot;0&quot;,&quot;copyright&quot;:&quot;&quot;,&quot;focal_length&quot;:&quot;0&quot;,&quot;iso&quot;:&quot;0&quot;,&quot;shutter_speed&quot;:&quot;0&quot;,&quot;title&quot;:&quot;&quot;}\" data-image-title=\"malcolm-x\" data-image-description=\"\" data-image-caption=\"\" data-medium-file=\"https:\/\/i0.wp.com\/www.robertosedda.it\/wp-content\/uploads\/2014\/02\/malcolm-x.jpg?fit=258%2C300&amp;ssl=1\" data-large-file=\"https:\/\/i0.wp.com\/www.robertosedda.it\/wp-content\/uploads\/2014\/02\/malcolm-x.jpg?fit=510%2C593&amp;ssl=1\" decoding=\"async\" loading=\"lazy\" class=\"alignright size-medium wp-image-6462\" src=\"https:\/\/i0.wp.com\/www.robertosedda.it\/wp-content\/uploads\/2014\/02\/malcolm-x.jpg?resize=258%2C300\" alt=\"malcolm-x\" width=\"258\" height=\"300\" srcset=\"https:\/\/i0.wp.com\/www.robertosedda.it\/wp-content\/uploads\/2014\/02\/malcolm-x.jpg?resize=258%2C300&amp;ssl=1 258w, https:\/\/i0.wp.com\/www.robertosedda.it\/wp-content\/uploads\/2014\/02\/malcolm-x.jpg?resize=129%2C150&amp;ssl=1 129w, https:\/\/i0.wp.com\/www.robertosedda.it\/wp-content\/uploads\/2014\/02\/malcolm-x.jpg?resize=700%2C813&amp;ssl=1 700w, https:\/\/i0.wp.com\/www.robertosedda.it\/wp-content\/uploads\/2014\/02\/malcolm-x.jpg?w=774&amp;ssl=1 774w\" sizes=\"(max-width: 258px) 100vw, 258px\" data-recalc-dims=\"1\" \/><\/a>Malcolm X<\/h2>\n<p>We had the best organization that black people ever had and niggers ruined it<\/p><\/blockquote>\n<p>\u00abAvevamo la migliore organizzazione che le persone di colore abbiano mai avuto e i negri l&#8217;hanno rovinata\u00bb dove &#8220;negri&#8221; dal contesto del film \u00e8 quella parte degli oppressi che hanno adottato modi di pensare, valori e visione del mondo degli oppressori bianchi e, chiusi nel perseguimento dei loro interessi di bottega, dei loro piccoli egoismi, delle loro lotte per il potere hanno contribuito a far naufragare la lotta pi\u00f9 grande (e Malcolm X, nella narrazione del film, pagher\u00e0 con la vita il rifiuto di piegarsi alle piccinerie e la volont\u00e0 di continuare a indicare una cura pi\u00f9 alta).<\/p>\n<p>In questa campagna elettorale, devo dire, ho imparato che piccoli egoismi, interessi di bottega, conflitti di interesse e lotte sanguinose per minuscole rendite di posizione in Sardegna, come nel resto d&#8217;Italia, abbondano. Ma il tema prima ancora che politico o strategico \u00e8 culturale: \u00e8 una questione di testa e di cuore prima che di scelte di appartenenza, e ho imparato che, al contrario delle dichiarazioni e delle identit\u00e0 formali, ci sono un sacco di insospettabili che sono berlusconiani non nell&#8217;abito ma nell&#8217;anima, dalemiani di stretta osservanza senza mai essere stati nel PD, dipendentisti nel cuore mentre si proclamano tutto il contrario.<\/p>\n<p>Non \u00e8 stata una bella scoperta, devo dire.<\/p>\n","protected":false},"excerpt":{"rendered":"<p>Sono tre citazioni sparse, che mi ripeto mentre penso cosa far\u00f2 al seggio ma soprattutto descrivono ci\u00f2 che penso di<\/p>\n","protected":false},"author":1,"featured_media":6462,"comment_status":"open","ping_status":"open","sticky":false,"template":"","format":"standard","meta":{"_mi_skip_tracking":false,"_monsterinsights_sitenote_active":false,"_monsterinsights_sitenote_note":"","_monsterinsights_sitenote_category":0,"jetpack_post_was_ever_published":false,"_jetpack_newsletter_access":"","jetpack_publicize_message":"","jetpack_is_tweetstorm":false,"jetpack_publicize_feature_enabled":true,"jetpack_social_post_already_shared":true,"jetpack_social_options":{"image_generator_settings":{"template":"highway","enabled":false}}},"categories":[17,59,16],"tags":[],"jetpack_publicize_connections":[],"jetpack_featured_media_url":"https:\/\/i0.wp.com\/www.robertosedda.it\/wp-content\/uploads\/2014\/02\/malcolm-x.jpg?fit=774%2C900&ssl=1","jetpack_sharing_enabled":true,"jetpack_shortlink":"https:\/\/wp.me\/p4jV2T-1Gc","jetpack_likes_enabled":true,"jetpack-related-posts":[{"id":5095,"url":"https:\/\/www.robertosedda.it\/?p=5095","url_meta":{"origin":6460,"position":0},"title":"Cosa devo dir loro?","author":"Rufus","date":"24\/11\/2013","format":false,"excerpt":"Una poesia di Brecht, che mi ritorna prepotentemente nella testa mentre dovrei pensare ad altro e decidere altro. E forse per una volta essere pi\u00f9 diplomatico. E invece la voce intransigente del vecchio comunista tedesco non si decide a lasciarmi tranquillo. Guarda un po' che invadente! (ognuno di voi pu\u00f2\u2026","rel":"","context":"In &quot;Coordinate&quot;","block_context":{"text":"Coordinate","link":"https:\/\/www.robertosedda.it\/?cat=52"},"img":{"alt_text":"","src":"https:\/\/i0.wp.com\/www.robertosedda.it\/wp-content\/uploads\/2015\/09\/Brecht.jpg?fit=405%2C350&ssl=1&resize=350%2C200","width":350,"height":200},"classes":[]},{"id":19486,"url":"https:\/\/www.robertosedda.it\/?p=19486","url_meta":{"origin":6460,"position":1},"title":"Fare storia ognuno a suo modo","author":"Rufus","date":"12\/04\/2022","format":false,"excerpt":"Segnalo, peraltro, che si dice comunemente che i libri americani con copertina bianca e un titolo a caratteri cubitali sono roba da aeroporto... Tempo fa mi \u00e8 capitato di veder passare, su Twitter, un messaggio di Kathleen Belew, una storica specializzata nello studio del movimento suprematista americano, che cercava aiuto\u2026","rel":"","context":"In &quot;Coordinate&quot;","block_context":{"text":"Coordinate","link":"https:\/\/www.robertosedda.it\/?cat=52"},"img":{"alt_text":"","src":"https:\/\/i0.wp.com\/www.robertosedda.it\/wp-content\/uploads\/2022\/04\/Polli.jpg?fit=680%2C383&ssl=1&resize=350%2C200","width":350,"height":200},"classes":[]},{"id":5070,"url":"https:\/\/www.robertosedda.it\/?p=5070","url_meta":{"origin":6460,"position":2},"title":"Nervi saldi","author":"Rufus","date":"21\/11\/2013","format":false,"excerpt":"Io in questi giorni non avrei molta voglia di scrivere, o vorrei parlare di Shakespeare, Pennac o regate al cinema con la mente sgombra. Siccome non ho la mente sgombra, non scrivo. Sono anche irritato dalla retorica patriottarda, ma diversamente da questa estate non mi sembra il caso di discuterne\u2026","rel":"","context":"In &quot;Coordinate&quot;","block_context":{"text":"Coordinate","link":"https:\/\/www.robertosedda.it\/?cat=52"},"img":{"alt_text":"","src":"https:\/\/i0.wp.com\/www.robertosedda.it\/wp-content\/uploads\/2013\/11\/lara-comi.jpg?fit=586%2C314&ssl=1&resize=350%2C200","width":350,"height":200},"classes":[]},{"id":3440,"url":"https:\/\/www.robertosedda.it\/?p=3440","url_meta":{"origin":6460,"position":3},"title":"La &#8220;zona fidanzata&#8221;","author":"Rufus","date":"06\/06\/2013","format":false,"excerpt":"L'articolo che segue, dal titolo Why do men keep putting me in the girlfriend-zone? \u00e8 stato pubblicato originariamente sul\u00a0sito Literary Reference, dove ha totalizzato appena 1280 commenti (ai quali vi consiglio di dare un'occhiata sul sito originale, perch\u00e9 dicono tanto dell'America, gli uomini,\u00a0le donne, le discussioni sul web e tutto\u2026","rel":"","context":"In &quot;Coordinate&quot;","block_context":{"text":"Coordinate","link":"https:\/\/www.robertosedda.it\/?cat=52"},"img":{"alt_text":"","src":"","width":0,"height":0},"classes":[]},{"id":7308,"url":"https:\/\/www.robertosedda.it\/?p=7308","url_meta":{"origin":6460,"position":4},"title":"E sono cinquanta!!!","author":"Rufus","date":"13\/05\/2014","format":"gallery","excerpt":"Come molti sanno, il 10 maggio \u00e8 il mio compleanno e sabato ho compiuto cinquant'anni, cifra tonda. Devo dire che mi ritrovo molto in quello che ha scritto Marcello Sovjet Cadeddu, mio collega di universit\u00e0 e quasi coetaneo, che qualche giorno fa per i suoi cinquanta ha pubblicato su\u00a0Facebook\u00a0questa riflessione:\u2026","rel":"","context":"In &quot;Coordinate&quot;","block_context":{"text":"Coordinate","link":"https:\/\/www.robertosedda.it\/?cat=52"},"img":{"alt_text":"","src":"https:\/\/i0.wp.com\/www.robertosedda.it\/wp-content\/uploads\/2014\/05\/Rufus.jpg?fit=794%2C1200&ssl=1&resize=350%2C200","width":350,"height":200,"srcset":"https:\/\/i0.wp.com\/www.robertosedda.it\/wp-content\/uploads\/2014\/05\/Rufus.jpg?fit=794%2C1200&ssl=1&resize=350%2C200 1x, https:\/\/i0.wp.com\/www.robertosedda.it\/wp-content\/uploads\/2014\/05\/Rufus.jpg?fit=794%2C1200&ssl=1&resize=700%2C400 2x"},"classes":[]},{"id":3626,"url":"https:\/\/www.robertosedda.it\/?p=3626","url_meta":{"origin":6460,"position":5},"title":"La zona prevella","author":"Rufus","date":"21\/06\/2013","format":false,"excerpt":"Qualche giorno fa, traducendo un articolo americano, mi sono lasciato scappare che ne avevo fatto anche una versione in cagliaritano, anzi qui si direbbe in chiasteddaio, la lingua parlata dai chiagliaritani. Poich\u00e9 mi \u00e8 stata chiesta dall'amabile Giovanni Mascellani la publico qui, anche se dopo averla riletta ho deciso che\u2026","rel":"","context":"In &quot;Coordinate&quot;","block_context":{"text":"Coordinate","link":"https:\/\/www.robertosedda.it\/?cat=52"},"img":{"alt_text":"","src":"https:\/\/i0.wp.com\/www.robertosedda.it\/wp-content\/uploads\/2013\/06\/Tumblr.jpg?fit=518%2C275&ssl=1&resize=350%2C200","width":350,"height":200},"classes":[]}],"_links":{"self":[{"href":"https:\/\/www.robertosedda.it\/index.php?rest_route=\/wp\/v2\/posts\/6460"}],"collection":[{"href":"https:\/\/www.robertosedda.it\/index.php?rest_route=\/wp\/v2\/posts"}],"about":[{"href":"https:\/\/www.robertosedda.it\/index.php?rest_route=\/wp\/v2\/types\/post"}],"author":[{"embeddable":true,"href":"https:\/\/www.robertosedda.it\/index.php?rest_route=\/wp\/v2\/users\/1"}],"replies":[{"embeddable":true,"href":"https:\/\/www.robertosedda.it\/index.php?rest_route=%2Fwp%2Fv2%2Fcomments&post=6460"}],"version-history":[{"count":9,"href":"https:\/\/www.robertosedda.it\/index.php?rest_route=\/wp\/v2\/posts\/6460\/revisions"}],"predecessor-version":[{"id":9343,"href":"https:\/\/www.robertosedda.it\/index.php?rest_route=\/wp\/v2\/posts\/6460\/revisions\/9343"}],"wp:featuredmedia":[{"embeddable":true,"href":"https:\/\/www.robertosedda.it\/index.php?rest_route=\/wp\/v2\/media\/6462"}],"wp:attachment":[{"href":"https:\/\/www.robertosedda.it\/index.php?rest_route=%2Fwp%2Fv2%2Fmedia&parent=6460"}],"wp:term":[{"taxonomy":"category","embeddable":true,"href":"https:\/\/www.robertosedda.it\/index.php?rest_route=%2Fwp%2Fv2%2Fcategories&post=6460"},{"taxonomy":"post_tag","embeddable":true,"href":"https:\/\/www.robertosedda.it\/index.php?rest_route=%2Fwp%2Fv2%2Ftags&post=6460"}],"curies":[{"name":"wp","href":"https:\/\/api.w.org\/{rel}","templated":true}]}}