{"id":6454,"date":"2014-02-14T13:52:43","date_gmt":"2014-02-14T12:52:43","guid":{"rendered":"http:\/\/www.robertosedda.it\/?p=6454"},"modified":"2015-01-08T14:34:58","modified_gmt":"2015-01-08T13:34:58","slug":"le-cronache-di-fratello-cadfael","status":"publish","type":"post","link":"https:\/\/www.robertosedda.it\/?p=6454","title":{"rendered":"Le cronache di fratello Cadfael"},"content":{"rendered":"<div class=\"jetpack-video-wrapper\"><span class=\"embed-youtube\" style=\"text-align:center; display: block;\"><iframe class=\"youtube-player\" width=\"800\" height=\"450\" src=\"https:\/\/www.youtube.com\/embed\/7V9vuYcncH8?version=3&#038;rel=1&#038;showsearch=0&#038;showinfo=1&#038;iv_load_policy=1&#038;fs=1&#038;hl=it-IT&#038;autohide=2&#038;wmode=transparent\" allowfullscreen=\"true\" style=\"border:0;\" sandbox=\"allow-scripts allow-same-origin allow-popups allow-presentation\"><\/iframe><\/span><\/div>\n<h2>Una divagazione <em>epic metal<\/em><\/h2>\n<p>Allora: cominciamo con la <em>gaffe<\/em> stratosferica della puntata, che forse qualcuno di voi ha colto anche in questo formato\u00a0in cui\u00a0l&#8217;intermezzo musicale \u00e8 omesso.<\/p>\n<p>Sarebbe stato ovvio\u00a0usare come pausa una qualche forma di riproposizione di musica medievale o le solite ballate di sapore celtico che\u00a0vanno in questi casi, ma nel corso delle trasmissioni precedenti avevo gi\u00e0 proposto alcune cose simili, Enya era gi\u00e0 stata usata, e insomma volevo qualcosa di diverso: medievale ma con un po&#8217; di peperoncino dentro. L&#8217;<em>epic metal<\/em> sembrava una soluzione perfetta, adatto anche all&#8217;epoca\u00a0<em>Anarchy<\/em> \u00a0in cui sono ambientate le storie di Cadfael, ma nella fretta di preparare la puntata non ho avuto il tempo di scegliere il brano esatto e di ascoltarlo prima.<\/p>\n<p>In auto,\u00a0sull&#8217;asse mediano diretto\u00a0verso lo studio di registrazione, chiamo il mio amico Mauro Cogoni, quello di <a href=\"http:\/\/maritoallaparmigiana.com\"><em>Marito alla parmigiana<\/em><\/a>,\u00a0che oltre che cuoco \u00e8 anche metallaro sfegatato e gli dico: \u00abMauro, ti ricordi quel brano <em>metal<\/em> in cui c&#8217;\u00e8 un vecchio guerriero che racconta al nipotino la storia di una battaglia&#8230; che gruppo \u00e8? come si chiama la canzone?\u00bb, e Mauro, prontissimo: \u00abCosa credi che sia, io? <em>Wikimetal<\/em>? Comunque sono i <em>M<\/em><em>anowar<\/em>, e il pezzo \u00e8 <a href=\"http:\/\/www.youtube.com\/watch?v=TeHsSHu9iwU\"><em>The warrior&#8217;s prayer<\/em><\/a>\u00bb. Perfetto, avevo il nome che mi serviva.<\/p>\n<p>Ora, io avevo un vago ricordo che nel brano dopo l&#8217;introduzione parlata partiva la musica, ma non mi sono ricordato (e Mauro non ha capito cosa avevo in testa) che il brano propriamente musicale \u00e8 un <em>altro<\/em> pezzo con un <em>altro <\/em>titolo che nell&#8217;album \u00e8 in sequenza ma che in s\u00e9 sta per conto suo.<\/p>\n<p>Quindi sono andato in radio e ho comunicato, come al solito, i miei desideri musicali. Andrea Pala, il curatore, mi ha fatto sentire i primi dieci secondi del brano &#8211; per controllo &#8211; e io ho confermato. Siccome lo vedevo un po&#8217; perplesso ho anche aggiunto: \u00abTranquillo. Parte cos\u00ec e poi c&#8217;\u00e8 il brano musicale\u00bb. <em>Ceeeeerto<\/em>. Poi ho registrato la puntata: il giorno dopo,\u00a0quando\u00a0Fabio Figus in regia\u00a0ha aggiunto alla registrazione il brano &#8220;musicale&#8221;, ha trovato la scelta un po&#8217; strana ma,\u00a0avendo per me un rispetto del tutto ingiustificato, ha pensato che fosse un&#8217;avanzata scelta artistica e non si \u00e8 sognato di metterla in discussione.<\/p>\n<p>Cos\u00ec alla fine\u00a0\u00e8 andato in onda un monologo incomprensibile di quattro minuti in inglese: bella &#8220;pausa musicale&#8221;! Certo, vedi le coincidenze:\u00a0quando in trasmissione io dico: \u00abSpero vi sia piaciuto, forse \u00e8 un po&#8217; strano&#8230;\u00bb pensavo alla potenza del <em>metal<\/em> per il pubblico, forse pi\u00f9 posato, di <em>Radio Kalaritana<\/em>, e invece sembra che mi stia giustificando per quello strano sproloquio in inglese.<\/p>\n<p>Cose che capitano in radio.<\/p>\n<p>La soluzione che avevo in mente nella realt\u00e0 sarebbe risultata cos\u00ec, e certamente sarebbe stata troppo lunga per lo spazio della puntata:<\/p>\n<div class=\"jetpack-video-wrapper\"><span class=\"embed-youtube\" style=\"text-align:center; display: block;\"><iframe class=\"youtube-player\" width=\"800\" height=\"450\" src=\"https:\/\/www.youtube.com\/embed\/IRFMZ3OlFd4?version=3&#038;rel=1&#038;showsearch=0&#038;showinfo=1&#038;iv_load_policy=1&#038;fs=1&#038;hl=it-IT&#038;autohide=2&#038;wmode=transparent\" allowfullscreen=\"true\" style=\"border:0;\" sandbox=\"allow-scripts allow-same-origin allow-popups allow-presentation\"><\/iframe><\/span><\/div>\n<p>e quindi, visto che siamo in tema di torbidi, guerre civili e anarchie, sarebbero probabilmente stati pi\u00f9 adatti <em>Hail and kill<\/em> o <em>Battle hymn<\/em><\/p>\n<div class=\"jetpack-video-wrapper\"><span class=\"embed-youtube\" style=\"text-align:center; display: block;\"><iframe class=\"youtube-player\" width=\"800\" height=\"450\" src=\"https:\/\/www.youtube.com\/embed\/5v7HlqctcIQ?version=3&#038;rel=1&#038;showsearch=0&#038;showinfo=1&#038;iv_load_policy=1&#038;fs=1&#038;hl=it-IT&#038;autohide=2&#038;wmode=transparent\" allowfullscreen=\"true\" style=\"border:0;\" sandbox=\"allow-scripts allow-same-origin allow-popups allow-presentation\"><\/iframe><\/span><\/div>\n<div class=\"jetpack-video-wrapper\"><span class=\"embed-youtube\" style=\"text-align:center; display: block;\"><iframe class=\"youtube-player\" width=\"800\" height=\"450\" src=\"https:\/\/www.youtube.com\/embed\/S1woxkraClg?version=3&#038;rel=1&#038;showsearch=0&#038;showinfo=1&#038;iv_load_policy=1&#038;fs=1&#038;hl=it-IT&#038;autohide=2&#038;wmode=transparent\" allowfullscreen=\"true\" style=\"border:0;\" sandbox=\"allow-scripts allow-same-origin allow-popups allow-presentation\"><\/iframe><\/span><\/div>\n<p>Chiudo questa parentesi sul <em>metal<\/em> dicendo che, naturalmente, i <em>Manowar<\/em> rimarranno nel mio cuore per <a href=\"http:\/\/www.youtube.com\/watch?v=hGh05ViwCp4\"><em>Pleasure slave<\/em><\/a>, un pezzo che mi rifiuto di mandare in radio per motivi etici ma che \u00e8 cos\u00ec tamarro, ma cos\u00ec tamarro, che fa tutto il giro completo e sbuca nel sublime. <em>Augh<\/em>, ho detto.<\/p>\n<h2>Venendo a Ellis Peters e fratello Cadfael<\/h2>\n<p>Durante la puntata ero abbastanza pimpante e credo che si senta, anche per la divagazione sulla signora Fletcher. Pu\u00f2 darsi che dipenda dal fatto che \u00e8 una puntata che ho registrato da sola (di solito\u00a0faccio di seguito tutte quelle del mese insieme) e del tutto a braccio, senza nessun appunto scritto.<\/p>\n<p>Sono anche riuscito a dire, cosa strana, quasi tutto quello che avevo in mente, anche se sulla astoricit\u00e0 del modo di pensare di Cadfael &#8211; una delle maggiori debolezze della serie a mio modo di vedere, mentre \u00e8 sicuramente viceversa uno degli elementi di successo di pubblico &#8211;\u00a0ho dovuto tagliare corto, cos\u00ec come non ho approfondito poi tanto sul tipo di enigmi criminali che il nostro monaco si trova a risolvere.<\/p>\n<p>Ho del tutto omesso, invece, un passaggio che mi ero ripromesso di fare sulla <em>continuity<\/em>. Ho gi\u00e0 segnalato nell&#8217;<a title=\"Il commissario Maigret a \u201cOggi parliamo di libri\u201d\" href=\"http:\/\/www.robertosedda.it\/?p=5570\">articolo su Maigret<\/a>\u00a0che la riflessione su questo tema \u00e8 una delle modificazioni del mio gusto che curare questa serie di puntate mi ha portato: l&#8217;anno scorso nella serie sull&#8217;avventura ho adottato il filtro del rapporto fra narrazione e colonialismo europeo, non volontariamente ma trovandomici portato inconsapevolmente dalle varie riletture, quest&#8217;anno il filtro involontario \u00e8 quello della <em>continuity<\/em>.<\/p>\n<p>Ma divago: la cosa che mi sembrava interessante segnalare \u00e8 che, sebbene Cadfael rimanga abbastanza immutabile nei caratteri psicologici che la Peters gli ha assegnato all&#8217;inizio, tuttavia non \u00e8 un personaggio particolarmente ripetitivo (o una macchietta, come Poirot): l&#8217;effetto \u00e8 ottenuto dalla Peters inserendo man mano nel tessuto della narrazione, romanzo dopo romanzo, un approfondimento del suo mondo, nuovi\u00a0comprimari\u00a0che divengono presenze stabili e via via pi\u00f9 importanti, e cos\u00ec via. Una soluzione interessante, secondo me, e molto in linea col carattere seriale delle produzioni gialle, che si estendono tipicamente su molti romanzi (le storie di Cadfael sono addirittura numerate: la prima cronica di fratello Cadfael, la seconda&#8230; la terza).<\/p>\n<p>Proprio questo riferimento alla serialit\u00e0 mi ha fatto pensare che la riflessione sulla <em>continuity<\/em> dovrebbe porsi pi\u00f9 propriamente come discussione dell&#8217;approccio che ciascun autore ha, appunto, alla narrazione seriale: non soltanto in base alla distinzione che adesso \u00e8 molto di moda fra\u00a0verticalit\u00e0 e orizzontalit\u00e0, ma in generale come lettura\u00a0che fa delle esigenze del pubblico (la narrativa seriale \u00e8 tipicamente una produzione commerciale), come il rapporto che costruisce col suo personaggio e riguardo a come interpreta, in definitiva, il proprio ruolo di <em>storyteller<\/em>. Ma \u00e8 un discorso che obiettivamente in radio prendeva troppo tempo &#8211;\u00a0meno male che l&#8217;ho saltato &#8211; e sul quale magari torner\u00f2 qui sul <em>blog<\/em> in qualche altro momento.<\/p>\n","protected":false},"excerpt":{"rendered":"<p>Una divagazione epic metal Allora: cominciamo con la gaffe stratosferica della puntata, che forse qualcuno di voi ha colto anche<\/p>\n","protected":false},"author":1,"featured_media":0,"comment_status":"open","ping_status":"open","sticky":false,"template":"","format":"video","meta":{"_mi_skip_tracking":false,"_monsterinsights_sitenote_active":false,"_monsterinsights_sitenote_note":"","_monsterinsights_sitenote_category":0,"jetpack_post_was_ever_published":false,"_jetpack_newsletter_access":"","jetpack_publicize_message":"","jetpack_is_tweetstorm":false,"jetpack_publicize_feature_enabled":true,"jetpack_social_post_already_shared":true,"jetpack_social_options":{"image_generator_settings":{"template":"highway","enabled":false}}},"categories":[52,56,13,68,12],"tags":[],"jetpack_publicize_connections":[],"jetpack_featured_media_url":"","jetpack_sharing_enabled":true,"jetpack_shortlink":"https:\/\/wp.me\/p4jV2T-1G6","jetpack_likes_enabled":true,"jetpack-related-posts":[{"id":11154,"url":"https:\/\/www.robertosedda.it\/?p=11154","url_meta":{"origin":6454,"position":0},"title":"Le mutande della monaca","author":"Rufus","date":"10\/11\/2015","format":false,"excerpt":"http:\/\/www.radiokalaritana.it\/audio\/LIB-S04E06-Rosvita%20Dgandersheim-20151022.mp3 Il teatro medievale: 1 -\u00a0Rosvita di Gandersheim http:\/\/www.radiokalaritana.it\/audio\/LIB-S04E07-Il_teatro_nella_vita_della_Chiesa-20151029.mp3 Il teatro medievale: 2\u00a0- Le sacre rappresentazioni Riascoltando le due puntate di\u00a0Oggi parliamo di libri dedicate al teatro medievale ho una certa esitazione, che del resto mi ha accompagnato anche quando le ho preparate: il dubbio di essere stato, come dire?\u2026","rel":"","context":"In &quot;Coordinate&quot;","block_context":{"text":"Coordinate","link":"https:\/\/www.robertosedda.it\/?cat=52"},"img":{"alt_text":"","src":"https:\/\/i0.wp.com\/www.robertosedda.it\/wp-content\/uploads\/2015\/11\/Rosvita.jpg?fit=327%2C363&ssl=1&resize=350%2C200","width":350,"height":200},"classes":[]},{"id":10836,"url":"https:\/\/www.robertosedda.it\/?p=10836","url_meta":{"origin":6454,"position":1},"title":"Sono di nuovo on air (e anche on line!)","author":"Rufus","date":"15\/09\/2015","format":false,"excerpt":"Da gioved\u00ec prossimo ricomincia\u00a0Oggi parliamo di libri, al solito orario delle 19.10 e in replica il venerd\u00ec mattina alle 8.30. La grossa novit\u00e0 di quest'anno \u00e8 il\u00a0podcast, che permetter\u00e0 di riascoltare le puntate quasi immediatamente senza bisogno di aspettare che io le metta in rete per conto mio. Continuer\u00f2 comunque\u2026","rel":"","context":"In &quot;Coordinate&quot;","block_context":{"text":"Coordinate","link":"https:\/\/www.robertosedda.it\/?cat=52"},"img":{"alt_text":"","src":"https:\/\/i0.wp.com\/www.robertosedda.it\/wp-content\/uploads\/2015\/09\/Radio-Kalaritana-On-Air.jpg?fit=850%2C310&ssl=1&resize=350%2C200","width":350,"height":200,"srcset":"https:\/\/i0.wp.com\/www.robertosedda.it\/wp-content\/uploads\/2015\/09\/Radio-Kalaritana-On-Air.jpg?fit=850%2C310&ssl=1&resize=350%2C200 1x, https:\/\/i0.wp.com\/www.robertosedda.it\/wp-content\/uploads\/2015\/09\/Radio-Kalaritana-On-Air.jpg?fit=850%2C310&ssl=1&resize=700%2C400 2x"},"classes":[]},{"id":9885,"url":"https:\/\/www.robertosedda.it\/?p=9885","url_meta":{"origin":6454,"position":2},"title":"Tristano e Isotta, cos\u00ec uguali e cos\u00ec diversi","author":"Rufus","date":"02\/04\/2015","format":"video","excerpt":"Per una volta sono riuscito a trovare sulla rete (e liberamente disponibile) una dispensa alla quale posso tranquillamente delegare buona parte delle cose che dovrei dire. Si tratta di materiale preparato dal professor Tagliani dell'Universit\u00e0 di Milano per il suo corso di Filologia romanza ed \u00e8 veramente di ottima qualit\u00e0\u00a0ed\u2026","rel":"","context":"In &quot;Coordinate&quot;","block_context":{"text":"Coordinate","link":"https:\/\/www.robertosedda.it\/?cat=52"},"img":{"alt_text":"","src":"https:\/\/i0.wp.com\/img.youtube.com\/vi\/KGK31EuPOXk\/0.jpg?resize=350%2C200","width":350,"height":200},"classes":[]},{"id":9958,"url":"https:\/\/www.robertosedda.it\/?p=9958","url_meta":{"origin":6454,"position":3},"title":"I trombam&#8230; ehm, gli allegri sollazzieri dell&#8217;Ariosto","author":"Rufus","date":"14\/04\/2015","format":"video","excerpt":"I trombamici dell'Ariosto e l'Orlando furioso Mi sono trattenuto per tutta la puntata dall'usare la parola, anche perch\u00e9 non appartiene al mio lessico abituale e poi perch\u00e9 tutto sommato non mi sembrava adeguata a Radio Kalaritana. Per\u00f2 davvero mai come in questo caso sarebbe stata una parola appropriata: l'Orlando furioso\u2026","rel":"","context":"In &quot;Coordinate&quot;","block_context":{"text":"Coordinate","link":"https:\/\/www.robertosedda.it\/?cat=52"},"img":{"alt_text":"","src":"https:\/\/i0.wp.com\/img.youtube.com\/vi\/fRUrhCakFNs\/0.jpg?resize=350%2C200","width":350,"height":200},"classes":[]},{"id":16083,"url":"https:\/\/www.robertosedda.it\/?p=16083","url_meta":{"origin":6454,"position":4},"title":"L&#8217;internazionale situazionista \u00e8 viva e lotta insieme a noi","author":"Rufus","date":"28\/12\/2018","format":"video","excerpt":"Gli autori del gioco satirico Cards againt humanity, quelli, per capirci, che una volta hanno comprato uno spazio pubblicitario televisivo durante il Superbowl e l'hanno usato per proiettare questo: https:\/\/youtu.be\/gcWW-pN_niE Esatto, una patata. Per trenta secondi. E poi ne hanno fatto un sarcastico e imperdibile post mortem che sbeffeggia tanti\u2026","rel":"","context":"In &quot;Segnalazioni&quot;","block_context":{"text":"Segnalazioni","link":"https:\/\/www.robertosedda.it\/?cat=95"},"img":{"alt_text":"","src":"https:\/\/i0.wp.com\/www.robertosedda.it\/wp-content\/uploads\/2018\/12\/trebuchet_1-52e3ad15.png?fit=436%2C473&ssl=1&resize=350%2C200","width":350,"height":200},"classes":[]},{"id":2004,"url":"https:\/\/www.robertosedda.it\/?p=2004","url_meta":{"origin":6454,"position":5},"title":"Conan a &#8220;Oggi parliamo di libri&#8221;","author":"Rufus","date":"23\/01\/2013","format":false,"excerpt":"La quarta puntata di Oggi parliamo di libri era dedicata a Conan. La quarta? E ormai \u00e8 andata in onda gi\u00e0 la settima! Sono in ritardissimo nella trascrizione delle puntate. Me tapino... Comunque, la puntata si \u00e8 aperta col botto. Con voce impostata (che temo facesse un po' ridere) ho\u2026","rel":"","context":"In &quot;Coordinate&quot;","block_context":{"text":"Coordinate","link":"https:\/\/www.robertosedda.it\/?cat=52"},"img":{"alt_text":"","src":"https:\/\/i0.wp.com\/www.robertosedda.it\/wp-content\/uploads\/2013\/01\/Conan-cimmero.jpg?fit=466%2C720&ssl=1&resize=350%2C200","width":350,"height":200},"classes":[]}],"_links":{"self":[{"href":"https:\/\/www.robertosedda.it\/index.php?rest_route=\/wp\/v2\/posts\/6454"}],"collection":[{"href":"https:\/\/www.robertosedda.it\/index.php?rest_route=\/wp\/v2\/posts"}],"about":[{"href":"https:\/\/www.robertosedda.it\/index.php?rest_route=\/wp\/v2\/types\/post"}],"author":[{"embeddable":true,"href":"https:\/\/www.robertosedda.it\/index.php?rest_route=\/wp\/v2\/users\/1"}],"replies":[{"embeddable":true,"href":"https:\/\/www.robertosedda.it\/index.php?rest_route=%2Fwp%2Fv2%2Fcomments&post=6454"}],"version-history":[{"count":6,"href":"https:\/\/www.robertosedda.it\/index.php?rest_route=\/wp\/v2\/posts\/6454\/revisions"}],"predecessor-version":[{"id":9337,"href":"https:\/\/www.robertosedda.it\/index.php?rest_route=\/wp\/v2\/posts\/6454\/revisions\/9337"}],"wp:attachment":[{"href":"https:\/\/www.robertosedda.it\/index.php?rest_route=%2Fwp%2Fv2%2Fmedia&parent=6454"}],"wp:term":[{"taxonomy":"category","embeddable":true,"href":"https:\/\/www.robertosedda.it\/index.php?rest_route=%2Fwp%2Fv2%2Fcategories&post=6454"},{"taxonomy":"post_tag","embeddable":true,"href":"https:\/\/www.robertosedda.it\/index.php?rest_route=%2Fwp%2Fv2%2Ftags&post=6454"}],"curies":[{"name":"wp","href":"https:\/\/api.w.org\/{rel}","templated":true}]}}