{"id":642,"date":"2012-08-23T01:02:29","date_gmt":"2012-08-22T23:02:29","guid":{"rendered":"http:\/\/www.robertosedda.it\/?p=642"},"modified":"2014-02-05T16:22:50","modified_gmt":"2014-02-05T15:22:50","slug":"corpo-celeste","status":"publish","type":"post","link":"https:\/\/www.robertosedda.it\/?p=642","title":{"rendered":"Corpo celeste"},"content":{"rendered":"<p><code><div class=\"jetpack-video-wrapper\"><span class=\"embed-youtube\" style=\"text-align:center; display: block;\"><iframe class=\"youtube-player\" width=\"800\" height=\"450\" src=\"https:\/\/www.youtube.com\/embed\/b20bMBU0m7I?version=3&#038;rel=1&#038;showsearch=0&#038;showinfo=1&#038;iv_load_policy=1&#038;fs=1&#038;hl=it-IT&#038;autohide=2&#038;wmode=transparent\" allowfullscreen=\"true\" style=\"border:0;\" sandbox=\"allow-scripts allow-same-origin allow-popups allow-presentation\"><\/iframe><\/span><\/div><br \/>\n<\/code>A paragone delle polemiche (e apprezzamenti) suscitate da <em>Habemus Papam<\/em> di Nanni Moretti, \u00e8 passato quasi sotto silenzio il film <em>Corpo Celeste<\/em>, presentato nella rassegna di Cannes dalla regista Alice Rohrwacher. Eppure \u00e8 un film che parla esplicitamente dell\u2019Azione Cattolica, anzi pi\u00f9 esattamente dell\u2019ACR.<\/p>\n<p>La trama \u00e8 abbastanza semplice. Una ragazzina, Marta, torna in Calabria dopo dieci anni passati in Svizzera con la famiglia. La madre la iscrive al catechismo per la Cresima; Marta entra cos\u00ec in contatto con un gruppo di figure ecclesiali palesemente inadeguate: dal parroco, don Mario, pi\u00f9 teso alla realizzazione personale che alla cura d\u2019anime, alle catechiste, una serie di figure grottesche che recitano quella che pare proprio una parodia di ACR, ai compagni di catechismo, abbruttiti dalla televisione, fino alle vecchie signore della parrocchia, legate a una religiosit\u00e0 superata<strong>\u00a0<\/strong>e superficiale. Il tutto in una Reggio Calabria da incubo, violentata da uno sviluppo urbanistico dissennato e attraversata alternativamente da discariche ed ecomostri in cemento armato.<\/p>\n<p>Il film ha ricevuto recensioni complessivamente positive (una la trovate <a href=\"http:\/\/www.movieplayer.it\/film\/articoli\/la-figlia-piu-piccola_8141\/\">qui<\/a>), alcune delle quali sono state anche capaci di confrontarsi col tema ecclesiale in maniera equilibrata (per esempio <a href=\"http:\/\/www.everyeye.it\/cinema\/articoli\/corpo-celeste_recensione_13971\">qui<\/a>) mentre <a href=\"http:\/\/www.film-review.it\/7201-Corpo_Celeste.htm\">altre<\/a> si sono preoccupate di evitare al film di venire stritolato dall\u2019etichetta di \u201canticlericale\u201d.<\/p>\n<p>Sui mezzi di comunicazione pi\u00f9 strettamente cattolici si segnala un lungo <a href=\"http:\/\/www.youtube.com\/watch?v=TWselKYHFLY\">servizio<\/a> su TV2000, certamente meno entusiasta. Molto poco sulla stampa, certamente meno che per <em>Habemus Papam<\/em>,\u00a0eppure la critica di <em>Corpo Celeste<\/em> \u00e8 senz\u2019altro pi\u00f9 radicale e punta al bersaglio grosso, cio\u00e8 a quel servizio educativo diffuso che \u00e8 da sempre l\u2019elemento pi\u00f9 significativo della presenza della Chiesa nei territori.<\/p>\n<p>L\u2019impressione \u00e8 che complessivamente non si sappia come trattare <em>Corpo Celeste<\/em>: la ricerca spirituale di Marta \u00e8 presentata come troppo sincera perch\u00e9 si possa accusare il film di sottovalutare il tema della fede, ma i personaggi ecclesiali sono presentati tutti in maniera cos\u00ec negativa e grottesca da suscitare un bisogno istintivo di difesa, se non altro per dichiarare che non tutti i catechisti, gli educatori ACR e i preti sono come quelli presentati nel film. Superare questa ambivalenza sarebbe utile per potersi chiedere se, aldil\u00e0 di molte esagerazioni e di una certa ingenuit\u00e0 di scrittura, le questioni poste dal film non meritino un\u2019attenzione seria.<\/p>\n<p>\u00c8 un film che sarebbe bene vedere in AC, magari fra educatori? Si e no. L\u2019impressione \u00e8 che la sceneggiatura sia stata fatta con un accurato lavoro di ricerca materiale e che peschi esattamente fra i materiali ecclesiali, ma senza una conoscenza diretta di nessuna comunit\u00e0, perdendo cos\u00ec in credibilit\u00e0 nei confronti di chi potrebbe riconoscersi nei personaggi e nelle situazioni del film.<\/p>\n<p>Un esempio calzante \u00e8 il terribile\u00a0canto \u201cMi sintonizzo con Dio\u201d che viene insegnato ai ragazzi dall\u2019educatrice, e che sembra ricalcato su pi\u00f9 di un ban ACR, ma che \u00e8 cos\u00ec grottesco e disperante da far perdere la similarit\u00e0; cos\u00ec come nessun nostro educatore minimamente preparato potrebbe riconoscersi nella figura della capo catechista, Santa. In questo senso non \u00e8 un film \u201cper educatori\u201d, nel senso che parla, apparentemente, di cose diverse dal nostro servizio quotidiano.<\/p>\n<p>Contemporaneamente il film pone alcune domande scomode alla comunit\u00e0 ecclesiale, dall\u2019influenza nefasta della TV e della mentalit\u00e0 \u201cdel secolo\u201d assorbita senza alcun senso critico (come il catechismo \u201cChi vuol esser missionario\u201d che compare ad un certo punto), alla cura della formazione integrale degli adolescenti (che sono, nel caso di Marta e dei suoi compagni, pi\u00f9 \u201coggetti\u201d della formazione che \u201csoggetti\u201d), alla progettualit\u00e0 pastorale. Tutti temi su cui \u00e8 sempre bene interrogarsi, perch\u00e9 non capiti, come nel caso di Marta, che proprio l\u2019unico ragazzo che vive una seria ricerca di fede venga scacciato dalla chiesa.<\/p>\n","protected":false},"excerpt":{"rendered":"<p>A paragone delle polemiche (e apprezzamenti) suscitate da Habemus Papam di Nanni Moretti, \u00e8 passato quasi sotto silenzio il film<\/p>\n","protected":false},"author":1,"featured_media":0,"comment_status":"open","ping_status":"open","sticky":false,"template":"","format":"video","meta":{"_mi_skip_tracking":false,"_monsterinsights_sitenote_active":false,"_monsterinsights_sitenote_note":"","_monsterinsights_sitenote_category":0,"jetpack_post_was_ever_published":false,"_jetpack_newsletter_access":"","jetpack_publicize_message":"","jetpack_is_tweetstorm":false,"jetpack_publicize_feature_enabled":true,"jetpack_social_post_already_shared":false,"jetpack_social_options":{"image_generator_settings":{"template":"highway","enabled":false}}},"categories":[52,14,54,62,12],"tags":[],"jetpack_publicize_connections":[],"jetpack_featured_media_url":"","jetpack_sharing_enabled":true,"jetpack_shortlink":"https:\/\/wp.me\/p4jV2T-am","jetpack_likes_enabled":true,"jetpack-related-posts":[{"id":6808,"url":"https:\/\/www.robertosedda.it\/?p=6808","url_meta":{"origin":642,"position":0},"title":"Politiche di riduzione del danno","author":"Rufus","date":"24\/03\/2014","format":false,"excerpt":"Sgarrare al catechismo? Io e Maria Bonaria, di solito, andiamo alla Messa delle dieci della domenica mattina, che \u00e8 anche la Messa dei bambini del catechismo. Ieri ci siamo trovati su una panca subito dietro i ragazzini\u00a0 e le ragazzine che si preparano alla Cresima:\u00a0 a quell'et\u00e0 maldestra fra i\u2026","rel":"","context":"In &quot;Coordinate&quot;","block_context":{"text":"Coordinate","link":"https:\/\/www.robertosedda.it\/?cat=52"},"img":{"alt_text":"","src":"https:\/\/i0.wp.com\/www.robertosedda.it\/wp-content\/uploads\/2014\/03\/A-Olzai-coi-giovanissimi-e1648137071330.jpg?fit=600%2C443&ssl=1&resize=350%2C200","width":350,"height":200},"classes":[]},{"id":17523,"url":"https:\/\/www.robertosedda.it\/?p=17523","url_meta":{"origin":642,"position":1},"title":"Regressione del comunismo","author":"Rufus","date":"19\/11\/2019","format":false,"excerpt":"Dopo segnalazioni varie ho giocato un pochino a A bewitching revolution (che si traduce rozzamente con Una rivoluzione stregonesca ma anche come Una rivoluzione che incanta). La storia \u00e8 ambientata in una citt\u00e0 grosso modo distopica e futuristica, con videocamere di controllo ovunque, polizia in assetto antisommossa che si muove\u2026","rel":"","context":"In &quot;Coordinate&quot;","block_context":{"text":"Coordinate","link":"https:\/\/www.robertosedda.it\/?cat=52"},"img":{"alt_text":"","src":"https:\/\/i0.wp.com\/www.robertosedda.it\/wp-content\/uploads\/2019\/11\/A-bewitching-revolution-3.jpg?fit=1024%2C576&ssl=1&resize=350%2C200","width":350,"height":200,"srcset":"https:\/\/i0.wp.com\/www.robertosedda.it\/wp-content\/uploads\/2019\/11\/A-bewitching-revolution-3.jpg?fit=1024%2C576&ssl=1&resize=350%2C200 1x, https:\/\/i0.wp.com\/www.robertosedda.it\/wp-content\/uploads\/2019\/11\/A-bewitching-revolution-3.jpg?fit=1024%2C576&ssl=1&resize=700%2C400 2x"},"classes":[]},{"id":2524,"url":"https:\/\/www.robertosedda.it\/?p=2524","url_meta":{"origin":642,"position":2},"title":"Gioco e educazione alla fede","author":"Rufus","date":"13\/03\/2013","format":false,"excerpt":"Complice una giornata di malattia ho ritrovato nel mio disco rigido una vecchia relazione, intitolata Il gioco come dimensione essenziale della vita e della fede e come strumento educativo e che risale ormai a un sacco di tempo fa: 15 marzo 1998. Il contesto era un incontro diocesano degli educatori\u2026","rel":"","context":"In &quot;Coordinate&quot;","block_context":{"text":"Coordinate","link":"https:\/\/www.robertosedda.it\/?cat=52"},"img":{"alt_text":"","src":"","width":0,"height":0},"classes":[]},{"id":15376,"url":"https:\/\/www.robertosedda.it\/?p=15376","url_meta":{"origin":642,"position":3},"title":"Fidarsi","author":"Rufus","date":"19\/06\/2018","format":false,"excerpt":"Durante la gita recente a Napoli e Caserta abbiamo deciso di mandare un po' di cartoline ad amici, amichetti ed amichette e parenti; alle bambine piace da quando gli zii - cio\u00e8 noi - hanno preso l'abitudine di mandargliene dai loro viaggi, con i saluti rappresentati da filastrocche in rima.\u2026","rel":"","context":"In &quot;Coordinate&quot;","block_context":{"text":"Coordinate","link":"https:\/\/www.robertosedda.it\/?cat=52"},"img":{"alt_text":"","src":"https:\/\/i0.wp.com\/www.robertosedda.it\/wp-content\/uploads\/2018\/06\/Napoli.jpg?fit=1200%2C900&ssl=1&resize=350%2C200","width":350,"height":200,"srcset":"https:\/\/i0.wp.com\/www.robertosedda.it\/wp-content\/uploads\/2018\/06\/Napoli.jpg?fit=1200%2C900&ssl=1&resize=350%2C200 1x, https:\/\/i0.wp.com\/www.robertosedda.it\/wp-content\/uploads\/2018\/06\/Napoli.jpg?fit=1200%2C900&ssl=1&resize=700%2C400 2x, https:\/\/i0.wp.com\/www.robertosedda.it\/wp-content\/uploads\/2018\/06\/Napoli.jpg?fit=1200%2C900&ssl=1&resize=1050%2C600 3x"},"classes":[]},{"id":248,"url":"https:\/\/www.robertosedda.it\/?p=248","url_meta":{"origin":642,"position":4},"title":"Compendio della Dottrina Sociale della Chiesa","author":"Rufus","date":"21\/08\/2012","format":false,"excerpt":"Un compendio ha sempre valore per la possibilit\u00e0 di avere comodamente a portata di mano, in un unico volume, dati e materiale relativo a diversi argomenti; in questo caso oltretutto molte delle fonti sono sparse e non sempre di agibile consultazione (anche considerando la possibilit\u00e0 di utilizzare il database di\u2026","rel":"","context":"In &quot;Coordinate&quot;","block_context":{"text":"Coordinate","link":"https:\/\/www.robertosedda.it\/?cat=52"},"img":{"alt_text":"","src":"https:\/\/i0.wp.com\/www.robertosedda.it\/wp-content\/uploads\/2012\/08\/compendio-dottrina-sociale-della-chiesa-cattolica.jpg?fit=446%2C600&ssl=1&resize=350%2C200","width":350,"height":200},"classes":[]},{"id":11369,"url":"https:\/\/www.robertosedda.it\/?p=11369","url_meta":{"origin":642,"position":5},"title":"Giornate indimenticabili","author":"Rufus","date":"04\/01\/2016","format":"video","excerpt":"Perfect day (Fernando Le\u00f3n de Aranoa, Spagna 2015) C'\u00e8 un posto dove si buttano cadaveri nei pozzi per inquinare l'acqua. Uomini, non animali, perch\u00e9 il bestiame in guerra \u00e8 troppo importante per l'alimentazione e quindi non pu\u00f2 essere sprecato. Cos\u00ec, in un qualche giorno del 1995 in una qualche parte\u2026","rel":"","context":"In &quot;Coordinate&quot;","block_context":{"text":"Coordinate","link":"https:\/\/www.robertosedda.it\/?cat=52"},"img":{"alt_text":"","src":"https:\/\/i0.wp.com\/img.youtube.com\/vi\/6_i00pmdIcA\/0.jpg?resize=350%2C200","width":350,"height":200},"classes":[]}],"_links":{"self":[{"href":"https:\/\/www.robertosedda.it\/index.php?rest_route=\/wp\/v2\/posts\/642"}],"collection":[{"href":"https:\/\/www.robertosedda.it\/index.php?rest_route=\/wp\/v2\/posts"}],"about":[{"href":"https:\/\/www.robertosedda.it\/index.php?rest_route=\/wp\/v2\/types\/post"}],"author":[{"embeddable":true,"href":"https:\/\/www.robertosedda.it\/index.php?rest_route=\/wp\/v2\/users\/1"}],"replies":[{"embeddable":true,"href":"https:\/\/www.robertosedda.it\/index.php?rest_route=%2Fwp%2Fv2%2Fcomments&post=642"}],"version-history":[{"count":12,"href":"https:\/\/www.robertosedda.it\/index.php?rest_route=\/wp\/v2\/posts\/642\/revisions"}],"predecessor-version":[{"id":6165,"href":"https:\/\/www.robertosedda.it\/index.php?rest_route=\/wp\/v2\/posts\/642\/revisions\/6165"}],"wp:attachment":[{"href":"https:\/\/www.robertosedda.it\/index.php?rest_route=%2Fwp%2Fv2%2Fmedia&parent=642"}],"wp:term":[{"taxonomy":"category","embeddable":true,"href":"https:\/\/www.robertosedda.it\/index.php?rest_route=%2Fwp%2Fv2%2Fcategories&post=642"},{"taxonomy":"post_tag","embeddable":true,"href":"https:\/\/www.robertosedda.it\/index.php?rest_route=%2Fwp%2Fv2%2Ftags&post=642"}],"curies":[{"name":"wp","href":"https:\/\/api.w.org\/{rel}","templated":true}]}}