{"id":6151,"date":"2014-02-05T10:08:01","date_gmt":"2014-02-05T09:08:01","guid":{"rendered":"http:\/\/www.robertosedda.it\/?p=6151"},"modified":"2026-02-06T12:00:28","modified_gmt":"2026-02-06T11:00:28","slug":"ricchezza-imprenditorialita-sociale-politiche-di-sviluppo","status":"publish","type":"post","link":"https:\/\/www.robertosedda.it\/?p=6151","title":{"rendered":"Ricchezza, imprenditorialit\u00e0 sociale, politiche di sviluppo"},"content":{"rendered":"<p><a href=\"https:\/\/i0.wp.com\/www.robertosedda.it\/wp-content\/uploads\/2014\/02\/A.jpg\"><img data-attachment-id=\"6146\" data-permalink=\"https:\/\/www.robertosedda.it\/?attachment_id=6146\" data-orig-file=\"https:\/\/i0.wp.com\/www.robertosedda.it\/wp-content\/uploads\/2014\/02\/A.jpg?fit=425%2C423&amp;ssl=1\" data-orig-size=\"425,423\" data-comments-opened=\"1\" data-image-meta=\"{&quot;aperture&quot;:&quot;0&quot;,&quot;credit&quot;:&quot;&quot;,&quot;camera&quot;:&quot;&quot;,&quot;caption&quot;:&quot;&quot;,&quot;created_timestamp&quot;:&quot;0&quot;,&quot;copyright&quot;:&quot;&quot;,&quot;focal_length&quot;:&quot;0&quot;,&quot;iso&quot;:&quot;0&quot;,&quot;shutter_speed&quot;:&quot;0&quot;,&quot;title&quot;:&quot;&quot;}\" data-image-title=\"Nuove Officine\" data-image-description=\"\" data-image-caption=\"\" data-medium-file=\"https:\/\/i0.wp.com\/www.robertosedda.it\/wp-content\/uploads\/2014\/02\/A.jpg?fit=300%2C298&amp;ssl=1\" data-large-file=\"https:\/\/i0.wp.com\/www.robertosedda.it\/wp-content\/uploads\/2014\/02\/A.jpg?fit=425%2C423&amp;ssl=1\" decoding=\"async\" loading=\"lazy\" class=\"alignleft size-medium wp-image-6146\" src=\"https:\/\/i0.wp.com\/www.robertosedda.it\/wp-content\/uploads\/2014\/02\/A.jpg?resize=300%2C298\" alt=\"Nuove Officine\" width=\"300\" height=\"298\" srcset=\"https:\/\/i0.wp.com\/www.robertosedda.it\/wp-content\/uploads\/2014\/02\/A.jpg?resize=300%2C298&amp;ssl=1 300w, https:\/\/i0.wp.com\/www.robertosedda.it\/wp-content\/uploads\/2014\/02\/A.jpg?resize=150%2C150&amp;ssl=1 150w, https:\/\/i0.wp.com\/www.robertosedda.it\/wp-content\/uploads\/2014\/02\/A.jpg?resize=100%2C100&amp;ssl=1 100w, https:\/\/i0.wp.com\/www.robertosedda.it\/wp-content\/uploads\/2014\/02\/A.jpg?w=425&amp;ssl=1 425w\" sizes=\"(max-width: 300px) 100vw, 300px\" data-recalc-dims=\"1\" \/><\/a>Fra il 2006 e il 2008 Banca Etica condusse in Sardegna un progetto chiamato <em>Nuove Officine<\/em> (per i tecnici: era un PIC <em>Equal<\/em> finanziato dal Fondo Sociale Europeo e codificato come IT-G2-SAR-026 &#8211; a distanza di tanto tempo ricordo ancora l&#8217;identificativo, perch\u00e9 per anni \u00e8 stato il mio pane e il mio sonno).<\/p>\n<p>Per me, per Carlo Usai e altri soci di Banca Etica della Sardegna \u00e8 stata un&#8217;esperienza formativa fondamentale che ci ha insegnato molto di quello che sappiamo sulla Sardegna (non solo sull&#8217;economia sociale sarda, ma proprio su <em>tutta <\/em>la Sardegna);\u00a0e insegn\u00f2 parecchio sulla Sardegna anche ad altri della Banca, in particolare a Fabio Faina, alle cui fatiche e alla cui dedizione a una regione che non era la sua siamo tutti profondamente debitori (ciao, Fabio!).<\/p>\n<figure id=\"attachment_6150\" aria-describedby=\"caption-attachment-6150\" style=\"width: 150px\" class=\"wp-caption alignright\"><a href=\"https:\/\/i0.wp.com\/www.robertosedda.it\/wp-content\/uploads\/2014\/02\/B.jpg\"><img data-attachment-id=\"6150\" data-permalink=\"https:\/\/www.robertosedda.it\/?attachment_id=6150\" data-orig-file=\"https:\/\/i0.wp.com\/www.robertosedda.it\/wp-content\/uploads\/2014\/02\/B.jpg?fit=1023%2C2043&amp;ssl=1\" data-orig-size=\"1023,2043\" data-comments-opened=\"1\" data-image-meta=\"{&quot;aperture&quot;:&quot;0&quot;,&quot;credit&quot;:&quot;&quot;,&quot;camera&quot;:&quot;&quot;,&quot;caption&quot;:&quot;&quot;,&quot;created_timestamp&quot;:&quot;0&quot;,&quot;copyright&quot;:&quot;&quot;,&quot;focal_length&quot;:&quot;0&quot;,&quot;iso&quot;:&quot;0&quot;,&quot;shutter_speed&quot;:&quot;0&quot;,&quot;title&quot;:&quot;&quot;}\" data-image-title=\"I partner di Nuove Officine\" data-image-description=\"\" data-image-caption=\"\" data-medium-file=\"https:\/\/i0.wp.com\/www.robertosedda.it\/wp-content\/uploads\/2014\/02\/B.jpg?fit=150%2C300&amp;ssl=1\" data-large-file=\"https:\/\/i0.wp.com\/www.robertosedda.it\/wp-content\/uploads\/2014\/02\/B.jpg?fit=510%2C1020&amp;ssl=1\" decoding=\"async\" loading=\"lazy\" class=\"size-medium wp-image-6150\" src=\"https:\/\/i0.wp.com\/www.robertosedda.it\/wp-content\/uploads\/2014\/02\/B.jpg?resize=150%2C300\" alt=\"I partner di Nuove Officine\" width=\"150\" height=\"300\" srcset=\"https:\/\/i0.wp.com\/www.robertosedda.it\/wp-content\/uploads\/2014\/02\/B.jpg?resize=150%2C300&amp;ssl=1 150w, https:\/\/i0.wp.com\/www.robertosedda.it\/wp-content\/uploads\/2014\/02\/B.jpg?resize=75%2C150&amp;ssl=1 75w, https:\/\/i0.wp.com\/www.robertosedda.it\/wp-content\/uploads\/2014\/02\/B.jpg?resize=512%2C1024&amp;ssl=1 512w, https:\/\/i0.wp.com\/www.robertosedda.it\/wp-content\/uploads\/2014\/02\/B.jpg?resize=700%2C1397&amp;ssl=1 700w, https:\/\/i0.wp.com\/www.robertosedda.it\/wp-content\/uploads\/2014\/02\/B.jpg?w=1023&amp;ssl=1 1023w\" sizes=\"(max-width: 150px) 100vw, 150px\" data-recalc-dims=\"1\" \/><\/a><figcaption id=\"caption-attachment-6150\" class=\"wp-caption-text\">Ingrandisci l&#8217;immagine per scoprire chi erano i partner di Nuove Officine<\/figcaption><\/figure>\n<p><a href=\"http:\/\/www.robertosedda.it\/?p=6140\">In epoca di festeggiamenti per i quindici anni<\/a>\u00a0ho deciso di ripubblicare qui sul <em>blog<\/em> il materiale prodotto da <em>Nuove Officine<\/em> (per il sito della Banca \u00e8 decisamente troppo ingombrante). \u00c8 materiale che credo che in forma cartacea sopravviva solo a casa mia e mi sembra un peccato che vada perduto.<\/p>\n<p>Oggi ho inserito sul sito il primo quaderno che scrivemmo, elaborato proprio all&#8217;inizio del progetto dopo un seminario che serviva a costruire identit\u00e0 di vedute in una <em>partnership<\/em> piuttosto complessa. Come\u00a0tutta la\u00a0roba prodotta nei progetti europei\u00a0c&#8217;\u00e8 una certa dose di\u00a0fuffa obbligatoria ma rileggendolo ieri notte ci ho trovato anche parecchie cose interessanti. Man mano inserir\u00f2 altro.<\/p>\n<p>Il\u00a0quaderno \u00e8 scaricabile qui: <a href=\"http:\/\/www.robertosedda.it\/wp-content\/uploads\/2014\/02\/Ricchezza-imprenditoriali\u00e0-sociale-politiche-di-sviluppo.pdf\"><strong>Nuove Officine. Ricchezza, imprenditorialit\u00e0 sociale, politiche di sviluppo. Vision del progetto<\/strong><\/a>.<\/p>\n<h2>Indice del quaderno <em>Ricchezza, imprenditorialit\u00e0 sociale, politiche di sviluppo<\/em><\/h2>\n<ol>\n<li><em>Prefazione<\/em> di Ugo Biggeri<\/li>\n<li><em>Introduzione<\/em>\u00a0di Franco Azzali<\/li>\n<li><em>La vision del progetto\u00a0<\/em>di Silvia Azzali<\/li>\n<li><em>Il progetto<\/em>\u00a0di Roberto Piccinini<\/li>\n<li><em>Il lavoro dei gruppi nel Seminario di Sassari<\/em>\u00a0di Roberto Piccinini<\/li>\n<li><em>La rete di sostegno all\u2019economia sociale sarda secondo i soci di Banca Etica del territorio\u00a0<\/em>di Fabio Faina, Carlo Usai, Roberto Sedda, Sara Sini<\/li>\n<li><em>Riflessioni sul Terzo Settore in Sardegna<\/em> di Selena Ughi, Ottavio Sanna e Salvatore Rubino<\/li>\n<li><em>Alcune riflessioni a margine del seminario \u201cNuove Officine\u201d<\/em> di Antonello Caria<\/li>\n<li><em>Frammenti di mosaico<\/em>\n<ol>\n<li><em>Leggere l\u2019organizzazione<\/em> di Franco Azzali<\/li>\n<li><em>Il paradigma critico nelle organizzazioni<\/em>\u00a0di Letizia Di Bartolomeo<\/li>\n<li>Intervista a Itamar Rogovsky;<\/li>\n<li><em>Osservazioni di un teologo sull\u2019impresa moderna<\/em> di Pompeo Piva<\/li>\n<li><em>La moralit\u00e0 del profitto<\/em> di Pompeo Piva<\/li>\n<li><em>L\u2019etica dell\u2019azienda nella situazione del postmoderno<\/em> di Pompeo Piva<\/li>\n<li><em>La cultura come dimensione della ricchezza di impresa<\/em> di Lauro Mattalucci<\/li>\n<li><em>Annotazioni su impresa etica ed etica di impresa\u00a0<\/em>di Lauro Mattalucci<\/li>\n<li><em>Il valore civile della gratuit\u00e0<\/em> di Vittorio Pelligra<\/li>\n<li><em>Welfare futuro: costruzione di un nuovo statuto epistemologico della cultura del sociale\u00a0<\/em>di Vincenzo Castelli<\/li>\n<\/ol>\n<\/li>\n<\/ol>\n","protected":false},"excerpt":{"rendered":"<p>Fra il 2006 e il 2008 Banca Etica condusse in Sardegna un progetto chiamato Nuove Officine (per i tecnici: era<\/p>\n","protected":false},"author":1,"featured_media":6146,"comment_status":"closed","ping_status":"closed","sticky":false,"template":"","format":"standard","meta":{"_mi_skip_tracking":false,"_monsterinsights_sitenote_active":false,"_monsterinsights_sitenote_note":"","_monsterinsights_sitenote_category":0,"jetpack_post_was_ever_published":false,"_jetpack_newsletter_access":"","jetpack_publicize_message":"","jetpack_is_tweetstorm":false,"jetpack_publicize_feature_enabled":true,"jetpack_social_post_already_shared":false,"jetpack_social_options":{"image_generator_settings":{"template":"highway","enabled":false}}},"categories":[72,52,55,17,16],"tags":[],"jetpack_publicize_connections":[],"jetpack_featured_media_url":"https:\/\/i0.wp.com\/www.robertosedda.it\/wp-content\/uploads\/2014\/02\/A.jpg?fit=425%2C423&ssl=1","jetpack_sharing_enabled":true,"jetpack_shortlink":"https:\/\/wp.me\/p4jV2T-1Bd","jetpack_likes_enabled":true,"jetpack-related-posts":[{"id":6796,"url":"https:\/\/www.robertosedda.it\/?p=6796","url_meta":{"origin":6151,"position":0},"title":"Quel che ho detto alla festa dei quindici anni di Banca Etica a Sassari","author":"Rufus","date":"21\/03\/2014","format":false,"excerpt":"Ieri con Gaetano e Claudio siamo andati in trasferta (piuttosto stancante, devo dire, si vede che non ho pi\u00f9 l'et\u00e0) a Sassari per festeggiare anche l\u00ec i quindici anni di Banca Etica, insieme ai soci della Sardegna Settentrionale in un incontro davvero molto partecipato all'Universit\u00e0. Nell'occasione\u00a0mi hanno chiesto un saluto\u2026","rel":"","context":"In &quot;Banche e finanza&quot;","block_context":{"text":"Banche e finanza","link":"https:\/\/www.robertosedda.it\/?cat=72"},"img":{"alt_text":"","src":"https:\/\/i0.wp.com\/www.robertosedda.it\/wp-content\/uploads\/2014\/03\/Rufus-a-Cinque-su-quindici.jpg?fit=600%2C800&ssl=1&resize=350%2C200","width":350,"height":200},"classes":[]},{"id":6640,"url":"https:\/\/www.robertosedda.it\/?p=6640","url_meta":{"origin":6151,"position":1},"title":"Cominciate a segnarvi queste due date&#8230;","author":"Rufus","date":"04\/03\/2014","format":false,"excerpt":"Festeggiamenti! Festeggiamenti! In questo stesso momento in cui scrivo alla Sala delle Colonne della Camera dei Deputati viene presentata la ricerca sull'impatto sociale di Banca Etica nei suoi primi quindici anni di vita\u00a0(e no, questa volta non sono potuto andare). Con questa presentazione iniziano di fatto i quindici giorni di\u2026","rel":"","context":"In &quot;Banche e finanza&quot;","block_context":{"text":"Banche e finanza","link":"https:\/\/www.robertosedda.it\/?cat=72"},"img":{"alt_text":"","src":"https:\/\/i0.wp.com\/www.robertosedda.it\/wp-content\/uploads\/2014\/02\/Banca-Etica-15-anni.jpg?fit=510%2C250&ssl=1&resize=350%2C200","width":350,"height":200},"classes":[]},{"id":6352,"url":"https:\/\/www.robertosedda.it\/?p=6352","url_meta":{"origin":6151,"position":2},"title":"Una modesta proposta per le reti sociali della Sardegna","author":"Rufus","date":"11\/02\/2014","format":false,"excerpt":"Sabato 8 febbraio sono andato con Gaetano ed Elena a portare il saluto dei soci di Banca Etica all'Assemblea regionale dell'ARCI: oltre a noi si sono alternati, nel corso della mattinata, un gran numero di altri ospiti in rappresentanza di associazioni e organizzazioni di vario genere che collaborano o comunque\u2026","rel":"","context":"In &quot;Banche e finanza&quot;","block_context":{"text":"Banche e finanza","link":"https:\/\/www.robertosedda.it\/?cat=72"},"img":{"alt_text":"","src":"https:\/\/i0.wp.com\/www.robertosedda.it\/wp-content\/uploads\/2014\/02\/ARCI-discussione.jpg?fit=1200%2C900&ssl=1&resize=350%2C200","width":350,"height":200,"srcset":"https:\/\/i0.wp.com\/www.robertosedda.it\/wp-content\/uploads\/2014\/02\/ARCI-discussione.jpg?fit=1200%2C900&ssl=1&resize=350%2C200 1x, https:\/\/i0.wp.com\/www.robertosedda.it\/wp-content\/uploads\/2014\/02\/ARCI-discussione.jpg?fit=1200%2C900&ssl=1&resize=700%2C400 2x, https:\/\/i0.wp.com\/www.robertosedda.it\/wp-content\/uploads\/2014\/02\/ARCI-discussione.jpg?fit=1200%2C900&ssl=1&resize=1050%2C600 3x"},"classes":[]},{"id":1642,"url":"https:\/\/www.robertosedda.it\/?p=1642","url_meta":{"origin":6151,"position":3},"title":"Quel che ho detto (o volevo dire) a Eben Ezer &#8211; la Sardegna","author":"Rufus","date":"18\/12\/2012","format":false,"excerpt":"L'altro giorno mi sono dilungato molto di pi\u00f9, oggi sar\u00f2 (per fortuna di tutti) pi\u00f9 breve. La domanda a cui avrei dovuto rispondere nella seconda parte del mio intervento era, pi\u00f9 o meno: com'\u00e8 la Sardegna vista dalla visuale di Banca Popolare Etica? Pi\u00f9 esattamente, come \u00e8 la Sardegna vista\u2026","rel":"","context":"In &quot;Coordinate&quot;","block_context":{"text":"Coordinate","link":"https:\/\/www.robertosedda.it\/?cat=52"},"img":{"alt_text":"","src":"","width":0,"height":0},"classes":[]},{"id":3312,"url":"https:\/\/www.robertosedda.it\/?p=3312","url_meta":{"origin":6151,"position":4},"title":"Quel che ho raccontato a Bologna","author":"Rufus","date":"31\/05\/2013","format":false,"excerpt":"Mi \u00e8 arrivata avantieri una mail che mi ha fatto molto piacere e che, nel ringraziare tanti che hanno collaborato a Terra Equa, tra l'altro dice: Grazie a tutti quelli che hanno partecipato alla tavola rotonda di sabato 25 [...]... a Roberto Sedda (Sardegna) per aver ricordato che le reti\u2026","rel":"","context":"In &quot;Banche e finanza&quot;","block_context":{"text":"Banche e finanza","link":"https:\/\/www.robertosedda.it\/?cat=72"},"img":{"alt_text":"","src":"https:\/\/i0.wp.com\/www.robertosedda.it\/wp-content\/uploads\/2013\/05\/2013-05-25-11.10.44.jpg?fit=640%2C480&ssl=1&resize=350%2C200","width":350,"height":200},"classes":[]},{"id":18376,"url":"https:\/\/www.robertosedda.it\/?p=18376","url_meta":{"origin":6151,"position":5},"title":"E fra poco va in onda la Filiale","author":"Rufus","date":"02\/12\/2020","format":false,"excerpt":"Alle 17,30 vado in onda a reti unificate (cio\u00e8: su Facebook e YouTube) per la festa on line di inugurazione della nuova Filiale di Banca Etica di Sassari, l'agognata filiale regionale della Sardegna. In realt\u00e0 la festa sarebbe pi\u00f9 una festa di compleanno, dato che la Filiale ha aperto praticamente\u2026","rel":"","context":"In &quot;Banche e finanza&quot;","block_context":{"text":"Banche e finanza","link":"https:\/\/www.robertosedda.it\/?cat=72"},"img":{"alt_text":"","src":"https:\/\/i0.wp.com\/www.robertosedda.it\/wp-content\/uploads\/2020\/12\/126126054_3693012367416326_3145716816525082391_o.jpg?fit=1200%2C801&ssl=1&resize=350%2C200","width":350,"height":200,"srcset":"https:\/\/i0.wp.com\/www.robertosedda.it\/wp-content\/uploads\/2020\/12\/126126054_3693012367416326_3145716816525082391_o.jpg?fit=1200%2C801&ssl=1&resize=350%2C200 1x, https:\/\/i0.wp.com\/www.robertosedda.it\/wp-content\/uploads\/2020\/12\/126126054_3693012367416326_3145716816525082391_o.jpg?fit=1200%2C801&ssl=1&resize=700%2C400 2x, https:\/\/i0.wp.com\/www.robertosedda.it\/wp-content\/uploads\/2020\/12\/126126054_3693012367416326_3145716816525082391_o.jpg?fit=1200%2C801&ssl=1&resize=1050%2C600 3x"},"classes":[]}],"_links":{"self":[{"href":"https:\/\/www.robertosedda.it\/index.php?rest_route=\/wp\/v2\/posts\/6151"}],"collection":[{"href":"https:\/\/www.robertosedda.it\/index.php?rest_route=\/wp\/v2\/posts"}],"about":[{"href":"https:\/\/www.robertosedda.it\/index.php?rest_route=\/wp\/v2\/types\/post"}],"author":[{"embeddable":true,"href":"https:\/\/www.robertosedda.it\/index.php?rest_route=\/wp\/v2\/users\/1"}],"replies":[{"embeddable":true,"href":"https:\/\/www.robertosedda.it\/index.php?rest_route=%2Fwp%2Fv2%2Fcomments&post=6151"}],"version-history":[{"count":9,"href":"https:\/\/www.robertosedda.it\/index.php?rest_route=\/wp\/v2\/posts\/6151\/revisions"}],"predecessor-version":[{"id":9300,"href":"https:\/\/www.robertosedda.it\/index.php?rest_route=\/wp\/v2\/posts\/6151\/revisions\/9300"}],"wp:featuredmedia":[{"embeddable":true,"href":"https:\/\/www.robertosedda.it\/index.php?rest_route=\/wp\/v2\/media\/6146"}],"wp:attachment":[{"href":"https:\/\/www.robertosedda.it\/index.php?rest_route=%2Fwp%2Fv2%2Fmedia&parent=6151"}],"wp:term":[{"taxonomy":"category","embeddable":true,"href":"https:\/\/www.robertosedda.it\/index.php?rest_route=%2Fwp%2Fv2%2Fcategories&post=6151"},{"taxonomy":"post_tag","embeddable":true,"href":"https:\/\/www.robertosedda.it\/index.php?rest_route=%2Fwp%2Fv2%2Ftags&post=6151"}],"curies":[{"name":"wp","href":"https:\/\/api.w.org\/{rel}","templated":true}]}}