{"id":587,"date":"2012-08-22T23:08:56","date_gmt":"2012-08-22T21:08:56","guid":{"rendered":"http:\/\/www.robertosedda.it\/?p=587"},"modified":"2012-08-22T23:17:47","modified_gmt":"2012-08-22T21:17:47","slug":"per-la-pace","status":"publish","type":"post","link":"https:\/\/www.robertosedda.it\/?p=587","title":{"rendered":"Per la pace"},"content":{"rendered":"<p>Mentre oggi si celebra\u00a0la <a href=\"http:\/\/www.onuitalia.it\/notizie-settembre-2011\/609\">Giornata\u00a0Internazionale per la Pace<\/a> indetta dall\u2019ONU, i giovani di AC si preparano per l\u2019incontro di <a href=\"http:\/\/giovani.azionecattolica.it\/traccedipace-assisi2011\">Assisi<\/a> del 24 settembre \u2013 in contemporanea con altri quattromila giovani che poco lontano, a Bastia Umbra, il 23 e il 24 animeranno un <a href=\"http:\/\/www.perlapace.it\/index.php?id_article=7146\">Meeting per la Pace<\/a>. Nella citt\u00e0 umbra il giorno successivo giungeranno anche i partecipanti alla tradizionale <a href=\"http:\/\/www.perlapace.it\/index.php?id_article=7199\">Marcia per la Pace<\/a> Perugia-Assisi, giunta alla sua cinquantesima edizione.<\/p>\n<p>Apparentemente quindi l\u2019iniziativa del Settore giovani \u00e8 capace di collegare le proprie motivazioni specifiche, che sono quelle di preparare l\u2019incontro ecumenico di ottobre indetto da Papa Benedetto XVI, con quelle di tante persone di buona volont\u00e0 che hanno a cuore la giustizia, i diritti umani e la pace.<\/p>\n<p>Se fosse cos\u00ec, si tratterebbe di un gesto provvidenziale da parte dell\u2019AC. Negli ultimi anni in molti casi i cammini della comunit\u00e0 ecclesiale e quelli del movimento sono andati progressivamente divaricandosi, esperienze come quella di <a href=\"http:\/\/www.beati.org\/\">Beati i Costruttori di Pace<\/a> e della <a href=\"http:\/\/www.banchearmate.it\/\">campagna contro le Banche Armate<\/a> o voci come quella di padre Alex Zanotelli sono apparse progressivamente isolate, e, a torto o a ragione, si \u00e8 fatta largo in alcuni strati della popolazione\u00a0l\u2019idea che il tema della pace e della giustizia non \u00e8 pi\u00f9 fra gli elementi principali dell\u2019agenda della Chiesa italiana.<\/p>\n<p>Questa distanza, non importa qui se la percezione\u00a0sia giustificata o meno, origina\u00a0il rimprovero alla comunit\u00e0 ecclesiale che, in ordine al tema della pace, non sia coerente con quanto dice di se stessa nella <em>Gaudium et Spes<\/em>:<\/p>\n<blockquote><p>Le gioie e le speranze, le tristezze e le angosce degli uomini d\u2019oggi, dei poveri soprattutto e di tutti coloro che soffrono, sono pure le gioie e le speranze, le tristezze e le angosce dei discepoli di Cristo, e nulla vi \u00e8 di genuinamente umano che non trovi eco nel loro cuore.<\/p><\/blockquote>\n<p>A questo si aggiunge il rischio, oltrettutto, che passino strumentalmente nell\u2019opinione pubblica comode contrapposizioni fra cattolici, laddove alcuni sono \u201cbuoni\u201d e la maggior parte \u201ccattivi\u201d.<\/p>\n<p>Un gesto di vicinanza come\u00a0la presenza ad Assisi di giovani appartenenti ad una associazione con le caratteristiche di popolarit\u00e0 e di ecclesialit\u00e0 dell\u2019Azione Cattolica aiuta quindi a dissipare le diffidenze, a cambiare la percezione della Chiesa presso tante persone che condividono con essa molti valori e lancia dei ponti di comunicazione.<\/p>\n<p>Molte delle organizzazioni che si ritrovano nella marcia Perugia-Assisi e nelle manifestazioni collegate siedono assieme all\u2019Azione Cattolica in una pluralit\u00e0 di campagne e di iniziative (trovate esempi <a href=\"http:\/\/intranet.fiba.it\/sitedocs.nsf\/0\/F3527745A1E7E458C125763B00575604\/$file\/il%20manifesto%20dall%27aquila%20a%20pittsburg.pdf\">qui<\/a>, <a href=\"http:\/\/www.zerozerocinque.it\/index.php?option=com_content&amp;view=article&amp;id=20&amp;Itemid=53\">qui<\/a> e <a href=\"http:\/\/www.libera.it\/flex\/cm\/pages\/ServeBLOB.php\/L\/IT\/IDPagina\/5058\">qui<\/a>). Capita per\u00f2 talvolta che la piattaforma politica di alcune manifestazioni ponga problemi a una partecipazione diretta dell\u2019AC e si preferiscano attivit\u00e0 collegate ma indipendenti: andatevi a rileggere il nostro <a href=\"https:\/\/ultimotriennio.wordpress.com\/2011\/07\/25\/a-dieci-anni-dal-g8\/\">articolo<\/a> sul decennale del G8 di Genova per un esempio del dibattito che pu\u00f2 nascere in questi casi. Sotto questo punto di vista la decisione del Settore giovani di incontrarsi ad Assisi il giorno prima della Marcia e in maniera indipendente, piuttosto che marciare con gli altri, potrebbe avere una spiegazione.<\/p>\n<p>Quello che sembra strano, per\u00f2, \u00e8 che negli articoli che sul sito nazionale sono stati dedicati all\u2019incontro di Assisi delle altre manifestazioni per la pace che si svolgono quasi contemporaneamente non si parla mai, proprio mai. Il che, all\u2019occhio di un vecchio pacifista come me che a queste cose ci tiene, piuttosto che far percepire la vicinanza e la comunanza di ideali con altri uomini di buona volont\u00e0, pare piuttosto sottolineare le distanze e voler rimarcare le differenze (se la cosa fosse involontaria, per una semplice sovrapposizione di date, non andrebbe meglio: che esiste la Perugia-Assisi bisogna saperlo). E mi dispiace.<\/p>\n<p>\u00c8 un dispiacere, per\u00f2, presto curato da questa bella <a href=\"http:\/\/www.perlapace.it\/index.php?id_article=7054\">iniziativa<\/a> dell\u2019AC di Brescia, che evidentemente sa cogliere i segni dei tempi. L\u2019anno prossimo dalla Sardegna potremmo andare in barca\u2026<\/p>\n","protected":false},"excerpt":{"rendered":"<p>Mentre oggi si celebra\u00a0la Giornata\u00a0Internazionale per la Pace indetta dall\u2019ONU, i giovani di AC si preparano per l\u2019incontro di Assisi<\/p>\n","protected":false},"author":1,"featured_media":0,"comment_status":"open","ping_status":"open","sticky":false,"template":"","format":"standard","meta":{"_mi_skip_tracking":false,"_monsterinsights_sitenote_active":false,"_monsterinsights_sitenote_note":"","_monsterinsights_sitenote_category":0,"jetpack_post_was_ever_published":false,"_jetpack_newsletter_access":"","jetpack_publicize_message":"","jetpack_is_tweetstorm":false,"jetpack_publicize_feature_enabled":true,"jetpack_social_post_already_shared":false,"jetpack_social_options":{"image_generator_settings":{"template":"highway","enabled":false}}},"categories":[52,54,17,62,16],"tags":[],"jetpack_publicize_connections":[],"jetpack_featured_media_url":"","jetpack_sharing_enabled":true,"jetpack_shortlink":"https:\/\/wp.me\/p4jV2T-9t","jetpack_likes_enabled":true,"jetpack-related-posts":[{"id":7997,"url":"https:\/\/www.robertosedda.it\/?p=7997","url_meta":{"origin":587,"position":0},"title":"Appello per un cambiamento coraggioso","author":"Rufus","date":"23\/07\/2014","format":false,"excerpt":"Come avevo accennato alcuni giorni fa la commissione Iustitia et pax della Conferenza episcopale dei Vescovi della Terra Santa ha pubblicato un documento sulla situazione bellica di Gaza, che si intitola Appello per un cambiamento coraggioso. L'ho tradotto, nella speranza che possa essere utile: l'originale, in francese, \u00e8 pubblicato sul\u2026","rel":"","context":"In &quot;Coordinate&quot;","block_context":{"text":"Coordinate","link":"https:\/\/www.robertosedda.it\/?cat=52"},"img":{"alt_text":"","src":"https:\/\/i0.wp.com\/www.robertosedda.it\/wp-content\/uploads\/2014\/07\/iustitia-et-pax-holy-land.jpeg?fit=960%2C720&ssl=1&resize=350%2C200","width":350,"height":200,"srcset":"https:\/\/i0.wp.com\/www.robertosedda.it\/wp-content\/uploads\/2014\/07\/iustitia-et-pax-holy-land.jpeg?fit=960%2C720&ssl=1&resize=350%2C200 1x, https:\/\/i0.wp.com\/www.robertosedda.it\/wp-content\/uploads\/2014\/07\/iustitia-et-pax-holy-land.jpeg?fit=960%2C720&ssl=1&resize=700%2C400 2x"},"classes":[]},{"id":15472,"url":"https:\/\/www.robertosedda.it\/?p=15472","url_meta":{"origin":587,"position":1},"title":"Gli articoli su La Pira del Portico","author":"Rufus","date":"16\/07\/2018","format":false,"excerpt":"Come ho raccontato l'altro giorno ho scritto un articolo per Il Portico, il settimanale diocesano, sull'impegno per la pace di Giorgio La Pira. Lo riporto qui sotto, segnalandovi che sul giornale trovate anche un\u00a0 articolo sul gruppo diocesano Giorgio La Pira, ne quale mi onoro di militare, e un editoriale\u2026","rel":"","context":"In &quot;Coordinate&quot;","block_context":{"text":"Coordinate","link":"https:\/\/www.robertosedda.it\/?cat=52"},"img":{"alt_text":"","src":"https:\/\/i0.wp.com\/www.robertosedda.it\/wp-content\/uploads\/2018\/07\/giorgio-la-pira-uomo-di-pace-dialogo.jpg?resize=350%2C200","width":350,"height":200,"srcset":"https:\/\/i0.wp.com\/www.robertosedda.it\/wp-content\/uploads\/2018\/07\/giorgio-la-pira-uomo-di-pace-dialogo.jpg?resize=350%2C200 1x, https:\/\/i0.wp.com\/www.robertosedda.it\/wp-content\/uploads\/2018\/07\/giorgio-la-pira-uomo-di-pace-dialogo.jpg?resize=700%2C400 2x"},"classes":[]},{"id":13637,"url":"https:\/\/www.robertosedda.it\/?p=13637","url_meta":{"origin":587,"position":2},"title":"A Iglesias. Per la pace","author":"Rufus","date":"03\/05\/2017","format":false,"excerpt":"Domenica vado con altri soci di Banca Etica ad Iglesias. Per la pace. O forse, meglio, contro il commercio di armi.L'iniziativa \u00e8 dello stesso filone di altre iniziative di cui ho gi\u00e0 parlato. La riflessione che faccio, casomai, \u00e8 sulla ricorsivit\u00e0 di certe situazioni: negli ultimi anni il tema delle\u2026","rel":"","context":"In &quot;Coordinate&quot;","block_context":{"text":"Coordinate","link":"https:\/\/www.robertosedda.it\/?cat=52"},"img":{"alt_text":"","src":"https:\/\/i0.wp.com\/www.robertosedda.it\/wp-content\/uploads\/2017\/05\/runforunityiglesias.jpg?fit=856%2C1200&ssl=1&resize=350%2C200","width":350,"height":200,"srcset":"https:\/\/i0.wp.com\/www.robertosedda.it\/wp-content\/uploads\/2017\/05\/runforunityiglesias.jpg?fit=856%2C1200&ssl=1&resize=350%2C200 1x, https:\/\/i0.wp.com\/www.robertosedda.it\/wp-content\/uploads\/2017\/05\/runforunityiglesias.jpg?fit=856%2C1200&ssl=1&resize=700%2C400 2x"},"classes":[]},{"id":7965,"url":"https:\/\/www.robertosedda.it\/?p=7965","url_meta":{"origin":587,"position":3},"title":"Ho ucciso un uomo per una mia scalfittura e un ragazzo per un mio livido","author":"Rufus","date":"17\/07\/2014","format":false,"excerpt":"Mi sono accuratamente guardato, sinora, dal parlare di guerra in Palestina. Un po' dipende dal fatto\u00a0che non sempre si ha qualcosa da dire e bisogna saper stare zitti, un po' (molto) per la sensazione di impotenza rispetto agli eventi, e infine un po' perch\u00e9 disgustato dalla canaia dei tifosi ad\u2026","rel":"","context":"In &quot;Coordinate&quot;","block_context":{"text":"Coordinate","link":"https:\/\/www.robertosedda.it\/?cat=52"},"img":{"alt_text":"PIEF Preghiera pace 2014","src":"https:\/\/i0.wp.com\/www.robertosedda.it\/wp-content\/uploads\/2014\/07\/PIEF-Preghiera-pace-2014.jpeg?resize=350%2C200","width":350,"height":200,"srcset":"https:\/\/i0.wp.com\/www.robertosedda.it\/wp-content\/uploads\/2014\/07\/PIEF-Preghiera-pace-2014.jpeg?resize=350%2C200 1x, https:\/\/i0.wp.com\/www.robertosedda.it\/wp-content\/uploads\/2014\/07\/PIEF-Preghiera-pace-2014.jpeg?resize=700%2C400 2x"},"classes":[]},{"id":13216,"url":"https:\/\/www.robertosedda.it\/?p=13216","url_meta":{"origin":587,"position":4},"title":"CONVEGNI: Pace, nonviolenza, giustizia","author":"Rufus","date":"06\/02\/2017","format":false,"excerpt":"Segnalo volentieri la presentazione dell'ultimo libro di Giuliano Pontara, uno dei massimi studiosi di nonviolenza europei, che si tiene domani all'Universit\u00e0 di Cagliari. *** UNIVERSIT\u00c0 DEGLI STUDI DI CAGLIARI DIPARTIMENTO DI PEDAGOGIA, PSICOLOGIA, FILOSOFIA DOTTORATO IN FILOSOFIA, EPISTEMOLOGIA E STORIA DELLA CULTURA Pace, nonviolenza, giustizia In occasione dell\u2019uscita del volume\u2026","rel":"","context":"In &quot;Coordinate&quot;","block_context":{"text":"Coordinate","link":"https:\/\/www.robertosedda.it\/?cat=52"},"img":{"alt_text":"","src":"https:\/\/i0.wp.com\/www.robertosedda.it\/wp-content\/uploads\/2013\/09\/Logo_Universit\u00e0_di_Cagliari.jpg?fit=593%2C595&ssl=1&resize=350%2C200","width":350,"height":200},"classes":[]},{"id":16188,"url":"https:\/\/www.robertosedda.it\/?p=16188","url_meta":{"origin":587,"position":5},"title":"Di buona politica","author":"Rufus","date":"28\/01\/2019","format":false,"excerpt":"Mi \u00e8 arrivato il numero di gennaio di Mosaico di pace, tutto dedicato alla buona politica. Mi sembra molto interessante e ci sono un sacco di articoli davvero buoni che legger\u00f2 con interesse Poi, probabilmente meno buono, ce n'\u00e8 uno mio che parla di La Pira, che avevo preannunciato tempo\u2026","rel":"","context":"In &quot;Coordinate&quot;","block_context":{"text":"Coordinate","link":"https:\/\/www.robertosedda.it\/?cat=52"},"img":{"alt_text":"","src":"https:\/\/i0.wp.com\/www.robertosedda.it\/wp-content\/uploads\/2019\/01\/Mosaico-di-pace-politica.png?fit=560%2C281&ssl=1&resize=350%2C200","width":350,"height":200},"classes":[]}],"_links":{"self":[{"href":"https:\/\/www.robertosedda.it\/index.php?rest_route=\/wp\/v2\/posts\/587"}],"collection":[{"href":"https:\/\/www.robertosedda.it\/index.php?rest_route=\/wp\/v2\/posts"}],"about":[{"href":"https:\/\/www.robertosedda.it\/index.php?rest_route=\/wp\/v2\/types\/post"}],"author":[{"embeddable":true,"href":"https:\/\/www.robertosedda.it\/index.php?rest_route=\/wp\/v2\/users\/1"}],"replies":[{"embeddable":true,"href":"https:\/\/www.robertosedda.it\/index.php?rest_route=%2Fwp%2Fv2%2Fcomments&post=587"}],"version-history":[{"count":5,"href":"https:\/\/www.robertosedda.it\/index.php?rest_route=\/wp\/v2\/posts\/587\/revisions"}],"predecessor-version":[{"id":589,"href":"https:\/\/www.robertosedda.it\/index.php?rest_route=\/wp\/v2\/posts\/587\/revisions\/589"}],"wp:attachment":[{"href":"https:\/\/www.robertosedda.it\/index.php?rest_route=%2Fwp%2Fv2%2Fmedia&parent=587"}],"wp:term":[{"taxonomy":"category","embeddable":true,"href":"https:\/\/www.robertosedda.it\/index.php?rest_route=%2Fwp%2Fv2%2Fcategories&post=587"},{"taxonomy":"post_tag","embeddable":true,"href":"https:\/\/www.robertosedda.it\/index.php?rest_route=%2Fwp%2Fv2%2Ftags&post=587"}],"curies":[{"name":"wp","href":"https:\/\/api.w.org\/{rel}","templated":true}]}}