{"id":583,"date":"2012-08-22T23:01:14","date_gmt":"2012-08-22T21:01:14","guid":{"rendered":"http:\/\/www.robertosedda.it\/?p=583"},"modified":"2012-08-22T23:05:31","modified_gmt":"2012-08-22T21:05:31","slug":"identita-negate","status":"publish","type":"post","link":"https:\/\/www.robertosedda.it\/?p=583","title":{"rendered":"Identit\u00e0 negate"},"content":{"rendered":"<p>Sul numero del <a href=\"http:\/\/www.diocesidicagliari.it\/aspxPages\/funzioni\/portico.aspx\">Portico<\/a> in circolazione in questo momento \u00e8 stata pubblicata una lunga intervista al Presidente diocesano dell\u2019Azione Cattolica, Andreina Pintor.<\/p>\n<p>Credo che con la redazione commenteremo l\u2019intervista nei prossimi giorni. Io oggi vorrei soffermarmi su un particolare abbastanza secondario ma secondo me significativo.<\/p>\n<p>L\u2019intervista \u00e8 stata infatti pubblicata nella sezione \u201cgiovani\u201d. \u00abCome, giovani?!\u00bb, mi sono chiesto, \u00abGiovani?? Possibile che il titolista del Portico non sappia che l\u2019AC non \u00e8 un\u2019associazione giovanile?\u00bb.<\/p>\n<p>Forse il nostro titolista \u00e8 rimasto vittima di quello stesso errore di prospettiva che faceva dire, ricordo, al nostro vecchio parroco: \u00abRingrazio il gruppo giovani per avere animato la Messa\u00bb anche quando ormai la maggior parte del gruppo aveva passato da un pezzo i trenta o i quaranta, era sposata, aveva figli\u2026<\/p>\n<p>L\u2019idea, insomma, che ci\u00f2 che \u00e8 animato, e vivace, e attivo, nella Chiesa, deve essere per forza \u201cgiovane\u201d.<\/p>\n<p>Naturalmente, ci sono dei motivi per un simile salto mentale: per esempio, da tempo le Giornate Mondiali della Giovent\u00f9 e gli altri grandi raduni giovanili sono diventate l\u2019elemento pi\u00f9 riconoscibile e facilmente identificabile della pastorale, una sorta di \u201cmarchio di fabbrica\u201d di Giovanni Paolo II e anche dell\u2019attuale Papa. E certamente la crisi del rapporto della Chiesa con i giovani (come <a href=\"http:\/\/ultimotriennio.wordpress.com\/2011\/04\/01\/i-giovani-chiedono-giustizia\/\">ricordavamo<\/a> pochi giorni fa) fa considerare a tutti positivamente ogni occasione in cui questo rapporto sembra ricomporsi.<\/p>\n<p>Non credo per\u00f2 che sia tutto qui. Personalmente sono cresciuto in una Chiesa in cui l\u2019enfasi era posta sulla figura del cristiano adulto. \u201cFormare cristiani adulti nella fede\u201d era l\u2019obiettivo dichiarato della pastorale\u00a0 e il punto d\u2019arrivo logico di ogni percorso formativo. Naturalmente, il corollario di una simile impostazione era l\u2019importanza data alla formazione continua e quotidiana, l\u2019apprezzamento per l\u2019ordinariet\u00e0 di vita virtuosa, la preferenza data al gruppo (in contrapposizone alle adunate numerose) come luogo tipico della crescita nella fede. Era, d\u2019altra parte, il modello stesso dell\u2019AC.<\/p>\n<p>L\u2019indebolirsi del tessuto parrocchiale e una serie di altre contingenze storiche hanno portato a ridefinire quel tipo di pastorale, in favore di impostazioni pi\u00f9 movimentiste. Uno dei prezzi, per\u00f2, \u00e8 l\u2019eclisse del cristiano adulto, ordinariamente operoso, in favore del \u201cgiovane entusiasta\u201d.<\/p>\n<p>Se la Chiesa vive immersa nella cultura del suo popolo, questo tipo di eclisse non pu\u00f2 che dipendere anche dalle condizioni sociali. Oggi essere adulti non \u00e8 di moda (essere anziani, poi, \u00e8 direttamente un tab\u00f9). Siamo circondati da adulti che \u201cfanno i giovani\u201d, a partire da figure pubbliche di primo piano.<\/p>\n<p>Ma il confronto con la vita sociale aggiunge un tassello alla nostra riflessione: mai nel Paese, infatti, il potere, in politica, nei posti di lavoro, nelle organizzazioni che contano, \u00e8 stato cos\u00ec saldamente nelle mani degli adulti avanti con gli anni, tanto che molti parlano di vera e propria \u201cgerontocrazia\u201d. Se fossi un sociologo di quelli un po\u2019 contestatori, potrei pensare che assistiamo a una mistificazione del potere che propone, tramite i mass-media, un\u2019immagine di s\u00e9 ossessivamente giovanile per mascherare la propria faccia rugosa e cadente\u2026ma questi sono esercizi di stile che possiamo lasciare da parte.<\/p>\n<p>Tornando alla Chiesa, per\u00f2, non possiamo che chiederci se anche qui questa dinamica, ovviamente attenuata, non sia all\u2019opera. Secondo me, per esempio, mentre cresce l\u2019esposizione mediatica della pastorale giovanile, diminuisce la capacit\u00e0 di fare \u201cpromozione umana\u201d (per usare un altro termine dei bei tempi andati) con i giovani, cio\u00e8 emanciparli, donare loro libert\u00e0 e autonomia. Questo obiettivo \u00e8 affidato sempre pi\u00f9 a esperienze percepite di frontiera come il progetto <em>Policoro,<\/em> ma \u00e8 scadente nella vita ordinaria delle parrocchie. In qualche modo mi sembra che tendenzialmente si affermino modelli di pastorale in cui i giovani sono sempre pi\u00f9 spesso \u201coggetto\u201d di attivit\u00e0 e sempre meno \u201csoggetto\u201d della propria crescita umana e spirituale.<\/p>\n<p>E cos\u00ec il paradosso \u00e8 speculare: mentre l\u2019identit\u00e0 dell\u2019adulto nella fede \u00e8 svalutata in linea di principio (ma non nei fatti, se buona parte delle attivit\u00e0 delle nostre parrocchie \u00e8 affidata a persone spesso avanti con gli anni) quella dei giovani \u00e8 svalutata nei fatti, con una proposta formativa di cui non possono essere protagonisti.<\/p>\n<p>Il passo logico che rimane ci riporta, ovviamente, all\u2019AC, ispiratrice del modello formativo alternativo \u2013 oggi un po\u2019 in secondo piano -, rispettoso delle et\u00e0 e ricco di opportunit\u00e0 di protagonismo per tutti. A livello nazionale l\u2019Azione Cattolica continua a fare da punto di riferimento e mostra chiari segni di rilancio. A livello diocesano i nostri numeri ridotti non ci permettono di incidere sui modelli di pastorale come sarebbe necessario: ma un percorso di discussione e formazione per i responsabili parrocchiali e diocesani sull\u2019identit\u00e0\u00a0 formativa dell\u2019AC permetterebbe almeno di rafforzare le fila in vista di uno scatto in avanti.<\/p>\n","protected":false},"excerpt":{"rendered":"<p>Sul numero del Portico in circolazione in questo momento \u00e8 stata pubblicata una lunga intervista al Presidente diocesano dell\u2019Azione Cattolica,<\/p>\n","protected":false},"author":1,"featured_media":0,"comment_status":"open","ping_status":"open","sticky":false,"template":"","format":"standard","meta":{"_mi_skip_tracking":false,"_monsterinsights_sitenote_active":false,"_monsterinsights_sitenote_note":"","_monsterinsights_sitenote_category":0,"jetpack_post_was_ever_published":false,"_jetpack_newsletter_access":"","jetpack_publicize_message":"","jetpack_is_tweetstorm":false,"jetpack_publicize_feature_enabled":true,"jetpack_social_post_already_shared":false,"jetpack_social_options":{"image_generator_settings":{"template":"highway","enabled":false}}},"categories":[52,54,17,62,16],"tags":[],"jetpack_publicize_connections":[],"jetpack_featured_media_url":"","jetpack_sharing_enabled":true,"jetpack_shortlink":"https:\/\/wp.me\/p4jV2T-9p","jetpack_likes_enabled":true,"jetpack-related-posts":[{"id":10290,"url":"https:\/\/www.robertosedda.it\/?p=10290","url_meta":{"origin":583,"position":0},"title":"L&#8217;Agnata sarebbe un magnifico protagonista","author":"Rufus","date":"29\/05\/2015","format":"video","excerpt":"Sono andato ieri a vedere il documentario di Gianfranco Cabiddu\u00a0Faber\u00a0in Sardegna, a cui era associato un lunghissimo spezzone del concerto al Teatro Brancaccio di Roma,\u00a0L'ultimo concerto di Fabrizio De Andr\u00e9\u00a0(la scheda dei\u00a0film la trovate qui). L'unione dei due spezzoni \u00e8 in realt\u00e0 un po' strana: vedo da qualche parte che\u2026","rel":"","context":"In &quot;Biografie&quot;","block_context":{"text":"Biografie","link":"https:\/\/www.robertosedda.it\/?cat=83"},"img":{"alt_text":"","src":"https:\/\/i0.wp.com\/img.youtube.com\/vi\/v4k379zPWGc\/0.jpg?resize=350%2C200","width":350,"height":200},"classes":[]},{"id":12556,"url":"https:\/\/www.robertosedda.it\/?p=12556","url_meta":{"origin":583,"position":1},"title":"Lo straordinario fenomeno","author":"Rufus","date":"20\/09\/2016","format":"video","excerpt":"The Beatles - Eight days a week\u00a0(Ron Howard, USA 2016) Ho visto l'altro giorno\u00a0The Beatles - Eight days a week, il documentario dedicato da Ron Howard ai primi\u00a0anni di vita del gruppo, anni in cui il successo montava in maniera enormemente crescente e in cui\u00a0il grosso della vita dei\u00a0Beatles\u00a0si svolgeva\u2026","rel":"","context":"In &quot;Biografie&quot;","block_context":{"text":"Biografie","link":"https:\/\/www.robertosedda.it\/?cat=83"},"img":{"alt_text":"","src":"https:\/\/i0.wp.com\/img.youtube.com\/vi\/GgDpiXiUuHg\/0.jpg?resize=350%2C200","width":350,"height":200},"classes":[]},{"id":5799,"url":"https:\/\/www.robertosedda.it\/?p=5799","url_meta":{"origin":583,"position":2},"title":"Intervista a Petter Skafle Henriksen","author":"Rufus","date":"17\/01\/2014","format":false,"excerpt":"Giorni fa ho segnalato due cortometraggi casualmente girati a Cagliari nello stesso periodo da due registi diversi... molto diversi. La cosa mi ha un po' incuriosito e mi \u00e8 venuta voglia di approfondire, cos\u00ec ho proposto a entrambi un'intervista, con le stesse domande, su cosa voglia dire girare a Cagliari,\u2026","rel":"","context":"In &quot;Coordinate&quot;","block_context":{"text":"Coordinate","link":"https:\/\/www.robertosedda.it\/?cat=52"},"img":{"alt_text":"","src":"https:\/\/i0.wp.com\/www.robertosedda.it\/wp-content\/uploads\/2014\/01\/Petter_Skafle_Henriksen-e-Tarjei_Westby.jpg?fit=1200%2C800&ssl=1&resize=350%2C200","width":350,"height":200,"srcset":"https:\/\/i0.wp.com\/www.robertosedda.it\/wp-content\/uploads\/2014\/01\/Petter_Skafle_Henriksen-e-Tarjei_Westby.jpg?fit=1200%2C800&ssl=1&resize=350%2C200 1x, https:\/\/i0.wp.com\/www.robertosedda.it\/wp-content\/uploads\/2014\/01\/Petter_Skafle_Henriksen-e-Tarjei_Westby.jpg?fit=1200%2C800&ssl=1&resize=700%2C400 2x, https:\/\/i0.wp.com\/www.robertosedda.it\/wp-content\/uploads\/2014\/01\/Petter_Skafle_Henriksen-e-Tarjei_Westby.jpg?fit=1200%2C800&ssl=1&resize=1050%2C600 3x"},"classes":[]},{"id":10162,"url":"https:\/\/www.robertosedda.it\/?p=10162","url_meta":{"origin":583,"position":3},"title":"#ioleggoperch\u00e9 ultimo posto dove ritirare le copie","author":"Rufus","date":"02\/05\/2015","format":false,"excerpt":"Sapete che ho sparso copie gratuite di due romanzi in vari posti della citt\u00e0 e ogni giorno sto pubblicando degli indizi su dove trovarle? Se non lo sapete leggete qui. Oggi segnalo dove trovare le ultime copie di Warrior Cats. Potremmo dire cos\u00ec: Ci sono molte gelaterie a Cagliari. Ma\u2026","rel":"","context":"In &quot;Coordinate&quot;","block_context":{"text":"Coordinate","link":"https:\/\/www.robertosedda.it\/?cat=52"},"img":{"alt_text":"","src":"https:\/\/i0.wp.com\/www.robertosedda.it\/wp-content\/uploads\/2015\/04\/Warrior-Cats.jpg?fit=259%2C390&ssl=1&resize=350%2C200","width":350,"height":200},"classes":[]},{"id":15472,"url":"https:\/\/www.robertosedda.it\/?p=15472","url_meta":{"origin":583,"position":4},"title":"Gli articoli su La Pira del Portico","author":"Rufus","date":"16\/07\/2018","format":false,"excerpt":"Come ho raccontato l'altro giorno ho scritto un articolo per Il Portico, il settimanale diocesano, sull'impegno per la pace di Giorgio La Pira. Lo riporto qui sotto, segnalandovi che sul giornale trovate anche un\u00a0 articolo sul gruppo diocesano Giorgio La Pira, ne quale mi onoro di militare, e un editoriale\u2026","rel":"","context":"In &quot;Coordinate&quot;","block_context":{"text":"Coordinate","link":"https:\/\/www.robertosedda.it\/?cat=52"},"img":{"alt_text":"","src":"https:\/\/i0.wp.com\/www.robertosedda.it\/wp-content\/uploads\/2018\/07\/giorgio-la-pira-uomo-di-pace-dialogo.jpg?resize=350%2C200","width":350,"height":200,"srcset":"https:\/\/i0.wp.com\/www.robertosedda.it\/wp-content\/uploads\/2018\/07\/giorgio-la-pira-uomo-di-pace-dialogo.jpg?resize=350%2C200 1x, https:\/\/i0.wp.com\/www.robertosedda.it\/wp-content\/uploads\/2018\/07\/giorgio-la-pira-uomo-di-pace-dialogo.jpg?resize=700%2C400 2x"},"classes":[]},{"id":9454,"url":"https:\/\/www.robertosedda.it\/?p=9454","url_meta":{"origin":583,"position":5},"title":"REBLOG: Il fumetto per il dialogo","author":"Rufus","date":"24\/01\/2015","format":"link","excerpt":"Dall'imperdibile\u00a0blog di Beniamino Sidoti, un'intervista con Paolo Comoglio del COSV, una ONG che si occupa (anche) di\u00a0promozione del fumetto per i giovani del bacino mediterraneo. Si parla di\u00a0Charlie Hebdo, di fumetto, di situazione della cultura e della liber\u00e0 di stampa nei paesi arabi.","rel":"","context":"In &quot;Segnalazioni&quot;","block_context":{"text":"Segnalazioni","link":"https:\/\/www.robertosedda.it\/?cat=95"},"img":{"alt_text":"","src":"","width":0,"height":0},"classes":[]}],"_links":{"self":[{"href":"https:\/\/www.robertosedda.it\/index.php?rest_route=\/wp\/v2\/posts\/583"}],"collection":[{"href":"https:\/\/www.robertosedda.it\/index.php?rest_route=\/wp\/v2\/posts"}],"about":[{"href":"https:\/\/www.robertosedda.it\/index.php?rest_route=\/wp\/v2\/types\/post"}],"author":[{"embeddable":true,"href":"https:\/\/www.robertosedda.it\/index.php?rest_route=\/wp\/v2\/users\/1"}],"replies":[{"embeddable":true,"href":"https:\/\/www.robertosedda.it\/index.php?rest_route=%2Fwp%2Fv2%2Fcomments&post=583"}],"version-history":[{"count":3,"href":"https:\/\/www.robertosedda.it\/index.php?rest_route=\/wp\/v2\/posts\/583\/revisions"}],"predecessor-version":[{"id":585,"href":"https:\/\/www.robertosedda.it\/index.php?rest_route=\/wp\/v2\/posts\/583\/revisions\/585"}],"wp:attachment":[{"href":"https:\/\/www.robertosedda.it\/index.php?rest_route=%2Fwp%2Fv2%2Fmedia&parent=583"}],"wp:term":[{"taxonomy":"category","embeddable":true,"href":"https:\/\/www.robertosedda.it\/index.php?rest_route=%2Fwp%2Fv2%2Fcategories&post=583"},{"taxonomy":"post_tag","embeddable":true,"href":"https:\/\/www.robertosedda.it\/index.php?rest_route=%2Fwp%2Fv2%2Ftags&post=583"}],"curies":[{"name":"wp","href":"https:\/\/api.w.org\/{rel}","templated":true}]}}