{"id":577,"date":"2012-08-22T22:51:57","date_gmt":"2012-08-22T20:51:57","guid":{"rendered":"http:\/\/www.robertosedda.it\/?p=577"},"modified":"2012-08-22T22:56:20","modified_gmt":"2012-08-22T20:56:20","slug":"la-grande-famiglia","status":"publish","type":"post","link":"https:\/\/www.robertosedda.it\/?p=577","title":{"rendered":"La grande famiglia"},"content":{"rendered":"<blockquote><p>Per otto anni sono stata animatrice parrocchiale nell\u2019Azione Cattolica.<\/p><\/blockquote>\n<p>Trovo questa frase, per noi abbastanza usuale, ad aprire il secondo capitolo di un libro \u201cdi richiamo\u201d appena uscito, <em>Ave Mary<\/em> di Michela Murgia, scritttrice ormai affermata dopo aver vinto con <em>Accabbadora<\/em> il premio Campiello e opinionista seguitissima, sia sul suo <a href=\"http:\/\/www.michelamurgia.com\/\">blog<\/a> che con alcune esperienze televisive \u2013 l\u2019ultimo riferimento \u00e8 una rubrica fissa su <em>Il Fatto Quotidiano<\/em>.<\/p>\n<p>Michela \u00e8 solo una delle migliaia e migliaia di ex soci dell\u2019Azione Cattolica che dopo l\u2019esperienza associativa hanno intrapreso, come \u00e8 giusto, altre strade.<\/p>\n<p>Tutti ricordiamo che\u00a0Oscar Luigi Scalfaro, per andare a vagare in altri campi, porta sempre sul bavero della giacca una spilla dell\u2019Azione Cattolica (ricordo che subito dopo la sua elezione a Presidente della Repubblica un buon numero di politici, la maggior parte dei quali mai visti n\u00e9 conosciuti, furono improvvisamente contagiati dall\u2019abitudine e ricevemmo numerose richieste di poter acquistare la spillina).<\/p>\n<p>Nelle due occasioni in cui mi \u00e8 capitato di andare all\u2019Assemblea Nazionale, Scalfaro \u00e8 sempre stato invitato. Un bel segno e una occasione che ho sempre apprezzato.<\/p>\n<p>Poteva essere invitata all\u2019ultima Assemblea Nazionale Michela Murgia? O Rosi Bindi? A Milano avranno pensato a invitare Giovanni Colombo?<\/p>\n<p>Non \u00e8 una questione di fare classifiche, o di stabilire se vale pi\u00f9 Scalfaro, che ai tempi ricopriva cariche istituzionali, di Michela. E d\u2019altra pare \u00e8 comprensibile che in occasioni come le Assemblee, i convegni diocesani e cos\u00ec via si privilegi il raccontare l\u2019esperienza di chi fa <em>adesso<\/em> parte dell\u2019Associazione e vive a partire da quella adesione il proprio impegno civile, sociale, politico o pastorale.<\/p>\n<p>Per\u00f2\u2026 per\u00f2\u2026 per provare a spiegarmi empiricamente, su <em>Facebook<\/em> una buona parte dei miei contatti sono persone che ho conosciuto in AC. Moltissime non ne fanno pi\u00f9 parte. Molte sono adesso abbastanza lontane dall\u2019Associazione, e in molti casi anche dalla Chiesa e dalla vita di fede. Tutte per\u00f2, dico tutte, conservano un bel ricordo dell\u2019esperienza associativa e un legame sentimentale positivo con l\u2019AC.<\/p>\n<p>Si tratta di un grande tesoro che l\u2019Associazione possiede e di cui credo non si renda conto.<\/p>\n<p>Nell\u2019AC diocesana viene spesso citato, negli ultimi anni, il tema della <em>relazionalit\u00e0<\/em>. Spesso la declinazione con cui si affronta il tema \u00e8 quella di un sentimentalismo disincarnato, una invocazione non ben chiara a\u00a0essere tutti amici, \u00a0tutti assieme\u2026 un concetto che alla fine non vuol dire tanto, e infatti non viene poi perseguito concretamente ma viene affidato alla buona volont\u00e0 dei singoli.<\/p>\n<p>La relazionalit\u00e0 invece suggerirebbe di prendere atto della rete di relazioni in cui concretamente l\u2019Associazione \u00e8 inserita, di cui gli ex soci costituiscono certamente una parte nascosta ma preponderante (un discorso speculare potrebbe essere fatto per gli ex responsabili\u2026).\u00a0 Ma, ancora una volta, non si tratta di affidarsi a un generico sentimentalismo: la relazione vuole la concretezza, gli incontri di persona, gli inviti\u2026<\/p>\n<p>Comincia fra poco l\u2019estate, un cambio di passo per tutte le attivit\u00e0 associative: sarebbe il momento buono per alzare la cornetta e chiamare: \u00abCiao, ti ricordi\u2026\u00bb.<\/p>\n","protected":false},"excerpt":{"rendered":"<p>Per otto anni sono stata animatrice parrocchiale nell\u2019Azione Cattolica. Trovo questa frase, per noi abbastanza usuale, ad aprire il secondo<\/p>\n","protected":false},"author":1,"featured_media":0,"comment_status":"open","ping_status":"open","sticky":false,"template":"","format":"standard","meta":{"_mi_skip_tracking":false,"_monsterinsights_sitenote_active":false,"_monsterinsights_sitenote_note":"","_monsterinsights_sitenote_category":0,"jetpack_post_was_ever_published":false,"_jetpack_newsletter_access":"","jetpack_publicize_message":"","jetpack_is_tweetstorm":false,"jetpack_publicize_feature_enabled":true,"jetpack_social_post_already_shared":false,"jetpack_social_options":{"image_generator_settings":{"template":"highway","enabled":false}}},"categories":[76,52,54,17,16],"tags":[],"jetpack_publicize_connections":[],"jetpack_featured_media_url":"","jetpack_sharing_enabled":true,"jetpack_shortlink":"https:\/\/wp.me\/p4jV2T-9j","jetpack_likes_enabled":true,"jetpack-related-posts":[{"id":11403,"url":"https:\/\/www.robertosedda.it\/?p=11403","url_meta":{"origin":577,"position":0},"title":"Ricordando Iside Spanu De Zolt","author":"Rufus","date":"15\/01\/2016","format":false,"excerpt":"Mi sono dimenticato di segnalare che sull'inserto diocesano\u00a0di Avvenire\u00a0del 20 dicembre scorso \u00e8 uscito un mio articolo dedicato a Iside De Zolt. Devo dire che, mentre ho molto apprezzato il fatto che l'Ufficio diocesano delle comunicazioni sociali\u00a0abbia deciso di ricordare Iside e di parlare, di conseguenza, di laici e di\u2026","rel":"","context":"In &quot;Coordinate&quot;","block_context":{"text":"Coordinate","link":"https:\/\/www.robertosedda.it\/?cat=52"},"img":{"alt_text":"","src":"","width":0,"height":0},"classes":[]},{"id":6648,"url":"https:\/\/www.robertosedda.it\/?p=6648","url_meta":{"origin":577,"position":1},"title":"Perch\u00e9 io avrei fatto diversamente la terna per il Presidente diocesano dell&#8217;Azione Cattolica","author":"Rufus","date":"05\/03\/2014","format":false,"excerpt":"Anche se ultimamente sono molto defilato seguo sempre con interesse le vicende dell'Azione Cattolica diocesana, l'associazione nella quale mi sono formato e in cui ancora mi onoro di militare. Pochi giorni fa \u00e8 stato completamente rinnovato il Consiglio diocesano dell'AC e luned\u00ec scorso \u00e8 stata eletta la terna fra cui\u2026","rel":"","context":"In &quot;Azione Cattolica&quot;","block_context":{"text":"Azione Cattolica","link":"https:\/\/www.robertosedda.it\/?cat=76"},"img":{"alt_text":"","src":"https:\/\/i0.wp.com\/www.robertosedda.it\/wp-content\/uploads\/2014\/03\/Convegno-AC-Assemini.jpg?fit=720%2C960&ssl=1&resize=350%2C200","width":350,"height":200,"srcset":"https:\/\/i0.wp.com\/www.robertosedda.it\/wp-content\/uploads\/2014\/03\/Convegno-AC-Assemini.jpg?fit=720%2C960&ssl=1&resize=350%2C200 1x, https:\/\/i0.wp.com\/www.robertosedda.it\/wp-content\/uploads\/2014\/03\/Convegno-AC-Assemini.jpg?fit=720%2C960&ssl=1&resize=700%2C400 2x"},"classes":[]},{"id":11217,"url":"https:\/\/www.robertosedda.it\/?p=11217","url_meta":{"origin":577,"position":2},"title":"Dieci anni non sono pochi","author":"Rufus","date":"24\/11\/2015","format":false,"excerpt":"Domani, con un piccolo rinfresco, il gruppo \"La Pira\" celebra dieci anni di vita. Pu\u00f2 non sembrare molto a confronto di molte venerande associazioni parrocchiali, la cui esistenza supera agevolmente il secolo, ma chi questa vita l'ha vissuta non pu\u00f2 che girarsi indietro e restare sbigottito: \u00abGi\u00e0 dieci anni?\u00bb. La\u2026","rel":"","context":"In &quot;Azione Cattolica&quot;","block_context":{"text":"Azione Cattolica","link":"https:\/\/www.robertosedda.it\/?cat=76"},"img":{"alt_text":"","src":"https:\/\/i0.wp.com\/www.robertosedda.it\/wp-content\/uploads\/2015\/11\/Gruppo-La-Pira-Pasquetta-2014.jpg?fit=1024%2C414&ssl=1&resize=350%2C200","width":350,"height":200,"srcset":"https:\/\/i0.wp.com\/www.robertosedda.it\/wp-content\/uploads\/2015\/11\/Gruppo-La-Pira-Pasquetta-2014.jpg?fit=1024%2C414&ssl=1&resize=350%2C200 1x, https:\/\/i0.wp.com\/www.robertosedda.it\/wp-content\/uploads\/2015\/11\/Gruppo-La-Pira-Pasquetta-2014.jpg?fit=1024%2C414&ssl=1&resize=700%2C400 2x"},"classes":[]},{"id":13242,"url":"https:\/\/www.robertosedda.it\/?p=13242","url_meta":{"origin":577,"position":3},"title":"Normalizzare","author":"Rufus","date":"14\/02\/2017","format":false,"excerpt":"Molti anni fa, all'epoca nella quale ero Segretario diocesano dell'Azione Cattolica (credo cio\u00e8 intorno al 1990) fui mandato a normalizzare il Movimento Maestri. Ecco, lo dico subito: ero giovane. E in questa storia non ci faccio una gran figura, come avrete capito gi\u00e0 dai termini.\u00a0Normalizzare.\u00a0Pfui. Dunque, la storia era questa.\u2026","rel":"","context":"In &quot;Azione Cattolica&quot;","block_context":{"text":"Azione Cattolica","link":"https:\/\/www.robertosedda.it\/?cat=76"},"img":{"alt_text":"","src":"https:\/\/i0.wp.com\/www.robertosedda.it\/wp-content\/uploads\/2017\/02\/AC-1969.jpg?resize=350%2C200","width":350,"height":200},"classes":[]},{"id":602,"url":"https:\/\/www.robertosedda.it\/?p=602","url_meta":{"origin":577,"position":4},"title":"Determinanti","author":"Rufus","date":"22\/08\/2012","format":false,"excerpt":"Secondo quanto riporta l\u2019agenzia di stampa ASCA, il Presidente dell\u2019Azione Cattolica, Franco Miano, commentando i risultati del referendum ha dichiarato che i cattolici sono stati determinanti. Ho l\u2019impressione che la frase, per quanto riportata con pi\u00f9 o meno\u00a0evidenza su tutti gli organi di stampa, non fosse particolarmente centrale nel ragionamento\u2026","rel":"","context":"In &quot;Coordinate&quot;","block_context":{"text":"Coordinate","link":"https:\/\/www.robertosedda.it\/?cat=52"},"img":{"alt_text":"","src":"","width":0,"height":0},"classes":[]},{"id":7263,"url":"https:\/\/www.robertosedda.it\/?p=7263","url_meta":{"origin":577,"position":5},"title":"Mi toccher\u00e0 fondare un fan group","author":"Rufus","date":"03\/05\/2014","format":false,"excerpt":"Scorro distrattamente l'elenco degli eletti al nuovo Consiglio Nazionale dell'Azione Cattolica, eletto ieri durante la XV Assemblea Nazionale, e mi casca l'occhio sul nome di Lucia Colombo, della diocesi di Vercelli. Dovrebbe essere, immagino, la stessa Lucia Colombo vicepresidente dei giovani di Vercelli sulla quale avevo sparso lodi a suo\u2026","rel":"","context":"In &quot;Azione Cattolica&quot;","block_context":{"text":"Azione Cattolica","link":"https:\/\/www.robertosedda.it\/?cat=76"},"img":{"alt_text":"","src":"https:\/\/i0.wp.com\/www.robertosedda.it\/wp-content\/uploads\/2014\/05\/XV-assemblea-nazionale.jpg?fit=591%2C394&ssl=1&resize=350%2C200","width":350,"height":200},"classes":[]}],"_links":{"self":[{"href":"https:\/\/www.robertosedda.it\/index.php?rest_route=\/wp\/v2\/posts\/577"}],"collection":[{"href":"https:\/\/www.robertosedda.it\/index.php?rest_route=\/wp\/v2\/posts"}],"about":[{"href":"https:\/\/www.robertosedda.it\/index.php?rest_route=\/wp\/v2\/types\/post"}],"author":[{"embeddable":true,"href":"https:\/\/www.robertosedda.it\/index.php?rest_route=\/wp\/v2\/users\/1"}],"replies":[{"embeddable":true,"href":"https:\/\/www.robertosedda.it\/index.php?rest_route=%2Fwp%2Fv2%2Fcomments&post=577"}],"version-history":[{"count":3,"href":"https:\/\/www.robertosedda.it\/index.php?rest_route=\/wp\/v2\/posts\/577\/revisions"}],"predecessor-version":[{"id":580,"href":"https:\/\/www.robertosedda.it\/index.php?rest_route=\/wp\/v2\/posts\/577\/revisions\/580"}],"wp:attachment":[{"href":"https:\/\/www.robertosedda.it\/index.php?rest_route=%2Fwp%2Fv2%2Fmedia&parent=577"}],"wp:term":[{"taxonomy":"category","embeddable":true,"href":"https:\/\/www.robertosedda.it\/index.php?rest_route=%2Fwp%2Fv2%2Fcategories&post=577"},{"taxonomy":"post_tag","embeddable":true,"href":"https:\/\/www.robertosedda.it\/index.php?rest_route=%2Fwp%2Fv2%2Ftags&post=577"}],"curies":[{"name":"wp","href":"https:\/\/api.w.org\/{rel}","templated":true}]}}