{"id":5552,"date":"2013-12-23T12:15:08","date_gmt":"2013-12-23T11:15:08","guid":{"rendered":"http:\/\/www.robertosedda.it\/?p=5552"},"modified":"2014-12-26T18:36:14","modified_gmt":"2014-12-26T17:36:14","slug":"noir-istruzioni-per-luso-luca-crovi-garzanti-2013","status":"publish","type":"post","link":"https:\/\/www.robertosedda.it\/?p=5552","title":{"rendered":"Noir. Istruzioni per l&#8217;uso (Luca Crovi, Garzanti 2013)"},"content":{"rendered":"<p><a href=\"https:\/\/i0.wp.com\/www.robertosedda.it\/wp-content\/uploads\/2013\/12\/Crovi-Noir-.jpg\"><img data-attachment-id=\"5558\" data-permalink=\"https:\/\/www.robertosedda.it\/?attachment_id=5558\" data-orig-file=\"https:\/\/i0.wp.com\/www.robertosedda.it\/wp-content\/uploads\/2013\/12\/Crovi-Noir-.jpg?fit=1642%2C2480&amp;ssl=1\" data-orig-size=\"1642,2480\" data-comments-opened=\"1\" data-image-meta=\"{&quot;aperture&quot;:&quot;0&quot;,&quot;credit&quot;:&quot;&quot;,&quot;camera&quot;:&quot;&quot;,&quot;caption&quot;:&quot;&quot;,&quot;created_timestamp&quot;:&quot;0&quot;,&quot;copyright&quot;:&quot;&quot;,&quot;focal_length&quot;:&quot;0&quot;,&quot;iso&quot;:&quot;0&quot;,&quot;shutter_speed&quot;:&quot;0&quot;,&quot;title&quot;:&quot;&quot;}\" data-image-title=\"Crovi-Noir-\" data-image-description=\"\" data-image-caption=\"\" data-medium-file=\"https:\/\/i0.wp.com\/www.robertosedda.it\/wp-content\/uploads\/2013\/12\/Crovi-Noir-.jpg?fit=198%2C300&amp;ssl=1\" data-large-file=\"https:\/\/i0.wp.com\/www.robertosedda.it\/wp-content\/uploads\/2013\/12\/Crovi-Noir-.jpg?fit=510%2C771&amp;ssl=1\" decoding=\"async\" loading=\"lazy\" class=\"alignleft size-medium wp-image-5558\" src=\"https:\/\/i0.wp.com\/www.robertosedda.it\/wp-content\/uploads\/2013\/12\/Crovi-Noir-.jpg?resize=198%2C300\" alt=\"Crovi-Noir-\" width=\"198\" height=\"300\" srcset=\"https:\/\/i0.wp.com\/www.robertosedda.it\/wp-content\/uploads\/2013\/12\/Crovi-Noir-.jpg?resize=198%2C300&amp;ssl=1 198w, https:\/\/i0.wp.com\/www.robertosedda.it\/wp-content\/uploads\/2013\/12\/Crovi-Noir-.jpg?resize=99%2C150&amp;ssl=1 99w, https:\/\/i0.wp.com\/www.robertosedda.it\/wp-content\/uploads\/2013\/12\/Crovi-Noir-.jpg?resize=677%2C1024&amp;ssl=1 677w, https:\/\/i0.wp.com\/www.robertosedda.it\/wp-content\/uploads\/2013\/12\/Crovi-Noir-.jpg?resize=700%2C1057&amp;ssl=1 700w, https:\/\/i0.wp.com\/www.robertosedda.it\/wp-content\/uploads\/2013\/12\/Crovi-Noir-.jpg?w=1642&amp;ssl=1 1642w\" sizes=\"(max-width: 198px) 100vw, 198px\" data-recalc-dims=\"1\" \/><\/a>Ho preso <em>Noir. Istruzioni per l&#8217;uso<\/em> prima dell&#8217;estate, quando ho cominciato a pensare a un ciclo di puntate di <em>Oggi parliamo di libri<\/em> dedicate ai gialli: Luca Crovi per tanti anni ha condotto <em>Tutti i colori del giallo<\/em>, coordina l&#8217;<em>Almanacco del giallo<\/em> di <em>Bonelli<\/em> e quindi, ho pensato, chi meglio di lui per orientarsi?<\/p>\n<p>In realt\u00e0 il libro si \u00e8 rivelato contemporaneamente solleticante e deludente. Si tratta di una lunghissima galleria di autori di gialli, <em>thriller<\/em>, romanzi criminali\u00a0o <em>noir<\/em>: a ciascuno sono dedicate in media tre-quattro pagine, mi pare di capire\u00a0dall&#8217;introduzione trascrizioni delle puntate alla radio o di altre interviste fatte da Crovi, pi\u00f9 altri articoli scritti direttamente per la carta stampata.<\/p>\n<p>La galleria ha cos\u00ec un&#8217;estensione impressionante: ottantadue autori. Crovi li presenta\u00a0divisi in due sezioni: una trentina, perlopi\u00f9 ormai morti,\u00a0sono descritti in brevi schede di presentazione; per un&#8217;altra cinquantina, ancora in attivit\u00e0 e incontrati\u00a0di persona da Crovi si lascia spazio alla loro voce diretta, persino avendo cura di cancellare le domande dell&#8217;intervista per dare maggiormente il senso di una conversazione senza intermediari con l&#8217;autore. Questa seconda parte \u00e8, naturalmente quella di maggior valore, soprattutto per il <em>fan<\/em> che riconosce fra le varie voci quelle degli autori preferiti (io ci ho trovato Gibson, Winslow, P\u00e9rez-Reverte\u00a0e Alan Moore, pi\u00f9 diversi altri che ho letto e di cui \u00e8 stato interessante conoscere le opinioni sul\u00a0proprio lavoro).<\/p>\n<p>Il libro \u00e8, d&#8217;altra parte, del tutto inutile per chi non conosca la letteratura gialla se non superficialmente e magari desiderasse approfondire: perch\u00e9 le schede non sono quasi mai abbastanza esplicative, le interviste non sempre comprensibili per chi non abbia gi\u00e0 un&#8217;idea di che cosa ha scritto ciascuno e come, e l&#8217;estensione della galleria ha come contropartita una certa superficialit\u00e0 nel trattamento dei vari autori, per i quali non \u00e8 <em>mai <\/em>(con la notevole eccezione, direi, della scheda sui rapporti fra\u00a0Hitchcock e i suoi sceneggiatori) offerta una qualche chiave di interpretazione critica &#8211; o anche il tentativo di tracciare connessioni fra gli uni e gli altri, individuare linee di continuit\u00e0, proporre delle categorizzazioni interne al genere. Come manuale, insomma, o come testo di consultazione, <em>Noir<\/em><em>. Istruzioni per l&#8217;uso <\/em>\u00e8 piuttosto poco maneggevole e spesso frustrante.<\/p>\n<p>In realt\u00e0 leggendo mi \u00e8 venuto da pensare\u00a0 che il libro che sarebbe veramente interessante (e che non mi pare che Crovi abbia mai scritto) \u00e8 un&#8217;intervista a Crovi stesso: che alla radio e qui e l\u00e0 nel libro si rivela un affabulatore accattivante, ha conosciuto praticamente <em>tutti<\/em> i giallisti pi\u00f9 importanti nei contesti anche pi\u00f9 strani e ha una conoscenza encicolopedica della materia. <em>I gialli che piacciono a Luca Crovi e perch\u00e9 (e i giallisti che glieli hanno fatti conoscere)<\/em> sarebbe, secondo me, un testo imperdibile.<\/p>\n<p>Questo invece \u00e8 un succedaneo con degli spizzichi interessanti, un sacco di invitanti porte aperte oltre le quali scopri che non si capisce bene cosa ci sia e qualche caduta di stile, che \u00e8 forse naturale alla radio quando si cerca di enfatizzare la presentazione di un autore ma che sulla pagina scritta \u00e8 mortale, come la presentazione di William Gibson:<\/p>\n<blockquote><p>\u00a0Se nel 1982 William Gibson non avesse coniato il termine \u00abcyberspazio\u00bb all&#8217;interno delle storie contenute nel suo La notte che bruciammo Chrome, l&#8217;idea fondativa di Internet forse non sarebbe mai stata sviluppata dagli ingegneri del computer. E quasi sicuramente non sarebbero poi stati creati i caschi per accedere alla realt\u00e0 virtuale e nemmeno sarebbero cresciute realt\u00e0 avveniristiche di gioco come quelle della Playstation o di Second Life<\/p><\/blockquote>\n<p>&#8230; che \u00e8 roba a far arrotare i denti a informatici e appassionati di fantascienza in giro per il mondo.<\/p>\n<p>Un&#8217;ultima nota riguarda la <em>presentazione<\/em> del volume: nel risvolto di copertina si insiste che questo sarebbe un libro che svela segreti di scrittura<\/p>\n<blockquote><p>Regala cos\u00ec agli aspiranti autori un insuperabile manuale di scrittura&#8230;<\/p><\/blockquote>\n<p>Concetto ripreso anche da Crovi stesso nell&#8217;introduzione:<\/p>\n<blockquote><p>Cos\u00ec ho cercato di mettere insieme aneddoti e consigli che potessero divertire chi volesse intraprendere sia l&#8217;impresa della lettura che quella della scrittura. In queste pagine ritroverete infatti molti spunti che potrebbero tornarvi utili per realizzare una storia efficace, densa di ritmo, pathos e colpi di scena.<\/p><\/blockquote>\n<p>Bene: di tutto questo nel libro non c&#8217;\u00e8 <em>nessuna<\/em> traccia. Proprio nessuna, e la cosa potrebbe essere un po&#8217; irritante per chi magari ci abbia creduto e l&#8217;abbia acquistato per questo. Quello che c&#8217;\u00e8, invece &#8211; ed \u00e8 strano che non venga sottolineato perch\u00e9 \u00e8 uno degli elementi caratterizzanti\u00a0del libro &#8211;\u00a0\u00e8 una riflessione a pi\u00f9 voci sul <em>mestiere<\/em> della scrittura, su cosa vuol dire mettere qualcosa di s\u00e9 sulla pagina bianca per offrirla ad altri, o come si vive il demone che a un certo punto Michael Connelly confessa con molta precisione<\/p>\n<blockquote><p>Credo che l&#8217;obiettivo di ogni scrittore, che lo ammetta o meno, sia quello di cercare di avvicinarsi con la propria scrittura a una forma d&#8217;arte.<\/p><\/blockquote>\n","protected":false},"excerpt":{"rendered":"<p>Ho preso Noir. Istruzioni per l&#8217;uso prima dell&#8217;estate, quando ho cominciato a pensare a un ciclo di puntate di Oggi<\/p>\n","protected":false},"author":1,"featured_media":5558,"comment_status":"open","ping_status":"open","sticky":false,"template":"","format":"standard","meta":{"_mi_skip_tracking":false,"_monsterinsights_sitenote_active":false,"_monsterinsights_sitenote_note":"","_monsterinsights_sitenote_category":0,"jetpack_post_was_ever_published":false,"_jetpack_newsletter_access":"","jetpack_publicize_message":"","jetpack_is_tweetstorm":false,"jetpack_publicize_feature_enabled":true,"jetpack_social_post_already_shared":false,"jetpack_social_options":{"image_generator_settings":{"template":"highway","enabled":false}}},"categories":[52,56,13,68,12],"tags":[],"jetpack_publicize_connections":[],"jetpack_featured_media_url":"https:\/\/i0.wp.com\/www.robertosedda.it\/wp-content\/uploads\/2013\/12\/Crovi-Noir-.jpg?fit=1642%2C2480&ssl=1","jetpack_sharing_enabled":true,"jetpack_shortlink":"https:\/\/wp.me\/p4jV2T-1ry","jetpack_likes_enabled":true,"jetpack-related-posts":[{"id":5916,"url":"https:\/\/www.robertosedda.it\/?p=5916","url_meta":{"origin":5552,"position":0},"title":"A Natale si \u00e8 tutti pi\u00f9 buoni","author":"Rufus","date":"22\/01\/2014","format":"video","excerpt":"Ho messo in linea oggi la puntata sui gialli di Natale di Oggi parliamo di libri, una puntata su cui strano a dirsi non ho molto da dire e ancor pi\u00f9 strano a dirsi in cui non ho fatto grandi errori. L'unica osservazione che faccio \u00e8 quella di indicare il\u2026","rel":"","context":"In &quot;Coordinate&quot;","block_context":{"text":"Coordinate","link":"https:\/\/www.robertosedda.it\/?cat=52"},"img":{"alt_text":"","src":"https:\/\/i0.wp.com\/www.robertosedda.it\/wp-content\/uploads\/2013\/12\/Bad_Santa_by_artist_kerembeyit.jpg?fit=750%2C1053&ssl=1&resize=350%2C200","width":350,"height":200,"srcset":"https:\/\/i0.wp.com\/www.robertosedda.it\/wp-content\/uploads\/2013\/12\/Bad_Santa_by_artist_kerembeyit.jpg?fit=750%2C1053&ssl=1&resize=350%2C200 1x, https:\/\/i0.wp.com\/www.robertosedda.it\/wp-content\/uploads\/2013\/12\/Bad_Santa_by_artist_kerembeyit.jpg?fit=750%2C1053&ssl=1&resize=700%2C400 2x"},"classes":[]},{"id":4594,"url":"https:\/\/www.robertosedda.it\/?p=4594","url_meta":{"origin":5552,"position":1},"title":"La musica che metter\u00f2, se me la consigliate","author":"Rufus","date":"10\/10\/2013","format":false,"excerpt":"Sono ripartite su Radio Kalaritana le trasmissioni di Oggi parliamo di libri. Ok, breve riassunto pubblicitario: vado in onda il gioved\u00ec alle 19,10 e in replica il venerd\u00ec alle 8,30 del mattino sui 97.5 FM (o in streaming). La trasmissione ha anche una sua pagina Facebook che dopo la pausa\u2026","rel":"","context":"In &quot;Coordinate&quot;","block_context":{"text":"Coordinate","link":"https:\/\/www.robertosedda.it\/?cat=52"},"img":{"alt_text":"","src":"https:\/\/i0.wp.com\/www.robertosedda.it\/wp-content\/uploads\/2013\/03\/535033_144686819023383_216259237_n.jpg?fit=960%2C960&ssl=1&resize=350%2C200","width":350,"height":200,"srcset":"https:\/\/i0.wp.com\/www.robertosedda.it\/wp-content\/uploads\/2013\/03\/535033_144686819023383_216259237_n.jpg?fit=960%2C960&ssl=1&resize=350%2C200 1x, https:\/\/i0.wp.com\/www.robertosedda.it\/wp-content\/uploads\/2013\/03\/535033_144686819023383_216259237_n.jpg?fit=960%2C960&ssl=1&resize=700%2C400 2x"},"classes":[]},{"id":5438,"url":"https:\/\/www.robertosedda.it\/?p=5438","url_meta":{"origin":5552,"position":2},"title":"La puntata di &#8220;Oggi parliamo di libri&#8221; su Martin Beck","author":"Rufus","date":"15\/12\/2013","format":"video","excerpt":"Da Sherlock Holmes ai romanzi polizieschi della coppia Maj Sj\u00f6wall e Per Wahl\u00f6\u00f6 c'\u00e8 una certa distanza, ma ho deciso di non organizzare le puntate secondo un criterio cronologico o tematico, ma di procedere per suggestioni e contrapposizioni e, diciamolo, un po' come mi veniva (anche perch\u00e9 ho spostato pi\u00f9\u2026","rel":"","context":"In &quot;Coordinate&quot;","block_context":{"text":"Coordinate","link":"https:\/\/www.robertosedda.it\/?cat=52"},"img":{"alt_text":"","src":"https:\/\/i0.wp.com\/img.youtube.com\/vi\/lekpM7u1meM\/0.jpg?resize=350%2C200","width":350,"height":200},"classes":[]},{"id":6610,"url":"https:\/\/www.robertosedda.it\/?p=6610","url_meta":{"origin":5552,"position":3},"title":"Tanti gialli ambientati nella Grecia classica e in Roma antica","author":"Rufus","date":"28\/02\/2014","format":"video","excerpt":"Elementare, Alcibiade! Ero convinto che la puntata sui gialli di Margaret Doody ambientati nell'Atene classica con protagonista Aristotele fosse tutto sommato piuttosto insipida. Sono romanzi che a me piacciono e che rappresentano degli incroci pi\u00f9 che dignitosi fra il giallo classico e la rivisitazione storica,\u00a0\u00a0ma d'altra parte li ho sempre\u2026","rel":"","context":"In &quot;Coordinate&quot;","block_context":{"text":"Coordinate","link":"https:\/\/www.robertosedda.it\/?cat=52"},"img":{"alt_text":"","src":"https:\/\/i0.wp.com\/img.youtube.com\/vi\/MZT5FKEb91w\/0.jpg?resize=350%2C200","width":350,"height":200},"classes":[]},{"id":3424,"url":"https:\/\/www.robertosedda.it\/?p=3424","url_meta":{"origin":5552,"position":4},"title":"I gialli di cui parler\u00f2 (se voi me li consigliate)","author":"Rufus","date":"04\/06\/2013","format":false,"excerpt":"Mentre Oggi parliamo di libri del 2012\/2013 si avvia alla conclusione (per l'estate ci fermiamo) mi \u00e8 venuta voglia di dedicare un po' di tempo a progettare la prossima stagione, lavoro per il quale chiedo aiuto a voi, affezionati lettori. Dedicher\u00f2 sicuramente un ciclo di puntate ai gialli. Ho messo\u2026","rel":"","context":"In &quot;Coordinate&quot;","block_context":{"text":"Coordinate","link":"https:\/\/www.robertosedda.it\/?cat=52"},"img":{"alt_text":"","src":"https:\/\/i0.wp.com\/www.robertosedda.it\/wp-content\/uploads\/2012\/11\/92_1334481194.jpg?fit=447%2C335&ssl=1&resize=350%2C200","width":350,"height":200},"classes":[]},{"id":7289,"url":"https:\/\/www.robertosedda.it\/?p=7289","url_meta":{"origin":5552,"position":5},"title":"La poco convincente visione del mondo di Alicia Gimenez-Bartlett","author":"Rufus","date":"07\/05\/2014","format":"video","excerpt":"Sono finalmente giunto in possesso dei file delle ultime puntate di Oggi parliamo di libri e ho ricominciato a caricarle sul mio canale Youtube. Ho iniziato con la ventunesima puntata, che era dedicata ai gialli con protagonista Petra Delicado, di Alicia Gimenez-Bartlett. http:\/\/www.youtube.com\/watch?v=-SyNLB7irCQ Se avete ascoltato la puntata vi sarete\u2026","rel":"","context":"In &quot;Coordinate&quot;","block_context":{"text":"Coordinate","link":"https:\/\/www.robertosedda.it\/?cat=52"},"img":{"alt_text":"","src":"https:\/\/i0.wp.com\/www.robertosedda.it\/wp-content\/uploads\/2014\/05\/Petra-Delicado.jpg?fit=224%2C313&ssl=1&resize=350%2C200","width":350,"height":200},"classes":[]}],"_links":{"self":[{"href":"https:\/\/www.robertosedda.it\/index.php?rest_route=\/wp\/v2\/posts\/5552"}],"collection":[{"href":"https:\/\/www.robertosedda.it\/index.php?rest_route=\/wp\/v2\/posts"}],"about":[{"href":"https:\/\/www.robertosedda.it\/index.php?rest_route=\/wp\/v2\/types\/post"}],"author":[{"embeddable":true,"href":"https:\/\/www.robertosedda.it\/index.php?rest_route=\/wp\/v2\/users\/1"}],"replies":[{"embeddable":true,"href":"https:\/\/www.robertosedda.it\/index.php?rest_route=%2Fwp%2Fv2%2Fcomments&post=5552"}],"version-history":[{"count":7,"href":"https:\/\/www.robertosedda.it\/index.php?rest_route=\/wp\/v2\/posts\/5552\/revisions"}],"predecessor-version":[{"id":9124,"href":"https:\/\/www.robertosedda.it\/index.php?rest_route=\/wp\/v2\/posts\/5552\/revisions\/9124"}],"wp:featuredmedia":[{"embeddable":true,"href":"https:\/\/www.robertosedda.it\/index.php?rest_route=\/wp\/v2\/media\/5558"}],"wp:attachment":[{"href":"https:\/\/www.robertosedda.it\/index.php?rest_route=%2Fwp%2Fv2%2Fmedia&parent=5552"}],"wp:term":[{"taxonomy":"category","embeddable":true,"href":"https:\/\/www.robertosedda.it\/index.php?rest_route=%2Fwp%2Fv2%2Fcategories&post=5552"},{"taxonomy":"post_tag","embeddable":true,"href":"https:\/\/www.robertosedda.it\/index.php?rest_route=%2Fwp%2Fv2%2Ftags&post=5552"}],"curies":[{"name":"wp","href":"https:\/\/api.w.org\/{rel}","templated":true}]}}