{"id":551,"date":"2012-08-22T21:16:04","date_gmt":"2012-08-22T19:16:04","guid":{"rendered":"http:\/\/www.robertosedda.it\/?p=551"},"modified":"2014-01-02T11:02:37","modified_gmt":"2014-01-02T10:02:37","slug":"gods-and-myths-of-northern-europe","status":"publish","type":"post","link":"https:\/\/www.robertosedda.it\/?p=551","title":{"rendered":"Gods and Myths of Northern Europe"},"content":{"rendered":"<p>Per una decina d&#8217;anni, questo libro \u00e8 stato a prendere polvere nulla mia libreria, insime con i vari testi di referenza sulla religione vichinga e coi libri sulle saghe nordiche. Onestamente, pensavo che si trattasse della solita collezione di estratti <em>dall&#8217;Edda<\/em> e da altre fonti, ordinati secondo il <em>pantheon,<\/em> come altri testi che possiedo in italiano.<\/p>\n<p>Una notte, l&#8217;ansia indotta dall&#8217;esame di Economia Internazionale mi ha spinto a cercare qualcosa, <em>qualsiasi<\/em> cosa da leggere, e cos\u00ec il vecchio libro mai aperto \u00e8 finito in borsa.<\/p>\n<p><a href=\"https:\/\/i0.wp.com\/www.robertosedda.it\/wp-content\/uploads\/2012\/08\/51IQSaSY5QL.jpg\"><img data-attachment-id=\"552\" data-permalink=\"https:\/\/www.robertosedda.it\/?attachment_id=552\" data-orig-file=\"https:\/\/i0.wp.com\/www.robertosedda.it\/wp-content\/uploads\/2012\/08\/51IQSaSY5QL.jpg?fit=319%2C500&amp;ssl=1\" data-orig-size=\"319,500\" data-comments-opened=\"1\" data-image-meta=\"{&quot;aperture&quot;:&quot;0&quot;,&quot;credit&quot;:&quot;&quot;,&quot;camera&quot;:&quot;&quot;,&quot;caption&quot;:&quot;&quot;,&quot;created_timestamp&quot;:&quot;0&quot;,&quot;copyright&quot;:&quot;&quot;,&quot;focal_length&quot;:&quot;0&quot;,&quot;iso&quot;:&quot;0&quot;,&quot;shutter_speed&quot;:&quot;0&quot;,&quot;title&quot;:&quot;&quot;}\" data-image-title=\"Gods and Myths of Northern Europe\" data-image-description=\"\" data-image-caption=\"\" data-medium-file=\"https:\/\/i0.wp.com\/www.robertosedda.it\/wp-content\/uploads\/2012\/08\/51IQSaSY5QL.jpg?fit=191%2C300&amp;ssl=1\" data-large-file=\"https:\/\/i0.wp.com\/www.robertosedda.it\/wp-content\/uploads\/2012\/08\/51IQSaSY5QL.jpg?fit=319%2C500&amp;ssl=1\" decoding=\"async\" loading=\"lazy\" class=\"alignright size-medium wp-image-552\" title=\"51IQSaSY5QL\" alt=\"\" src=\"https:\/\/i0.wp.com\/www.robertosedda.it\/wp-content\/uploads\/2012\/08\/51IQSaSY5QL.jpg?resize=191%2C300\" width=\"191\" height=\"300\" srcset=\"https:\/\/i0.wp.com\/www.robertosedda.it\/wp-content\/uploads\/2012\/08\/51IQSaSY5QL.jpg?resize=191%2C300&amp;ssl=1 191w, https:\/\/i0.wp.com\/www.robertosedda.it\/wp-content\/uploads\/2012\/08\/51IQSaSY5QL.jpg?w=319&amp;ssl=1 319w\" sizes=\"(max-width: 191px) 100vw, 191px\" data-recalc-dims=\"1\" \/><\/a>Devo dire che sono rimasto profondamente dispiaciuto di non averlo mai letto prima. Si tratta della lettura migliore del 2003 (alla pari con <em>Stupid White Men<\/em> di M. Moore) e di un libro bellissimo e molto diverso, anche nella struttura, da quello che mi aspettavo.<\/p>\n<p>La Davidson riesce a fare un libro divulgativo ma serio, non banale, sulla religione vichinga &#8211; non solo dal punto di vista letterario ma antropologico, storico e sociale. Gli strumenti utilizzati dall&#8217;autrice sono le saghe e le altre fonti scritte, che per\u00f2 rappresentano un quadro tardo quando non tardivo della religione vichinga; a fianco alle saghe entrano allora in campo gli strumenti della ricerca etnoantropologica, per esempio lo studio dei nomi dei luoghi, le fonti archeologiche, e, soprattutto, una impostazione di studio comparato delle religioni in cui la Davidson mostra un&#8217;erudizione mostruosa, spaziando dai nativi americani allo sciamanesimo siberiano (altre comparazioni, con la religione degli Angli e dei Sassoni in Inghilterra, con alcuni culti celtici o con l&#8217;antica religione germanica preromana sono naturalmente pi\u00f9 ovvi e non stupiscono).<\/p>\n<p>Il risultato \u00e8 un libro bello e appassionante, pieno di spunti e di aperture inaspettate, che d\u00e0 un quadro completo della religione vichinga e che pure lascia la voglia di saperne molto di pi\u00f9. \u00c8<br \/>\nsenz&#8217;altro straconsigliato a tutti gli appassionati di saghe nordiche, perch\u00e9 d\u00e0 un quadro che permette di apprezzare meglio molti particolari delle saghe; \u00e8 una lettura indispensabile per master e masteretti e per scrittori in erba di <em>fantasy<\/em> per migliorare l&#8217;attendibilit\u00e0 del loro <em>pantheon;<\/em> per tutti i fantasiosi un testo che mostra cosa vuol dire fare storia delle religioni in maniera seria e che dovrebbe piacere senz&#8217;altro.<\/p>\n<p>Per gli amanti di <em>American Gods<\/em> consente di farsi un&#8217;idea di&#8230;. ehm, Wednesday, e ho trovato persino la spiegazione di una cosa che non avevo capito della <em>Principessa di Englene<\/em> (e che ha ulteriormente migliorato il mio concetto del libro). Per quelli attenti al come il cristianesimo ha soppiantato il paganesimo, l&#8217;ultimo capitolo \u00e8 illuminante (sebbene purtroppo fin troppo breve).<\/p>\n<p>Unico problema: ignoro se sia ancora in giro. Io cercher\u00f2 senz&#8217;altro della Davidson altri due libri: uno sulla spada nel mondo germanico e uno sul culto dei morti (<em>The road to Hel<\/em>).<\/p>\n","protected":false},"excerpt":{"rendered":"<p>Per una decina d&#8217;anni, questo libro \u00e8 stato a prendere polvere nulla mia libreria, insime con i vari testi di<\/p>\n","protected":false},"author":1,"featured_media":552,"comment_status":"open","ping_status":"open","sticky":false,"template":"","format":"standard","meta":{"_mi_skip_tracking":false,"_monsterinsights_sitenote_active":false,"_monsterinsights_sitenote_note":"","_monsterinsights_sitenote_category":0,"jetpack_post_was_ever_published":false,"_jetpack_newsletter_access":"","jetpack_publicize_message":"","jetpack_is_tweetstorm":false,"jetpack_publicize_feature_enabled":true,"jetpack_social_post_already_shared":false,"jetpack_social_options":{"image_generator_settings":{"template":"highway","enabled":false}}},"categories":[52,60,57,13,12],"tags":[],"jetpack_publicize_connections":[],"jetpack_featured_media_url":"https:\/\/i0.wp.com\/www.robertosedda.it\/wp-content\/uploads\/2012\/08\/51IQSaSY5QL.jpg?fit=319%2C500&ssl=1","jetpack_sharing_enabled":true,"jetpack_shortlink":"https:\/\/wp.me\/p4jV2T-8T","jetpack_likes_enabled":true,"jetpack-related-posts":[{"id":6599,"url":"https:\/\/www.robertosedda.it\/?p=6599","url_meta":{"origin":551,"position":0},"title":"Sono di nuovo alla caccia di suggerimenti musicali: fatevi avanti!","author":"Rufus","date":"27\/02\/2014","format":"video","excerpt":"A met\u00e0 marzo inizier\u00f2 un nuovo ciclo di trasmissioni di Oggi parliamo di libri in cui parler\u00f2 dei libri del cuore di tutti noi che lavoriamo alla radio: tecnici, giornalisti e tutti quelli che curano i programmi dedicati alla comunicazione, i viaggi, la salute, l'arte sacra e cos\u00ec via e\u2026","rel":"","context":"In &quot;Coordinate&quot;","block_context":{"text":"Coordinate","link":"https:\/\/www.robertosedda.it\/?cat=52"},"img":{"alt_text":"","src":"https:\/\/i0.wp.com\/img.youtube.com\/vi\/7dtn9Gk4Q_E\/0.jpg?resize=350%2C200","width":350,"height":200},"classes":[]},{"id":252,"url":"https:\/\/www.robertosedda.it\/?p=252","url_meta":{"origin":551,"position":1},"title":"Filosofia del vino","author":"Rufus","date":"21\/08\/2012","format":false,"excerpt":"Devo dire che sono riuscito, probabilmente per fortuna, a tenermi abbastanza al riparo dal sacro furore di divulgazione della filosofia che per un periodo ha riempito le librerie con testi come \"la filosofia e...\" (i Peanuts, il calcio, la birra, l'unghia incarnita...). Per\u00f2 nessuno \u00e8 perfetto e quindi anche io\u2026","rel":"","context":"In &quot;Coordinate&quot;","block_context":{"text":"Coordinate","link":"https:\/\/www.robertosedda.it\/?cat=52"},"img":{"alt_text":"","src":"https:\/\/i0.wp.com\/www.robertosedda.it\/wp-content\/uploads\/2012\/08\/fvinoDEF.jpg?fit=600%2C920&ssl=1&resize=350%2C200","width":350,"height":200},"classes":[]},{"id":9735,"url":"https:\/\/www.robertosedda.it\/?p=9735","url_meta":{"origin":551,"position":2},"title":"Il romanzo di Rut","author":"Rufus","date":"05\/03\/2015","format":"video","excerpt":"Ho gi\u00e0 accennato al fatto\u00a0che ho dedicato una puntata recente di\u00a0Oggi parliamo di libri al Libro di Rut, uno dei testi\u00a0minori dell'Antico Testamento. Pu\u00f2 stupirsi\u00a0della sua inclusione in un ciclo di puntate dedicate alle grandi storie d'amore solo chi non conosce l'enorme variet\u00e0 di registri narrativi e di generi letterari\u2026","rel":"","context":"In &quot;Coordinate&quot;","block_context":{"text":"Coordinate","link":"https:\/\/www.robertosedda.it\/?cat=52"},"img":{"alt_text":"","src":"https:\/\/i0.wp.com\/img.youtube.com\/vi\/iX3b0-kQaT4\/0.jpg?resize=350%2C200","width":350,"height":200},"classes":[]},{"id":12077,"url":"https:\/\/www.robertosedda.it\/?p=12077","url_meta":{"origin":551,"position":3},"title":"Due mostre da consigliare","author":"Rufus","date":"08\/06\/2016","format":false,"excerpt":"Durante la nostra recente permanenza romana io, Bonaria e l'Inossidabile abbiamo visto un paio di mostre (siamo anche andati ai Concerti del Quirinale nella bellissima Cappella Paolina, divertendoci molto con il cerimoniale e la statura dei corazzieri, ma questa \u00e8 un'altra storia e sar\u00e0 raccontata un'altra volta). Tornando alle mostre,\u2026","rel":"","context":"In &quot;Coordinate&quot;","block_context":{"text":"Coordinate","link":"https:\/\/www.robertosedda.it\/?cat=52"},"img":{"alt_text":"","src":"https:\/\/i0.wp.com\/www.robertosedda.it\/wp-content\/uploads\/2016\/06\/Gianni-Barengo-Gardin-2.jpg?fit=900%2C675&ssl=1&resize=350%2C200","width":350,"height":200,"srcset":"https:\/\/i0.wp.com\/www.robertosedda.it\/wp-content\/uploads\/2016\/06\/Gianni-Barengo-Gardin-2.jpg?fit=900%2C675&ssl=1&resize=350%2C200 1x, https:\/\/i0.wp.com\/www.robertosedda.it\/wp-content\/uploads\/2016\/06\/Gianni-Barengo-Gardin-2.jpg?fit=900%2C675&ssl=1&resize=700%2C400 2x"},"classes":[]},{"id":1551,"url":"https:\/\/www.robertosedda.it\/?p=1551","url_meta":{"origin":551,"position":4},"title":"Radio Days","author":"Rufus","date":"04\/12\/2012","format":false,"excerpt":"Su gentile invito di don Giulio Madeddu e sotto l'ala protettiva e amichevole di Andrea Pala, dal 6 dicembre conduco (la parola, lo ammetto, mi fa impressione) una trasmissione radio, in cui parlo di libri fantasy e fantascientifici (per una prima serie di una dozzina di puntate:\u00a0in futuro parler\u00f2 anche\u2026","rel":"","context":"In &quot;Coordinate&quot;","block_context":{"text":"Coordinate","link":"https:\/\/www.robertosedda.it\/?cat=52"},"img":{"alt_text":"","src":"https:\/\/i0.wp.com\/www.robertosedda.it\/wp-content\/uploads\/2012\/12\/197882_4997567705416_1682811050_n.jpg?fit=750%2C865&ssl=1&resize=350%2C200","width":350,"height":200,"srcset":"https:\/\/i0.wp.com\/www.robertosedda.it\/wp-content\/uploads\/2012\/12\/197882_4997567705416_1682811050_n.jpg?fit=750%2C865&ssl=1&resize=350%2C200 1x, https:\/\/i0.wp.com\/www.robertosedda.it\/wp-content\/uploads\/2012\/12\/197882_4997567705416_1682811050_n.jpg?fit=750%2C865&ssl=1&resize=700%2C400 2x"},"classes":[]},{"id":8445,"url":"https:\/\/www.robertosedda.it\/?p=8445","url_meta":{"origin":551,"position":5},"title":"Modi eleganti per sottrarsi alle catene e i miei dieci libri preferiti","author":"Rufus","date":"16\/09\/2014","format":false,"excerpt":"Ho deciso da un po' di fare il possibile per non partecipare alle catene su Facebook: non \u00e8 proprio una regola fissa, ma se posso lascio cadere le chiamate per quanto possa sentirmi solleticato nell'orgoglio dal fatto che c'\u00e8 gente che mi pensa. Lo faccio perch\u00e9 penso che le catene\u2026","rel":"","context":"In &quot;Coordinate&quot;","block_context":{"text":"Coordinate","link":"https:\/\/www.robertosedda.it\/?cat=52"},"img":{"alt_text":"","src":"https:\/\/i0.wp.com\/www.robertosedda.it\/wp-content\/uploads\/2014\/09\/Il-signore-degli-anelli.jpg?fit=393%2C620&ssl=1&resize=350%2C200","width":350,"height":200},"classes":[]}],"_links":{"self":[{"href":"https:\/\/www.robertosedda.it\/index.php?rest_route=\/wp\/v2\/posts\/551"}],"collection":[{"href":"https:\/\/www.robertosedda.it\/index.php?rest_route=\/wp\/v2\/posts"}],"about":[{"href":"https:\/\/www.robertosedda.it\/index.php?rest_route=\/wp\/v2\/types\/post"}],"author":[{"embeddable":true,"href":"https:\/\/www.robertosedda.it\/index.php?rest_route=\/wp\/v2\/users\/1"}],"replies":[{"embeddable":true,"href":"https:\/\/www.robertosedda.it\/index.php?rest_route=%2Fwp%2Fv2%2Fcomments&post=551"}],"version-history":[{"count":5,"href":"https:\/\/www.robertosedda.it\/index.php?rest_route=\/wp\/v2\/posts\/551\/revisions"}],"predecessor-version":[{"id":5732,"href":"https:\/\/www.robertosedda.it\/index.php?rest_route=\/wp\/v2\/posts\/551\/revisions\/5732"}],"wp:featuredmedia":[{"embeddable":true,"href":"https:\/\/www.robertosedda.it\/index.php?rest_route=\/wp\/v2\/media\/552"}],"wp:attachment":[{"href":"https:\/\/www.robertosedda.it\/index.php?rest_route=%2Fwp%2Fv2%2Fmedia&parent=551"}],"wp:term":[{"taxonomy":"category","embeddable":true,"href":"https:\/\/www.robertosedda.it\/index.php?rest_route=%2Fwp%2Fv2%2Fcategories&post=551"},{"taxonomy":"post_tag","embeddable":true,"href":"https:\/\/www.robertosedda.it\/index.php?rest_route=%2Fwp%2Fv2%2Ftags&post=551"}],"curies":[{"name":"wp","href":"https:\/\/api.w.org\/{rel}","templated":true}]}}