{"id":5461,"date":"2013-12-17T11:48:34","date_gmt":"2013-12-17T10:48:34","guid":{"rendered":"http:\/\/www.robertosedda.it\/?p=5461"},"modified":"2014-12-26T18:27:36","modified_gmt":"2014-12-26T17:27:36","slug":"letture-per-natale","status":"publish","type":"post","link":"https:\/\/www.robertosedda.it\/?p=5461","title":{"rendered":"Letture per Natale"},"content":{"rendered":"<p><a href=\"https:\/\/i0.wp.com\/www.robertosedda.it\/wp-content\/uploads\/2013\/12\/Marina-Boetti.jpg\"><img data-attachment-id=\"5462\" data-permalink=\"https:\/\/www.robertosedda.it\/?attachment_id=5462\" data-orig-file=\"https:\/\/i0.wp.com\/www.robertosedda.it\/wp-content\/uploads\/2013\/12\/Marina-Boetti.jpg?fit=960%2C638&amp;ssl=1\" data-orig-size=\"960,638\" data-comments-opened=\"1\" data-image-meta=\"{&quot;aperture&quot;:&quot;0&quot;,&quot;credit&quot;:&quot;&quot;,&quot;camera&quot;:&quot;&quot;,&quot;caption&quot;:&quot;&quot;,&quot;created_timestamp&quot;:&quot;0&quot;,&quot;copyright&quot;:&quot;&quot;,&quot;focal_length&quot;:&quot;0&quot;,&quot;iso&quot;:&quot;0&quot;,&quot;shutter_speed&quot;:&quot;0&quot;,&quot;title&quot;:&quot;&quot;}\" data-image-title=\"Marina Boetti\" data-image-description=\"\" data-image-caption=\"\" data-medium-file=\"https:\/\/i0.wp.com\/www.robertosedda.it\/wp-content\/uploads\/2013\/12\/Marina-Boetti.jpg?fit=300%2C199&amp;ssl=1\" data-large-file=\"https:\/\/i0.wp.com\/www.robertosedda.it\/wp-content\/uploads\/2013\/12\/Marina-Boetti.jpg?fit=510%2C339&amp;ssl=1\" decoding=\"async\" loading=\"lazy\" class=\"alignright size-medium wp-image-5462\" src=\"https:\/\/i0.wp.com\/www.robertosedda.it\/wp-content\/uploads\/2013\/12\/Marina-Boetti.jpg?resize=300%2C199\" alt=\"Marina Boetti\" width=\"300\" height=\"199\" srcset=\"https:\/\/i0.wp.com\/www.robertosedda.it\/wp-content\/uploads\/2013\/12\/Marina-Boetti.jpg?resize=300%2C199&amp;ssl=1 300w, https:\/\/i0.wp.com\/www.robertosedda.it\/wp-content\/uploads\/2013\/12\/Marina-Boetti.jpg?resize=150%2C99&amp;ssl=1 150w, https:\/\/i0.wp.com\/www.robertosedda.it\/wp-content\/uploads\/2013\/12\/Marina-Boetti.jpg?resize=700%2C465&amp;ssl=1 700w, https:\/\/i0.wp.com\/www.robertosedda.it\/wp-content\/uploads\/2013\/12\/Marina-Boetti.jpg?w=960&amp;ssl=1 960w\" sizes=\"(max-width: 300px) 100vw, 300px\" data-recalc-dims=\"1\" \/><\/a>Raccolgo volentieri la <a href=\"http:\/\/www.edumondo.it\/letture-per-un-natale-economico\/\">segnalazione<\/a> della mia amica, antica collega universitaria\u00a0e consocia di Banca Etica Marina Boetti, la libraia pi\u00f9 affascinante che conosca (qui a lato in una foto di Dietrich Steinmetz che ho rubato da <em>Facebook<\/em>).<\/p>\n<p>Marina mi ha\u00a0inviato per <em>mail<\/em> un elenco di titoli che per chi fa politica, economia sociale o si occupa di sostenibilit\u00e0 (io direi che rientro in tutte le categorie&#8230;) sono imperdibili.<\/p>\n<p>I libri citati sono tutti disponibili <a href=\"http:\/\/www.edumondo.it\/\">nella libreria di Marina, <em>Edumondo<\/em>,<\/a> in via Machiavelli 69 a Cagliari. Penso che interesseranno a parecchi dei lettori del <em>blog<\/em> dato che gli autori suggeriti\u00a0sono tutti molto noti al mondo dell&#8217;economia solidale:\u00a0\u00a0<strong><a href=\"http:\/\/www.edumondo.it\/economia-con-l-anima\/\" target=\"_blank\">Luigino Bruni<\/a><\/strong>,<strong>\u00a0<a title=\"Impresa responsabile e mercato civile\" href=\"http:\/\/www.edumondo.it\/impresa-responsabile-e-mercato-civile\/\" target=\"_blank\">Stefano Zamagni<\/a><\/strong>,<strong> <a title=\"C\u2019era una volta la crisi\" href=\"http:\/\/www.edumondo.it\/cera-una-volta-la-crisi\/\" target=\"_blank\">Leonardo Becchetti<\/a><\/strong>,<strong> <a title=\"Incontri di un \u201cobiettore di crescita\u201d\" href=\"http:\/\/www.edumondo.it\/incontri-di-un-obiettore-di-crescita\/\" target=\"_blank\">Serge Latouche<\/a><\/strong>,<strong> <a title=\"Le catene del debito e come possiamo spezzarle\" href=\"http:\/\/www.edumondo.it\/le-catene-del-debito-e-come-possiamo-spezzarle\/\" target=\"_blank\">Francuccio Gesualdi<\/a><\/strong>\u00a0e <a href=\"http:\/\/www.edumondo.it\/noi-sogniamo-il-silenzio\/\"><strong>Adriano Olivetti<\/strong><\/a>.<\/p>\n<div class=\"tiled-gallery type-rectangular tiled-gallery-unresized\" data-original-width=\"800\" data-carousel-extra='{&quot;blog_id&quot;:1,&quot;permalink&quot;:&quot;https:\\\/\\\/www.robertosedda.it\\\/?p=5461&quot;,&quot;likes_blog_id&quot;:63852863}' itemscope itemtype=\"http:\/\/schema.org\/ImageGallery\" > <div class=\"gallery-row\" style=\"width: 800px; height: 299px;\" data-original-width=\"800\" data-original-height=\"299\" > <div class=\"gallery-group images-1\" style=\"width: 197px; height: 299px;\" data-original-width=\"197\" data-original-height=\"299\" > <div class=\"tiled-gallery-item tiled-gallery-item-small\" itemprop=\"associatedMedia\" itemscope itemtype=\"http:\/\/schema.org\/ImageObject\"> <meta itemprop=\"width\" content=\"193\"> <meta itemprop=\"height\" content=\"295\"> <img data-attachment-id=\"5464\" data-orig-file=\"https:\/\/www.robertosedda.it\/wp-content\/uploads\/2013\/12\/economia-con-l-anima.jpg\" data-orig-size=\"131,200\" data-comments-opened=\"1\" data-image-meta=\"{&quot;aperture&quot;:&quot;0&quot;,&quot;credit&quot;:&quot;&quot;,&quot;camera&quot;:&quot;&quot;,&quot;caption&quot;:&quot;&quot;,&quot;created_timestamp&quot;:&quot;0&quot;,&quot;copyright&quot;:&quot;&quot;,&quot;focal_length&quot;:&quot;0&quot;,&quot;iso&quot;:&quot;0&quot;,&quot;shutter_speed&quot;:&quot;0&quot;,&quot;title&quot;:&quot;&quot;}\" data-image-title=\"economia-con-l-anima\" data-image-description=\"\" data-medium-file=\"https:\/\/i0.wp.com\/www.robertosedda.it\/wp-content\/uploads\/2013\/12\/economia-con-l-anima.jpg?fit=131%2C200&#038;ssl=1\" data-large-file=\"https:\/\/i0.wp.com\/www.robertosedda.it\/wp-content\/uploads\/2013\/12\/economia-con-l-anima.jpg?fit=131%2C200&#038;ssl=1\" src=\"https:\/\/i0.wp.com\/www.robertosedda.it\/wp-content\/uploads\/2013\/12\/economia-con-l-anima.jpg?w=193&#038;h=295&#038;ssl=1\" width=\"193\" height=\"295\" data-original-width=\"193\" data-original-height=\"295\" itemprop=\"http:\/\/schema.org\/image\" title=\"economia-con-l-anima\" alt=\"economia-con-l-anima\" style=\"width: 193px; height: 295px;\" \/> <\/div> <\/div> <!-- close group --> <div class=\"gallery-group images-1\" style=\"width: 192px; height: 299px;\" data-original-width=\"192\" data-original-height=\"299\" > <div class=\"tiled-gallery-item tiled-gallery-item-small\" itemprop=\"associatedMedia\" itemscope itemtype=\"http:\/\/schema.org\/ImageObject\"> <meta itemprop=\"width\" content=\"188\"> <meta itemprop=\"height\" content=\"295\"> <img data-attachment-id=\"5465\" data-orig-file=\"https:\/\/www.robertosedda.it\/wp-content\/uploads\/2013\/12\/impresa-responsabile.jpg\" data-orig-size=\"127,200\" data-comments-opened=\"1\" data-image-meta=\"{&quot;aperture&quot;:&quot;0&quot;,&quot;credit&quot;:&quot;&quot;,&quot;camera&quot;:&quot;&quot;,&quot;caption&quot;:&quot;&quot;,&quot;created_timestamp&quot;:&quot;0&quot;,&quot;copyright&quot;:&quot;&quot;,&quot;focal_length&quot;:&quot;0&quot;,&quot;iso&quot;:&quot;0&quot;,&quot;shutter_speed&quot;:&quot;0&quot;,&quot;title&quot;:&quot;&quot;}\" data-image-title=\"impresa-responsabile\" data-image-description=\"\" data-medium-file=\"https:\/\/i0.wp.com\/www.robertosedda.it\/wp-content\/uploads\/2013\/12\/impresa-responsabile.jpg?fit=127%2C200&#038;ssl=1\" data-large-file=\"https:\/\/i0.wp.com\/www.robertosedda.it\/wp-content\/uploads\/2013\/12\/impresa-responsabile.jpg?fit=127%2C200&#038;ssl=1\" src=\"https:\/\/i0.wp.com\/www.robertosedda.it\/wp-content\/uploads\/2013\/12\/impresa-responsabile.jpg?w=188&#038;h=295&#038;ssl=1\" width=\"188\" height=\"295\" data-original-width=\"188\" data-original-height=\"295\" itemprop=\"http:\/\/schema.org\/image\" title=\"impresa-responsabile\" alt=\"impresa-responsabile\" style=\"width: 188px; height: 295px;\" \/> <\/div> <\/div> <!-- close group --> <div class=\"gallery-group images-1\" style=\"width: 202px; height: 299px;\" data-original-width=\"202\" data-original-height=\"299\" > <div class=\"tiled-gallery-item tiled-gallery-item-small\" itemprop=\"associatedMedia\" itemscope itemtype=\"http:\/\/schema.org\/ImageObject\"> <meta itemprop=\"width\" content=\"198\"> <meta itemprop=\"height\" content=\"295\"> <img data-attachment-id=\"5466\" data-orig-file=\"https:\/\/www.robertosedda.it\/wp-content\/uploads\/2013\/12\/la-crisi-becchetti.jpg\" data-orig-size=\"134,200\" data-comments-opened=\"1\" data-image-meta=\"{&quot;aperture&quot;:&quot;0&quot;,&quot;credit&quot;:&quot;g5&quot;,&quot;camera&quot;:&quot;&quot;,&quot;caption&quot;:&quot;Emi Caleidoscopio C\\u2019era una volta.indd&quot;,&quot;created_timestamp&quot;:&quot;1383218889&quot;,&quot;copyright&quot;:&quot;&quot;,&quot;focal_length&quot;:&quot;0&quot;,&quot;iso&quot;:&quot;0&quot;,&quot;shutter_speed&quot;:&quot;0&quot;,&quot;title&quot;:&quot;Emi Caleidoscopio C?era una volta.indd&quot;}\" data-image-title=\"Emi Caleidoscopio C?era una volta.indd\" data-image-description=\"&lt;p&gt;Emi Caleidoscopio C\u2019era una volta.indd&lt;\/p&gt; \" data-medium-file=\"https:\/\/i0.wp.com\/www.robertosedda.it\/wp-content\/uploads\/2013\/12\/la-crisi-becchetti.jpg?fit=134%2C200&#038;ssl=1\" data-large-file=\"https:\/\/i0.wp.com\/www.robertosedda.it\/wp-content\/uploads\/2013\/12\/la-crisi-becchetti.jpg?fit=134%2C200&#038;ssl=1\" src=\"https:\/\/i0.wp.com\/www.robertosedda.it\/wp-content\/uploads\/2013\/12\/la-crisi-becchetti.jpg?w=198&#038;h=295&#038;ssl=1\" width=\"198\" height=\"295\" data-original-width=\"198\" data-original-height=\"295\" itemprop=\"http:\/\/schema.org\/image\" title=\"Emi Caleidoscopio C?era una volta.indd\" alt=\"Emi Caleidoscopio C?era una volta.indd\" style=\"width: 198px; height: 295px;\" \/> <\/div> <\/div> <!-- close group --> <div class=\"gallery-group images-1\" style=\"width: 209px; height: 299px;\" data-original-width=\"209\" data-original-height=\"299\" > <div class=\"tiled-gallery-item tiled-gallery-item-small\" itemprop=\"associatedMedia\" itemscope itemtype=\"http:\/\/schema.org\/ImageObject\"> <meta itemprop=\"width\" content=\"205\"> <meta itemprop=\"height\" content=\"295\"> <img data-attachment-id=\"5467\" data-orig-file=\"https:\/\/www.robertosedda.it\/wp-content\/uploads\/2013\/12\/obiettore-di-crescita.jpg\" data-orig-size=\"139,200\" data-comments-opened=\"1\" data-image-meta=\"{&quot;aperture&quot;:&quot;0&quot;,&quot;credit&quot;:&quot;&quot;,&quot;camera&quot;:&quot;&quot;,&quot;caption&quot;:&quot;&quot;,&quot;created_timestamp&quot;:&quot;0&quot;,&quot;copyright&quot;:&quot;&quot;,&quot;focal_length&quot;:&quot;0&quot;,&quot;iso&quot;:&quot;0&quot;,&quot;shutter_speed&quot;:&quot;0&quot;,&quot;title&quot;:&quot;&quot;}\" data-image-title=\"obiettore-di-crescita\" data-image-description=\"\" data-medium-file=\"https:\/\/i0.wp.com\/www.robertosedda.it\/wp-content\/uploads\/2013\/12\/obiettore-di-crescita.jpg?fit=139%2C200&#038;ssl=1\" data-large-file=\"https:\/\/i0.wp.com\/www.robertosedda.it\/wp-content\/uploads\/2013\/12\/obiettore-di-crescita.jpg?fit=139%2C200&#038;ssl=1\" src=\"https:\/\/i0.wp.com\/www.robertosedda.it\/wp-content\/uploads\/2013\/12\/obiettore-di-crescita.jpg?w=205&#038;h=295&#038;ssl=1\" width=\"205\" height=\"295\" data-original-width=\"205\" data-original-height=\"295\" itemprop=\"http:\/\/schema.org\/image\" title=\"obiettore-di-crescita\" alt=\"obiettore-di-crescita\" style=\"width: 205px; height: 295px;\" \/> <\/div> <\/div> <!-- close group --> <\/div> <!-- close row --> <div class=\"gallery-row\" style=\"width: 800px; height: 609px;\" data-original-width=\"800\" data-original-height=\"609\" > <div class=\"gallery-group images-1\" style=\"width: 409px; height: 609px;\" data-original-width=\"409\" data-original-height=\"609\" > <div class=\"tiled-gallery-item tiled-gallery-item-large\" itemprop=\"associatedMedia\" itemscope itemtype=\"http:\/\/schema.org\/ImageObject\"> <meta itemprop=\"width\" content=\"405\"> <meta itemprop=\"height\" content=\"605\"> <img data-attachment-id=\"5469\" data-orig-file=\"https:\/\/www.robertosedda.it\/wp-content\/uploads\/2013\/12\/le-catene-del-debito.jpg\" data-orig-size=\"134,200\" data-comments-opened=\"1\" data-image-meta=\"{&quot;aperture&quot;:&quot;0&quot;,&quot;credit&quot;:&quot;&quot;,&quot;camera&quot;:&quot;&quot;,&quot;caption&quot;:&quot;&quot;,&quot;created_timestamp&quot;:&quot;0&quot;,&quot;copyright&quot;:&quot;&quot;,&quot;focal_length&quot;:&quot;0&quot;,&quot;iso&quot;:&quot;0&quot;,&quot;shutter_speed&quot;:&quot;0&quot;,&quot;title&quot;:&quot;&quot;}\" data-image-title=\"le-catene-del-debito\" data-image-description=\"\" data-medium-file=\"https:\/\/i0.wp.com\/www.robertosedda.it\/wp-content\/uploads\/2013\/12\/le-catene-del-debito.jpg?fit=134%2C200&#038;ssl=1\" data-large-file=\"https:\/\/i0.wp.com\/www.robertosedda.it\/wp-content\/uploads\/2013\/12\/le-catene-del-debito.jpg?fit=134%2C200&#038;ssl=1\" src=\"https:\/\/i0.wp.com\/www.robertosedda.it\/wp-content\/uploads\/2013\/12\/le-catene-del-debito.jpg?w=405&#038;h=605&#038;ssl=1\" width=\"405\" height=\"605\" data-original-width=\"405\" data-original-height=\"605\" itemprop=\"http:\/\/schema.org\/image\" title=\"le-catene-del-debito\" alt=\"le-catene-del-debito\" style=\"width: 405px; height: 605px;\" \/> <\/div> <\/div> <!-- close group --> <div class=\"gallery-group images-1\" style=\"width: 391px; height: 609px;\" data-original-width=\"391\" data-original-height=\"609\" > <div class=\"tiled-gallery-item tiled-gallery-item-large\" itemprop=\"associatedMedia\" itemscope itemtype=\"http:\/\/schema.org\/ImageObject\"> <meta itemprop=\"width\" content=\"387\"> <meta itemprop=\"height\" content=\"605\"> <img data-attachment-id=\"5470\" data-orig-file=\"https:\/\/www.robertosedda.it\/wp-content\/uploads\/2013\/12\/sogniamo-silenzio.jpg\" data-orig-size=\"128,200\" data-comments-opened=\"1\" data-image-meta=\"{&quot;aperture&quot;:&quot;0&quot;,&quot;credit&quot;:&quot;&quot;,&quot;camera&quot;:&quot;&quot;,&quot;caption&quot;:&quot;&quot;,&quot;created_timestamp&quot;:&quot;0&quot;,&quot;copyright&quot;:&quot;&quot;,&quot;focal_length&quot;:&quot;0&quot;,&quot;iso&quot;:&quot;0&quot;,&quot;shutter_speed&quot;:&quot;0&quot;,&quot;title&quot;:&quot;&quot;}\" data-image-title=\"sogniamo-silenzio\" data-image-description=\"\" data-medium-file=\"https:\/\/i0.wp.com\/www.robertosedda.it\/wp-content\/uploads\/2013\/12\/sogniamo-silenzio.jpg?fit=128%2C200&#038;ssl=1\" data-large-file=\"https:\/\/i0.wp.com\/www.robertosedda.it\/wp-content\/uploads\/2013\/12\/sogniamo-silenzio.jpg?fit=128%2C200&#038;ssl=1\" src=\"https:\/\/i0.wp.com\/www.robertosedda.it\/wp-content\/uploads\/2013\/12\/sogniamo-silenzio.jpg?w=387&#038;h=605&#038;ssl=1\" width=\"387\" height=\"605\" data-original-width=\"387\" data-original-height=\"605\" itemprop=\"http:\/\/schema.org\/image\" title=\"sogniamo-silenzio\" alt=\"sogniamo-silenzio\" style=\"width: 387px; height: 605px;\" \/> <\/div> <\/div> <!-- close group --> <\/div> <!-- close row --> <\/div>\n","protected":false},"excerpt":{"rendered":"<p>Raccolgo volentieri la segnalazione della mia amica, antica collega universitaria\u00a0e consocia di Banca Etica Marina Boetti, la libraia pi\u00f9 affascinante<\/p>\n","protected":false},"author":1,"featured_media":5464,"comment_status":"open","ping_status":"open","sticky":false,"template":"","format":"standard","meta":{"_mi_skip_tracking":false,"_monsterinsights_sitenote_active":false,"_monsterinsights_sitenote_note":"","_monsterinsights_sitenote_category":0,"jetpack_post_was_ever_published":false,"_jetpack_newsletter_access":"","jetpack_publicize_message":"","jetpack_is_tweetstorm":false,"jetpack_publicize_feature_enabled":true,"jetpack_social_post_already_shared":false,"jetpack_social_options":{"image_generator_settings":{"template":"highway","enabled":false}}},"categories":[52,55,13,77,12],"tags":[],"jetpack_publicize_connections":[],"jetpack_featured_media_url":"https:\/\/i0.wp.com\/www.robertosedda.it\/wp-content\/uploads\/2013\/12\/economia-con-l-anima.jpg?fit=131%2C200&ssl=1","jetpack_sharing_enabled":true,"jetpack_shortlink":"https:\/\/wp.me\/p4jV2T-1q5","jetpack_likes_enabled":true,"jetpack-related-posts":[{"id":8300,"url":"https:\/\/www.robertosedda.it\/?p=8300","url_meta":{"origin":5461,"position":0},"title":"Magari ci si becca al Caf\u00e8 Noir","author":"Rufus","date":"02\/09\/2014","format":false,"excerpt":"Vedo che \u00e8 uscito il programma del festival\u00a0letterario di\u00a0Marina Caf\u00e8 Noir, che pi\u00f9 o meno chiude la stagione degli eventi culturali di piazza dell'estate 2014. Il titolo \u00e8\u00a0Non tutto \u00e8 in vendita: dal programma fatico a capire perch\u00e9, ma non posso che essere d'accordo. Riporto comunque il programma, che trovate\u2026","rel":"","context":"In &quot;Coordinate&quot;","block_context":{"text":"Coordinate","link":"https:\/\/www.robertosedda.it\/?cat=52"},"img":{"alt_text":"","src":"https:\/\/i0.wp.com\/www.robertosedda.it\/wp-content\/uploads\/2014\/09\/Marina-cafe-noir.jpg?fit=225%2C225&ssl=1&resize=350%2C200","width":350,"height":200},"classes":[]},{"id":11827,"url":"https:\/\/www.robertosedda.it\/?p=11827","url_meta":{"origin":5461,"position":1},"title":"Il referendum, in pillole","author":"Rufus","date":"14\/04\/2016","format":false,"excerpt":"La questione \u00e8: concessioni in deroga alla norma\u00a0a tempo indeterminato s\u00ec, concessioni in deroga alla norma\u00a0a tempo indeterminato no. di Jessica Concas Orbene, penso che sia arrivato il momento di esprimere la mia opinione sul Referendum del prossimo 17 aprile. Ho letto cose inquietanti e francamente stupefacenti: persone che sostengono\u2026","rel":"","context":"In &quot;Coordinate&quot;","block_context":{"text":"Coordinate","link":"https:\/\/www.robertosedda.it\/?cat=52"},"img":{"alt_text":"","src":"https:\/\/i0.wp.com\/www.robertosedda.it\/wp-content\/uploads\/2016\/04\/Oil-leaks.jpg?fit=750%2C480&ssl=1&resize=350%2C200","width":350,"height":200,"srcset":"https:\/\/i0.wp.com\/www.robertosedda.it\/wp-content\/uploads\/2016\/04\/Oil-leaks.jpg?fit=750%2C480&ssl=1&resize=350%2C200 1x, https:\/\/i0.wp.com\/www.robertosedda.it\/wp-content\/uploads\/2016\/04\/Oil-leaks.jpg?fit=750%2C480&ssl=1&resize=700%2C400 2x"},"classes":[]},{"id":4827,"url":"https:\/\/www.robertosedda.it\/?p=4827","url_meta":{"origin":5461,"position":2},"title":"Articoli depressivi","author":"Rufus","date":"29\/10\/2013","format":false,"excerpt":"L'altro giorno il mio amico Andrea Assorgia ha letto un articolo sull'economia italiana che io avevo promosso su Facebook, scritto da un altro amico, Vittorio Pelligra, e mi ha detto: \u00abL'ho letto e mi sono depresso\u00bb. Andrea ha una figlia piccola, che incidentalmente \u00e8 anche mia figlioccia, quindi la sua\u2026","rel":"","context":"In &quot;Coordinate&quot;","block_context":{"text":"Coordinate","link":"https:\/\/www.robertosedda.it\/?cat=52"},"img":{"alt_text":"Tassi disoccupazione Europa","src":"https:\/\/i0.wp.com\/www.robertosedda.it\/wp-content\/uploads\/2013\/10\/Tassi-disoccupazione-Europa.jpg?resize=350%2C200","width":350,"height":200,"srcset":"https:\/\/i0.wp.com\/www.robertosedda.it\/wp-content\/uploads\/2013\/10\/Tassi-disoccupazione-Europa.jpg?resize=350%2C200 1x, https:\/\/i0.wp.com\/www.robertosedda.it\/wp-content\/uploads\/2013\/10\/Tassi-disoccupazione-Europa.jpg?resize=700%2C400 2x"},"classes":[]},{"id":6572,"url":"https:\/\/www.robertosedda.it\/?p=6572","url_meta":{"origin":5461,"position":3},"title":"Willoughby si \u00e8 poi arruolato in Marina?","author":"Rufus","date":"03\/03\/2014","format":false,"excerpt":"Come sa chi mi conosce bene sono un grande appassionato dei romanzi di Jane Austen e anche della serie di avventure marinaro-napoleoniche scritte da Patrick O'Brian. Immaginate quindi la mia soddisfazione quando sul sito della JASNA, la societ\u00e0 austeniana del Nord America, ho trovato un articolo che esplora le relazioni,\u2026","rel":"","context":"In &quot;Cappe e spade&quot;","block_context":{"text":"Cappe e spade","link":"https:\/\/www.robertosedda.it\/?cat=70"},"img":{"alt_text":"","src":"https:\/\/i0.wp.com\/www.robertosedda.it\/wp-content\/uploads\/2014\/03\/Vascelli-Aubrey-Maturin.jpg?fit=283%2C266&ssl=1&resize=350%2C200","width":350,"height":200},"classes":[]},{"id":18103,"url":"https:\/\/www.robertosedda.it\/?p=18103","url_meta":{"origin":5461,"position":4},"title":"Libri a spanne","author":"Rufus","date":"05\/05\/2020","format":false,"excerpt":"Lato fantasy, fantascienza, gialli... e altre cose In questo periodo, fra lezioni di scrittura per videogame, riunione su Zoom e videoconferenze varie, molte persone, anche che mi conoscono bene, scoprono per la prima volta che in casa mia c'\u00e8 una stanza dove le pareti sono quasi tutte coperte da librerie.\u2026","rel":"","context":"In &quot;Coordinate&quot;","block_context":{"text":"Coordinate","link":"https:\/\/www.robertosedda.it\/?cat=52"},"img":{"alt_text":"","src":"https:\/\/i0.wp.com\/www.robertosedda.it\/wp-content\/uploads\/2020\/05\/WIN_20200505_14_49_47_Pro.jpg?fit=1200%2C675&ssl=1&resize=350%2C200","width":350,"height":200,"srcset":"https:\/\/i0.wp.com\/www.robertosedda.it\/wp-content\/uploads\/2020\/05\/WIN_20200505_14_49_47_Pro.jpg?fit=1200%2C675&ssl=1&resize=350%2C200 1x, https:\/\/i0.wp.com\/www.robertosedda.it\/wp-content\/uploads\/2020\/05\/WIN_20200505_14_49_47_Pro.jpg?fit=1200%2C675&ssl=1&resize=700%2C400 2x, https:\/\/i0.wp.com\/www.robertosedda.it\/wp-content\/uploads\/2020\/05\/WIN_20200505_14_49_47_Pro.jpg?fit=1200%2C675&ssl=1&resize=1050%2C600 3x"},"classes":[]},{"id":687,"url":"https:\/\/www.robertosedda.it\/?p=687","url_meta":{"origin":5461,"position":5},"title":"L&#8217;economista mascherato","author":"Rufus","date":"23\/08\/2012","format":false,"excerpt":"Sto leggendo questo divertente testo divulgativo di economia (l'Economista Mascherato, appunto) di Tim Harford, editorialista del Financial Times. \u00c8 un libro che spiega in termini economici le cose banali della nostra vita quotidiana, tipo perch\u00e9 il caff\u00e9 negli aereoporti \u00e8 uniformemente cattivo ma costa il doppio del bar sotto casa,\u2026","rel":"","context":"In &quot;Coordinate&quot;","block_context":{"text":"Coordinate","link":"https:\/\/www.robertosedda.it\/?cat=52"},"img":{"alt_text":"","src":"https:\/\/i0.wp.com\/www.robertosedda.it\/wp-content\/uploads\/2012\/08\/the-undercover-economist-tim-hardford.jpg?fit=500%2C677&ssl=1&resize=350%2C200","width":350,"height":200},"classes":[]}],"_links":{"self":[{"href":"https:\/\/www.robertosedda.it\/index.php?rest_route=\/wp\/v2\/posts\/5461"}],"collection":[{"href":"https:\/\/www.robertosedda.it\/index.php?rest_route=\/wp\/v2\/posts"}],"about":[{"href":"https:\/\/www.robertosedda.it\/index.php?rest_route=\/wp\/v2\/types\/post"}],"author":[{"embeddable":true,"href":"https:\/\/www.robertosedda.it\/index.php?rest_route=\/wp\/v2\/users\/1"}],"replies":[{"embeddable":true,"href":"https:\/\/www.robertosedda.it\/index.php?rest_route=%2Fwp%2Fv2%2Fcomments&post=5461"}],"version-history":[{"count":15,"href":"https:\/\/www.robertosedda.it\/index.php?rest_route=\/wp\/v2\/posts\/5461\/revisions"}],"predecessor-version":[{"id":9118,"href":"https:\/\/www.robertosedda.it\/index.php?rest_route=\/wp\/v2\/posts\/5461\/revisions\/9118"}],"wp:featuredmedia":[{"embeddable":true,"href":"https:\/\/www.robertosedda.it\/index.php?rest_route=\/wp\/v2\/media\/5464"}],"wp:attachment":[{"href":"https:\/\/www.robertosedda.it\/index.php?rest_route=%2Fwp%2Fv2%2Fmedia&parent=5461"}],"wp:term":[{"taxonomy":"category","embeddable":true,"href":"https:\/\/www.robertosedda.it\/index.php?rest_route=%2Fwp%2Fv2%2Fcategories&post=5461"},{"taxonomy":"post_tag","embeddable":true,"href":"https:\/\/www.robertosedda.it\/index.php?rest_route=%2Fwp%2Fv2%2Ftags&post=5461"}],"curies":[{"name":"wp","href":"https:\/\/api.w.org\/{rel}","templated":true}]}}