{"id":5378,"date":"2013-12-11T11:38:26","date_gmt":"2013-12-11T10:38:26","guid":{"rendered":"http:\/\/www.robertosedda.it\/?p=5378"},"modified":"2014-09-09T17:36:26","modified_gmt":"2014-09-09T15:36:26","slug":"tex-a-colori-e-no","status":"publish","type":"post","link":"https:\/\/www.robertosedda.it\/?p=5378","title":{"rendered":"Tex a colori e no"},"content":{"rendered":"<h2><em><a href=\"https:\/\/i0.wp.com\/www.robertosedda.it\/wp-content\/uploads\/2013\/12\/Color-Tex-4.jpg\"><img data-attachment-id=\"5379\" data-permalink=\"https:\/\/www.robertosedda.it\/?attachment_id=5379\" data-orig-file=\"https:\/\/i0.wp.com\/www.robertosedda.it\/wp-content\/uploads\/2013\/12\/Color-Tex-4.jpg?fit=381%2C502&amp;ssl=1\" data-orig-size=\"381,502\" data-comments-opened=\"1\" data-image-meta=\"{&quot;aperture&quot;:&quot;0&quot;,&quot;credit&quot;:&quot;&quot;,&quot;camera&quot;:&quot;&quot;,&quot;caption&quot;:&quot;&quot;,&quot;created_timestamp&quot;:&quot;0&quot;,&quot;copyright&quot;:&quot;&quot;,&quot;focal_length&quot;:&quot;0&quot;,&quot;iso&quot;:&quot;0&quot;,&quot;shutter_speed&quot;:&quot;0&quot;,&quot;title&quot;:&quot;&quot;}\" data-image-title=\"Color Tex 4\" data-image-description=\"\" data-image-caption=\"\" data-medium-file=\"https:\/\/i0.wp.com\/www.robertosedda.it\/wp-content\/uploads\/2013\/12\/Color-Tex-4.jpg?fit=227%2C300&amp;ssl=1\" data-large-file=\"https:\/\/i0.wp.com\/www.robertosedda.it\/wp-content\/uploads\/2013\/12\/Color-Tex-4.jpg?fit=381%2C502&amp;ssl=1\" decoding=\"async\" loading=\"lazy\" class=\"alignleft size-medium wp-image-5379\" src=\"https:\/\/i0.wp.com\/www.robertosedda.it\/wp-content\/uploads\/2013\/12\/Color-Tex-4.jpg?resize=227%2C300\" alt=\"Color Tex 4\" width=\"227\" height=\"300\" srcset=\"https:\/\/i0.wp.com\/www.robertosedda.it\/wp-content\/uploads\/2013\/12\/Color-Tex-4.jpg?resize=227%2C300&amp;ssl=1 227w, https:\/\/i0.wp.com\/www.robertosedda.it\/wp-content\/uploads\/2013\/12\/Color-Tex-4.jpg?resize=113%2C150&amp;ssl=1 113w, https:\/\/i0.wp.com\/www.robertosedda.it\/wp-content\/uploads\/2013\/12\/Color-Tex-4.jpg?w=381&amp;ssl=1 381w\" sizes=\"(max-width: 227px) 100vw, 227px\" data-recalc-dims=\"1\" \/><\/a>Color Tex<\/em> <em>4<\/em><\/h2>\n<p><em>Color Tex <\/em>esce ogni sei mesi: quello estivo non era male, anche se non indimenticabile, e non ho ricordi straordinari dei precedenti. Questo, invece, secondo me \u00e8 notevole.<\/p>\n<p>La formula abituale\u00a0&#8211; una storia simile a quelle della serie mensile, per\u00f2 a colori &#8211; \u00e8 stata completamente rivoluzionata. In 132 pagine ci sono quattro brevi storie a cura di ciascuno dei quattro sceneggiatori principali della serie (Ruju, Faraci, Boselli e Manfredi), ciascuno accoppiato a un disegnatore diverso.<\/p>\n<p>Cambiano anche la copertinista (e Laura Zuccheri, di cui vedete la prova qui sopra a sinistra,\u00a0mi piace davvero molto) e se non sbaglio anche lo <em>staff<\/em> che segue la colorazione, che muta radicalmente rispetto al solito e a quanto visto su <em>Repubblica<\/em>. Due delle storie sono a cura di Oscar Celestini e due dello studio <em>Overdrive<\/em>: mi piacciono entrambi, e devo dire che non saprei quale scegliere, nel senso che dopo la seconda storia ho deciso che mi piaceva di pi\u00f9 l&#8217;<em>Overdrive<\/em> e dopo la seconda coppia invece ho preferito la resa dei colori di Celestini: il che vuol dire, probabilmente, che ci sono stili di colorazione pi\u00f9 adatti a un certo tipo di disegno o di storia &#8211; o che i miei gusti sono ondivaghi.<\/p>\n<p><a href=\"https:\/\/i0.wp.com\/www.robertosedda.it\/wp-content\/uploads\/2013\/12\/colortex.jpg\"><img data-attachment-id=\"5384\" data-permalink=\"https:\/\/www.robertosedda.it\/?attachment_id=5384\" data-orig-file=\"https:\/\/i0.wp.com\/www.robertosedda.it\/wp-content\/uploads\/2013\/12\/colortex.jpg?fit=300%2C425&amp;ssl=1\" data-orig-size=\"300,425\" data-comments-opened=\"1\" data-image-meta=\"{&quot;aperture&quot;:&quot;0&quot;,&quot;credit&quot;:&quot;&quot;,&quot;camera&quot;:&quot;&quot;,&quot;caption&quot;:&quot;&quot;,&quot;created_timestamp&quot;:&quot;0&quot;,&quot;copyright&quot;:&quot;&quot;,&quot;focal_length&quot;:&quot;0&quot;,&quot;iso&quot;:&quot;0&quot;,&quot;shutter_speed&quot;:&quot;0&quot;,&quot;title&quot;:&quot;biglia COLORTEX 2013.indd&quot;}\" data-image-title=\"biglia COLORTEX 2013.indd\" data-image-description=\"\" data-image-caption=\"\" data-medium-file=\"https:\/\/i0.wp.com\/www.robertosedda.it\/wp-content\/uploads\/2013\/12\/colortex.jpg?fit=211%2C300&amp;ssl=1\" data-large-file=\"https:\/\/i0.wp.com\/www.robertosedda.it\/wp-content\/uploads\/2013\/12\/colortex.jpg?fit=300%2C425&amp;ssl=1\" decoding=\"async\" loading=\"lazy\" class=\"size-medium wp-image-5384 alignright\" src=\"https:\/\/i0.wp.com\/www.robertosedda.it\/wp-content\/uploads\/2013\/12\/colortex.jpg?resize=211%2C300\" alt=\"biglia COLORTEX 2013.indd\" width=\"211\" height=\"300\" srcset=\"https:\/\/i0.wp.com\/www.robertosedda.it\/wp-content\/uploads\/2013\/12\/colortex.jpg?resize=211%2C300&amp;ssl=1 211w, https:\/\/i0.wp.com\/www.robertosedda.it\/wp-content\/uploads\/2013\/12\/colortex.jpg?resize=105%2C150&amp;ssl=1 105w, https:\/\/i0.wp.com\/www.robertosedda.it\/wp-content\/uploads\/2013\/12\/colortex.jpg?w=300&amp;ssl=1 300w\" sizes=\"(max-width: 211px) 100vw, 211px\" data-recalc-dims=\"1\" \/><\/a>Le storie sono ovviamente piuttosto brevi e puntano tutte in qualche modo a presentare una narrazione compatta e pienamente conclusa in s\u00e9 stessa; spesso si fa ricorso a un effettaccio o a un colpo di scena conclusivo e abbondano i temi &#8220;classici&#8221; del <em>western<\/em> e le situazioni stereotipate: la diligenza col suo carico di varia umanit\u00e0, la fuga nel deserto, il tesoro nascosto, il <em>bounty killer<\/em>, il duello sulla <em>Main Street.<\/em> Faraci, nella prima storia che ho trovato un po&#8217; inferiore alle altre, sceglie la strada vera e propria del <em>divertissement<\/em>; gli altri invece scelgono pi\u00f9 il tono dell&#8217;omaggio, non lezioso per\u00f2, al personaggio e all&#8217;ambientazione e vedo in questo quello che secondo me \u00e8 il punto centrale del volume: Tex dimostra una grande duttilit\u00e0, adattandosi perfettamente alla gamma vastissima di situazioni proposte e portando in ciascuna il suo peculiare <em>mix<\/em> di superomismo e umanit\u00e0. Lo so che sembra una contraddizione, ma solo gli &#8220;eroi&#8221; possono essere allo stesso tempo molto umani e pi\u00f9 grandi della vita: nei tre racconti di Ruju, Boselli e Manfredi &#8211; quest&#8217;ultimo il migliore, secondo me &#8211;\u00a0Tex\u00a0recupera la sua cifra originale di\u00a0eroe come pensata da Bonelli padre, aggiungendo come protagonista quel &#8220;qualcosa in pi\u00f9&#8221; indefinito eppure <a href=\"https:\/\/i0.wp.com\/www.robertosedda.it\/wp-content\/uploads\/2013\/12\/Tex-Grande-Nord.jpg\"><img data-attachment-id=\"5391\" data-permalink=\"https:\/\/www.robertosedda.it\/?attachment_id=5391\" data-orig-file=\"https:\/\/i0.wp.com\/www.robertosedda.it\/wp-content\/uploads\/2013\/12\/Tex-Grande-Nord.jpg?fit=200%2C220&amp;ssl=1\" data-orig-size=\"200,220\" data-comments-opened=\"1\" data-image-meta=\"{&quot;aperture&quot;:&quot;0&quot;,&quot;credit&quot;:&quot;&quot;,&quot;camera&quot;:&quot;&quot;,&quot;caption&quot;:&quot;&quot;,&quot;created_timestamp&quot;:&quot;0&quot;,&quot;copyright&quot;:&quot;&quot;,&quot;focal_length&quot;:&quot;0&quot;,&quot;iso&quot;:&quot;0&quot;,&quot;shutter_speed&quot;:&quot;0&quot;,&quot;title&quot;:&quot;&quot;}\" data-image-title=\"Tex Grande Nord\" data-image-description=\"\" data-image-caption=\"\" data-medium-file=\"https:\/\/i0.wp.com\/www.robertosedda.it\/wp-content\/uploads\/2013\/12\/Tex-Grande-Nord.jpg?fit=200%2C220&amp;ssl=1\" data-large-file=\"https:\/\/i0.wp.com\/www.robertosedda.it\/wp-content\/uploads\/2013\/12\/Tex-Grande-Nord.jpg?fit=200%2C220&amp;ssl=1\" decoding=\"async\" loading=\"lazy\" class=\"alignleft size-full wp-image-5391\" src=\"https:\/\/i0.wp.com\/www.robertosedda.it\/wp-content\/uploads\/2013\/12\/Tex-Grande-Nord.jpg?resize=200%2C220\" alt=\"Tex Grande Nord\" width=\"200\" height=\"220\" srcset=\"https:\/\/i0.wp.com\/www.robertosedda.it\/wp-content\/uploads\/2013\/12\/Tex-Grande-Nord.jpg?w=200&amp;ssl=1 200w, https:\/\/i0.wp.com\/www.robertosedda.it\/wp-content\/uploads\/2013\/12\/Tex-Grande-Nord.jpg?resize=136%2C150&amp;ssl=1 136w\" sizes=\"(max-width: 200px) 100vw, 200px\" data-recalc-dims=\"1\" \/><\/a>precisissimo\u00a0alle situazioni tipiche del <em>western<\/em>\u00a0presentate. \u00c8 stata in questa senso una lettura molto interessante e alla fine del volumetto mi sono detto, parafrasando il titolo di un saggio su Tex uscito di recente, che \u00e8 vero: <em>come Tex nessuno mai<\/em>.<\/p>\n<p>Aggiungo altre due brevi osservazioni: se <em>Color Tex<\/em> dimostra la forza del personaggio Tex, dimostra anche come il <em>western<\/em> possa continuare a essere un genere vitale, capace di proporre situazioni diversificate e anche di aprirsi a contaminazioni: Boselli nella storia conclusiva (anche questa molto buona) recupera addirittura elementi <em>fantasy<\/em> e onirici.<\/p>\n<p><a href=\"https:\/\/i0.wp.com\/www.robertosedda.it\/wp-content\/uploads\/2013\/12\/ColorTex4_04.jpg\"><img data-attachment-id=\"5386\" data-permalink=\"https:\/\/www.robertosedda.it\/?attachment_id=5386\" data-orig-file=\"https:\/\/i0.wp.com\/www.robertosedda.it\/wp-content\/uploads\/2013\/12\/ColorTex4_04.jpg?fit=600%2C791&amp;ssl=1\" data-orig-size=\"600,791\" data-comments-opened=\"1\" data-image-meta=\"{&quot;aperture&quot;:&quot;0&quot;,&quot;credit&quot;:&quot;&quot;,&quot;camera&quot;:&quot;&quot;,&quot;caption&quot;:&quot;&quot;,&quot;created_timestamp&quot;:&quot;0&quot;,&quot;copyright&quot;:&quot;&quot;,&quot;focal_length&quot;:&quot;0&quot;,&quot;iso&quot;:&quot;0&quot;,&quot;shutter_speed&quot;:&quot;0&quot;,&quot;title&quot;:&quot;&quot;}\" data-image-title=\"ColorTex4_04\" data-image-description=\"\" data-image-caption=\"\" data-medium-file=\"https:\/\/i0.wp.com\/www.robertosedda.it\/wp-content\/uploads\/2013\/12\/ColorTex4_04.jpg?fit=227%2C300&amp;ssl=1\" data-large-file=\"https:\/\/i0.wp.com\/www.robertosedda.it\/wp-content\/uploads\/2013\/12\/ColorTex4_04.jpg?fit=510%2C672&amp;ssl=1\" decoding=\"async\" loading=\"lazy\" class=\"size-medium wp-image-5386 alignright\" src=\"https:\/\/i0.wp.com\/www.robertosedda.it\/wp-content\/uploads\/2013\/12\/ColorTex4_04.jpg?resize=227%2C300\" alt=\"ColorTex4_04\" width=\"227\" height=\"300\" srcset=\"https:\/\/i0.wp.com\/www.robertosedda.it\/wp-content\/uploads\/2013\/12\/ColorTex4_04.jpg?resize=227%2C300&amp;ssl=1 227w, https:\/\/i0.wp.com\/www.robertosedda.it\/wp-content\/uploads\/2013\/12\/ColorTex4_04.jpg?resize=113%2C150&amp;ssl=1 113w, https:\/\/i0.wp.com\/www.robertosedda.it\/wp-content\/uploads\/2013\/12\/ColorTex4_04.jpg?w=600&amp;ssl=1 600w\" sizes=\"(max-width: 227px) 100vw, 227px\" data-recalc-dims=\"1\" \/><\/a>La seconda osservazione riguarda il fatto che le quattro storie, anche se costrette in una trentina di pagine ciascuna, sono tutte molto &#8220;concluse&#8221; ed efficaci: il che, per contrasto, aumenta la <a title=\"Storie che non capisco\" href=\"http:\/\/www.robertosedda.it\/?p=1520\">perplessit\u00e0 sulla collana delle\u00a0<em>Storie<\/em>\u00a0<\/a><em><a title=\"Storie che non capisco\" href=\"http:\/\/www.robertosedda.it\/?p=1520\">Bonelli<\/a>,<\/em> molte delle quali riescono a dare\u00a0un&#8217;impressione di incompletezza o di fragilit\u00e0 sebbene abbiano a disposizione il triplo dello spazio. E mi sono chiesto se il problema non sia proprio nella durata: in trenta pagine i quattro sceneggiatori di <em>Color Tex<\/em> riescono a mettere a segno quasi sempre il colpo del KO; con pi\u00f9 pagine da riempire molti degli sceneggiatori delle <em>Storie<\/em> si perdono: forse se dovessero esprimersi su meno pagine, diciamo le 48 del formato originale di <em>Un uomo, un&#8217;avventura <\/em>o magari diciamo 60 pagine, i risultati sarebbero, paradossalmente, migliori (\u00e8 un&#8217;opinione da esterno: magari in questo momento un vero sceneggiatore sta leggendo le frasi qui sopra e ridendo a crepapelle, ma non credo). Certo poi avrebbe dovuto essere una collana diversa, ma questo \u00e8 un altro discorso.<\/p>\n<h2>I nemici di <em>Tex<\/em><\/h2>\n<p>Ho cominciato a leggere <em>Tex<\/em> da ragazzino. Ricordo benissimo che una delle cose che mi piacevano di pi\u00f9 era l&#8217;indugiare di Gianluigi Bonelli sugli avversari di Tex: non solo sul loro complottare e pianificare, ma anche proprio sulle loro vicende.\u00a0Ricordo ancora adesso, a quasi quarant&#8217;anni di distanza, che in una famosa storia in cui Tex e Carson scortano una carovana di pionieri a un certo punto i due gruppi principali di cattivi si affrontano gli uni gli altri, con un attacco dei cheyenne a un <em>trading post<\/em>. Una scena molto avventurosa, piena di azione, che mi piaceva moltissimo e che devo avere riletto pi\u00f9 e pi\u00f9 volte sebbene Tex non vi comparisse mai. Lo stesso potrei dire per le azioni del gruppo di cospiratori che riesce a mandare Tex a spaccare pietre a Yuma o per le vicissitudini nella palude del braccio destro di Lucero (sono tutte storie dello stesso\u00a0periodo, credo).<\/p>\n<p><a href=\"https:\/\/i0.wp.com\/www.robertosedda.it\/wp-content\/uploads\/2013\/12\/Tex-El-Supremo.jpg\"><img data-attachment-id=\"5387\" data-permalink=\"https:\/\/www.robertosedda.it\/?attachment_id=5387\" data-orig-file=\"https:\/\/i0.wp.com\/www.robertosedda.it\/wp-content\/uploads\/2013\/12\/Tex-El-Supremo.jpg?fit=381%2C502&amp;ssl=1\" data-orig-size=\"381,502\" data-comments-opened=\"1\" data-image-meta=\"{&quot;aperture&quot;:&quot;0&quot;,&quot;credit&quot;:&quot;&quot;,&quot;camera&quot;:&quot;&quot;,&quot;caption&quot;:&quot;&quot;,&quot;created_timestamp&quot;:&quot;0&quot;,&quot;copyright&quot;:&quot;&quot;,&quot;focal_length&quot;:&quot;0&quot;,&quot;iso&quot;:&quot;0&quot;,&quot;shutter_speed&quot;:&quot;0&quot;,&quot;title&quot;:&quot;&quot;}\" data-image-title=\"Tex El Supremo\" data-image-description=\"\" data-image-caption=\"\" data-medium-file=\"https:\/\/i0.wp.com\/www.robertosedda.it\/wp-content\/uploads\/2013\/12\/Tex-El-Supremo.jpg?fit=227%2C300&amp;ssl=1\" data-large-file=\"https:\/\/i0.wp.com\/www.robertosedda.it\/wp-content\/uploads\/2013\/12\/Tex-El-Supremo.jpg?fit=381%2C502&amp;ssl=1\" decoding=\"async\" loading=\"lazy\" class=\"size-medium wp-image-5387 alignleft\" src=\"https:\/\/i0.wp.com\/www.robertosedda.it\/wp-content\/uploads\/2013\/12\/Tex-El-Supremo.jpg?resize=227%2C300\" alt=\"Tex El Supremo\" width=\"227\" height=\"300\" srcset=\"https:\/\/i0.wp.com\/www.robertosedda.it\/wp-content\/uploads\/2013\/12\/Tex-El-Supremo.jpg?resize=227%2C300&amp;ssl=1 227w, https:\/\/i0.wp.com\/www.robertosedda.it\/wp-content\/uploads\/2013\/12\/Tex-El-Supremo.jpg?resize=113%2C150&amp;ssl=1 113w, https:\/\/i0.wp.com\/www.robertosedda.it\/wp-content\/uploads\/2013\/12\/Tex-El-Supremo.jpg?w=381&amp;ssl=1 381w\" sizes=\"(max-width: 227px) 100vw, 227px\" data-recalc-dims=\"1\" \/><\/a>In parte mettere al centro dell&#8217;azione gli antagonisti permette allo sceneggiatore di proporre scene drammatiche, come l&#8217;attacco al <em>trading post<\/em>, senza avere il bisogno di moltiplicare oltre il credibile le avventure di Tex, ma facendole vivere ai comprimari. In parte serve a rendere pi\u00f9 avvincente il confronto: quando l&#8217;apache di Lucero attacca Tiger Jack nella palude, dopo una lunga serie di pericoli superati, la sua dimensione di avversario abile \u00e8 stata stabilita defintivamente e il confronto al coltello fra i due, fra sabbie mobili e liane pendenti, \u00e8 per il lettore pi\u00f9 incerto e interessante.<\/p>\n<p>Ad ogni modo, questa caratteristica delle avventure classiche di Tex mi \u00e8 sempre piaciuta molto, e nello svolgimento normale delle storie pi\u00f9 recenti mi era molto mancata. Mi sembra che Mauro Boselli, il nuovo sceneggiatore principale del personaggio, si trovi molto a suo agio coi comprimari, sia alleati che avversari, e questo \u00e8 uno dei motivi per cui sto apprezzando particolarmente la saga attualmente in edicola, in cui Tex e i suoi <em>pard<\/em> si muovono in mezzo a una vera folla di personaggi secondari, fra i quali un paio di avversari abbastanza ben caratterizzati.<\/p>\n<p><a href=\"https:\/\/i0.wp.com\/www.robertosedda.it\/wp-content\/uploads\/2013\/12\/Tex-Tiratori-scelti.jpg\"><img data-attachment-id=\"5388\" data-permalink=\"https:\/\/www.robertosedda.it\/?attachment_id=5388\" data-orig-file=\"https:\/\/i0.wp.com\/www.robertosedda.it\/wp-content\/uploads\/2013\/12\/Tex-Tiratori-scelti.jpg?fit=381%2C499&amp;ssl=1\" data-orig-size=\"381,499\" data-comments-opened=\"1\" data-image-meta=\"{&quot;aperture&quot;:&quot;0&quot;,&quot;credit&quot;:&quot;&quot;,&quot;camera&quot;:&quot;&quot;,&quot;caption&quot;:&quot;&quot;,&quot;created_timestamp&quot;:&quot;0&quot;,&quot;copyright&quot;:&quot;&quot;,&quot;focal_length&quot;:&quot;0&quot;,&quot;iso&quot;:&quot;0&quot;,&quot;shutter_speed&quot;:&quot;0&quot;,&quot;title&quot;:&quot;&quot;}\" data-image-title=\"Tex Tiratori scelti\" data-image-description=\"\" data-image-caption=\"\" data-medium-file=\"https:\/\/i0.wp.com\/www.robertosedda.it\/wp-content\/uploads\/2013\/12\/Tex-Tiratori-scelti.jpg?fit=229%2C300&amp;ssl=1\" data-large-file=\"https:\/\/i0.wp.com\/www.robertosedda.it\/wp-content\/uploads\/2013\/12\/Tex-Tiratori-scelti.jpg?fit=381%2C499&amp;ssl=1\" decoding=\"async\" loading=\"lazy\" class=\"size-medium wp-image-5388 alignright\" src=\"https:\/\/i0.wp.com\/www.robertosedda.it\/wp-content\/uploads\/2013\/12\/Tex-Tiratori-scelti.jpg?resize=229%2C300\" alt=\"Tex Tiratori scelti\" width=\"229\" height=\"300\" srcset=\"https:\/\/i0.wp.com\/www.robertosedda.it\/wp-content\/uploads\/2013\/12\/Tex-Tiratori-scelti.jpg?resize=229%2C300&amp;ssl=1 229w, https:\/\/i0.wp.com\/www.robertosedda.it\/wp-content\/uploads\/2013\/12\/Tex-Tiratori-scelti.jpg?resize=114%2C150&amp;ssl=1 114w, https:\/\/i0.wp.com\/www.robertosedda.it\/wp-content\/uploads\/2013\/12\/Tex-Tiratori-scelti.jpg?w=381&amp;ssl=1 381w\" sizes=\"(max-width: 229px) 100vw, 229px\" data-recalc-dims=\"1\" \/><\/a>O meglio: il secondo albo della serie, <em>Tiratori scelti<\/em>, mi sembra un po&#8217; inferiore al primo\u00a0e\u00a0non solo perch\u00e9 alcuni snodi della trama sfidano l&#8217;incredulit\u00e0 del lettore:\u00a0c&#8217;\u00e8 uno strano piano per arruolare un gruppo di soldati scelti, piano che si rivela inconsistente, e c&#8217;\u00e8 un gruppo di soldati che dovrebbero essere i migliori di tutto l&#8217;esercito degli Stati Uniti e di cui in realt\u00e0 Tex si libera con relativa facilit\u00e0. Ma soprattutto anche se continuano a occupare prepotentemente la scena i comprimari, soprattutto quelli del campo dei cattivi, perdono consistenza e cadono un pochino nella macchietta, il che, date le premesse, \u00e8 davvero un peccato. Spero che il mese prossimo Boselli non mi deluda facendomi scoprire che il texano arruolato da <em>El Supremo<\/em> \u00e8 in realt\u00e0 un <em>ranger<\/em> infiltrato, cosa che aprirebbe pi\u00f9 buchi nella trama di una scarica di lupara, ma ho davvero un cattivo presentimento.<\/p>\n","protected":false},"excerpt":{"rendered":"<p>Color Tex 4 Color Tex esce ogni sei mesi: quello estivo non era male, anche se non indimenticabile, e non<\/p>\n","protected":false},"author":1,"featured_media":5391,"comment_status":"open","ping_status":"open","sticky":false,"template":"","format":"standard","meta":{"_mi_skip_tracking":false,"_monsterinsights_sitenote_active":false,"_monsterinsights_sitenote_note":"","_monsterinsights_sitenote_category":0,"jetpack_post_was_ever_published":false,"_jetpack_newsletter_access":"","jetpack_publicize_message":"","jetpack_is_tweetstorm":false,"jetpack_publicize_feature_enabled":true,"jetpack_social_post_already_shared":false,"jetpack_social_options":{"image_generator_settings":{"template":"highway","enabled":false}}},"categories":[70,52,20,56,12],"tags":[],"jetpack_publicize_connections":[],"jetpack_featured_media_url":"https:\/\/i0.wp.com\/www.robertosedda.it\/wp-content\/uploads\/2013\/12\/Tex-Grande-Nord.jpg?fit=200%2C220&ssl=1","jetpack_sharing_enabled":true,"jetpack_shortlink":"https:\/\/wp.me\/p4jV2T-1oK","jetpack_likes_enabled":true,"jetpack-related-posts":[{"id":10208,"url":"https:\/\/www.robertosedda.it\/?p=10208","url_meta":{"origin":5378,"position":0},"title":"\u00c8 difficile parlare di Tex","author":"Rufus","date":"19\/05\/2015","format":"video","excerpt":"Strani collegamenti Ormai dieci giorni fa sono andato\u00a0a una manifestazione-dibattito che si intitolava Sulle orme di Tex e che metteva al centro, a quel che avevo letto sul giornale, il tema del genocidio dei nativi americani. Un po' tirato per i capelli, ho pensato. In realt\u00e0 ho scoperto poi che\u2026","rel":"","context":"In &quot;Cappe e spade&quot;","block_context":{"text":"Cappe e spade","link":"https:\/\/www.robertosedda.it\/?cat=70"},"img":{"alt_text":"","src":"https:\/\/i0.wp.com\/www.robertosedda.it\/wp-content\/uploads\/2013\/12\/colortex.jpg?fit=300%2C425&ssl=1&resize=350%2C200","width":350,"height":200},"classes":[]},{"id":4971,"url":"https:\/\/www.robertosedda.it\/?p=4971","url_meta":{"origin":5378,"position":1},"title":"Due rangers del Texas","author":"Rufus","date":"08\/11\/2013","format":false,"excerpt":"Saguaro numero 18,\u00a0La trib\u00f9 del cielo (Sergio Bonelli Editore ottobre 2013, Mignacco\/Foder\u00e0) Ho l'impressione che molti lettori di fumetti, pubblicati dalla Bonelli e no, snobbino un pochino Saguaro, ma devo dire che a me piace, anche abbastanza. Sono sicuramente di parte perch\u00e9 amo molto i gialli di Tony Hillerman ambientati\u2026","rel":"","context":"In &quot;Cappe e spade&quot;","block_context":{"text":"Cappe e spade","link":"https:\/\/www.robertosedda.it\/?cat=70"},"img":{"alt_text":"","src":"https:\/\/i0.wp.com\/www.robertosedda.it\/wp-content\/uploads\/2013\/11\/Saguaro-18-ottobre-2013.jpg?fit=227%2C300&ssl=1&resize=350%2C200","width":350,"height":200},"classes":[]},{"id":9722,"url":"https:\/\/www.robertosedda.it\/?p=9722","url_meta":{"origin":5378,"position":2},"title":"A bagno nella storia (e subito fuori)","author":"Rufus","date":"04\/03\/2015","format":false,"excerpt":"Tex, l'eroe e la leggenda (Paolo Eleuteri Serpieri, Sergio Bonelli Editore 2015) Avevo deciso di non parlare della reinterpretazione di Tex offerta da Paolo Eleuteri Serpieri e giunta recentemente in edicola perch\u00e9, complessivamente, mi pareva di non avere moltissimo da dire rispetto a altre recensioni gi\u00e0 uscite, oltretutto molto pi\u00f9\u2026","rel":"","context":"In &quot;Cappe e spade&quot;","block_context":{"text":"Cappe e spade","link":"https:\/\/www.robertosedda.it\/?cat=70"},"img":{"alt_text":"","src":"https:\/\/i0.wp.com\/www.robertosedda.it\/wp-content\/uploads\/2015\/03\/Tex-Eleuteri-Serpieri.jpg?fit=660%2C870&ssl=1&resize=350%2C200","width":350,"height":200},"classes":[]},{"id":9791,"url":"https:\/\/www.robertosedda.it\/?p=9791","url_meta":{"origin":5378,"position":3},"title":"Sigarette, proiettili e censura","author":"Rufus","date":"13\/03\/2015","format":false,"excerpt":"Conquistato da Adam Wild, giunto ormai al quinto numero uno pi\u00f9 bello dell'altro, attendo con ansia la nuova miniserie di\u00a0Gianfranco Manfredi,\u00a0Coney Island, ambientata all'epoca del Proibizionismo. Ieri Manfredi ha pubblicato in anteprima la (bella) copertina del primo numero. \u00c8 questa e poi, come sovrappensiero, ha aggiunto: \u00abSuppongo che nella cover\u2026","rel":"","context":"In &quot;Coordinate&quot;","block_context":{"text":"Coordinate","link":"https:\/\/www.robertosedda.it\/?cat=52"},"img":{"alt_text":"","src":"https:\/\/i0.wp.com\/www.robertosedda.it\/wp-content\/uploads\/2015\/03\/Coney-Island-copertina-sigaretta.jpg?fit=637%2C842&ssl=1&resize=350%2C200","width":350,"height":200},"classes":[]},{"id":13431,"url":"https:\/\/www.robertosedda.it\/?p=13431","url_meta":{"origin":5378,"position":4},"title":"Tex, il ragazzo rapito, la dissonanza cognitiva e il richiamo del sangue","author":"Rufus","date":"16\/03\/2017","format":false,"excerpt":"Il ragazzo rapito e Duello a Madison Creek (Tex nn. 676-677, Faraci e Acciarino, Sergio Bonelli Editore) Ho letto l'altro giorno la seconda parte di questa storia\u00a0e alla fine mi sono rimaste delle perplessit\u00e0 che volevo condividere con voi, ma prima lasciate che vi avvisi: per potere spiegare i miei\u2026","rel":"","context":"In &quot;Coordinate&quot;","block_context":{"text":"Coordinate","link":"https:\/\/www.robertosedda.it\/?cat=52"},"img":{"alt_text":"","src":"https:\/\/i0.wp.com\/www.robertosedda.it\/wp-content\/uploads\/2017\/03\/Tex-676.jpg?fit=640%2C844&ssl=1&resize=350%2C200","width":350,"height":200},"classes":[]},{"id":8500,"url":"https:\/\/www.robertosedda.it\/?p=8500","url_meta":{"origin":5378,"position":5},"title":"Dieci fumetti da leggere almeno una volta nella vita","author":"Rufus","date":"30\/09\/2014","format":false,"excerpt":"Il mio amico Giovanni Piredda, copiando un'idea di un altro comune amico, Graziano Montanini, mi ha inserito in quella che lui ritiene la catena definitiva, nella quale mi tocca di indicare dieci fumetti \"che\u00a0si dovrebbe provare a leggere\". Per essere una catena (in realt\u00e0 finta, fintissima, perch\u00e9 non va avanti\u2026","rel":"","context":"In &quot;Coordinate&quot;","block_context":{"text":"Coordinate","link":"https:\/\/www.robertosedda.it\/?cat=52"},"img":{"alt_text":"","src":"https:\/\/i0.wp.com\/www.robertosedda.it\/wp-content\/uploads\/2014\/09\/Corto-Maltese-comodo.jpg?fit=625%2C309&ssl=1&resize=350%2C200","width":350,"height":200},"classes":[]}],"_links":{"self":[{"href":"https:\/\/www.robertosedda.it\/index.php?rest_route=\/wp\/v2\/posts\/5378"}],"collection":[{"href":"https:\/\/www.robertosedda.it\/index.php?rest_route=\/wp\/v2\/posts"}],"about":[{"href":"https:\/\/www.robertosedda.it\/index.php?rest_route=\/wp\/v2\/types\/post"}],"author":[{"embeddable":true,"href":"https:\/\/www.robertosedda.it\/index.php?rest_route=\/wp\/v2\/users\/1"}],"replies":[{"embeddable":true,"href":"https:\/\/www.robertosedda.it\/index.php?rest_route=%2Fwp%2Fv2%2Fcomments&post=5378"}],"version-history":[{"count":10,"href":"https:\/\/www.robertosedda.it\/index.php?rest_route=\/wp\/v2\/posts\/5378\/revisions"}],"predecessor-version":[{"id":8369,"href":"https:\/\/www.robertosedda.it\/index.php?rest_route=\/wp\/v2\/posts\/5378\/revisions\/8369"}],"wp:featuredmedia":[{"embeddable":true,"href":"https:\/\/www.robertosedda.it\/index.php?rest_route=\/wp\/v2\/media\/5391"}],"wp:attachment":[{"href":"https:\/\/www.robertosedda.it\/index.php?rest_route=%2Fwp%2Fv2%2Fmedia&parent=5378"}],"wp:term":[{"taxonomy":"category","embeddable":true,"href":"https:\/\/www.robertosedda.it\/index.php?rest_route=%2Fwp%2Fv2%2Fcategories&post=5378"},{"taxonomy":"post_tag","embeddable":true,"href":"https:\/\/www.robertosedda.it\/index.php?rest_route=%2Fwp%2Fv2%2Ftags&post=5378"}],"curies":[{"name":"wp","href":"https:\/\/api.w.org\/{rel}","templated":true}]}}