{"id":5015,"date":"2013-11-13T16:00:20","date_gmt":"2013-11-13T15:00:20","guid":{"rendered":"http:\/\/www.robertosedda.it\/?p=5015"},"modified":"2014-02-13T14:47:00","modified_gmt":"2014-02-13T13:47:00","slug":"ehi-ma-guarda-chi-ce","status":"publish","type":"post","link":"https:\/\/www.robertosedda.it\/?p=5015","title":{"rendered":"Ehi, ma guarda chi c&#8217;\u00e8!"},"content":{"rendered":"<p>\u00c8 uscito il video racconto del <em>Festival delle terre<\/em> (<a href=\"http:\/\/www.robertosedda.it\/?p=3953\">ci avevo visto dei bei documentari questa estate<\/a>): l&#8217;<a href=\"http:\/\/www.lollove.com\/2013\/11\/festival-delle-terre-2013-il-video-racconto\/\">ottimo <em>LolloveMag<\/em> ha subito rilanciato l&#8217;informazione<\/a>.<\/p>\n<p>Nel video a un certo punto compare anche un soggetto conosciuto, ma merita di essere visto tutto (e cos\u00ec l&#8217;anno prossimo venite anche voi!).<\/p>\n<div class=\"jetpack-video-wrapper\"><span class=\"embed-youtube\" style=\"text-align:center; display: block;\"><iframe class=\"youtube-player\" width=\"800\" height=\"450\" src=\"https:\/\/www.youtube.com\/embed\/pmCkzC8-R7w?version=3&#038;rel=1&#038;showsearch=0&#038;showinfo=1&#038;iv_load_policy=1&#038;fs=1&#038;hl=it-IT&#038;autohide=2&#038;wmode=transparent\" allowfullscreen=\"true\" style=\"border:0;\" sandbox=\"allow-scripts allow-same-origin allow-popups allow-presentation\"><\/iframe><\/span><\/div>\n","protected":false},"excerpt":{"rendered":"<p>\u00c8 uscito il video racconto del Festival delle terre (ci avevo visto dei bei documentari questa estate): l&#8217;ottimo LolloveMag ha<\/p>\n","protected":false},"author":1,"featured_media":0,"comment_status":"open","ping_status":"open","sticky":false,"template":"","format":"video","meta":{"_mi_skip_tracking":false,"_monsterinsights_sitenote_active":false,"_monsterinsights_sitenote_note":"","_monsterinsights_sitenote_category":0,"jetpack_post_was_ever_published":false,"_jetpack_newsletter_access":"","jetpack_publicize_message":"","jetpack_is_tweetstorm":false,"jetpack_publicize_feature_enabled":true,"jetpack_social_post_already_shared":false,"jetpack_social_options":{"image_generator_settings":{"template":"highway","enabled":false}}},"categories":[52,49,86,53,12],"tags":[],"jetpack_publicize_connections":[],"jetpack_featured_media_url":"","jetpack_sharing_enabled":true,"jetpack_shortlink":"https:\/\/wp.me\/p4jV2T-1iT","jetpack_likes_enabled":true,"jetpack-related-posts":[{"id":11936,"url":"https:\/\/www.robertosedda.it\/?p=11936","url_meta":{"origin":5015,"position":0},"title":"Sono in giro da un po&#8217;","author":"Rufus","date":"10\/05\/2016","format":false,"excerpt":"Gi\u00e0. E oggi fanno 52. Dicevo ieri, all'aperitivo di benvenuto alla nuova banchiera ambulante di Cagliari di Banca Etica, che Enrico Euli e gli altri di\u00a0Passaparola furono quelli che introdussero a Cagliari la pratica dei\u00a0training\u00a0 nonviolenti e, per estensione, fecero da punto di riferimento per tutti quelli che, anche in\u2026","rel":"","context":"In &quot;Coordinate&quot;","block_context":{"text":"Coordinate","link":"https:\/\/www.robertosedda.it\/?cat=52"},"img":{"alt_text":"","src":"https:\/\/i0.wp.com\/www.robertosedda.it\/wp-content\/uploads\/2014\/05\/Centro-diocesano.jpg?fit=789%2C1200&ssl=1&resize=350%2C200","width":350,"height":200,"srcset":"https:\/\/i0.wp.com\/www.robertosedda.it\/wp-content\/uploads\/2014\/05\/Centro-diocesano.jpg?fit=789%2C1200&ssl=1&resize=350%2C200 1x, https:\/\/i0.wp.com\/www.robertosedda.it\/wp-content\/uploads\/2014\/05\/Centro-diocesano.jpg?fit=789%2C1200&ssl=1&resize=700%2C400 2x"},"classes":[]},{"id":3872,"url":"https:\/\/www.robertosedda.it\/?p=3872","url_meta":{"origin":5015,"position":1},"title":"Una famiglia perfetta","author":"Rufus","date":"06\/07\/2013","format":"video","excerpt":"Ho visto ieri nella benemerita rassegna estiva di Villa Muscas Una famiglia perfetta di Paolo Genovese. Il gruppo \"La Pira\" in questo periodo sta facendo un lavoro sulle relazioni familiari e quindi la visione del film si prestava, o cos\u00ec pensavo, a fare un po' da sponda a temi di\u2026","rel":"","context":"In &quot;Coordinate&quot;","block_context":{"text":"Coordinate","link":"https:\/\/www.robertosedda.it\/?cat=52"},"img":{"alt_text":"","src":"https:\/\/i0.wp.com\/www.robertosedda.it\/wp-content\/uploads\/2013\/07\/Famiglia-perfetta.jpg?fit=1024%2C619&ssl=1&resize=350%2C200","width":350,"height":200,"srcset":"https:\/\/i0.wp.com\/www.robertosedda.it\/wp-content\/uploads\/2013\/07\/Famiglia-perfetta.jpg?fit=1024%2C619&ssl=1&resize=350%2C200 1x, https:\/\/i0.wp.com\/www.robertosedda.it\/wp-content\/uploads\/2013\/07\/Famiglia-perfetta.jpg?fit=1024%2C619&ssl=1&resize=700%2C400 2x"},"classes":[]},{"id":6332,"url":"https:\/\/www.robertosedda.it\/?p=6332","url_meta":{"origin":5015,"position":2},"title":"Una buona campagna sociale","author":"Rufus","date":"10\/02\/2014","format":"video","excerpt":"Mentre mi documentavo per un prossimo articolo sulle ONG internazionali e il rapporto talvolta conflittuale coi loro testimonial ho visto un video di Greenpeace che non avevo mai visto (si riferisce a una campagna attiva dal 2012) e che propongo perch\u00e9 lo trovo efficace e anche perch\u00e9 ha a che\u2026","rel":"","context":"In &quot;Coordinate&quot;","block_context":{"text":"Coordinate","link":"https:\/\/www.robertosedda.it\/?cat=52"},"img":{"alt_text":"","src":"https:\/\/i0.wp.com\/img.youtube.com\/vi\/XxFWo4sCzCs\/0.jpg?resize=350%2C200","width":350,"height":200},"classes":[]},{"id":5562,"url":"https:\/\/www.robertosedda.it\/?p=5562","url_meta":{"origin":5015,"position":3},"title":"Auguri per Natale","author":"Rufus","date":"24\/12\/2013","format":"video","excerpt":"Per farvi gli auguri per Natale utilizzo un video che mi ha fatto conoscere Roberto Museo. \u00c8 molto bello e riunisce un po' tante delle mie anime: c'\u00e8 una bella storia, un po' di economia sociale, un pizzico di insegnamento cristiano ed \u00e8 fatto da una impresa per biechi fini\u2026","rel":"","context":"In &quot;Coordinate&quot;","block_context":{"text":"Coordinate","link":"https:\/\/www.robertosedda.it\/?cat=52"},"img":{"alt_text":"","src":"https:\/\/i0.wp.com\/img.youtube.com\/vi\/nKWnhYxyIPE\/0.jpg?resize=350%2C200","width":350,"height":200},"classes":[]},{"id":9929,"url":"https:\/\/www.robertosedda.it\/?p=9929","url_meta":{"origin":5015,"position":4},"title":"Chi fermer\u00e0 la musica?","author":"Rufus","date":"09\/04\/2015","format":"video","excerpt":"La famiglia Belier (\u00c9ric Lartigau, Francia 2014) Ho visto subito dopo\u00a0Pasqua questa divertente commedia francese, piena di invenzioni e di buoni sentimenti. Forse troppo piena: perch\u00e9 la storia di Paula, unica dotata della voce - e che voce! - in una famiglia di sordi (pap\u00e0, mamma e fratellino) \u00e8 certamente\u2026","rel":"","context":"In &quot;Coordinate&quot;","block_context":{"text":"Coordinate","link":"https:\/\/www.robertosedda.it\/?cat=52"},"img":{"alt_text":"","src":"https:\/\/i0.wp.com\/img.youtube.com\/vi\/UOHtcFR4nfw\/0.jpg?resize=350%2C200","width":350,"height":200},"classes":[]},{"id":3092,"url":"https:\/\/www.robertosedda.it\/?p=3092","url_meta":{"origin":5015,"position":5},"title":"Miele","author":"Rufus","date":"14\/05\/2013","format":"video","excerpt":"ATTENZIONE: contiene anticipazioni sulla trama. Siete avvisati. Se in Italia ci fosse giustizia, e un sistema industriale cinematografico adeguato, Jasmine Trinca farebbe un remake locale di Nikita. O interpreterebbe un bel thriller spionistico, una roba di silenzi e parole accennate, di posizioni ambigue e figure che dicono tutto meno che\u2026","rel":"","context":"In &quot;Coordinate&quot;","block_context":{"text":"Coordinate","link":"https:\/\/www.robertosedda.it\/?cat=52"},"img":{"alt_text":"","src":"https:\/\/i0.wp.com\/img.youtube.com\/vi\/_pBwiXZ5gN4\/0.jpg?resize=350%2C200","width":350,"height":200},"classes":[]}],"_links":{"self":[{"href":"https:\/\/www.robertosedda.it\/index.php?rest_route=\/wp\/v2\/posts\/5015"}],"collection":[{"href":"https:\/\/www.robertosedda.it\/index.php?rest_route=\/wp\/v2\/posts"}],"about":[{"href":"https:\/\/www.robertosedda.it\/index.php?rest_route=\/wp\/v2\/types\/post"}],"author":[{"embeddable":true,"href":"https:\/\/www.robertosedda.it\/index.php?rest_route=\/wp\/v2\/users\/1"}],"replies":[{"embeddable":true,"href":"https:\/\/www.robertosedda.it\/index.php?rest_route=%2Fwp%2Fv2%2Fcomments&post=5015"}],"version-history":[{"count":2,"href":"https:\/\/www.robertosedda.it\/index.php?rest_route=\/wp\/v2\/posts\/5015\/revisions"}],"predecessor-version":[{"id":6413,"href":"https:\/\/www.robertosedda.it\/index.php?rest_route=\/wp\/v2\/posts\/5015\/revisions\/6413"}],"wp:attachment":[{"href":"https:\/\/www.robertosedda.it\/index.php?rest_route=%2Fwp%2Fv2%2Fmedia&parent=5015"}],"wp:term":[{"taxonomy":"category","embeddable":true,"href":"https:\/\/www.robertosedda.it\/index.php?rest_route=%2Fwp%2Fv2%2Fcategories&post=5015"},{"taxonomy":"post_tag","embeddable":true,"href":"https:\/\/www.robertosedda.it\/index.php?rest_route=%2Fwp%2Fv2%2Ftags&post=5015"}],"curies":[{"name":"wp","href":"https:\/\/api.w.org\/{rel}","templated":true}]}}