{"id":4981,"date":"2013-11-11T16:42:02","date_gmt":"2013-11-11T15:42:02","guid":{"rendered":"http:\/\/www.robertosedda.it\/?p=4981"},"modified":"2014-11-11T09:50:42","modified_gmt":"2014-11-11T08:50:42","slug":"una-piccola-impresa-meridionale","status":"publish","type":"post","link":"https:\/\/www.robertosedda.it\/?p=4981","title":{"rendered":"Una piccola impresa meridionale"},"content":{"rendered":"<div class=\"jetpack-video-wrapper\"><span class=\"embed-youtube\" style=\"text-align:center; display: block;\"><iframe class=\"youtube-player\" width=\"800\" height=\"450\" src=\"https:\/\/www.youtube.com\/embed\/qQm3HCLyj5A?version=3&#038;rel=1&#038;showsearch=0&#038;showinfo=1&#038;iv_load_policy=1&#038;fs=1&#038;hl=it-IT&#038;autohide=2&#038;wmode=transparent\" allowfullscreen=\"true\" style=\"border:0;\" sandbox=\"allow-scripts allow-same-origin allow-popups allow-presentation\"><\/iframe><\/span><\/div>\n<p>A me <em>Basilicata coast to coast<\/em>, il film che ha lanciato Papaleo, era piaciuto abbastanza. Non altrettanto devo dire di questo <em>Una piccola impresa meridionale<\/em>. Il film ha un buon ritmo e si dipana in maniera piacevole, ma sebbene in teoria ci sia, pronto da mettere in campo, tutto un armamentario da commedia degli equivoci si ride\u00a0di cuore\u00a0abbastanza poco, cos\u00ec che alla fine ti verrebbe da dire: \u00abCarino, si, per\u00f2&#8230;\u00bb.<\/p>\n<p>In realt\u00e0 il film soffre prima di tutto del fatto di avere <em>troppi<\/em> personaggi, senza che si riesca a dare spazio a tutti: la storia scivola ora\u00a0verso un <em>focus<\/em> ora verso un altro, senza che nessuno divenga il punto davvero centrale del racconto. Certo si potrebbe dire che il punto di forza dovrebbe essere la coralit\u00e0, come era gi\u00e0 in\u00a0<em>Basilicata coast to coast<\/em>, ma qui le storie che si intrecciano avrebbero avuto bisogno di altro approfondimento: cos\u00ec siamo dalle parti dei\u00a0film Disney sul gruppo di sfigati che attraverso un progetto comune raggiungono il successo. Il che \u00e8 probabilmente quel che Papaleo voleva fare, un quieto divertimento per famiglie\u00a0senza troppo pensare, una galleria di scene gi\u00e0 abbastanza previste ma sempre efficaci se recitate bene. Solo che\u00a0a complicare questo progetto si innesta un tentativo di inserimento di una tematica <em>sociale<\/em>, quale quella di un amore omosessuale, il che non solo \u00e8 altra carne al fuoco, fino a farla diventare troppa, ma oltretutto sembra un po&#8217; sospetto. Non solo perch\u00e9 il film ha una quantit\u00e0 insopportabile di <em>fan service<\/em> rivolto al pubblico puramente maschile, dal bacio lesbo alla nudit\u00e0 <em>full frontal<\/em> a tutta una serie di altre scene: forse sono prevenuto, <a href=\"http:\/\/comunicazionedigenere.wordpress.com\/2012\/01\/27\/sanremo-morandi-e-papaleo-spogliano-ivana-mrazova\/\">considerata la famosa storia di Morandi e Papaleo e\u00a0dell&#8217;esibizione della scollatura\u00a0della Mrazova<em> a Sanremo<\/em><\/a>, ma il tema sociale mi \u00e8 sembrato non solo di maniera, utile a caratterizzare positivamente le recensioni, ma anche piuttosto ambiguo nei contenuti.<\/p>\n<p><a href=\"https:\/\/i0.wp.com\/www.robertosedda.it\/wp-content\/uploads\/2013\/11\/sanremo-papaleo.jpg\"><img decoding=\"async\" loading=\"lazy\" class=\"aligncenter\" src=\"https:\/\/i0.wp.com\/www.robertosedda.it\/wp-content\/uploads\/2013\/11\/sanremo-papaleo.jpg?resize=665%2C471\" alt=\"sanremo-papaleo\" width=\"665\" height=\"471\" data-recalc-dims=\"1\" \/><\/a>Per lo spettatore sardo e per chi ha visitato le coste occidentali della Sardegna un motivo di interesse del film \u00e8 dato dalle meravigliose <em>location<\/em> in cui sono state girate buona parte delle scene.<\/p>\n","protected":false},"excerpt":{"rendered":"<p>A me Basilicata coast to coast, il film che ha lanciato Papaleo, era piaciuto abbastanza. Non altrettanto devo dire di<\/p>\n","protected":false},"author":1,"featured_media":4982,"comment_status":"open","ping_status":"open","sticky":false,"template":"","format":"video","meta":{"_mi_skip_tracking":false,"_monsterinsights_sitenote_active":false,"_monsterinsights_sitenote_note":"","_monsterinsights_sitenote_category":0,"jetpack_post_was_ever_published":false,"_jetpack_newsletter_access":"","jetpack_publicize_message":"","jetpack_is_tweetstorm":false,"jetpack_publicize_feature_enabled":true,"jetpack_social_post_already_shared":false,"jetpack_social_options":{"image_generator_settings":{"template":"highway","enabled":false}}},"categories":[52,14,55,77,12],"tags":[],"jetpack_publicize_connections":[],"jetpack_featured_media_url":"https:\/\/i0.wp.com\/www.robertosedda.it\/wp-content\/uploads\/2013\/11\/sanremo-papaleo.jpg?fit=665%2C471&ssl=1","jetpack_sharing_enabled":true,"jetpack_shortlink":"https:\/\/wp.me\/p4jV2T-1il","jetpack_likes_enabled":true,"jetpack-related-posts":[{"id":10998,"url":"https:\/\/www.robertosedda.it\/?p=10998","url_meta":{"origin":4981,"position":0},"title":"Piccole cose preziose","author":"Rufus","date":"12\/10\/2015","format":false,"excerpt":"Nel magnifico gruppo\u00a0Facebook che raduna i reduci di it.arti.cinema stamattina \u00e8 passata\u00a0questa foto: Si tratta, come si capisce dalla differenza di caratteri e di lingua utilizzata fra diverse parti della pagina, di un fotogramma tratto da un film, uno di quei casi nei quali si fa vedere allo spettatore straniero\u2026","rel":"","context":"In &quot;Coordinate&quot;","block_context":{"text":"Coordinate","link":"https:\/\/www.robertosedda.it\/?cat=52"},"img":{"alt_text":"","src":"https:\/\/i0.wp.com\/www.robertosedda.it\/wp-content\/uploads\/2015\/10\/Giornale-Scarface.jpg?fit=1024%2C768&ssl=1&resize=350%2C200","width":350,"height":200,"srcset":"https:\/\/i0.wp.com\/www.robertosedda.it\/wp-content\/uploads\/2015\/10\/Giornale-Scarface.jpg?fit=1024%2C768&ssl=1&resize=350%2C200 1x, https:\/\/i0.wp.com\/www.robertosedda.it\/wp-content\/uploads\/2015\/10\/Giornale-Scarface.jpg?fit=1024%2C768&ssl=1&resize=700%2C400 2x"},"classes":[]},{"id":1339,"url":"https:\/\/www.robertosedda.it\/?p=1339","url_meta":{"origin":4981,"position":1},"title":"Ci vediamo nel week end","author":"Rufus","date":"15\/11\/2012","format":false,"excerpt":"Come vedete dalla locandina qui sotto il prossimo fine settimana c'\u00e8 il festival di Scirarindi. Sar\u00f2 l\u00ec, con i soci di Banca Etica della Sardegna, nel nostro stand (cercateci vicino alle foto della mostra di Letizia Battaglia) credo per tutto il fine settimana, tranne brevi pause per la Messa, andare\u2026","rel":"","context":"In &quot;Banche e finanza&quot;","block_context":{"text":"Banche e finanza","link":"https:\/\/www.robertosedda.it\/?cat=72"},"img":{"alt_text":"","src":"https:\/\/i0.wp.com\/www.robertosedda.it\/wp-content\/uploads\/2012\/11\/persito_preview.jpg?fit=320%2C454&ssl=1&resize=350%2C200","width":350,"height":200},"classes":[]},{"id":5799,"url":"https:\/\/www.robertosedda.it\/?p=5799","url_meta":{"origin":4981,"position":2},"title":"Intervista a Petter Skafle Henriksen","author":"Rufus","date":"17\/01\/2014","format":false,"excerpt":"Giorni fa ho segnalato due cortometraggi casualmente girati a Cagliari nello stesso periodo da due registi diversi... molto diversi. La cosa mi ha un po' incuriosito e mi \u00e8 venuta voglia di approfondire, cos\u00ec ho proposto a entrambi un'intervista, con le stesse domande, su cosa voglia dire girare a Cagliari,\u2026","rel":"","context":"In &quot;Coordinate&quot;","block_context":{"text":"Coordinate","link":"https:\/\/www.robertosedda.it\/?cat=52"},"img":{"alt_text":"","src":"https:\/\/i0.wp.com\/www.robertosedda.it\/wp-content\/uploads\/2014\/01\/Petter_Skafle_Henriksen-e-Tarjei_Westby.jpg?fit=1200%2C800&ssl=1&resize=350%2C200","width":350,"height":200,"srcset":"https:\/\/i0.wp.com\/www.robertosedda.it\/wp-content\/uploads\/2014\/01\/Petter_Skafle_Henriksen-e-Tarjei_Westby.jpg?fit=1200%2C800&ssl=1&resize=350%2C200 1x, https:\/\/i0.wp.com\/www.robertosedda.it\/wp-content\/uploads\/2014\/01\/Petter_Skafle_Henriksen-e-Tarjei_Westby.jpg?fit=1200%2C800&ssl=1&resize=700%2C400 2x, https:\/\/i0.wp.com\/www.robertosedda.it\/wp-content\/uploads\/2014\/01\/Petter_Skafle_Henriksen-e-Tarjei_Westby.jpg?fit=1200%2C800&ssl=1&resize=1050%2C600 3x"},"classes":[]},{"id":12337,"url":"https:\/\/www.robertosedda.it\/?p=12337","url_meta":{"origin":4981,"position":3},"title":"Cavalleria rusticana alla radio","author":"Rufus","date":"23\/08\/2016","format":false,"excerpt":"Mi sono accorto che non ho ancora pubblicato le ultime puntate di\u00a0Oggi parliamo di libri\u00a0della scorsa stagione. Ecco quindi a voi\u00a0Cavalleria rusticana. Devo dire che sono abbastanza soddisfatto della puntata, che si inserisce discretamente nel filone conclusivo della stagione, dedicato al teatro dell'Ottocento come teatro borghese. Emerge prima di tutto\u2026","rel":"","context":"In &quot;Coordinate&quot;","block_context":{"text":"Coordinate","link":"https:\/\/www.robertosedda.it\/?cat=52"},"img":{"alt_text":"","src":"https:\/\/i0.wp.com\/www.robertosedda.it\/wp-content\/uploads\/2016\/08\/Cavalleria-rusticana.jpg?fit=400%2C302&ssl=1&resize=350%2C200","width":350,"height":200},"classes":[]},{"id":10300,"url":"https:\/\/www.robertosedda.it\/?p=10300","url_meta":{"origin":4981,"position":4},"title":"Mad Max: Fury Road, o dello sfuggire al controllo","author":"Rufus","date":"03\/06\/2015","format":false,"excerpt":"Dice mia sorella che io passo al pettine fitto i film d'autore bogandone pinnicche, come direbbero al mercato di San Benedetto, trovandoci dentro mille difetti e difettucci, e poi mi faccio piacere filmacci come\u00a0Mad Max: Fury Road. Ora, affrontare seriamente questa critica vorrebbe dire entrare in una discussione su cosa\u2026","rel":"","context":"In &quot;Coordinate&quot;","block_context":{"text":"Coordinate","link":"https:\/\/www.robertosedda.it\/?cat=52"},"img":{"alt_text":"","src":"https:\/\/i0.wp.com\/www.robertosedda.it\/wp-content\/uploads\/2015\/06\/MAd-Max-cintura-di-castit\u00e0.jpg?fit=1200%2C504&ssl=1&resize=350%2C200","width":350,"height":200,"srcset":"https:\/\/i0.wp.com\/www.robertosedda.it\/wp-content\/uploads\/2015\/06\/MAd-Max-cintura-di-castit\u00e0.jpg?fit=1200%2C504&ssl=1&resize=350%2C200 1x, https:\/\/i0.wp.com\/www.robertosedda.it\/wp-content\/uploads\/2015\/06\/MAd-Max-cintura-di-castit\u00e0.jpg?fit=1200%2C504&ssl=1&resize=700%2C400 2x, https:\/\/i0.wp.com\/www.robertosedda.it\/wp-content\/uploads\/2015\/06\/MAd-Max-cintura-di-castit\u00e0.jpg?fit=1200%2C504&ssl=1&resize=1050%2C600 3x"},"classes":[]},{"id":13962,"url":"https:\/\/www.robertosedda.it\/?p=13962","url_meta":{"origin":4981,"position":5},"title":"Cose che ho scoperto sul 5 per mille","author":"Rufus","date":"20\/07\/2017","format":false,"excerpt":"Banca Etica sta pubblicando, ultimamente, una serie di studi economici piuttosto interessanti. Devo confessare che non ho ancora digerito del tutto la statistica connessa al lavoro sulla esclusione finanziaria in Italia, ma nel frattempo \u00e8 uscito un nuovo studio sul 5 per mille che ho potuto leggere con maggiore facilit\u00e0\u2026","rel":"","context":"In &quot;Banche e finanza&quot;","block_context":{"text":"Banche e finanza","link":"https:\/\/www.robertosedda.it\/?cat=72"},"img":{"alt_text":"","src":"https:\/\/i0.wp.com\/www.robertosedda.it\/wp-content\/uploads\/2017\/07\/5-per-mille.jpg?fit=786%2C303&ssl=1&resize=350%2C200","width":350,"height":200,"srcset":"https:\/\/i0.wp.com\/www.robertosedda.it\/wp-content\/uploads\/2017\/07\/5-per-mille.jpg?fit=786%2C303&ssl=1&resize=350%2C200 1x, https:\/\/i0.wp.com\/www.robertosedda.it\/wp-content\/uploads\/2017\/07\/5-per-mille.jpg?fit=786%2C303&ssl=1&resize=700%2C400 2x"},"classes":[]}],"_links":{"self":[{"href":"https:\/\/www.robertosedda.it\/index.php?rest_route=\/wp\/v2\/posts\/4981"}],"collection":[{"href":"https:\/\/www.robertosedda.it\/index.php?rest_route=\/wp\/v2\/posts"}],"about":[{"href":"https:\/\/www.robertosedda.it\/index.php?rest_route=\/wp\/v2\/types\/post"}],"author":[{"embeddable":true,"href":"https:\/\/www.robertosedda.it\/index.php?rest_route=\/wp\/v2\/users\/1"}],"replies":[{"embeddable":true,"href":"https:\/\/www.robertosedda.it\/index.php?rest_route=%2Fwp%2Fv2%2Fcomments&post=4981"}],"version-history":[{"count":12,"href":"https:\/\/www.robertosedda.it\/index.php?rest_route=\/wp\/v2\/posts\/4981\/revisions"}],"predecessor-version":[{"id":8850,"href":"https:\/\/www.robertosedda.it\/index.php?rest_route=\/wp\/v2\/posts\/4981\/revisions\/8850"}],"wp:featuredmedia":[{"embeddable":true,"href":"https:\/\/www.robertosedda.it\/index.php?rest_route=\/wp\/v2\/media\/4982"}],"wp:attachment":[{"href":"https:\/\/www.robertosedda.it\/index.php?rest_route=%2Fwp%2Fv2%2Fmedia&parent=4981"}],"wp:term":[{"taxonomy":"category","embeddable":true,"href":"https:\/\/www.robertosedda.it\/index.php?rest_route=%2Fwp%2Fv2%2Fcategories&post=4981"},{"taxonomy":"post_tag","embeddable":true,"href":"https:\/\/www.robertosedda.it\/index.php?rest_route=%2Fwp%2Fv2%2Ftags&post=4981"}],"curies":[{"name":"wp","href":"https:\/\/api.w.org\/{rel}","templated":true}]}}