{"id":4664,"date":"2013-10-15T14:02:35","date_gmt":"2013-10-15T12:02:35","guid":{"rendered":"http:\/\/www.robertosedda.it\/?p=4664"},"modified":"2017-03-14T12:37:11","modified_gmt":"2017-03-14T11:37:11","slug":"io-e-la-gerusalemme-liberata","status":"publish","type":"post","link":"https:\/\/www.robertosedda.it\/?p=4664","title":{"rendered":"Io e la Gerusalemme liberata"},"content":{"rendered":"<p><a href=\"https:\/\/i0.wp.com\/www.robertosedda.it\/wp-content\/uploads\/2013\/10\/Gesrusalemme-liberata.jpg\"><img data-attachment-id=\"5299\" data-permalink=\"https:\/\/www.robertosedda.it\/?attachment_id=5299\" data-orig-file=\"https:\/\/i0.wp.com\/www.robertosedda.it\/wp-content\/uploads\/2013\/10\/Gesrusalemme-liberata.jpg?fit=315%2C420&amp;ssl=1\" data-orig-size=\"315,420\" data-comments-opened=\"1\" data-image-meta=\"{&quot;aperture&quot;:&quot;0&quot;,&quot;credit&quot;:&quot;&quot;,&quot;camera&quot;:&quot;&quot;,&quot;caption&quot;:&quot;&quot;,&quot;created_timestamp&quot;:&quot;0&quot;,&quot;copyright&quot;:&quot;&quot;,&quot;focal_length&quot;:&quot;0&quot;,&quot;iso&quot;:&quot;0&quot;,&quot;shutter_speed&quot;:&quot;0&quot;,&quot;title&quot;:&quot;&quot;}\" data-image-title=\"Gesrusalemme liberata\" data-image-description=\"\" data-image-caption=\"\" data-medium-file=\"https:\/\/i0.wp.com\/www.robertosedda.it\/wp-content\/uploads\/2013\/10\/Gesrusalemme-liberata.jpg?fit=225%2C300&amp;ssl=1\" data-large-file=\"https:\/\/i0.wp.com\/www.robertosedda.it\/wp-content\/uploads\/2013\/10\/Gesrusalemme-liberata.jpg?fit=315%2C420&amp;ssl=1\" decoding=\"async\" loading=\"lazy\" class=\"alignright size-medium wp-image-5299\" src=\"https:\/\/i0.wp.com\/www.robertosedda.it\/wp-content\/uploads\/2013\/10\/Gesrusalemme-liberata.jpg?resize=225%2C300\" alt=\"Gesrusalemme liberata\" width=\"225\" height=\"300\" srcset=\"https:\/\/i0.wp.com\/www.robertosedda.it\/wp-content\/uploads\/2013\/10\/Gesrusalemme-liberata.jpg?resize=225%2C300&amp;ssl=1 225w, https:\/\/i0.wp.com\/www.robertosedda.it\/wp-content\/uploads\/2013\/10\/Gesrusalemme-liberata.jpg?resize=112%2C150&amp;ssl=1 112w, https:\/\/i0.wp.com\/www.robertosedda.it\/wp-content\/uploads\/2013\/10\/Gesrusalemme-liberata.jpg?w=315&amp;ssl=1 315w\" sizes=\"(max-width: 225px) 100vw, 225px\" data-recalc-dims=\"1\" \/><\/a>Sto leggendo la <em>Gerusalemme liberata<\/em> e (sorprendentemente?) mi sta piacendo moltissimo: l&#8217;ho iniziata in modo del tutto casuale in un momento di noia in cui cercavo qualcosa, <em>qualsiasi<\/em> cosa, che fosse disponibile sul palmare e ho scoperto che il programma di lettura ne aveva una copia in libera circolazione. Dopo i primi versi mi sono trovato del tutto preso all&#8217;amo &#8211; appena finisco inizio l&#8217;<em>Orlando Furioso<\/em>!<\/p>\n<p>Trattandosi di un testo cos\u00ec famoso non mi metto certo a farne la recensione; appunto per\u00f2 tre note di lettura che mi sono venute in mente in questi giorni.<\/p>\n<h3>Ottonari <em>cyberpunk<\/em><\/h3>\n<p><strong>Non sto facendo per nulla fatica.<\/strong> Il ricordo scolastico che avevo di questo tipo di poesia era indissolubilmente legato a una sensazione di fatica, causata da un linguaggio &#8220;diverso&#8221; che si doveva continuamente decifrare. La lettura era cos\u00ec divisa in fasi (lettura &#8211; faticosa ricostruzione del significato &#8211; comprensione), era lenta e\u00a0macchinosa e alla fine del tutto insoddisfacente.<\/p>\n<p>Adesso non \u00e8 per niente cos\u00ec e sono convinto che \u00e8 proprio la sensazione di <em>leggerezza<\/em> che ho provato nei primi versi che mi ha colpito piacevolmente e mi ha spinto a continuare. Dato che non credo che il mio lessico o la mia conoscenza dell&#8217;italiano rinascimentale sia aumentata nel frattempo, mi chiedo da cosa dipenda.<\/p>\n<p>In parte, probabilmente, \u00e8 perch\u00e9 il bellissimo seminario sulle filastrocche con il compianto <a href=\"http:\/\/www.targatocn.it\/2012\/09\/10\/sommario\/monregalese\/leggi-notizia\/argomenti\/monregalese\/articolo\/ricordo-di-gabriele-ferrari-collaboratore-della-biblioteca-civica-di-mondovi.html#.UlwuvbOQKu4\">Gabriele Ferrari<\/a> mi ha insegnato ad apprezzare la metrica e aiutando il gusto della lettura l&#8217;ha resa meno ostica, ma questa \u00e8 una spiegazione alla fine marginale.<\/p>\n<p>Credo piuttosto che dipenda dal fatto che da allora mi sono abituato a leggere in altre lingue diverse dall&#8217;italiano e, per forza di cose, a lasciare che la comprensione di alcune espressioni sia affidata semplicemente al contesto. \u00c8 un po&#8217; come quando leggi un libro di <em>fantasy<\/em> o di fantascienza ricco di espressioni esoteriche: se sei furbo le prendi come sono e aspetti di capire pi\u00f9 avanti. \u00c8 un trucco che ho imparato quando mi sono appassionato al <em>cyberpunk<\/em>, perch\u00e9 ci trovi cose come questa, all&#8217;inizio di <em>Conte Zero<\/em><\/p>\n<blockquote>\n<h4>Bobby pianta una wilsonata<\/h4>\n<p>Era una cosa tanto facile, la morte. Adesso lo sapeva. Succedeva e basta. Un errore infinitesimale, ed eccola l\u00ec, gelida e inodore, che si alzava dai quattro stupidi angoli della stanza, il soggiorno di sua madre a Barrytown.<\/p>\n<p>Merda, pens\u00f2. Due-al-giorno si piscer\u00e0 addosso dal ridere. La prima volta che esco, e vado a piantare una wilsonata.<\/p><\/blockquote>\n<p>Che uno si chiede cosa sar\u00e0 mai una wilsonata. Solo che non devi chiedertelo. Una wilsonata \u00e8 una wilsonata. E non \u00e8 una bella cosa. Se pianti una wilsonata muori. Quindi la wilsonata \u00e8 male. \u00c8 brutta. Non ti serve sapere altro. E dov&#8217;\u00e8 Barrytown? Non lo vuoi <em>davvero<\/em> sapere. \u00c8 un posto dove le madri tengono i loro soggiorni, posti incongrui dove mor&#8230; piantare una wilsonata.<\/p>\n<p>Per l&#8217;italiano di Tasso \u00e8 lo stesso. Confesser\u00f2 che solo al quinto canto ho capito improvvisamente che <em>fero\/fer<\/em> vuol dire &#8220;fiero&#8221;. Sino a quel momento ogni volta che trovavo &#8220;fero guerrier&#8221;, &#8220;cavaliero fero&#8221;, &#8220;fer circasso&#8221;\u00a0l&#8217;avevo catalogato come qualcosa di bestiale, ferino, oppure indomabile, oppure duro come il ferro. Sbagliato, ovviamente, ma di fatto non c&#8217;\u00e8 nessun problema. L&#8217;unico guaio sarebbe se dovessi fare la versione in prosa, ma la scuola grazie a Dio \u00e8 finita e una volta liberato dal senso di colpa posso anche stabilire per il mio piacere di lettura che Argante \u00e8 <em>fero<\/em> come un lupo e capire che nessuno mi arrester\u00e0 per questo. Una volta fatto questo passaggio, la lettura diventa molto pi\u00f9 scorrevole: forse potrebbero provare anche a scuola.<\/p>\n<h3>Contenuti modernissimi<\/h3>\n<p><strong>A proposito di letteratura di genere.<\/strong> Sar\u00e0 perch\u00e9 la <em>Gerusalemme liberata<\/em> ne \u00e8 forse il corrispondente dell&#8217;epoca, ma l&#8217;altra cosa che mi ha colpito \u00e8 la modernit\u00e0 del materiale narrativo: a un certo punto mi sono sorpreso a ragionare su come dividere la vicenda in puntate per un <em>serial<\/em> in pi\u00f9 stagioni capace di fare concorrenza a <em>Game of thrones<\/em>.\u00a0Le possibilit\u00e0 ci sono tutte: amori contrastati, combattimenti, inimicizie personali, tradimenti, una galleria di personaggi non banali e un trattamento della narrazione ricco di colpi di scena, cambi di prospettiva, perfino\u00a0<em>flashback<\/em>.<\/p>\n<p>La <em>Gerusalemme liberata<\/em> si presta, oltretutto, a trasposizioni innumerevoli in altri contesti: se ai cavalieri si sostituissero dei <em>gangster<\/em>, alle spade gli AK-47 e alla conquista di Gerusalemme un sogno mistico di successo (come in un <em>manga<\/em> alla <em>Sanctuary<\/em>) la storia funzionerebbe lo stesso, forse anche meglio. Alla fine la storia (almeno per dove sono arrivato) \u00e8 quella della persistenza nonostante tutte le difficolt\u00e0 in un progetto idealistico e grandioso da parte di un capo, attorniato da compagni e avversari dotati di pi\u00f9 testosterone che cervello, e con una spruzzata di <em>dark ladies<\/em> traditrici, <em>consigliori<\/em> astuti e ricchi di assi nella manica, un paio di ragazze pure e virginali e perfino l&#8217;immancabile spadaccina capace di dare del filo da torcere agli uomini. Una cosa cos\u00ec si pu\u00f2 mettere in scena praticamente <em>ovunque<\/em>.<\/p>\n<p>Certo, si perderebbe (probabilmente) il contenuto specificamente cristiano. Ma l&#8217;unica cosa che stride, per dir la verit\u00e0, \u00e8 proprio l&#8217;impostazione religiosa della narrazione. Sono inutilmente fiero di me stesso per aver riconosciuto l&#8217;influenza dell&#8217;<em>Iliade<\/em> (sono andato a sbirciare nella critica letteraria in merito per avere conferma), \u00a0ma l\u00ec la lotta fra gli dei, gli uni a favore degli Achei e gli altri dei Troiani, \u00e8 un elemento di <em>suspence<\/em> essendo tutti, in linea di massima, di uguale potere; qui invece il fatto che Dio sia, per definizione, pi\u00f9 potente delle potenze infernali che gli si oppongono causa delle acrobazie nella trama non da poco o, almeno, l&#8217;equiparazione di un Dio onnipotente a uno Zeus distratto qualunque, e la cosa non sempre appare del tutto riuscita.<\/p>\n<h3>E comunque Dante&#8230;<\/h3>\n<p>L&#8217;ultima cosa che ho notato \u00e8 che leggendo poesia cos\u00ec in maniera continuativa (cio\u00e8 non come un brano che estrai da una raccolta a caso) <strong>si colgono meglio le differenze fra poeti<\/strong> e anche la qualit\u00e0 di ognuno. \u00c8 in parte una sensazione che ho avuto anche leggendo, recentemente, <em>I canti di Castelvecchio<\/em> di Pascoli come se fosse un libro, pagina dopo pagina, ballata dopo ballata; l\u00ec ho rivalutato Pascoli, un&#8217;esperienza che a scuola era stata del tutto negativa, qui pur nel gran piacere che sto provando nella lettura noto per\u00f2 che ogni tanto Tasso deve infilare nell&#8217;ottava un verso &#8220;inutile&#8221; per rimanere nello schema delle rime, o si deve concedere una licenza poetica, o fare qualche altro magheggio per non uscire dalle regole (un&#8217;altra cosa di cui non mi sarei mai accorto se non avessi fatto il corso con Ferrari). Per quel che mi ricordo a Dante questo non capita mai, e per questo la lettura cos\u00ec continuativa della <em>Gerusalemme liberata<\/em> per contrasto mi fa apprezzare di pi\u00f9 la <em>Commedia<\/em> e ritenere che, alla fin fine, Dante sia un poeta migliore del Tasso &#8211; sempre considerando che ci muoviamo fra pesi massimi, eh!<\/p>\n","protected":false},"excerpt":{"rendered":"<p>Sto leggendo la Gerusalemme liberata e (sorprendentemente?) mi sta piacendo moltissimo: l&#8217;ho iniziata in modo del tutto casuale in un<\/p>\n","protected":false},"author":1,"featured_media":4700,"comment_status":"open","ping_status":"open","sticky":false,"template":"","format":"standard","meta":{"_mi_skip_tracking":false,"_monsterinsights_sitenote_active":false,"_monsterinsights_sitenote_note":"","_monsterinsights_sitenote_category":0,"jetpack_post_was_ever_published":false,"_jetpack_newsletter_access":"","jetpack_publicize_message":"","jetpack_is_tweetstorm":false,"jetpack_publicize_feature_enabled":true,"jetpack_social_post_already_shared":false,"jetpack_social_options":{"image_generator_settings":{"template":"highway","enabled":false}}},"categories":[70,52,56,13,12],"tags":[],"jetpack_publicize_connections":[],"jetpack_featured_media_url":"https:\/\/i0.wp.com\/www.robertosedda.it\/wp-content\/uploads\/2013\/10\/Gesrusalemme-liberata.jpg?fit=315%2C420&ssl=1","jetpack_sharing_enabled":true,"jetpack_shortlink":"https:\/\/wp.me\/p4jV2T-1de","jetpack_likes_enabled":true,"jetpack-related-posts":[{"id":10009,"url":"https:\/\/www.robertosedda.it\/?p=10009","url_meta":{"origin":4664,"position":0},"title":"Di nuovo sulla &#8220;Gerusalemme liberata&#8221;","author":"Rufus","date":"21\/04\/2015","format":"video","excerpt":"Della\u00a0Gerusalemme liberata ho gi\u00e0 parlato pi\u00f9 o meno un anno e mezzo fa, quindi oggi mi limito a segnalare che ho messo in linea la puntata che ho dedicato al poema su\u00a0Oggi parliamo di libri e a invitarvi all'ascolto, oltre che della puntata, della pausa musicale con la strepitosa Mahalia\u2026","rel":"","context":"In &quot;Coordinate&quot;","block_context":{"text":"Coordinate","link":"https:\/\/www.robertosedda.it\/?cat=52"},"img":{"alt_text":"","src":"https:\/\/i0.wp.com\/img.youtube.com\/vi\/gPZuWzZvoYQ\/0.jpg?resize=350%2C200","width":350,"height":200},"classes":[]},{"id":4717,"url":"https:\/\/www.robertosedda.it\/?p=4717","url_meta":{"origin":4664,"position":1},"title":"Giochi di ruolo di giovani d&#8217;altri tempi","author":"Rufus","date":"17\/10\/2013","format":false,"excerpt":"Racconto a mia madre che sto leggendo La Gerusalemme liberata. \u00abChe bello\u00bb, mi dice, \u00abma allora devi leggere l'Orlando furioso\u00bb. La cosa spinge mia madre a ricordarsi dei suoi trascorsi scolastici. Non so perch\u00e9 ma di Tasso non ha un buon ricordo, Ariosto invece \u00e8 la sua passione. Poi mi\u2026","rel":"","context":"In &quot;Coordinate&quot;","block_context":{"text":"Coordinate","link":"https:\/\/www.robertosedda.it\/?cat=52"},"img":{"alt_text":"","src":"","width":0,"height":0},"classes":[]},{"id":9829,"url":"https:\/\/www.robertosedda.it\/?p=9829","url_meta":{"origin":4664,"position":2},"title":"Il delirio di Gerusalemme","author":"Rufus","date":"24\/03\/2015","format":false,"excerpt":"Cronache di Gerusalemme, Guy Delisle, Rizzoli-Lizard 2012 Non ho ancora avuto occasione di raccontare che dopo la lettura di\u00a0Kobane calling\u00a0mi \u00e8 venuta voglia di riprendere in mano un po' di comics journalism, cio\u00e8 di giornalismo a fumetti, e cos\u00ec ho letto in una sola serata\u00a0Cronache di Gerusalemme del canadese Guy\u2026","rel":"","context":"In &quot;Coordinate&quot;","block_context":{"text":"Coordinate","link":"https:\/\/www.robertosedda.it\/?cat=52"},"img":{"alt_text":"Delisle cronache di Gerusalemme 2","src":"https:\/\/i0.wp.com\/www.robertosedda.it\/wp-content\/uploads\/2015\/03\/Delisle-cronache-di-Gerusalemme-2.jpg?resize=350%2C200","width":350,"height":200},"classes":[]},{"id":9309,"url":"https:\/\/www.robertosedda.it\/?p=9309","url_meta":{"origin":4664,"position":3},"title":"I libri che ho letto nel 2014","author":"Rufus","date":"08\/01\/2015","format":false,"excerpt":"Anobii mi informa che nel 2014 ho letto meno libri che nel 2013 ma per pi\u00f9 pagine: non posso proprio dire di averci fatto caso, in realt\u00e0, cos\u00ec come l'anno scorso ero rimasto piuttosto sorpreso nello scoprire che era accaduto l'inverso. Ad ogni modo i libri che ho letto sono\u2026","rel":"","context":"In &quot;Coordinate&quot;","block_context":{"text":"Coordinate","link":"https:\/\/www.robertosedda.it\/?cat=52"},"img":{"alt_text":"","src":"https:\/\/i0.wp.com\/www.robertosedda.it\/wp-content\/uploads\/2013\/10\/Gesrusalemme-liberata.jpg?fit=315%2C420&ssl=1&resize=350%2C200","width":350,"height":200},"classes":[]},{"id":5710,"url":"https:\/\/www.robertosedda.it\/?p=5710","url_meta":{"origin":4664,"position":4},"title":"I libri che ho letto nel 2013","author":"Rufus","date":"02\/01\/2014","format":false,"excerpt":"Come l'anno scorso Anobii mi permette di tenere conto dei libri che ho letto nel corso dell'anno. Vedo che nel 2013 ho letto un libro in pi\u00f9 del 2012 ma con un numero di pagine inferiore: un po' la cosa mi sorprende e ho l'impressione di aver dimenticato qualcosa, ma\u2026","rel":"","context":"In &quot;Coordinate&quot;","block_context":{"text":"Coordinate","link":"https:\/\/www.robertosedda.it\/?cat=52"},"img":{"alt_text":"","src":"https:\/\/i0.wp.com\/www.robertosedda.it\/wp-content\/uploads\/2013\/01\/8850328802p400.gif?fit=400%2C622&ssl=1&resize=350%2C200","width":350,"height":200},"classes":[]},{"id":20112,"url":"https:\/\/www.robertosedda.it\/?p=20112","url_meta":{"origin":4664,"position":5},"title":"Cambiare il quadro di riferimento","author":"Rufus","date":"10\/05\/2023","format":false,"excerpt":"Dato che oggi casualmente me ne sono dovuto occupare, segnalo un lungo (forse lunghissimo!) articolo del 2018 del Guardian sulla campagna BDS (Boicottaggio, Disinvestimento e Sanzioni) contro l'apartheid israeliano. L'articolo, per quanto datato, \u00e8 ricco di informazioni e soprattutto mi sembra suggerisca riflessioni su come all'interno di un conflitto la\u2026","rel":"","context":"In &quot;Coordinate&quot;","block_context":{"text":"Coordinate","link":"https:\/\/www.robertosedda.it\/?cat=52"},"img":{"alt_text":"","src":"https:\/\/i0.wp.com\/www.robertosedda.it\/wp-content\/uploads\/2023\/05\/BDS.png?fit=1200%2C320&ssl=1&resize=350%2C200","width":350,"height":200,"srcset":"https:\/\/i0.wp.com\/www.robertosedda.it\/wp-content\/uploads\/2023\/05\/BDS.png?fit=1200%2C320&ssl=1&resize=350%2C200 1x, https:\/\/i0.wp.com\/www.robertosedda.it\/wp-content\/uploads\/2023\/05\/BDS.png?fit=1200%2C320&ssl=1&resize=700%2C400 2x, https:\/\/i0.wp.com\/www.robertosedda.it\/wp-content\/uploads\/2023\/05\/BDS.png?fit=1200%2C320&ssl=1&resize=1050%2C600 3x"},"classes":[]}],"_links":{"self":[{"href":"https:\/\/www.robertosedda.it\/index.php?rest_route=\/wp\/v2\/posts\/4664"}],"collection":[{"href":"https:\/\/www.robertosedda.it\/index.php?rest_route=\/wp\/v2\/posts"}],"about":[{"href":"https:\/\/www.robertosedda.it\/index.php?rest_route=\/wp\/v2\/types\/post"}],"author":[{"embeddable":true,"href":"https:\/\/www.robertosedda.it\/index.php?rest_route=\/wp\/v2\/users\/1"}],"replies":[{"embeddable":true,"href":"https:\/\/www.robertosedda.it\/index.php?rest_route=%2Fwp%2Fv2%2Fcomments&post=4664"}],"version-history":[{"count":11,"href":"https:\/\/www.robertosedda.it\/index.php?rest_route=\/wp\/v2\/posts\/4664\/revisions"}],"predecessor-version":[{"id":13407,"href":"https:\/\/www.robertosedda.it\/index.php?rest_route=\/wp\/v2\/posts\/4664\/revisions\/13407"}],"wp:featuredmedia":[{"embeddable":true,"href":"https:\/\/www.robertosedda.it\/index.php?rest_route=\/wp\/v2\/media\/4700"}],"wp:attachment":[{"href":"https:\/\/www.robertosedda.it\/index.php?rest_route=%2Fwp%2Fv2%2Fmedia&parent=4664"}],"wp:term":[{"taxonomy":"category","embeddable":true,"href":"https:\/\/www.robertosedda.it\/index.php?rest_route=%2Fwp%2Fv2%2Fcategories&post=4664"},{"taxonomy":"post_tag","embeddable":true,"href":"https:\/\/www.robertosedda.it\/index.php?rest_route=%2Fwp%2Fv2%2Ftags&post=4664"}],"curies":[{"name":"wp","href":"https:\/\/api.w.org\/{rel}","templated":true}]}}