{"id":4504,"date":"2013-09-25T20:07:50","date_gmt":"2013-09-25T18:07:50","guid":{"rendered":"http:\/\/www.robertosedda.it\/?p=4504"},"modified":"2013-09-25T20:07:50","modified_gmt":"2013-09-25T18:07:50","slug":"la-mia-vita-con-il-papa-levento-1","status":"publish","type":"post","link":"https:\/\/www.robertosedda.it\/?p=4504","title":{"rendered":"La mia vita con il Papa &#8211; l&#8217;evento (1)"},"content":{"rendered":"<p>Prima di tutto vi rassicuro: <a title=\"La mia vita con il Papa \u2013 le premesse\" href=\"http:\/\/www.robertosedda.it\/?p=4489\">sono tornato a casa<\/a>, per giunta senza problemi. Se non ho scritto negli scorsi due giorni non \u00e8 perch\u00e9 vagavo alla ricerca di una varco nelle transenne ma perch\u00e9 si sono accumulate un po&#8217; di cose familiari\u00a0di altro genere.<\/p>\n<p>A proposito, per quelli che lo sapevano: il mitico Pino \u00e8 stato operato, \u00e8 andato tutto bene, la frattura \u00e8 a posto e adesso inizia il periodo seccante delle rieducazione, ma il peggio dovrebbe essere passato.<\/p>\n<p>Per il resto, la giornata di domenica ha avuto alcuni momenti impagabili, altri belli e altri ancora meno belli. Questo \u00e8 pi\u00f9 o meno come ho vissuto io la venuta del Papa a Cagliari.<\/p>\n<h2>All&#8217;alba<\/h2>\n<p>Le nostre ospiti, che io avevo atteso fino a mezzanotte e mezzo, sono arrivate dopo l&#8217;una di notte, oltretutto imbufalite (per motivi del tutto slegati dalla visita papale e che magari saranno narrati un&#8217;altra volta). Dato che io avevo fatto il primo turno di veglia nella notte \u00e8 stata Maria Bonaria ad accoglierle.<\/p>\n<p>Alle quattro sono arrivate le infioratrici, praticamente di soppiatto. Si sono lavate, hanno approfittato del the e biscotti\u00a0e se ne sono andate, in punta di piedi come tutta la loro visita: al mattino il bagno sembrava peraltro intonso, e Maria Bonaria ha commentato: \u00abSi vede che sono donne, pensa\u00a0come l&#8217;avrebbero lasciato dieci uomini\u00bb.<\/p>\n<p>Comunque Maria Bonaria era soddisfatta: abbiamo gestito senza problemi ospitalit\u00e0 per una quindicina di persone, che tutto sommato\u00a0\u00e8 un piccolo risultato\u00a0(una delle signore ci ha chiesto: \u00abMa questo \u00e8 un <em>bed &amp; breakfatst<\/em>, vero?\u00bb. No, ci piace solo avere gente per casa).<\/p>\n<p><a href=\"https:\/\/i0.wp.com\/www.robertosedda.it\/wp-content\/uploads\/2013\/09\/Papa-Francesco-Cagliari-notte.jpg\"><img data-attachment-id=\"4506\" data-permalink=\"https:\/\/www.robertosedda.it\/?attachment_id=4506\" data-orig-file=\"https:\/\/i0.wp.com\/www.robertosedda.it\/wp-content\/uploads\/2013\/09\/Papa-Francesco-Cagliari-notte.jpg?fit=960%2C720&amp;ssl=1\" data-orig-size=\"960,720\" data-comments-opened=\"1\" data-image-meta=\"{&quot;aperture&quot;:&quot;0&quot;,&quot;credit&quot;:&quot;&quot;,&quot;camera&quot;:&quot;&quot;,&quot;caption&quot;:&quot;&quot;,&quot;created_timestamp&quot;:&quot;0&quot;,&quot;copyright&quot;:&quot;&quot;,&quot;focal_length&quot;:&quot;0&quot;,&quot;iso&quot;:&quot;0&quot;,&quot;shutter_speed&quot;:&quot;0&quot;,&quot;title&quot;:&quot;&quot;}\" data-image-title=\"Papa Francesco Cagliari notte\" data-image-description=\"\" data-image-caption=\"\" data-medium-file=\"https:\/\/i0.wp.com\/www.robertosedda.it\/wp-content\/uploads\/2013\/09\/Papa-Francesco-Cagliari-notte.jpg?fit=300%2C225&amp;ssl=1\" data-large-file=\"https:\/\/i0.wp.com\/www.robertosedda.it\/wp-content\/uploads\/2013\/09\/Papa-Francesco-Cagliari-notte.jpg?fit=510%2C383&amp;ssl=1\" decoding=\"async\" loading=\"lazy\" class=\"alignright size-medium wp-image-4506\" alt=\"Papa Francesco Cagliari notte\" src=\"https:\/\/i0.wp.com\/www.robertosedda.it\/wp-content\/uploads\/2013\/09\/Papa-Francesco-Cagliari-notte-300x225.jpg?resize=300%2C225\" width=\"300\" height=\"225\" srcset=\"https:\/\/i0.wp.com\/www.robertosedda.it\/wp-content\/uploads\/2013\/09\/Papa-Francesco-Cagliari-notte.jpg?resize=300%2C225&amp;ssl=1 300w, https:\/\/i0.wp.com\/www.robertosedda.it\/wp-content\/uploads\/2013\/09\/Papa-Francesco-Cagliari-notte.jpg?resize=150%2C112&amp;ssl=1 150w, https:\/\/i0.wp.com\/www.robertosedda.it\/wp-content\/uploads\/2013\/09\/Papa-Francesco-Cagliari-notte.jpg?resize=268%2C200&amp;ssl=1 268w, https:\/\/i0.wp.com\/www.robertosedda.it\/wp-content\/uploads\/2013\/09\/Papa-Francesco-Cagliari-notte.jpg?resize=700%2C525&amp;ssl=1 700w, https:\/\/i0.wp.com\/www.robertosedda.it\/wp-content\/uploads\/2013\/09\/Papa-Francesco-Cagliari-notte.jpg?w=960&amp;ssl=1 960w\" sizes=\"(max-width: 300px) 100vw, 300px\" data-recalc-dims=\"1\" \/><\/a>Alle sei, un po&#8217; brancolanti nel buio, siamo usciti anche noi, convinti che la citt\u00e0 sarebbe stata deserta. Per la verit\u00e0 sotto casa nostra non si \u00e8 mai dormito: c&#8217;\u00e8 stato un viavai continuo di volontari, mezzi dell&#8217;organizzazione&#8230; e imboscati: nella strada un paio di androni erano occupati da persone che, prive di <em>pass<\/em>, si erano piazzate con largo anticipo all&#8217;interno della zona da chiudere per potere comunque vedere il Papa, e mi hanno detto che lo stesso \u00e8 capitato anche altrove.<\/p>\n<p>In ogni caso gi\u00e0 a quell&#8217;ora del mattino la citt\u00e0 era in piena ebollizione: il varco di accesso per la Messa era proprio all&#8217;inizio della strada in cui abito e parecchi gruppi cominciavano a filtrare. Davanti a noi si \u00e8 palesata la comitiva di Assemini dell&#8217;Azione Cattolica, con Matteo Venturelli in testa, che guadagnava la postazione con sole tre ore di anticipo. Baci e abbracci e poi via:\u00a0noi dovevamo andare in\u00a0direzione totalmente opposta, verso il Largo Carlo Felice.<\/p>\n<p><a href=\"https:\/\/i0.wp.com\/www.robertosedda.it\/wp-content\/uploads\/2013\/09\/Papa-Francesco-Cagliari-comunit\u00e0-filippina.jpg\"><img data-attachment-id=\"4507\" data-permalink=\"https:\/\/www.robertosedda.it\/?attachment_id=4507\" data-orig-file=\"https:\/\/i0.wp.com\/www.robertosedda.it\/wp-content\/uploads\/2013\/09\/Papa-Francesco-Cagliari-comunit\u00e0-filippina.jpg?fit=960%2C720&amp;ssl=1\" data-orig-size=\"960,720\" data-comments-opened=\"1\" data-image-meta=\"{&quot;aperture&quot;:&quot;0&quot;,&quot;credit&quot;:&quot;&quot;,&quot;camera&quot;:&quot;&quot;,&quot;caption&quot;:&quot;&quot;,&quot;created_timestamp&quot;:&quot;0&quot;,&quot;copyright&quot;:&quot;&quot;,&quot;focal_length&quot;:&quot;0&quot;,&quot;iso&quot;:&quot;0&quot;,&quot;shutter_speed&quot;:&quot;0&quot;,&quot;title&quot;:&quot;&quot;}\" data-image-title=\"Papa Francesco Cagliari comunit\u00e0 filippina\" data-image-description=\"\" data-image-caption=\"\" data-medium-file=\"https:\/\/i0.wp.com\/www.robertosedda.it\/wp-content\/uploads\/2013\/09\/Papa-Francesco-Cagliari-comunit\u00e0-filippina.jpg?fit=300%2C225&amp;ssl=1\" data-large-file=\"https:\/\/i0.wp.com\/www.robertosedda.it\/wp-content\/uploads\/2013\/09\/Papa-Francesco-Cagliari-comunit\u00e0-filippina.jpg?fit=510%2C383&amp;ssl=1\" decoding=\"async\" loading=\"lazy\" class=\"alignleft size-medium wp-image-4507\" alt=\"Papa Francesco Cagliari comunit\u00e0 filippina\" src=\"https:\/\/i0.wp.com\/www.robertosedda.it\/wp-content\/uploads\/2013\/09\/Papa-Francesco-Cagliari-comunit\u00e0-filippina-300x225.jpg?resize=300%2C225\" width=\"300\" height=\"225\" srcset=\"https:\/\/i0.wp.com\/www.robertosedda.it\/wp-content\/uploads\/2013\/09\/Papa-Francesco-Cagliari-comunit\u00e0-filippina.jpg?resize=300%2C225&amp;ssl=1 300w, https:\/\/i0.wp.com\/www.robertosedda.it\/wp-content\/uploads\/2013\/09\/Papa-Francesco-Cagliari-comunit\u00e0-filippina.jpg?resize=150%2C112&amp;ssl=1 150w, https:\/\/i0.wp.com\/www.robertosedda.it\/wp-content\/uploads\/2013\/09\/Papa-Francesco-Cagliari-comunit\u00e0-filippina.jpg?resize=268%2C200&amp;ssl=1 268w, https:\/\/i0.wp.com\/www.robertosedda.it\/wp-content\/uploads\/2013\/09\/Papa-Francesco-Cagliari-comunit\u00e0-filippina.jpg?resize=700%2C525&amp;ssl=1 700w, https:\/\/i0.wp.com\/www.robertosedda.it\/wp-content\/uploads\/2013\/09\/Papa-Francesco-Cagliari-comunit\u00e0-filippina.jpg?w=960&amp;ssl=1 960w\" sizes=\"(max-width: 300px) 100vw, 300px\" data-recalc-dims=\"1\" \/><\/a>Lungo tutto il percorso papale c&#8217;era gi\u00e0 gente assiepata. All&#8217;angolo, davanti alla RAI, si era sistemato un folto gruppo\u00a0di filippini: organizzatissimi, con almeno un paio di bandiere a testa, sia di quelle bianco-gialle del Vaticano che le loro nazionali: e al passaggio di chiunque, equanimi, le agitavano per fare festa.<\/p>\n<p>Maria Bonaria mi ha suggerito: \u00abGrida <em>viva le Filippine<\/em>, vedrai che esce una bella foto\u00bb, ma io un po&#8217; mi sono vergognato, e quindi ho perso l&#8217;occasione.<\/p>\n<h2>Un gruppo un po&#8217; disorganizzato<\/h2>\n<p>Col gruppo &#8220;La Pira&#8221; l&#8217;appuntamento era all&#8217;edicola all&#8217;inizio della via Roma: molto lontano dal nostro ingresso in via Sardegna, la via delle trattorie di pesce della citt\u00e0, ma non sapendo se via Roma sarebbe stata bloccata eravamo pronti a\u00a0fare in alternativa viale Regina Margherita per arrivare al punto: un altro esempio della paranoia organizzativa che ha assalito tutti in vista della presunta complicazione dell&#8217;evento: in realt\u00e0 via Roma era libera (non sgombra, c&#8217;era gi\u00e0 una marea di persone) e i percorsi semplicissimi e ben delineati.<\/p>\n<p>Comunque, ci troviamo regolarmente l\u00ec alle sette, e regolarmente manca met\u00e0 della gente prevista. Nei primi cinque minuti sei occupato con baci, abbracci e informazioni sulla salute del mitico Pino, e non ci fai caso. Poi arriva Alberto, che \u00e8 riuscito a posizionarsi dalla parte sbagliata delle transenne, e si apre il dibattito se gli convenga andare avanti alla ricerca di un varco o tornare indietro. E cos\u00ec ci passano un altro paio di minuti. Nel frattempo arrivano un altro paio di ritardatari, e passa qualche altro minuto di baci, abbracci e commenti sul freschetto pungente dell&#8217;alba.<\/p>\n<p>Poi, come di comune accordo, ci si attacca freneticamente ai cellulari per scoprire dove diamine sono gli altri che ancora mancano.<\/p>\n<p><a href=\"https:\/\/i0.wp.com\/www.robertosedda.it\/wp-content\/uploads\/2013\/09\/Papa-Francesco-Cagliari-foto-gruppo.jpg\"><img data-attachment-id=\"4513\" data-permalink=\"https:\/\/www.robertosedda.it\/?attachment_id=4513\" data-orig-file=\"https:\/\/i0.wp.com\/www.robertosedda.it\/wp-content\/uploads\/2013\/09\/Papa-Francesco-Cagliari-foto-gruppo.jpg?fit=960%2C720&amp;ssl=1\" data-orig-size=\"960,720\" data-comments-opened=\"1\" data-image-meta=\"{&quot;aperture&quot;:&quot;0&quot;,&quot;credit&quot;:&quot;&quot;,&quot;camera&quot;:&quot;&quot;,&quot;caption&quot;:&quot;&quot;,&quot;created_timestamp&quot;:&quot;0&quot;,&quot;copyright&quot;:&quot;&quot;,&quot;focal_length&quot;:&quot;0&quot;,&quot;iso&quot;:&quot;0&quot;,&quot;shutter_speed&quot;:&quot;0&quot;,&quot;title&quot;:&quot;&quot;}\" data-image-title=\"Papa Francesco Cagliari foto gruppo\" data-image-description=\"\" data-image-caption=\"\" data-medium-file=\"https:\/\/i0.wp.com\/www.robertosedda.it\/wp-content\/uploads\/2013\/09\/Papa-Francesco-Cagliari-foto-gruppo.jpg?fit=300%2C225&amp;ssl=1\" data-large-file=\"https:\/\/i0.wp.com\/www.robertosedda.it\/wp-content\/uploads\/2013\/09\/Papa-Francesco-Cagliari-foto-gruppo.jpg?fit=510%2C383&amp;ssl=1\" decoding=\"async\" loading=\"lazy\" class=\"alignright size-medium wp-image-4513\" alt=\"Papa Francesco Cagliari foto gruppo\" src=\"https:\/\/i0.wp.com\/www.robertosedda.it\/wp-content\/uploads\/2013\/09\/Papa-Francesco-Cagliari-foto-gruppo-300x225.jpg?resize=300%2C225\" width=\"300\" height=\"225\" srcset=\"https:\/\/i0.wp.com\/www.robertosedda.it\/wp-content\/uploads\/2013\/09\/Papa-Francesco-Cagliari-foto-gruppo.jpg?resize=300%2C225&amp;ssl=1 300w, https:\/\/i0.wp.com\/www.robertosedda.it\/wp-content\/uploads\/2013\/09\/Papa-Francesco-Cagliari-foto-gruppo.jpg?resize=150%2C112&amp;ssl=1 150w, https:\/\/i0.wp.com\/www.robertosedda.it\/wp-content\/uploads\/2013\/09\/Papa-Francesco-Cagliari-foto-gruppo.jpg?resize=268%2C200&amp;ssl=1 268w, https:\/\/i0.wp.com\/www.robertosedda.it\/wp-content\/uploads\/2013\/09\/Papa-Francesco-Cagliari-foto-gruppo.jpg?resize=700%2C525&amp;ssl=1 700w, https:\/\/i0.wp.com\/www.robertosedda.it\/wp-content\/uploads\/2013\/09\/Papa-Francesco-Cagliari-foto-gruppo.jpg?w=960&amp;ssl=1 960w\" sizes=\"(max-width: 300px) 100vw, 300px\" data-recalc-dims=\"1\" \/><\/a>Paolo e Elisabetta sono in arrivo, ci raggiungeranno. E poi manca Laura, che diciamo non \u00e8 nota per la puntualit\u00e0 (ti voglio bene, Laura!). Invece non \u00e8 colpa sua:\u00a0 si \u00e8 dispersa da qualche parte oltre <em>Su Siccu<\/em> e pare in emergenza totale, ma non possiamo fare niente per lei. Teniamo accesi i cellulari e suggerendo via via percorsi alternativi, probabili e improbabili, ci avviamo almeno un po&#8217; pi\u00f9 avanti.<\/p>\n<p>Paolo e Elisabetta, alla fine, ci raggiungono velocemente. Laura invece avr\u00e0 pi\u00f9 problemi, e dovremo aspettarla, ma comunque ben presto non c&#8217;\u00e8 pi\u00f9 emergenza: sappiamo che \u00e8 emersa dal labirinto di transenne dietro piazza dei Centomila e deve solo recuperare il ritardo, male che vada entrer\u00e0 da sola.<\/p>\n<p>A questo punto tutto \u00e8 a posto, possiamo andare. Momento! Dove sono Paolo e Alberto? I due pi\u00f9 goderecci del gruppo sono andati a farsi un caff\u00e8, un&#8217;idea originale che nello stesso momento hanno avuto solo circa altri diecimila pellegrini, cos\u00ec tutti i bar di via Roma sono strapieni e loro sono bloccati. Qualcuno comincia a temere di non\u00a0fare in tempo a\u00a0entrare, di questo passo, ma alla fine la coppia di caffeinomani \u00e8 recuperata e ormai siamo pronti: <em>allora, via, tirate fuori il <\/em>pass<em>, preparate il documento di identit\u00e0<\/em>&#8230;<\/p>\n<p><em>Documento di identit\u00e0?!<\/em><\/p>\n<p>A sorpresa Grazia, fino ad allora inappuntabile organizzatrice della spedizione, e <em>esattamente<\/em> quella che si era raccomandata di portare i documenti, ha cambiato borsa e ha lasciato la carta d&#8217;identit\u00e0 a casa. Ahia.<\/p>\n<p><a href=\"https:\/\/i0.wp.com\/www.robertosedda.it\/wp-content\/uploads\/2013\/09\/Papa-Francesco-Cagliari-Laura.jpg\"><img data-attachment-id=\"4508\" data-permalink=\"https:\/\/www.robertosedda.it\/?attachment_id=4508\" data-orig-file=\"https:\/\/i0.wp.com\/www.robertosedda.it\/wp-content\/uploads\/2013\/09\/Papa-Francesco-Cagliari-Laura.jpg?fit=960%2C720&amp;ssl=1\" data-orig-size=\"960,720\" data-comments-opened=\"1\" data-image-meta=\"{&quot;aperture&quot;:&quot;0&quot;,&quot;credit&quot;:&quot;&quot;,&quot;camera&quot;:&quot;&quot;,&quot;caption&quot;:&quot;&quot;,&quot;created_timestamp&quot;:&quot;0&quot;,&quot;copyright&quot;:&quot;&quot;,&quot;focal_length&quot;:&quot;0&quot;,&quot;iso&quot;:&quot;0&quot;,&quot;shutter_speed&quot;:&quot;0&quot;,&quot;title&quot;:&quot;&quot;}\" data-image-title=\"Papa Francesco Cagliari Laura\" data-image-description=\"\" data-image-caption=\"\" data-medium-file=\"https:\/\/i0.wp.com\/www.robertosedda.it\/wp-content\/uploads\/2013\/09\/Papa-Francesco-Cagliari-Laura.jpg?fit=300%2C225&amp;ssl=1\" data-large-file=\"https:\/\/i0.wp.com\/www.robertosedda.it\/wp-content\/uploads\/2013\/09\/Papa-Francesco-Cagliari-Laura.jpg?fit=510%2C383&amp;ssl=1\" decoding=\"async\" loading=\"lazy\" class=\"alignleft size-medium wp-image-4508\" alt=\"Papa Francesco Cagliari Laura\" src=\"https:\/\/i0.wp.com\/www.robertosedda.it\/wp-content\/uploads\/2013\/09\/Papa-Francesco-Cagliari-Laura-300x225.jpg?resize=300%2C225\" width=\"300\" height=\"225\" srcset=\"https:\/\/i0.wp.com\/www.robertosedda.it\/wp-content\/uploads\/2013\/09\/Papa-Francesco-Cagliari-Laura.jpg?resize=300%2C225&amp;ssl=1 300w, https:\/\/i0.wp.com\/www.robertosedda.it\/wp-content\/uploads\/2013\/09\/Papa-Francesco-Cagliari-Laura.jpg?resize=150%2C112&amp;ssl=1 150w, https:\/\/i0.wp.com\/www.robertosedda.it\/wp-content\/uploads\/2013\/09\/Papa-Francesco-Cagliari-Laura.jpg?resize=268%2C200&amp;ssl=1 268w, https:\/\/i0.wp.com\/www.robertosedda.it\/wp-content\/uploads\/2013\/09\/Papa-Francesco-Cagliari-Laura.jpg?resize=700%2C525&amp;ssl=1 700w, https:\/\/i0.wp.com\/www.robertosedda.it\/wp-content\/uploads\/2013\/09\/Papa-Francesco-Cagliari-Laura.jpg?w=960&amp;ssl=1 960w\" sizes=\"(max-width: 300px) 100vw, 300px\" data-recalc-dims=\"1\" \/><\/a>Anche Laura non ha documenti, ma questo \u00e8 meno sorprendente (ti voglio bene, Laura!).<\/p>\n<p>Mentre ci avviamo verso il punto d&#8217;ingresso, vengono elaborate diverse strategie: si suggerisce di tenere le due in mezzo al gruppo e passare velocemente, in modo che il controllo non sia accurato (una cosa che si faceva da ragazzini allo stadio). Grazia recupera tutti i documenti con cui ha gestito l&#8217;organizzazione del gruppo e si prepara a uno sfibrante mostra e dimostra. Laura propone di fare la faccia da brave ragazze. In realt\u00e0 niente di questo sar\u00e0 necessario: basta il <em>pass<\/em> ed entriamo tutti, senza problemi.<\/p>\n<h2>Pensieri nell&#8217;attesa<\/h2>\n<p>Manca ancora almeno un&#8217;ora, ma nel settore di pubblico a noi destinato c&#8217;\u00e8 gi\u00e0 parecchia gente (alla fine comunque non si riempir\u00e0 mai del tutto) e i posti vicino alle transenne sono gi\u00e0 tutti occupati. Noi ci disponiamo un po&#8217; in alto, e ci rendiamo conto che anche se non siamo vicinissimi il palco si vede benissimo.<\/p>\n<p><a href=\"https:\/\/i0.wp.com\/www.robertosedda.it\/wp-content\/uploads\/2013\/09\/Papa-Francesco-Cagliari-Alberto.jpg\"><img data-attachment-id=\"4511\" data-permalink=\"https:\/\/www.robertosedda.it\/?attachment_id=4511\" data-orig-file=\"https:\/\/i0.wp.com\/www.robertosedda.it\/wp-content\/uploads\/2013\/09\/Papa-Francesco-Cagliari-Alberto.jpg?fit=960%2C720&amp;ssl=1\" data-orig-size=\"960,720\" data-comments-opened=\"1\" data-image-meta=\"{&quot;aperture&quot;:&quot;0&quot;,&quot;credit&quot;:&quot;&quot;,&quot;camera&quot;:&quot;&quot;,&quot;caption&quot;:&quot;&quot;,&quot;created_timestamp&quot;:&quot;0&quot;,&quot;copyright&quot;:&quot;&quot;,&quot;focal_length&quot;:&quot;0&quot;,&quot;iso&quot;:&quot;0&quot;,&quot;shutter_speed&quot;:&quot;0&quot;,&quot;title&quot;:&quot;&quot;}\" data-image-title=\"Papa Francesco Cagliari Alberto\" data-image-description=\"\" data-image-caption=\"\" data-medium-file=\"https:\/\/i0.wp.com\/www.robertosedda.it\/wp-content\/uploads\/2013\/09\/Papa-Francesco-Cagliari-Alberto.jpg?fit=300%2C225&amp;ssl=1\" data-large-file=\"https:\/\/i0.wp.com\/www.robertosedda.it\/wp-content\/uploads\/2013\/09\/Papa-Francesco-Cagliari-Alberto.jpg?fit=510%2C383&amp;ssl=1\" decoding=\"async\" loading=\"lazy\" class=\"alignright size-medium wp-image-4511\" alt=\"Papa Francesco Cagliari Alberto\" src=\"https:\/\/i0.wp.com\/www.robertosedda.it\/wp-content\/uploads\/2013\/09\/Papa-Francesco-Cagliari-Alberto-300x225.jpg?resize=300%2C225\" width=\"300\" height=\"225\" srcset=\"https:\/\/i0.wp.com\/www.robertosedda.it\/wp-content\/uploads\/2013\/09\/Papa-Francesco-Cagliari-Alberto.jpg?resize=300%2C225&amp;ssl=1 300w, https:\/\/i0.wp.com\/www.robertosedda.it\/wp-content\/uploads\/2013\/09\/Papa-Francesco-Cagliari-Alberto.jpg?resize=150%2C112&amp;ssl=1 150w, https:\/\/i0.wp.com\/www.robertosedda.it\/wp-content\/uploads\/2013\/09\/Papa-Francesco-Cagliari-Alberto.jpg?resize=268%2C200&amp;ssl=1 268w, https:\/\/i0.wp.com\/www.robertosedda.it\/wp-content\/uploads\/2013\/09\/Papa-Francesco-Cagliari-Alberto.jpg?resize=700%2C525&amp;ssl=1 700w, https:\/\/i0.wp.com\/www.robertosedda.it\/wp-content\/uploads\/2013\/09\/Papa-Francesco-Cagliari-Alberto.jpg?w=960&amp;ssl=1 960w\" sizes=\"(max-width: 300px) 100vw, 300px\" data-recalc-dims=\"1\" \/><\/a>A proposito di vedere: Alberto, che prima di uscire ha fatto in tempo a leggere il mio articolo e sa la storia dei cecchini sul terrazzo, mi fa notare un gruppetto di agenti sul tetto del Comune, dotati dei pi\u00f9 grossi binocoli che abbia mai visto, che esaminano centimetro per centimetro la folla. Fucili comunque non se ne vedono: credo che lo strumento d&#8217;elezione per reprimere minacce sia una radiolina con cui allertare le squadre a terra. \u00abControllano quelli che potrebbero fare casino\u00bb, mi dice con aria saputa, indicando alcuni gruppi di persone- non dir\u00f2 mai chi erano, secondo lui, le potenziali minacce, ma su quell&#8217;onda inizia un bizzarro discorso in cui facciamo la conta di chi di noi potrebbe essere stato schedato dalla polizia: io ai tempi in cui facevo il mediatore alle riunioni della <em>Rete Lilliput<\/em> in vista del <em>G8<\/em> di Genova, lui come indipendentista, quell&#8217;altra perch\u00e9 stava nella <em>pantera<\/em> all&#8217;Universit\u00e0, e cos\u00ec via: uno strano modo di attendere il Papa, o forse un modo normale di essere cinquantenni e ancora sani, non so.<\/p>\n<p><a href=\"https:\/\/i0.wp.com\/www.robertosedda.it\/wp-content\/uploads\/2013\/09\/Papa-Francesco-Cagliari-titolo-Unione.jpg\"><img data-attachment-id=\"4514\" data-permalink=\"https:\/\/www.robertosedda.it\/?attachment_id=4514\" data-orig-file=\"https:\/\/i0.wp.com\/www.robertosedda.it\/wp-content\/uploads\/2013\/09\/Papa-Francesco-Cagliari-titolo-Unione.jpg?fit=960%2C720&amp;ssl=1\" data-orig-size=\"960,720\" data-comments-opened=\"1\" data-image-meta=\"{&quot;aperture&quot;:&quot;0&quot;,&quot;credit&quot;:&quot;&quot;,&quot;camera&quot;:&quot;&quot;,&quot;caption&quot;:&quot;&quot;,&quot;created_timestamp&quot;:&quot;0&quot;,&quot;copyright&quot;:&quot;&quot;,&quot;focal_length&quot;:&quot;0&quot;,&quot;iso&quot;:&quot;0&quot;,&quot;shutter_speed&quot;:&quot;0&quot;,&quot;title&quot;:&quot;&quot;}\" data-image-title=\"Papa Francesco Cagliari titolo Unione\" data-image-description=\"\" data-image-caption=\"\" data-medium-file=\"https:\/\/i0.wp.com\/www.robertosedda.it\/wp-content\/uploads\/2013\/09\/Papa-Francesco-Cagliari-titolo-Unione.jpg?fit=300%2C225&amp;ssl=1\" data-large-file=\"https:\/\/i0.wp.com\/www.robertosedda.it\/wp-content\/uploads\/2013\/09\/Papa-Francesco-Cagliari-titolo-Unione.jpg?fit=510%2C383&amp;ssl=1\" decoding=\"async\" loading=\"lazy\" class=\"alignright size-medium wp-image-4514\" alt=\"Papa Francesco Cagliari titolo Unione\" src=\"https:\/\/i0.wp.com\/www.robertosedda.it\/wp-content\/uploads\/2013\/09\/Papa-Francesco-Cagliari-titolo-Unione-300x225.jpg?resize=300%2C225\" width=\"300\" height=\"225\" srcset=\"https:\/\/i0.wp.com\/www.robertosedda.it\/wp-content\/uploads\/2013\/09\/Papa-Francesco-Cagliari-titolo-Unione.jpg?resize=300%2C225&amp;ssl=1 300w, https:\/\/i0.wp.com\/www.robertosedda.it\/wp-content\/uploads\/2013\/09\/Papa-Francesco-Cagliari-titolo-Unione.jpg?resize=150%2C112&amp;ssl=1 150w, https:\/\/i0.wp.com\/www.robertosedda.it\/wp-content\/uploads\/2013\/09\/Papa-Francesco-Cagliari-titolo-Unione.jpg?resize=268%2C200&amp;ssl=1 268w, https:\/\/i0.wp.com\/www.robertosedda.it\/wp-content\/uploads\/2013\/09\/Papa-Francesco-Cagliari-titolo-Unione.jpg?resize=700%2C525&amp;ssl=1 700w, https:\/\/i0.wp.com\/www.robertosedda.it\/wp-content\/uploads\/2013\/09\/Papa-Francesco-Cagliari-titolo-Unione.jpg?w=960&amp;ssl=1 960w\" sizes=\"(max-width: 300px) 100vw, 300px\" data-recalc-dims=\"1\" \/><\/a>Abbiamo il tempo, poi, di commentare la prima pagina dell&#8217;<em>Unione Sarda<\/em>. <a title=\"Io non sono sardo (o meglio: io si, voi non so)\" href=\"http:\/\/www.robertosedda.it\/?p=4245\">A me pare un esempio del peggior provincialismo se non peggio<\/a>, ma Alberto \u00e8 di diverso parere e inavvertitamente parte una discussione sul sardo, la lingua e tutto il resto, discussione nella quale, temo, mi rendo un po&#8217; sgradevole, ma che mi fa venire in mente che devo chiarirmi le idee in merito, prima di tutto con me stesso: probabilmente ci far\u00f2 su un <em>post<\/em> nei prossimi giorni (purtroppo per voi). E poi naturalmente c&#8217;\u00e8 il fatto che durante la giornata tutti, ma proprio tutti, faranno a gara a fare saluti in sardo, compreso il Papa: ma a lui magari gliel&#8217;hanno suggerito, Cappellacci, Zedda e l&#8217;<em>Unione<\/em> hanno fatto tutto da soli.<\/p>\n<p>Un po&#8217; mi ricordo una cosa che mi riferirono a suo tempo dell&#8217;Arcivescovo Mani: che gli avevano suggerito prima che venisse in Sardegna di non offendere la sensibilit\u00e0 dei sardi per le loro tradizioni e per il resto di andare tranquillo; e infatti lui sulle confraternite e la religiosit\u00e0 popolare ci imperni\u00f2 la pastorale. Si \u00e8 visto com&#8217;\u00e8 finita, e magari non sempre il rispetto per aspetti folkloristici \u00e8 rispetto per il popolo, temo: anche del Papa quel che conta \u00e8 tutto il resto che ha detto, non quelle due frasette, e a maggior ragione Cappellacci e Zedda saranno rispettabili o non rispettabili per la fedelt\u00e0 che portano o non portano al loro popolo, non per saper trarre dal cilindro due frasi in croce.<\/p>\n<p>Che poi, pensa che sfortuna se l&#8217;altro usa la stessa frase che ti sei preparato te. Ma forse si sono sentiti prima: \u00abTu che dirai? <em>Deu si du paghidi<\/em>? Ah, benissimo, allora io dico <em>Beni beniu<\/em>. Come? L&#8217;ha gi\u00e0 scelta Anthony? Giovane e coraggioso come al solito. Allora io dico: <em>a si biri in paxi e in saludi<\/em>\u00bb. Magari Cappellacci e Zedda non si sentono di persona ma per queste cose ci sono gli <em>sherpa<\/em>, che preparano il tavolo per la spartizione delle frasi in sardo. Chiss\u00e0.<\/p>\n<p>L&#8217;attesa per il resto \u00e8 come tute le attese di questo mondo, e ci si distrae come si pu\u00f2: a un certo punto passa un aereo <em>Ryan Air<\/em> bianco, giallo e blu e tutti applaudono, pensando che sia l&#8217;aereo del Papa. Poi ne passa un altro, e dicono che \u00e8 quello giusto, e applaudono di nuovo. Come si faceva allo stadio da ragazzini cominciamo a gridare: \u00abEccolo! Eccolo!!\u00bb ad ogni nuovo aereo che passa, e tutti ogni volta saltano su a guardare il cielo, come se fosse possibile vedere Francesco che si sporge dai finestrini e saluta.<\/p>\n<p><a href=\"https:\/\/i0.wp.com\/www.robertosedda.it\/wp-content\/uploads\/2013\/09\/Papa-Francesco-Cagliari-Bonaria-Valentina.jpg\"><img data-attachment-id=\"4515\" data-permalink=\"https:\/\/www.robertosedda.it\/?attachment_id=4515\" data-orig-file=\"https:\/\/i0.wp.com\/www.robertosedda.it\/wp-content\/uploads\/2013\/09\/Papa-Francesco-Cagliari-Bonaria-Valentina.jpg?fit=960%2C720&amp;ssl=1\" data-orig-size=\"960,720\" data-comments-opened=\"1\" data-image-meta=\"{&quot;aperture&quot;:&quot;0&quot;,&quot;credit&quot;:&quot;&quot;,&quot;camera&quot;:&quot;&quot;,&quot;caption&quot;:&quot;&quot;,&quot;created_timestamp&quot;:&quot;0&quot;,&quot;copyright&quot;:&quot;&quot;,&quot;focal_length&quot;:&quot;0&quot;,&quot;iso&quot;:&quot;0&quot;,&quot;shutter_speed&quot;:&quot;0&quot;,&quot;title&quot;:&quot;&quot;}\" data-image-title=\"Papa Francesco Cagliari Bonaria Valentina\" data-image-description=\"\" data-image-caption=\"\" data-medium-file=\"https:\/\/i0.wp.com\/www.robertosedda.it\/wp-content\/uploads\/2013\/09\/Papa-Francesco-Cagliari-Bonaria-Valentina.jpg?fit=300%2C225&amp;ssl=1\" data-large-file=\"https:\/\/i0.wp.com\/www.robertosedda.it\/wp-content\/uploads\/2013\/09\/Papa-Francesco-Cagliari-Bonaria-Valentina.jpg?fit=510%2C383&amp;ssl=1\" decoding=\"async\" loading=\"lazy\" class=\"alignleft size-medium wp-image-4515\" alt=\"Papa Francesco Cagliari Bonaria Valentina\" src=\"https:\/\/i0.wp.com\/www.robertosedda.it\/wp-content\/uploads\/2013\/09\/Papa-Francesco-Cagliari-Bonaria-Valentina-300x225.jpg?resize=300%2C225\" width=\"300\" height=\"225\" srcset=\"https:\/\/i0.wp.com\/www.robertosedda.it\/wp-content\/uploads\/2013\/09\/Papa-Francesco-Cagliari-Bonaria-Valentina.jpg?resize=300%2C225&amp;ssl=1 300w, https:\/\/i0.wp.com\/www.robertosedda.it\/wp-content\/uploads\/2013\/09\/Papa-Francesco-Cagliari-Bonaria-Valentina.jpg?resize=150%2C112&amp;ssl=1 150w, https:\/\/i0.wp.com\/www.robertosedda.it\/wp-content\/uploads\/2013\/09\/Papa-Francesco-Cagliari-Bonaria-Valentina.jpg?resize=268%2C200&amp;ssl=1 268w, https:\/\/i0.wp.com\/www.robertosedda.it\/wp-content\/uploads\/2013\/09\/Papa-Francesco-Cagliari-Bonaria-Valentina.jpg?resize=700%2C525&amp;ssl=1 700w, https:\/\/i0.wp.com\/www.robertosedda.it\/wp-content\/uploads\/2013\/09\/Papa-Francesco-Cagliari-Bonaria-Valentina.jpg?w=960&amp;ssl=1 960w\" sizes=\"(max-width: 300px) 100vw, 300px\" data-recalc-dims=\"1\" \/><\/a>Mi dice Valentina: \u00ab\u00c8 troppo presto, \u00e8 partito da Ciampino alle otto meno un quarto\u00bb, ma non ci faccio caso. \u00c8 quando mi dice: \u00abHa imboccato viale Trieste\u00bb che la guardo perplesso. E lei come lo sa? Un&#8217;illuminazione? Capacit\u00e0 extrasensoriali? No, Gaetano \u00e8 a casa a guardare la televisione e ogni tanto la aggiorna: il che sar\u00e0 una delle caratteristiche della giornata, la commistione fra presenza diretta e presenza mediata, fra il pubblico presente fisicamente e quello alla <em>TV<\/em> o alla radio &#8211; e peraltro andrebbe considerato anche quello che assiste dai <em>maxischermi<\/em>, che sono una strana combinazione delle due cose, in fondo.<\/p>\n<p>Poi alla fine \u00e8 arrivato il Papa, ma qui \u00e8 arrivato anche il limite dello spazio, per non tediarvi troppo. Racconter\u00f2 il resto domani.<\/p>\n","protected":false},"excerpt":{"rendered":"<p>Prima di tutto vi rassicuro: sono tornato a casa, per giunta senza problemi. Se non ho scritto negli scorsi due<\/p>\n","protected":false},"author":1,"featured_media":4513,"comment_status":"open","ping_status":"open","sticky":false,"template":"","format":"standard","meta":{"_mi_skip_tracking":false,"_monsterinsights_sitenote_active":false,"_monsterinsights_sitenote_note":"","_monsterinsights_sitenote_category":0,"jetpack_post_was_ever_published":false,"_jetpack_newsletter_access":"","jetpack_publicize_message":"","jetpack_is_tweetstorm":false,"jetpack_publicize_feature_enabled":true,"jetpack_social_post_already_shared":false,"jetpack_social_options":{"image_generator_settings":{"template":"highway","enabled":false}}},"categories":[52,49,54,62,12],"tags":[],"jetpack_publicize_connections":[],"jetpack_featured_media_url":"https:\/\/i0.wp.com\/www.robertosedda.it\/wp-content\/uploads\/2013\/09\/Papa-Francesco-Cagliari-foto-gruppo.jpg?fit=960%2C720&ssl=1","jetpack_sharing_enabled":true,"jetpack_shortlink":"https:\/\/wp.me\/p4jV2T-1aE","jetpack_likes_enabled":true,"jetpack-related-posts":[{"id":4528,"url":"https:\/\/www.robertosedda.it\/?p=4528","url_meta":{"origin":4504,"position":0},"title":"La mia vita con il Papa &#8211; L&#8217;evento (2)","author":"Rufus","date":"09\/10\/2013","format":false,"excerpt":"\u00c8 ormai passato un po' di tempo\u00a0e qualcuno mi ha fatto notare che non ho finito di raccontare del Papa, quindi posto questo articolo che per qualche giorno \u00e8 rimasto in bozza. L'incontro coi lavoratori in Largo Carlo Felice Ci eravamo lasciati col gruppo \"La Pira\" in attesa del Papa\u2026","rel":"","context":"In &quot;Coordinate&quot;","block_context":{"text":"Coordinate","link":"https:\/\/www.robertosedda.it\/?cat=52"},"img":{"alt_text":"","src":"https:\/\/i0.wp.com\/www.robertosedda.it\/wp-content\/uploads\/2013\/10\/2013-09-22-15.32.14.jpg?fit=1200%2C900&ssl=1&resize=350%2C200","width":350,"height":200,"srcset":"https:\/\/i0.wp.com\/www.robertosedda.it\/wp-content\/uploads\/2013\/10\/2013-09-22-15.32.14.jpg?fit=1200%2C900&ssl=1&resize=350%2C200 1x, https:\/\/i0.wp.com\/www.robertosedda.it\/wp-content\/uploads\/2013\/10\/2013-09-22-15.32.14.jpg?fit=1200%2C900&ssl=1&resize=700%2C400 2x, https:\/\/i0.wp.com\/www.robertosedda.it\/wp-content\/uploads\/2013\/10\/2013-09-22-15.32.14.jpg?fit=1200%2C900&ssl=1&resize=1050%2C600 3x"},"classes":[]},{"id":15419,"url":"https:\/\/www.robertosedda.it\/?p=15419","url_meta":{"origin":4504,"position":1},"title":"Io, pap\u00e0 e il calcio","author":"Rufus","date":"03\/07\/2018","format":false,"excerpt":"Preavviso: roba totalmente personale, L'altro giorno, guardando una delle partite del Mondiale (non saprei quale, sto seguendo la competizione a sprazzi), ho visto un contropiede e ho pensato: \u00abMi sa mi sa che con questi contropiedi poi li fregano\u00bb. E ho sorriso. Non perch\u00e9 il pensiero fosse particolarmente intelligente o\u2026","rel":"","context":"In &quot;Coordinate&quot;","block_context":{"text":"Coordinate","link":"https:\/\/www.robertosedda.it\/?cat=52"},"img":{"alt_text":"","src":"https:\/\/i0.wp.com\/www.robertosedda.it\/wp-content\/uploads\/2018\/07\/Riva.jpg?fit=592%2C398&ssl=1&resize=350%2C200","width":350,"height":200},"classes":[]},{"id":7217,"url":"https:\/\/www.robertosedda.it\/?p=7217","url_meta":{"origin":4504,"position":2},"title":"Ho esplorato DeoSpace, social network cattolico","author":"Rufus","date":"28\/04\/2014","format":false,"excerpt":"Mentre cercavo una versione digitale del decreto\u00a0Inter Mirifica\u00a0del Concilio Vaticano II mi sono imbattuto in una serie di agenzie di stampa di fine marzo che annunciavano l'inaugurazione di un social network\u00a0 cattolico, di nome DeoSpace. Incuriosito ho seguito il\u00a0link e mi sono iscritto, vagabondandoci un po' dentro.\u00a0\u00c8 stata una sperimentazione\u2026","rel":"","context":"In &quot;Coordinate&quot;","block_context":{"text":"Coordinate","link":"https:\/\/www.robertosedda.it\/?cat=52"},"img":{"alt_text":"","src":"https:\/\/i0.wp.com\/www.robertosedda.it\/wp-content\/uploads\/2014\/04\/DeoSpace-3.jpg?fit=964%2C654&ssl=1&resize=350%2C200","width":350,"height":200,"srcset":"https:\/\/i0.wp.com\/www.robertosedda.it\/wp-content\/uploads\/2014\/04\/DeoSpace-3.jpg?fit=964%2C654&ssl=1&resize=350%2C200 1x, https:\/\/i0.wp.com\/www.robertosedda.it\/wp-content\/uploads\/2014\/04\/DeoSpace-3.jpg?fit=964%2C654&ssl=1&resize=700%2C400 2x"},"classes":[]},{"id":4489,"url":"https:\/\/www.robertosedda.it\/?p=4489","url_meta":{"origin":4504,"position":3},"title":"La mia vita con il Papa &#8211; le premesse","author":"Rufus","date":"22\/09\/2013","format":false,"excerpt":"Il Papa in Sardegna. A Cagliari. A Bonaria. Cio\u00e8... da me. Come tutti sanno domani il Papa viene a Cagliari. Forse non tutti invece sanno che casa mia \u00e8 esattamente al centro della zona focale della visita del Papa. Due mesi fa la cosa sembrava tanto carina: ci affacceremo al\u2026","rel":"","context":"In &quot;Coordinate&quot;","block_context":{"text":"Coordinate","link":"https:\/\/www.robertosedda.it\/?cat=52"},"img":{"alt_text":"","src":"https:\/\/i0.wp.com\/www.robertosedda.it\/wp-content\/uploads\/2013\/09\/ALIM3040.jpg?fit=1200%2C900&ssl=1&resize=350%2C200","width":350,"height":200,"srcset":"https:\/\/i0.wp.com\/www.robertosedda.it\/wp-content\/uploads\/2013\/09\/ALIM3040.jpg?fit=1200%2C900&ssl=1&resize=350%2C200 1x, https:\/\/i0.wp.com\/www.robertosedda.it\/wp-content\/uploads\/2013\/09\/ALIM3040.jpg?fit=1200%2C900&ssl=1&resize=700%2C400 2x, https:\/\/i0.wp.com\/www.robertosedda.it\/wp-content\/uploads\/2013\/09\/ALIM3040.jpg?fit=1200%2C900&ssl=1&resize=1050%2C600 3x"},"classes":[]},{"id":4667,"url":"https:\/\/www.robertosedda.it\/?p=4667","url_meta":{"origin":4504,"position":4},"title":"Un po&#8217; di foto etiche","author":"Rufus","date":"14\/10\/2013","format":"gallery","excerpt":"Sabato e domenica scorsi a La Costigliola, l'azienda agricola\u00a0e centro di formazione di\u00a0Banca Etica, c'\u00e8 stato un corso di aggiornamento per i coordinatori dei gruppi dei soci e ho scattato un po' di foto che metto qui in modo che chi vuole se le possa scaricare. Non ne ho fatto\u2026","rel":"","context":"In &quot;Banche e finanza&quot;","block_context":{"text":"Banche e finanza","link":"https:\/\/www.robertosedda.it\/?cat=72"},"img":{"alt_text":"","src":"https:\/\/i0.wp.com\/www.robertosedda.it\/wp-content\/uploads\/2013\/12\/Vigneto-Costigliola-4.jpg?resize=350%2C200","width":350,"height":200},"classes":[]},{"id":3396,"url":"https:\/\/www.robertosedda.it\/?p=3396","url_meta":{"origin":4504,"position":5},"title":"Sulle scarpe del Papa, il laicismo, la cattiva comunicazione via web e le raccolte fondi (phew!!)","author":"Rufus","date":"03\/06\/2013","format":false,"excerpt":"Ricevo oggi, tramite la lista di comunicazione del La Pira il seguente appello In occasione della visita del Papa a Bonaria, come cattolici sardi facciamoci carico delle spese di organizzazione. Esortiamo gli organizzatori a raccogliere lo stile di sobriet\u00e0 che papa Francesco sta testimoniando quotidianamente! Chiediamo inoltre che, in linea\u2026","rel":"","context":"In &quot;Coordinate&quot;","block_context":{"text":"Coordinate","link":"https:\/\/www.robertosedda.it\/?cat=52"},"img":{"alt_text":"","src":"","width":0,"height":0},"classes":[]}],"_links":{"self":[{"href":"https:\/\/www.robertosedda.it\/index.php?rest_route=\/wp\/v2\/posts\/4504"}],"collection":[{"href":"https:\/\/www.robertosedda.it\/index.php?rest_route=\/wp\/v2\/posts"}],"about":[{"href":"https:\/\/www.robertosedda.it\/index.php?rest_route=\/wp\/v2\/types\/post"}],"author":[{"embeddable":true,"href":"https:\/\/www.robertosedda.it\/index.php?rest_route=\/wp\/v2\/users\/1"}],"replies":[{"embeddable":true,"href":"https:\/\/www.robertosedda.it\/index.php?rest_route=%2Fwp%2Fv2%2Fcomments&post=4504"}],"version-history":[{"count":6,"href":"https:\/\/www.robertosedda.it\/index.php?rest_route=\/wp\/v2\/posts\/4504\/revisions"}],"predecessor-version":[{"id":4517,"href":"https:\/\/www.robertosedda.it\/index.php?rest_route=\/wp\/v2\/posts\/4504\/revisions\/4517"}],"wp:featuredmedia":[{"embeddable":true,"href":"https:\/\/www.robertosedda.it\/index.php?rest_route=\/wp\/v2\/media\/4513"}],"wp:attachment":[{"href":"https:\/\/www.robertosedda.it\/index.php?rest_route=%2Fwp%2Fv2%2Fmedia&parent=4504"}],"wp:term":[{"taxonomy":"category","embeddable":true,"href":"https:\/\/www.robertosedda.it\/index.php?rest_route=%2Fwp%2Fv2%2Fcategories&post=4504"},{"taxonomy":"post_tag","embeddable":true,"href":"https:\/\/www.robertosedda.it\/index.php?rest_route=%2Fwp%2Fv2%2Ftags&post=4504"}],"curies":[{"name":"wp","href":"https:\/\/api.w.org\/{rel}","templated":true}]}}