{"id":4489,"date":"2013-09-22T01:39:20","date_gmt":"2013-09-21T23:39:20","guid":{"rendered":"http:\/\/www.robertosedda.it\/?p=4489"},"modified":"2013-09-23T10:59:51","modified_gmt":"2013-09-23T08:59:51","slug":"la-mia-vita-con-il-papa-le-premesse","status":"publish","type":"post","link":"https:\/\/www.robertosedda.it\/?p=4489","title":{"rendered":"La mia vita con il Papa &#8211; le premesse"},"content":{"rendered":"<h2>Il Papa in Sardegna. A Cagliari. A Bonaria. Cio\u00e8&#8230; da me.<\/h2>\n<p>Come tutti sanno domani il Papa viene a Cagliari. Forse non tutti invece sanno che casa mia \u00e8 esattamente al centro della zona focale della visita del Papa.<\/p>\n<p><a href=\"https:\/\/i0.wp.com\/www.robertosedda.it\/wp-content\/uploads\/2013\/09\/ALIM3023.jpg\"><img data-attachment-id=\"4491\" data-permalink=\"https:\/\/www.robertosedda.it\/?attachment_id=4491\" data-orig-file=\"https:\/\/i0.wp.com\/www.robertosedda.it\/wp-content\/uploads\/2013\/09\/ALIM3023.jpg?fit=3264%2C2448&amp;ssl=1\" data-orig-size=\"3264,2448\" data-comments-opened=\"1\" data-image-meta=\"{&quot;aperture&quot;:&quot;5.1&quot;,&quot;credit&quot;:&quot;&quot;,&quot;camera&quot;:&quot;F8035&quot;,&quot;caption&quot;:&quot;&quot;,&quot;created_timestamp&quot;:&quot;1379786102&quot;,&quot;copyright&quot;:&quot;&quot;,&quot;focal_length&quot;:&quot;17.1&quot;,&quot;iso&quot;:&quot;80&quot;,&quot;shutter_speed&quot;:&quot;0.004973&quot;,&quot;title&quot;:&quot;YASHICA Digital Camera&quot;}\" data-image-title=\"YASHICA Digital Camera\" data-image-description=\"\" data-image-caption=\"\" data-medium-file=\"https:\/\/i0.wp.com\/www.robertosedda.it\/wp-content\/uploads\/2013\/09\/ALIM3023.jpg?fit=300%2C225&amp;ssl=1\" data-large-file=\"https:\/\/i0.wp.com\/www.robertosedda.it\/wp-content\/uploads\/2013\/09\/ALIM3023.jpg?fit=510%2C383&amp;ssl=1\" decoding=\"async\" loading=\"lazy\" class=\"alignleft size-medium wp-image-4491\" alt=\"YASHICA Digital Camera\" src=\"https:\/\/i0.wp.com\/www.robertosedda.it\/wp-content\/uploads\/2013\/09\/ALIM3023-300x225.jpg?resize=300%2C225\" width=\"300\" height=\"225\" srcset=\"https:\/\/i0.wp.com\/www.robertosedda.it\/wp-content\/uploads\/2013\/09\/ALIM3023.jpg?resize=300%2C225&amp;ssl=1 300w, https:\/\/i0.wp.com\/www.robertosedda.it\/wp-content\/uploads\/2013\/09\/ALIM3023.jpg?resize=150%2C112&amp;ssl=1 150w, https:\/\/i0.wp.com\/www.robertosedda.it\/wp-content\/uploads\/2013\/09\/ALIM3023.jpg?resize=1024%2C768&amp;ssl=1 1024w, https:\/\/i0.wp.com\/www.robertosedda.it\/wp-content\/uploads\/2013\/09\/ALIM3023.jpg?resize=268%2C200&amp;ssl=1 268w, https:\/\/i0.wp.com\/www.robertosedda.it\/wp-content\/uploads\/2013\/09\/ALIM3023.jpg?resize=700%2C525&amp;ssl=1 700w, https:\/\/i0.wp.com\/www.robertosedda.it\/wp-content\/uploads\/2013\/09\/ALIM3023.jpg?w=1600 1600w, https:\/\/i0.wp.com\/www.robertosedda.it\/wp-content\/uploads\/2013\/09\/ALIM3023.jpg?w=2400 2400w\" sizes=\"(max-width: 300px) 100vw, 300px\" data-recalc-dims=\"1\" \/><\/a>Due mesi fa la cosa sembrava tanto carina: ci affacceremo al balcone e vedremo passare il Papa. I conoscenti e gli amici hanno cominciato a telefonare a noi e ai vari altri abitanti della strada, per chiedere se potevano venire a casa e vedere anche loro il Papa da vicino. Sono state organizzate comitive come per una scampagnata: viene zia Maria con Giacomina e portano le lasagne, noi invece prepariamo una torta e poi basta, che tanto il cugino Gavino ammazza il vitello e ci porta le bistecche gi\u00e0 pronte.<\/p>\n<p>Se dobbiamo basarci su questa diffusa curiosit\u00e0, domani Cagliari sar\u00e0 presa d&#8217;assalto da un mare di gente: tutti abbiamo ricevuto richieste in gran numero, talvolta anche timide, talvolta insistenti, di gente che aveva un gran desiderio di &#8220;vedere il Papa&#8221;. Molto pi\u00f9 che con Benedetto XVI, quando pure ci fu un bagno di folla imprevisto.<\/p>\n<p>Un mese fa questo clima idilliaco ha cominciato ad essere turbato dai primi pensieri organizzativi concreti. Bloccheranno la strada? Si potr\u00e0 parcheggiare?<\/p>\n<h2>Tappati in casa<\/h2>\n<p><a href=\"https:\/\/i0.wp.com\/www.robertosedda.it\/wp-content\/uploads\/2013\/09\/ALIM3040.jpg\"><img data-attachment-id=\"4492\" data-permalink=\"https:\/\/www.robertosedda.it\/?attachment_id=4492\" data-orig-file=\"https:\/\/i0.wp.com\/www.robertosedda.it\/wp-content\/uploads\/2013\/09\/ALIM3040.jpg?fit=3264%2C2448&amp;ssl=1\" data-orig-size=\"3264,2448\" data-comments-opened=\"1\" data-image-meta=\"{&quot;aperture&quot;:&quot;5.1&quot;,&quot;credit&quot;:&quot;&quot;,&quot;camera&quot;:&quot;F8035&quot;,&quot;caption&quot;:&quot;&quot;,&quot;created_timestamp&quot;:&quot;1379786661&quot;,&quot;copyright&quot;:&quot;&quot;,&quot;focal_length&quot;:&quot;17.1&quot;,&quot;iso&quot;:&quot;80&quot;,&quot;shutter_speed&quot;:&quot;0.004698&quot;,&quot;title&quot;:&quot;YASHICA Digital Camera&quot;}\" data-image-title=\"YASHICA Digital Camera\" data-image-description=\"\" data-image-caption=\"\" data-medium-file=\"https:\/\/i0.wp.com\/www.robertosedda.it\/wp-content\/uploads\/2013\/09\/ALIM3040.jpg?fit=300%2C225&amp;ssl=1\" data-large-file=\"https:\/\/i0.wp.com\/www.robertosedda.it\/wp-content\/uploads\/2013\/09\/ALIM3040.jpg?fit=510%2C383&amp;ssl=1\" decoding=\"async\" loading=\"lazy\" class=\"alignright size-medium wp-image-4492\" alt=\"YASHICA Digital Camera\" src=\"https:\/\/i0.wp.com\/www.robertosedda.it\/wp-content\/uploads\/2013\/09\/ALIM3040-300x225.jpg?resize=300%2C225\" width=\"300\" height=\"225\" srcset=\"https:\/\/i0.wp.com\/www.robertosedda.it\/wp-content\/uploads\/2013\/09\/ALIM3040.jpg?resize=300%2C225&amp;ssl=1 300w, https:\/\/i0.wp.com\/www.robertosedda.it\/wp-content\/uploads\/2013\/09\/ALIM3040.jpg?resize=150%2C112&amp;ssl=1 150w, https:\/\/i0.wp.com\/www.robertosedda.it\/wp-content\/uploads\/2013\/09\/ALIM3040.jpg?resize=1024%2C768&amp;ssl=1 1024w, https:\/\/i0.wp.com\/www.robertosedda.it\/wp-content\/uploads\/2013\/09\/ALIM3040.jpg?resize=268%2C200&amp;ssl=1 268w, https:\/\/i0.wp.com\/www.robertosedda.it\/wp-content\/uploads\/2013\/09\/ALIM3040.jpg?resize=700%2C525&amp;ssl=1 700w, https:\/\/i0.wp.com\/www.robertosedda.it\/wp-content\/uploads\/2013\/09\/ALIM3040.jpg?w=1600 1600w, https:\/\/i0.wp.com\/www.robertosedda.it\/wp-content\/uploads\/2013\/09\/ALIM3040.jpg?w=2400 2400w\" sizes=\"(max-width: 300px) 100vw, 300px\" data-recalc-dims=\"1\" \/><\/a>Per dire, mi ricordo che la volta che venne Benedetto XVI io e Alberto Pintus, uno dei fondatori del gruppo <em>La Pira<\/em>, avevamo il biglietto per un settore di pubblico un po&#8217; laterale: un posto da cui non si vedeva minimamente la celebrazione, tranne che su un maxischermo, il quale puntualmente si guast\u00f2.<\/p>\n<p>Insomma, per farla breve, con tutto il rispetto per il fatto di vivere questi eventi comunitariamente, decidemmo che tanto valeva seguire la Messa alla televisione: casa mia era dietro l&#8217;angolo e nell&#8217;appartamento di mia sorella c&#8217;era la TV (a casa mia, come \u00e8 noto, questo apparecchio manca); quindi girammo l&#8217;angolo e ci imbattemmo in due militi con i fucili spianati.<\/p>\n<p>\u00abDove pensate di andare?!\u00bb.<\/p>\n<p>\u00abGuardi, lo stipite dove lei \u00e8 appoggiato \u00e8 il mio portone di casa, se non le dispiace vorrei entrare&#8230;\u00bb.<\/p>\n<p>Segu\u00ec esibizione di un documento di identit\u00e0 con residenza (vaglielo a dire che secondo la legge la residenza ormai si autocertifica &#8211; d&#8217;altra parte l&#8217;autocertificazione davanti al fucile non \u00e8 propriamente prevista dalla legge). Comunque si convinsero, e quindi&#8230;<\/p>\n<p>\u00abE lui?\u00bb, fecero, indicando Pintus.<\/p>\n<p>\u00abLui \u00e8 con me e se\u00a0 non le dispiace verrebbe a casa mia anche lui\u00bb.<\/p>\n<p>Nuova contrattazione. E poi, come direbbe Venditti, finalmente ci fecero passare.<\/p>\n<p>Poi ci richiamarono.<\/p>\n<p>\u00abPer\u00f2 adesso non che \u00e8 uscite di nuovo, eh? Restate a casa, voglio sperare\u00bb.<\/p>\n<h2>Misure cautelari<\/h2>\n<p><a href=\"https:\/\/i0.wp.com\/www.robertosedda.it\/wp-content\/uploads\/2013\/09\/ALIM3038.jpg\"><img data-attachment-id=\"4493\" data-permalink=\"https:\/\/www.robertosedda.it\/?attachment_id=4493\" data-orig-file=\"https:\/\/i0.wp.com\/www.robertosedda.it\/wp-content\/uploads\/2013\/09\/ALIM3038.jpg?fit=3264%2C2448&amp;ssl=1\" data-orig-size=\"3264,2448\" data-comments-opened=\"1\" data-image-meta=\"{&quot;aperture&quot;:&quot;5.1&quot;,&quot;credit&quot;:&quot;&quot;,&quot;camera&quot;:&quot;F8035&quot;,&quot;caption&quot;:&quot;&quot;,&quot;created_timestamp&quot;:&quot;1379786644&quot;,&quot;copyright&quot;:&quot;&quot;,&quot;focal_length&quot;:&quot;17.1&quot;,&quot;iso&quot;:&quot;80&quot;,&quot;shutter_speed&quot;:&quot;0.005756&quot;,&quot;title&quot;:&quot;YASHICA Digital Camera&quot;}\" data-image-title=\"YASHICA Digital Camera\" data-image-description=\"\" data-image-caption=\"\" data-medium-file=\"https:\/\/i0.wp.com\/www.robertosedda.it\/wp-content\/uploads\/2013\/09\/ALIM3038.jpg?fit=300%2C225&amp;ssl=1\" data-large-file=\"https:\/\/i0.wp.com\/www.robertosedda.it\/wp-content\/uploads\/2013\/09\/ALIM3038.jpg?fit=510%2C383&amp;ssl=1\" decoding=\"async\" loading=\"lazy\" class=\"alignleft size-medium wp-image-4493\" alt=\"YASHICA Digital Camera\" src=\"https:\/\/i0.wp.com\/www.robertosedda.it\/wp-content\/uploads\/2013\/09\/ALIM3038-300x225.jpg?resize=300%2C225\" width=\"300\" height=\"225\" srcset=\"https:\/\/i0.wp.com\/www.robertosedda.it\/wp-content\/uploads\/2013\/09\/ALIM3038.jpg?resize=300%2C225&amp;ssl=1 300w, https:\/\/i0.wp.com\/www.robertosedda.it\/wp-content\/uploads\/2013\/09\/ALIM3038.jpg?resize=150%2C112&amp;ssl=1 150w, https:\/\/i0.wp.com\/www.robertosedda.it\/wp-content\/uploads\/2013\/09\/ALIM3038.jpg?resize=1024%2C768&amp;ssl=1 1024w, https:\/\/i0.wp.com\/www.robertosedda.it\/wp-content\/uploads\/2013\/09\/ALIM3038.jpg?resize=268%2C200&amp;ssl=1 268w, https:\/\/i0.wp.com\/www.robertosedda.it\/wp-content\/uploads\/2013\/09\/ALIM3038.jpg?resize=700%2C525&amp;ssl=1 700w, https:\/\/i0.wp.com\/www.robertosedda.it\/wp-content\/uploads\/2013\/09\/ALIM3038.jpg?w=1600 1600w, https:\/\/i0.wp.com\/www.robertosedda.it\/wp-content\/uploads\/2013\/09\/ALIM3038.jpg?w=2400 2400w\" sizes=\"(max-width: 300px) 100vw, 300px\" data-recalc-dims=\"1\" \/><\/a>Esperienze del genere capitarono a diversi, nella strada, cos\u00ec man mano che la data della visita si avvicinava \u00e8 cresciuto un minimo di panico organizzativo. I documenti di identit\u00e0 sono stati verificati per controllare che la residenza fosse riportata correttamente, che non si sa mai che un milite questa volta ti tenga sotto tiro contro il muro per tutta la celebrazione, solo perch\u00e9 sfortunatamente risulti residente a Torino o a Foggia. Al cugino Gavino e alla zia Antonia \u00e8 stato raccomandato di arrivare presto: se il Papa celebra Messa alle dieci, voi venite alle nove. Anzi alle otto. Meglio alle sette. Facciamo cos\u00ec, venite dalla sera prima e dormite da noi.<\/p>\n<p>Questo tipo di previsioni, diciamocelo, sono state del tutto superate dagli eventi, come potrebbe capitare a uno che gli dicono che la sera pioveranno due gocce, esce con l&#8217;ombrello e si trova poi alle prese con l&#8217;uragano <em>Katrina<\/em>.<\/p>\n<p>I primi dubbi sono venuti quando il Comune ha iniziato a pubblicare l&#8217;elenco delle vie che sarebbero state chiuse al traffico. Nessuno ci ha capito niente, ma l&#8217;elenco era lungo tre pagine, quindi non era molto rassicurante. Per\u00f2 tutti hanno cominciato a preparare piani: mi toccher\u00e0 lasciare la macchina nell&#8217;altro parcheggio, quello un po&#8217; pi\u00f9 lontano.<\/p>\n<p>Poveri illusi.<\/p>\n<p><a href=\"https:\/\/i0.wp.com\/www.robertosedda.it\/wp-content\/uploads\/2013\/09\/ALIM3046.jpg\"><img data-attachment-id=\"4497\" data-permalink=\"https:\/\/www.robertosedda.it\/?attachment_id=4497\" data-orig-file=\"https:\/\/i0.wp.com\/www.robertosedda.it\/wp-content\/uploads\/2013\/09\/ALIM3046.jpg?fit=3264%2C2448&amp;ssl=1\" data-orig-size=\"3264,2448\" data-comments-opened=\"1\" data-image-meta=\"{&quot;aperture&quot;:&quot;5.5&quot;,&quot;credit&quot;:&quot;&quot;,&quot;camera&quot;:&quot;F8035&quot;,&quot;caption&quot;:&quot;&quot;,&quot;created_timestamp&quot;:&quot;1379787038&quot;,&quot;copyright&quot;:&quot;&quot;,&quot;focal_length&quot;:&quot;5.7&quot;,&quot;iso&quot;:&quot;80&quot;,&quot;shutter_speed&quot;:&quot;0.003202&quot;,&quot;title&quot;:&quot;YASHICA Digital Camera&quot;}\" data-image-title=\"YASHICA Digital Camera\" data-image-description=\"\" data-image-caption=\"\" data-medium-file=\"https:\/\/i0.wp.com\/www.robertosedda.it\/wp-content\/uploads\/2013\/09\/ALIM3046.jpg?fit=300%2C225&amp;ssl=1\" data-large-file=\"https:\/\/i0.wp.com\/www.robertosedda.it\/wp-content\/uploads\/2013\/09\/ALIM3046.jpg?fit=510%2C383&amp;ssl=1\" decoding=\"async\" loading=\"lazy\" class=\"alignleft size-medium wp-image-4497\" alt=\"YASHICA Digital Camera\" src=\"https:\/\/i0.wp.com\/www.robertosedda.it\/wp-content\/uploads\/2013\/09\/ALIM3046-300x225.jpg?resize=300%2C225\" width=\"300\" height=\"225\" srcset=\"https:\/\/i0.wp.com\/www.robertosedda.it\/wp-content\/uploads\/2013\/09\/ALIM3046.jpg?resize=300%2C225&amp;ssl=1 300w, https:\/\/i0.wp.com\/www.robertosedda.it\/wp-content\/uploads\/2013\/09\/ALIM3046.jpg?resize=150%2C112&amp;ssl=1 150w, https:\/\/i0.wp.com\/www.robertosedda.it\/wp-content\/uploads\/2013\/09\/ALIM3046.jpg?resize=1024%2C768&amp;ssl=1 1024w, https:\/\/i0.wp.com\/www.robertosedda.it\/wp-content\/uploads\/2013\/09\/ALIM3046.jpg?resize=268%2C200&amp;ssl=1 268w, https:\/\/i0.wp.com\/www.robertosedda.it\/wp-content\/uploads\/2013\/09\/ALIM3046.jpg?resize=700%2C525&amp;ssl=1 700w, https:\/\/i0.wp.com\/www.robertosedda.it\/wp-content\/uploads\/2013\/09\/ALIM3046.jpg?w=1600 1600w, https:\/\/i0.wp.com\/www.robertosedda.it\/wp-content\/uploads\/2013\/09\/ALIM3046.jpg?w=2400 2400w\" sizes=\"(max-width: 300px) 100vw, 300px\" data-recalc-dims=\"1\" \/><\/a>Una settimana fa sono stati affissi i cartelli stradali, strada per strada, con i divieti di transito e di parcheggio per questo periodo. Ora, a parte che <em>tutti<\/em> ci siamo incasinati (<em>se c&#8217;\u00e8 scritto che non si pu\u00f2 parcheggiare dalle 00.00 di venerd\u00ec, cosa vuol dire?! \u00c8 l&#8217;inizio della giornata o la fine?<\/em> e gi\u00f9 discussioni infinite, per non parlar di quelli che si confondevano: <em>\u00e8 in via Bottego che non si pu\u00f2 parcheggiare dalle 00 del 20 alle 24 del 22? O \u00e8 fino alle 22 del 24? Nooo, quello \u00e8 il parcheggio del CIS, dove non si pu\u00f2 parcheggiare dalle 24 del 20 alle 00 del 22<\/em>&#8230; infatti io alla fine mi sono beccato la multa, come \u00e8 ovvio). Ora, a parte che tutti ci siamo incasinati, che c&#8217;erano dei gruppi di studi nel palazzo per stare dietro alla mappa dei parcheggi che non si potevano usare, soprattutto abbiamo scoperto che tutti gli astuti piani che ci eravamo formulati semplicemente non funzionavano.<\/p>\n<p><em>Porter\u00f2 la macchina al parcheggio l\u00e0 dietro, quello un po&#8217; pi\u00f9 lontano<\/em>. L\u00e0 fanno l&#8217;ospedale da campo. <em>La metto da quell&#8217;altra parte<\/em>. L\u00e0 \u00e8 riservato per l&#8217;incontro del Papa coi malati. <em>Ok, la lasco in quella strada secondaria. <\/em>\u00c8 chiusa, perch\u00e9 congiunge la strada percorsa per andare in Seminario con quella per l&#8217;incontro coi teologi. <em>Allora&#8230;<\/em> Occupata. <em>Quell&#8217;altra<\/em>&#8230; Chiusa. <em>Quella<\/em>&#8230; Serve all&#8217;organizzazione. <em>Aiuto!!!<\/em><\/p>\n<p>Mia sorella ha preso la famiglia e se n&#8217;\u00e8 andata Villasimius. L&#8217;avvocato che vive in fondo alla strada mi ha annunciato che torner\u00e0 luned\u00ec. \u00abDivertitevi, voi fedeli\u00bb, mi ha detto.<\/p>\n<h2>Un&#8217;allegra combriccola<\/h2>\n<p>Quelli rimasti, in realt\u00e0, hanno scoperto che non era poi cos\u00ec terribile. Certo, tutti abbiamo portato le macchine a svernare in climi pi\u00f9 accoglienti, ma per il resto scopriamo che si sopravvive benissimo.<\/p>\n<p>Da ieri ci siamo svegliati con tutte le strade intorno a casa chiuse in vario modo da transenne. Per andare a casa di mia mamma, che abita nel palazzo di fronte, devo fare tutto un giro. Ma non \u00e8 una cosa cos\u00ec complicata, dopotutto. Sento anche dire ogni tanto che l&#8217;organizzazione non funziona, ma tutto sommato vedo crescere sotto le finestre di casa una macchina impressionante che sembra (sembra!) procedere senza intoppi.<\/p>\n<p>E in chi \u00e8 rimasto prevale un senso di collaborazione, come se l&#8217;organizzazione fosse anche un po&#8217; nostra. Il che d\u00e0 anche origine a strane avventure.<\/p>\n<p>Dopo che ieri un&#8217;orda di vigili ha ripulito senza piet\u00e0 la strada\u00a0abbiamo notato che una <em>Punto<\/em> bianca abbandonata era inspiegabilmente sfuggita al carro attrezzi. Sono fioccate le segnalazioni alla polizia. \u00ab\u00c8 troppo brutta, non si pu\u00f2 vedere\u00bb, mi ha detto una vicina. \u00abFanno tanta fatica e poi rimane questa, ma come si fa\u00bb.<\/p>\n<p><a href=\"https:\/\/i0.wp.com\/www.robertosedda.it\/wp-content\/uploads\/2013\/09\/ALIM3016.jpg\"><img data-attachment-id=\"4496\" data-permalink=\"https:\/\/www.robertosedda.it\/?attachment_id=4496\" data-orig-file=\"https:\/\/i0.wp.com\/www.robertosedda.it\/wp-content\/uploads\/2013\/09\/ALIM3016.jpg?fit=2448%2C3264&amp;ssl=1\" data-orig-size=\"2448,3264\" data-comments-opened=\"1\" data-image-meta=\"{&quot;aperture&quot;:&quot;5.5&quot;,&quot;credit&quot;:&quot;&quot;,&quot;camera&quot;:&quot;F8035&quot;,&quot;caption&quot;:&quot;&quot;,&quot;created_timestamp&quot;:&quot;1379774350&quot;,&quot;copyright&quot;:&quot;&quot;,&quot;focal_length&quot;:&quot;5.7&quot;,&quot;iso&quot;:&quot;80&quot;,&quot;shutter_speed&quot;:&quot;0.006336&quot;,&quot;title&quot;:&quot;YASHICA Digital Camera&quot;}\" data-image-title=\"YASHICA Digital Camera\" data-image-description=\"\" data-image-caption=\"\" data-medium-file=\"https:\/\/i0.wp.com\/www.robertosedda.it\/wp-content\/uploads\/2013\/09\/ALIM3016.jpg?fit=225%2C300&amp;ssl=1\" data-large-file=\"https:\/\/i0.wp.com\/www.robertosedda.it\/wp-content\/uploads\/2013\/09\/ALIM3016.jpg?fit=510%2C680&amp;ssl=1\" decoding=\"async\" loading=\"lazy\" class=\"alignright size-medium wp-image-4496\" alt=\"YASHICA Digital Camera\" src=\"https:\/\/i0.wp.com\/www.robertosedda.it\/wp-content\/uploads\/2013\/09\/ALIM3016-225x300.jpg?resize=225%2C300\" width=\"225\" height=\"300\" srcset=\"https:\/\/i0.wp.com\/www.robertosedda.it\/wp-content\/uploads\/2013\/09\/ALIM3016.jpg?resize=225%2C300&amp;ssl=1 225w, https:\/\/i0.wp.com\/www.robertosedda.it\/wp-content\/uploads\/2013\/09\/ALIM3016.jpg?resize=112%2C150&amp;ssl=1 112w, https:\/\/i0.wp.com\/www.robertosedda.it\/wp-content\/uploads\/2013\/09\/ALIM3016.jpg?resize=768%2C1024&amp;ssl=1 768w, https:\/\/i0.wp.com\/www.robertosedda.it\/wp-content\/uploads\/2013\/09\/ALIM3016.jpg?resize=700%2C933&amp;ssl=1 700w, https:\/\/i0.wp.com\/www.robertosedda.it\/wp-content\/uploads\/2013\/09\/ALIM3016.jpg?w=1600 1600w, https:\/\/i0.wp.com\/www.robertosedda.it\/wp-content\/uploads\/2013\/09\/ALIM3016.jpg?w=2400 2400w\" sizes=\"(max-width: 225px) 100vw, 225px\" data-recalc-dims=\"1\" \/><\/a>Per tutta la mattinata operai e forze dell&#8217;ordine sono stati assillati da cittadini benintenzionati che dicevano: \u00abMa quella macchina non la togliete?\u00bb. A tutti \u00e8 stato risposto, imperturbabilmente: \u00abStanno provvedendo\u00bb. \u00c8 una triste dimostrazione della scarsa fiducia che i cittadini ripongono nelle forze dell&#8217;ordine il fatto che tutti abbiamo creduto che ci stessero dando una risposta cos\u00ec, tanto per tenerci tranquilli &#8211; dopotutto intanto che si provvedeva erano passate appena una mezzo dozzina d&#8217;ore. Alla fine nel pomeriggio ho postato la foto della macchina abbandonata su <em>Facebook<\/em>: non sapremo mai se il fatto che a quel punto sia stata rimossa nel giro di un&#8217;ora dipenda dal fatto che effettivamente la risposta &#8220;stanno provvedendo&#8221; era corretta, oppure se grazie a <em>Echelon<\/em> la mia segnalazione su <em>Facebook<\/em> \u00e8 stata registrata dalla <em>CIA <\/em>che ha avvisato la Gendarmeria Vaticana che ha allertato i vigili. Chiss\u00e0.<\/p>\n<p>Oltre che pungolare le forze dell&#8217;ordine a una maggiore spietatezza, il vicinato si \u00e8 dedicato ad accurate ricognizioni della situazione: giri e rigiri per vedere come veniva montato il palco, i maxischermi, le varie infrastrutture. Il classico pensionato che si ferma a guardare le riparazioni stradali ci fa un baffo: noi siamo <em>oltre<\/em>. <a href=\"https:\/\/i0.wp.com\/www.robertosedda.it\/wp-content\/uploads\/2013\/09\/ALIM3061.jpg\"><img data-attachment-id=\"4499\" data-permalink=\"https:\/\/www.robertosedda.it\/?attachment_id=4499\" data-orig-file=\"https:\/\/i0.wp.com\/www.robertosedda.it\/wp-content\/uploads\/2013\/09\/ALIM3061.jpg?fit=3264%2C2448&amp;ssl=1\" data-orig-size=\"3264,2448\" data-comments-opened=\"1\" data-image-meta=\"{&quot;aperture&quot;:&quot;5.1&quot;,&quot;credit&quot;:&quot;&quot;,&quot;camera&quot;:&quot;F8035&quot;,&quot;caption&quot;:&quot;&quot;,&quot;created_timestamp&quot;:&quot;1379788280&quot;,&quot;copyright&quot;:&quot;&quot;,&quot;focal_length&quot;:&quot;17.1&quot;,&quot;iso&quot;:&quot;190&quot;,&quot;shutter_speed&quot;:&quot;0.007982&quot;,&quot;title&quot;:&quot;YASHICA Digital Camera&quot;}\" data-image-title=\"YASHICA Digital Camera\" data-image-description=\"\" data-image-caption=\"\" data-medium-file=\"https:\/\/i0.wp.com\/www.robertosedda.it\/wp-content\/uploads\/2013\/09\/ALIM3061.jpg?fit=300%2C225&amp;ssl=1\" data-large-file=\"https:\/\/i0.wp.com\/www.robertosedda.it\/wp-content\/uploads\/2013\/09\/ALIM3061.jpg?fit=510%2C383&amp;ssl=1\" decoding=\"async\" loading=\"lazy\" class=\"alignleft size-medium wp-image-4499\" alt=\"YASHICA Digital Camera\" src=\"https:\/\/i0.wp.com\/www.robertosedda.it\/wp-content\/uploads\/2013\/09\/ALIM3061-300x225.jpg?resize=300%2C225\" width=\"300\" height=\"225\" srcset=\"https:\/\/i0.wp.com\/www.robertosedda.it\/wp-content\/uploads\/2013\/09\/ALIM3061.jpg?resize=300%2C225&amp;ssl=1 300w, https:\/\/i0.wp.com\/www.robertosedda.it\/wp-content\/uploads\/2013\/09\/ALIM3061.jpg?resize=150%2C112&amp;ssl=1 150w, https:\/\/i0.wp.com\/www.robertosedda.it\/wp-content\/uploads\/2013\/09\/ALIM3061.jpg?resize=1024%2C768&amp;ssl=1 1024w, https:\/\/i0.wp.com\/www.robertosedda.it\/wp-content\/uploads\/2013\/09\/ALIM3061.jpg?resize=268%2C200&amp;ssl=1 268w, https:\/\/i0.wp.com\/www.robertosedda.it\/wp-content\/uploads\/2013\/09\/ALIM3061.jpg?resize=700%2C525&amp;ssl=1 700w, https:\/\/i0.wp.com\/www.robertosedda.it\/wp-content\/uploads\/2013\/09\/ALIM3061.jpg?w=1600 1600w, https:\/\/i0.wp.com\/www.robertosedda.it\/wp-content\/uploads\/2013\/09\/ALIM3061.jpg?w=2400 2400w\" sizes=\"(max-width: 300px) 100vw, 300px\" data-recalc-dims=\"1\" \/><\/a>Lo stesso pensiero in realt\u00e0 deve averlo avuto buona parte della citt\u00e0: in questi due giorni, ma soprattutto stasera, c&#8217;\u00e8 stato un flusso continuo di persone che sono venute a vedere, a impadronirsi dell&#8217;evento, a condividerlo. Un <em>tam tam<\/em> di informazioni riportate ad altri, a loro volta futuri visitatori. E poi le strade cos\u00ec forzatamente pedonalizzate sono un ambiente nuovo e diverso. E il paradiso dei ciclisti.<\/p>\n<p>Da venerd\u00ec a oggi le nostre strade sono state un grande cantiere popolato in misura uguale da operai e spettatori. E poliziotti.<\/p>\n<h2>Imponenti misure di sicurezza<\/h2>\n<p>Non ho mai visto cos\u00ec tanti poliziotti. Non ricordo cosa sia successo all&#8217;epoca della venuta di Benedetto XVI, ma le misure di sicurezza sembrano imponenti. E dappertutto si notano conciliaboli e riunioni: una dozzina di marcantoni in abito blu si riuniscono qui o l\u00e0, discutono per cinque minuti e poi si sciolgono. Poi si riuniscono di nuovo cinquanta metri pi\u00f9 in l\u00e0, in una formazione lievemente diversa. Talvolta partecipano poliziotti o carabinieri o vigili in divisa, ma perlopi\u00f9 sono in borghese.<\/p>\n<p>Cio\u00e8, in borghese: abiti blu tutti uguali. Rigonfiamento dietro la schiena. Una certa aria. Non \u00e8 che quando gli si sposta la giacca e intravedi il distintivo attaccato alla cintura ti stupisci pi\u00f9 di tanto.<\/p>\n<p><a href=\"https:\/\/i0.wp.com\/www.robertosedda.it\/wp-content\/uploads\/2013\/09\/ALIM3074.jpg\"><img data-attachment-id=\"4495\" data-permalink=\"https:\/\/www.robertosedda.it\/?attachment_id=4495\" data-orig-file=\"https:\/\/i0.wp.com\/www.robertosedda.it\/wp-content\/uploads\/2013\/09\/ALIM3074.jpg?fit=3264%2C2448&amp;ssl=1\" data-orig-size=\"3264,2448\" data-comments-opened=\"1\" data-image-meta=\"{&quot;aperture&quot;:&quot;2.8&quot;,&quot;credit&quot;:&quot;&quot;,&quot;camera&quot;:&quot;F8035&quot;,&quot;caption&quot;:&quot;&quot;,&quot;created_timestamp&quot;:&quot;1379798347&quot;,&quot;copyright&quot;:&quot;&quot;,&quot;focal_length&quot;:&quot;5.7&quot;,&quot;iso&quot;:&quot;125&quot;,&quot;shutter_speed&quot;:&quot;0.649682&quot;,&quot;title&quot;:&quot;YASHICA Digital Camera&quot;}\" data-image-title=\"YASHICA Digital Camera\" data-image-description=\"\" data-image-caption=\"\" data-medium-file=\"https:\/\/i0.wp.com\/www.robertosedda.it\/wp-content\/uploads\/2013\/09\/ALIM3074.jpg?fit=300%2C225&amp;ssl=1\" data-large-file=\"https:\/\/i0.wp.com\/www.robertosedda.it\/wp-content\/uploads\/2013\/09\/ALIM3074.jpg?fit=510%2C383&amp;ssl=1\" decoding=\"async\" loading=\"lazy\" class=\"alignright size-medium wp-image-4495\" alt=\"YASHICA Digital Camera\" src=\"https:\/\/i0.wp.com\/www.robertosedda.it\/wp-content\/uploads\/2013\/09\/ALIM3074-300x225.jpg?resize=300%2C225\" width=\"300\" height=\"225\" srcset=\"https:\/\/i0.wp.com\/www.robertosedda.it\/wp-content\/uploads\/2013\/09\/ALIM3074.jpg?resize=300%2C225&amp;ssl=1 300w, https:\/\/i0.wp.com\/www.robertosedda.it\/wp-content\/uploads\/2013\/09\/ALIM3074.jpg?resize=150%2C112&amp;ssl=1 150w, https:\/\/i0.wp.com\/www.robertosedda.it\/wp-content\/uploads\/2013\/09\/ALIM3074.jpg?resize=1024%2C768&amp;ssl=1 1024w, https:\/\/i0.wp.com\/www.robertosedda.it\/wp-content\/uploads\/2013\/09\/ALIM3074.jpg?resize=268%2C200&amp;ssl=1 268w, https:\/\/i0.wp.com\/www.robertosedda.it\/wp-content\/uploads\/2013\/09\/ALIM3074.jpg?resize=700%2C525&amp;ssl=1 700w, https:\/\/i0.wp.com\/www.robertosedda.it\/wp-content\/uploads\/2013\/09\/ALIM3074.jpg?w=1600 1600w, https:\/\/i0.wp.com\/www.robertosedda.it\/wp-content\/uploads\/2013\/09\/ALIM3074.jpg?w=2400 2400w\" sizes=\"(max-width: 300px) 100vw, 300px\" data-recalc-dims=\"1\" \/><\/a>Nel frattempo non vado in terrazzo. Cosa c&#8217;entra? C&#8217;entra che una volta invitai a cena, con altri, un ragazzo, che lavorava per un&#8217;azienda di materiali elettronici di sorveglianza: telecamete, microfoni, cimici e cos\u00ec via. Facemmo visitare il grande terrazzo sopra casa. \u00abSi\u00bb, ci disse, \u00abio questo terrazzo l&#8217;avevo gi\u00e0 visto quando si discuteva dove mettere i tiratori scelti per la venuta di Benedetto XVI. Facemmo un&#8217;ispezione proprio in questo terrazzo\u00bb.<\/p>\n<p>E io: \u00abMa scusa, non ce l&#8217;ha mai chiesto nessuno di visitarlo. E poi \u00e8 chiuso a chiave\u00bb. Mi guard\u00f2 sconsolato, come a dire: <em>beata ingenuit\u00e0<\/em>. Cos\u00ec \u00e8 da due giorni che non vado in terrazzo, a volte che non ci incontri quattro assaltatori <em>ninja<\/em> in perlustrazione. Pi\u00f9 che altro sarei imbarazzato, non saprei cosa dirgli.<\/p>\n<h2>Programmi per la visita del Papa<\/h2>\n<p>Nel frattempo, perch\u00e9 sto qui a scrivere sul <em>blog<\/em> quando \u00e8 quasi mezzanotte?<\/p>\n<p>Mettiamola cos\u00ec. Casa nostra, come quella di un altro paio di famiglie della strada, \u00e8 il punto base del gruppo di signore che passeranno la notte a stendere una grande infiorata sulla scalinata di Bonaria (<em>ooops<\/em>, forse era una sorpresa). Sono venute alle nove per cambiarsi e sono andate a lavorare.<\/p>\n<p>A mezzanotte (che peraltro \u00e8 appena passata) arrivano tre amiche di Guspini che ospitiamo per la notte, cos\u00ec domani sono gi\u00e0 qui per raggiungere il loro settore senza troppi problemi.<\/p>\n<p><a href=\"https:\/\/i0.wp.com\/www.robertosedda.it\/wp-content\/uploads\/2013\/09\/ALIM3079.jpg\"><img data-attachment-id=\"4494\" data-permalink=\"https:\/\/www.robertosedda.it\/?attachment_id=4494\" data-orig-file=\"https:\/\/i0.wp.com\/www.robertosedda.it\/wp-content\/uploads\/2013\/09\/ALIM3079.jpg?fit=3264%2C2448&amp;ssl=1\" data-orig-size=\"3264,2448\" data-comments-opened=\"1\" data-image-meta=\"{&quot;aperture&quot;:&quot;2.8&quot;,&quot;credit&quot;:&quot;&quot;,&quot;camera&quot;:&quot;F8035&quot;,&quot;caption&quot;:&quot;&quot;,&quot;created_timestamp&quot;:&quot;1379798548&quot;,&quot;copyright&quot;:&quot;&quot;,&quot;focal_length&quot;:&quot;5.7&quot;,&quot;iso&quot;:&quot;125&quot;,&quot;shutter_speed&quot;:&quot;0.025&quot;,&quot;title&quot;:&quot;YASHICA Digital Camera&quot;}\" data-image-title=\"YASHICA Digital Camera\" data-image-description=\"\" data-image-caption=\"\" data-medium-file=\"https:\/\/i0.wp.com\/www.robertosedda.it\/wp-content\/uploads\/2013\/09\/ALIM3079.jpg?fit=300%2C225&amp;ssl=1\" data-large-file=\"https:\/\/i0.wp.com\/www.robertosedda.it\/wp-content\/uploads\/2013\/09\/ALIM3079.jpg?fit=510%2C383&amp;ssl=1\" decoding=\"async\" loading=\"lazy\" class=\"alignleft size-medium wp-image-4494\" alt=\"YASHICA Digital Camera\" src=\"https:\/\/i0.wp.com\/www.robertosedda.it\/wp-content\/uploads\/2013\/09\/ALIM3079-300x225.jpg?resize=300%2C225\" width=\"300\" height=\"225\" srcset=\"https:\/\/i0.wp.com\/www.robertosedda.it\/wp-content\/uploads\/2013\/09\/ALIM3079.jpg?resize=300%2C225&amp;ssl=1 300w, https:\/\/i0.wp.com\/www.robertosedda.it\/wp-content\/uploads\/2013\/09\/ALIM3079.jpg?resize=150%2C112&amp;ssl=1 150w, https:\/\/i0.wp.com\/www.robertosedda.it\/wp-content\/uploads\/2013\/09\/ALIM3079.jpg?resize=1024%2C768&amp;ssl=1 1024w, https:\/\/i0.wp.com\/www.robertosedda.it\/wp-content\/uploads\/2013\/09\/ALIM3079.jpg?resize=268%2C200&amp;ssl=1 268w, https:\/\/i0.wp.com\/www.robertosedda.it\/wp-content\/uploads\/2013\/09\/ALIM3079.jpg?resize=700%2C525&amp;ssl=1 700w, https:\/\/i0.wp.com\/www.robertosedda.it\/wp-content\/uploads\/2013\/09\/ALIM3079.jpg?w=1600 1600w, https:\/\/i0.wp.com\/www.robertosedda.it\/wp-content\/uploads\/2013\/09\/ALIM3079.jpg?w=2400 2400w\" sizes=\"(max-width: 300px) 100vw, 300px\" data-recalc-dims=\"1\" \/><\/a>Alle cinque le infioratrici tornano, si fanno la doccia e per le sette vanno via, anche loro verso il loro punto designato per partecipare alla Messa. Prima delle sette del resto dobbiamo uscire anche noi, ch\u00e9 abbiamo appuntamento col gruppo <em>La Pira<\/em> per l&#8217;incontro dei lavoratori col Papa.<\/p>\n<p>Insomma, stanotte non si dorme. Ma non \u00e8 questo che mi preoccupa. Stasera ho incontrato uno degli organizzatori massimi dell&#8217;evento e gli ho chiesto: \u00abMa io, dopo l&#8217;incontro coi lavoratori, ce la far\u00f2 a tornare a casa?\u00bb.<\/p>\n<p>\u00abOvviamente no\u00bb, mi ha risposto.<\/p>\n<p><em>Ovviamente?<\/em><\/p>\n<p>Domani (in realt\u00e0 oggi) vi far\u00f2 sapere com&#8217;\u00e8 andata.<\/p>\n","protected":false},"excerpt":{"rendered":"<p>Il Papa in Sardegna. A Cagliari. A Bonaria. Cio\u00e8&#8230; da me. Come tutti sanno domani il Papa viene a Cagliari.<\/p>\n","protected":false},"author":1,"featured_media":4492,"comment_status":"open","ping_status":"open","sticky":false,"template":"","format":"standard","meta":{"_mi_skip_tracking":false,"_monsterinsights_sitenote_active":false,"_monsterinsights_sitenote_note":"","_monsterinsights_sitenote_category":0,"jetpack_post_was_ever_published":false,"_jetpack_newsletter_access":"","jetpack_publicize_message":"","jetpack_is_tweetstorm":false,"jetpack_publicize_feature_enabled":true,"jetpack_social_post_already_shared":false,"jetpack_social_options":{"image_generator_settings":{"template":"highway","enabled":false}}},"categories":[52,54,17,62,16],"tags":[],"jetpack_publicize_connections":[],"jetpack_featured_media_url":"https:\/\/i0.wp.com\/www.robertosedda.it\/wp-content\/uploads\/2013\/09\/ALIM3040.jpg?fit=3264%2C2448&ssl=1","jetpack_sharing_enabled":true,"jetpack_shortlink":"https:\/\/wp.me\/p4jV2T-1ap","jetpack_likes_enabled":true,"jetpack-related-posts":[{"id":15419,"url":"https:\/\/www.robertosedda.it\/?p=15419","url_meta":{"origin":4489,"position":0},"title":"Io, pap\u00e0 e il calcio","author":"Rufus","date":"03\/07\/2018","format":false,"excerpt":"Preavviso: roba totalmente personale, L'altro giorno, guardando una delle partite del Mondiale (non saprei quale, sto seguendo la competizione a sprazzi), ho visto un contropiede e ho pensato: \u00abMi sa mi sa che con questi contropiedi poi li fregano\u00bb. E ho sorriso. Non perch\u00e9 il pensiero fosse particolarmente intelligente o\u2026","rel":"","context":"In &quot;Coordinate&quot;","block_context":{"text":"Coordinate","link":"https:\/\/www.robertosedda.it\/?cat=52"},"img":{"alt_text":"","src":"https:\/\/i0.wp.com\/www.robertosedda.it\/wp-content\/uploads\/2018\/07\/Riva.jpg?fit=592%2C398&ssl=1&resize=350%2C200","width":350,"height":200},"classes":[]},{"id":4504,"url":"https:\/\/www.robertosedda.it\/?p=4504","url_meta":{"origin":4489,"position":1},"title":"La mia vita con il Papa &#8211; l&#8217;evento (1)","author":"Rufus","date":"25\/09\/2013","format":false,"excerpt":"Prima di tutto vi rassicuro: sono tornato a casa, per giunta senza problemi. Se non ho scritto negli scorsi due giorni non \u00e8 perch\u00e9 vagavo alla ricerca di una varco nelle transenne ma perch\u00e9 si sono accumulate un po' di cose familiari\u00a0di altro genere. A proposito, per quelli che lo\u2026","rel":"","context":"In &quot;Coordinate&quot;","block_context":{"text":"Coordinate","link":"https:\/\/www.robertosedda.it\/?cat=52"},"img":{"alt_text":"","src":"https:\/\/i0.wp.com\/www.robertosedda.it\/wp-content\/uploads\/2013\/09\/Papa-Francesco-Cagliari-foto-gruppo.jpg?fit=960%2C720&ssl=1&resize=350%2C200","width":350,"height":200,"srcset":"https:\/\/i0.wp.com\/www.robertosedda.it\/wp-content\/uploads\/2013\/09\/Papa-Francesco-Cagliari-foto-gruppo.jpg?fit=960%2C720&ssl=1&resize=350%2C200 1x, https:\/\/i0.wp.com\/www.robertosedda.it\/wp-content\/uploads\/2013\/09\/Papa-Francesco-Cagliari-foto-gruppo.jpg?fit=960%2C720&ssl=1&resize=700%2C400 2x"},"classes":[]},{"id":4528,"url":"https:\/\/www.robertosedda.it\/?p=4528","url_meta":{"origin":4489,"position":2},"title":"La mia vita con il Papa &#8211; L&#8217;evento (2)","author":"Rufus","date":"09\/10\/2013","format":false,"excerpt":"\u00c8 ormai passato un po' di tempo\u00a0e qualcuno mi ha fatto notare che non ho finito di raccontare del Papa, quindi posto questo articolo che per qualche giorno \u00e8 rimasto in bozza. L'incontro coi lavoratori in Largo Carlo Felice Ci eravamo lasciati col gruppo \"La Pira\" in attesa del Papa\u2026","rel":"","context":"In &quot;Coordinate&quot;","block_context":{"text":"Coordinate","link":"https:\/\/www.robertosedda.it\/?cat=52"},"img":{"alt_text":"","src":"https:\/\/i0.wp.com\/www.robertosedda.it\/wp-content\/uploads\/2013\/10\/2013-09-22-15.32.14.jpg?fit=1200%2C900&ssl=1&resize=350%2C200","width":350,"height":200,"srcset":"https:\/\/i0.wp.com\/www.robertosedda.it\/wp-content\/uploads\/2013\/10\/2013-09-22-15.32.14.jpg?fit=1200%2C900&ssl=1&resize=350%2C200 1x, https:\/\/i0.wp.com\/www.robertosedda.it\/wp-content\/uploads\/2013\/10\/2013-09-22-15.32.14.jpg?fit=1200%2C900&ssl=1&resize=700%2C400 2x, https:\/\/i0.wp.com\/www.robertosedda.it\/wp-content\/uploads\/2013\/10\/2013-09-22-15.32.14.jpg?fit=1200%2C900&ssl=1&resize=1050%2C600 3x"},"classes":[]},{"id":11217,"url":"https:\/\/www.robertosedda.it\/?p=11217","url_meta":{"origin":4489,"position":3},"title":"Dieci anni non sono pochi","author":"Rufus","date":"24\/11\/2015","format":false,"excerpt":"Domani, con un piccolo rinfresco, il gruppo \"La Pira\" celebra dieci anni di vita. Pu\u00f2 non sembrare molto a confronto di molte venerande associazioni parrocchiali, la cui esistenza supera agevolmente il secolo, ma chi questa vita l'ha vissuta non pu\u00f2 che girarsi indietro e restare sbigottito: \u00abGi\u00e0 dieci anni?\u00bb. La\u2026","rel":"","context":"In &quot;Azione Cattolica&quot;","block_context":{"text":"Azione Cattolica","link":"https:\/\/www.robertosedda.it\/?cat=76"},"img":{"alt_text":"","src":"https:\/\/i0.wp.com\/www.robertosedda.it\/wp-content\/uploads\/2015\/11\/Gruppo-La-Pira-Pasquetta-2014.jpg?fit=1024%2C414&ssl=1&resize=350%2C200","width":350,"height":200,"srcset":"https:\/\/i0.wp.com\/www.robertosedda.it\/wp-content\/uploads\/2015\/11\/Gruppo-La-Pira-Pasquetta-2014.jpg?fit=1024%2C414&ssl=1&resize=350%2C200 1x, https:\/\/i0.wp.com\/www.robertosedda.it\/wp-content\/uploads\/2015\/11\/Gruppo-La-Pira-Pasquetta-2014.jpg?fit=1024%2C414&ssl=1&resize=700%2C400 2x"},"classes":[]},{"id":3396,"url":"https:\/\/www.robertosedda.it\/?p=3396","url_meta":{"origin":4489,"position":4},"title":"Sulle scarpe del Papa, il laicismo, la cattiva comunicazione via web e le raccolte fondi (phew!!)","author":"Rufus","date":"03\/06\/2013","format":false,"excerpt":"Ricevo oggi, tramite la lista di comunicazione del La Pira il seguente appello In occasione della visita del Papa a Bonaria, come cattolici sardi facciamoci carico delle spese di organizzazione. Esortiamo gli organizzatori a raccogliere lo stile di sobriet\u00e0 che papa Francesco sta testimoniando quotidianamente! Chiediamo inoltre che, in linea\u2026","rel":"","context":"In &quot;Coordinate&quot;","block_context":{"text":"Coordinate","link":"https:\/\/www.robertosedda.it\/?cat=52"},"img":{"alt_text":"","src":"","width":0,"height":0},"classes":[]},{"id":13618,"url":"https:\/\/www.robertosedda.it\/?p=13618","url_meta":{"origin":4489,"position":5},"title":"Piccole merde","author":"Rufus","date":"27\/04\/2017","format":"video","excerpt":"Stamattina, sotto la doccia, mi sono ricordato del portinaio. Non quello del nostro palazzo, che non c'\u00e8 mai stato. Quello della Saras, cio\u00e8 il palazzo vicino. Non era proprio il portinaio vero e proprio: era piuttosto il marito della portinaia. Infatti lavorava altrove e verso le sei di sera, mentre\u2026","rel":"","context":"In &quot;Coordinate&quot;","block_context":{"text":"Coordinate","link":"https:\/\/www.robertosedda.it\/?cat=52"},"img":{"alt_text":"","src":"https:\/\/i0.wp.com\/img.youtube.com\/vi\/RIBEmaR7Cv0\/0.jpg?resize=350%2C200","width":350,"height":200},"classes":[]}],"_links":{"self":[{"href":"https:\/\/www.robertosedda.it\/index.php?rest_route=\/wp\/v2\/posts\/4489"}],"collection":[{"href":"https:\/\/www.robertosedda.it\/index.php?rest_route=\/wp\/v2\/posts"}],"about":[{"href":"https:\/\/www.robertosedda.it\/index.php?rest_route=\/wp\/v2\/types\/post"}],"author":[{"embeddable":true,"href":"https:\/\/www.robertosedda.it\/index.php?rest_route=\/wp\/v2\/users\/1"}],"replies":[{"embeddable":true,"href":"https:\/\/www.robertosedda.it\/index.php?rest_route=%2Fwp%2Fv2%2Fcomments&post=4489"}],"version-history":[{"count":5,"href":"https:\/\/www.robertosedda.it\/index.php?rest_route=\/wp\/v2\/posts\/4489\/revisions"}],"predecessor-version":[{"id":4502,"href":"https:\/\/www.robertosedda.it\/index.php?rest_route=\/wp\/v2\/posts\/4489\/revisions\/4502"}],"wp:featuredmedia":[{"embeddable":true,"href":"https:\/\/www.robertosedda.it\/index.php?rest_route=\/wp\/v2\/media\/4492"}],"wp:attachment":[{"href":"https:\/\/www.robertosedda.it\/index.php?rest_route=%2Fwp%2Fv2%2Fmedia&parent=4489"}],"wp:term":[{"taxonomy":"category","embeddable":true,"href":"https:\/\/www.robertosedda.it\/index.php?rest_route=%2Fwp%2Fv2%2Fcategories&post=4489"},{"taxonomy":"post_tag","embeddable":true,"href":"https:\/\/www.robertosedda.it\/index.php?rest_route=%2Fwp%2Fv2%2Ftags&post=4489"}],"curies":[{"name":"wp","href":"https:\/\/api.w.org\/{rel}","templated":true}]}}