{"id":4484,"date":"2013-09-20T14:10:32","date_gmt":"2013-09-20T12:10:32","guid":{"rendered":"http:\/\/www.robertosedda.it\/?p=4484"},"modified":"2014-05-17T00:01:52","modified_gmt":"2014-05-16T22:01:52","slug":"nel-deserto-o-con-aggeo-sassolini-nelle-scarpe","status":"publish","type":"post","link":"https:\/\/www.robertosedda.it\/?p=4484","title":{"rendered":"Nel deserto o con Aggeo? Sassolini nelle scarpe"},"content":{"rendered":"<p>Ieri sotto la doccia improvvisamente ho pensato al deserto.<\/p>\n<p>Non a <em>un <\/em>deserto specifico &#8211;\u00a0del resto non ne ho mai visitato nessuno &#8211; ma al deserto come concetto. Biblico.<\/p>\n<p>Era il 2001 e nell&#8217;Azione Cattolica ero in disgrazia, tanto per cambiare. La forma specifica della disgrazia era del tipo &#8220;maneggiare con cura&#8221; &#8211; una forma lieve rispetto ad altre successive &#8211; e quindi, anche se con qualche preoccupazione, mi affidarono il coordinamento della commissione che doveva preparare il documento assembleare per il triennio successivo: la base per il lavoro associativo dal 2002 al 2005.<\/p>\n<p>Ero un po&#8217; stufo di un certo\u00a0stile omiletico che si era usato in precedenza nei documenti associativi &#8211; stile\u00a0in\u00a0cui peraltro avevo\u00a0versato personalmente\u00a0fiumi d&#8217;inchiostro &#8211; e quindi proposi e feci passare l&#8217;idea di un documento piuttosto essenziale, per tesi puntuali: facciamo questo, ci poniamo questo obiettivo, cose cos\u00ec, dette in non pi\u00f9 di tre righe ciascuna.<\/p>\n<p>Ma la proposta a cui tenevo di pi\u00f9 era quella di mettere una premessa legata al deserto.<\/p>\n<p>Il viaggio nel deserto \u00e8 l&#8217;esperienza fondativa del popolo d&#8217;Israele e pervade di s\u00e9 la Bibbia: \u00e8 nel deserto che una accozzaglia di straccioni diventa un popolo, si d\u00e0 regole di convivenza, capi e sacerdoti e impara a\u00a0ragionare come un ente collettivo. Pi\u00f9 e pi\u00f9 volte nel prosieguo della Bibbia \u00e8 nel deserto &#8211; luogo arido, inospitale, che mette per forza davanti a se stessi &#8211; che Dio si rivela al suo popolo. \u00c8 nel deserto che si va per trovare Dio.<\/p>\n<p>Successivamente per i cristiani il deserto\u00a0diviene metafora della morte e resurrezione di Ges\u00f9: il deserto \u00e8 come il battesimo, immersione totale in una dimensione altra da cui si riemerge purificati, e il battesimo \u00e8 figura della resurrezione. Nella spiritualit\u00e0 cristiana sono stati tanti coloro che hanno ripercorso\u00a0l&#8217;itinerario di scoperta di Dio vissuto dall&#8217;antico Israele\u00a0nel deserto, per ultimi personaggi che hanno molto influenzato la spiritualit\u00e0 della mia generazione, come Carlo Carretto o Raul Follereau.<\/p>\n<p>La mia idea era abbastanza semplice: la crisi dell&#8217;Azione Cattolica diocesana era abbastanza evidente, si annunciava un periodo di vacche magre senza precedenti. Un viaggio nel deserto avremmo dovuto farlo per forza, e quindi tanto valeva affrontarlo in una prospettiva di fede corretta, lasciando che le inevitabili privazioni ci insegnassero come rigenerare l&#8217;associazione, invece di subirle come un castigo incomprensibile della storia.<\/p>\n<p>Non and\u00f2 proprio bene. Il materiale uscito dalla commissione preparatoria fu puntualmente stravolto: le tesi brevi furono rese un po&#8217; meno brevi, un po&#8217; pi\u00f9 declamatorie &#8211; si vede che qualcuno non poteva vivere senza omelie &#8211; e l&#8217;idea di tesi puntuali e verificabili scomparve.<\/p>\n<p>L&#8217;altro stravolgimento riguard\u00f2 il brano biblico di riferimento: non ricordo cosa avessi proposto, ma doveva essere qualcosa sul genere del profeta Osea, che se ne and\u00f2 nel deserto a fare la pace con la moglie:<\/p>\n<blockquote><p>Perci\u00f2, ecco, la attirer\u00f2 a me,<br \/>\nla condurr\u00f2 nel deserto<br \/>\ne parler\u00f2 al suo cuore.<br \/>\nLe render\u00f2 le sue vigne<br \/>\ne trasformer\u00f2 la valle di Ac\u00f2r<br \/>\nin porta di speranza.<br \/>\nL\u00e0 canter\u00e0<br \/>\ncome nei giorni della sua giovinezza,<br \/>\ncome quando usc\u00ec dal paese d&#8217;Egitto.<br \/>\nE avverr\u00e0 in quel giorno<br \/>\n&#8211; oracolo del Signore &#8211;<br \/>\nmi chiamerai: Marito mio,<br \/>\ne non mi chiamerai pi\u00f9: Mio padrone.<\/p><\/blockquote>\n<p>Disse l&#8217;assistente diocesano: \u00abNooooo, ci sono brani molto pi\u00f9 bellini\u00bb.\u00a0E tir\u00f2 fuori il profeta Aggeo.<\/p>\n<p>Ora, il libro di Aggeo \u00e8 un testo brevissimo in cui un sacerdote si lamenta perch\u00e9 il popolo non \u00e8 abbastanza sollecito nel ricostruire il tempio di Gerusalemme, al tempo del ritorno dalla cattivit\u00e0 babilonese, e fra minacce e blandizie lo spinge al lavoro.<\/p>\n<blockquote><p>\u00a0Cos\u00ec parla il Signore degli eserciti: Questo popolo dice: \u00abNon \u00e8 ancora venuto il tempo di ricostruire la casa del Signore!\u00bb.\u00a0Allora questa parola del Signore fu rivelata per mezzo del profeta Aggeo:\u00a0\u00abVi sembra questo il tempo di abitare tranquilli nelle vostre case ben coperte, mentre questa casa \u00e8 ancora in rovina?\u00a0Ora, cos\u00ec dice il Signore degli eserciti: riflettete bene al vostro comportamento.<\/p><\/blockquote>\n<p>Ai tempi mi dispiacqui parecchio: e insomma mi pesava che un&#8217;associazione laicale come l&#8217;AC preferisse\u00a0identificarsi, invece che nella storia di due amanti, nel clero che riscuote la decima &#8211; lo so che il tempio di Gerusalemme in quel contesto pu\u00f2 essere preso a rappresentare l&#8217;edificazione del Regno di Dio, ma allora meglio Francesco, che va e ripara la casa di Dio, di un testo in cui Aggeo dice:<\/p>\n<blockquote><p>L&#8217;argento \u00e8 mio e mio \u00e8 l&#8217;oro, dice il Signore degli eserciti<\/p><\/blockquote>\n<p>che magari ci vuole un po&#8217; per spiegarlo ai fedeli, insomma. Che poi, anche Aggeo \u00e8 parola di Dio, e illumina la vita del credente. Solo che non era utile per illuminare <em>quella<\/em> vita e <em>quel<\/em> momento della vita dell&#8217;AC. Sostituiva a una prospettiva in cui tutti insieme ci assumiamo una situazione di fragilit\u00e0 e vediamo di sortirne insieme, cresciuti e migliorati, con una visione in cui per uscire dalle difficolt\u00e0 basta dare ordini al popolo. Una visione ecclesiale comunitaria contrapposta a una visione gerarchica.<\/p>\n<p>Per non parlare del fatto nei dieci anni successivi il viaggio nel deserto ce lo siamo dovuti fare lo stesso. Per\u00f2 senza bagagli, perch\u00e9 non ci eravamo preparati. Forse era meglio lasciar perdere Aggeo, quella volta. Forse: sar\u00e0 per questo che sono ancora in disgrazia.<\/p>\n","protected":false},"excerpt":{"rendered":"<p>Ieri sotto la doccia improvvisamente ho pensato al deserto. Non a un deserto specifico &#8211;\u00a0del resto non ne ho mai<\/p>\n","protected":false},"author":1,"featured_media":0,"comment_status":"open","ping_status":"open","sticky":false,"template":"","format":"standard","meta":{"_mi_skip_tracking":false,"_monsterinsights_sitenote_active":false,"_monsterinsights_sitenote_note":"","_monsterinsights_sitenote_category":0,"jetpack_post_was_ever_published":false,"_jetpack_newsletter_access":"","jetpack_publicize_message":"","jetpack_is_tweetstorm":false,"jetpack_publicize_feature_enabled":true,"jetpack_social_post_already_shared":false,"jetpack_social_options":{"image_generator_settings":{"template":"highway","enabled":false}}},"categories":[76,52,54,17,16],"tags":[],"jetpack_publicize_connections":[],"jetpack_featured_media_url":"","jetpack_sharing_enabled":true,"jetpack_shortlink":"https:\/\/wp.me\/p4jV2T-1ak","jetpack_likes_enabled":true,"jetpack-related-posts":[{"id":556,"url":"https:\/\/www.robertosedda.it\/?p=556","url_meta":{"origin":4484,"position":0},"title":"Camminando si apre cammino","author":"Rufus","date":"22\/08\/2012","format":false,"excerpt":"Per una strana\u00a0 fortunata coincidenza, la Nuova Sardegna di ieri ha pubblicato in due pagine successive sia la notizia dell\u2019inaugurazione del\u00a0sentiero Frassati della Sardegna sia la notizia di\u00a0Caminantes, un convegno di studi che da oggi fino a domenica, a Sedilo, mette a confronto sul tema del pellegrinaggio religioso in Sardegna\u2026","rel":"","context":"In &quot;Coordinate&quot;","block_context":{"text":"Coordinate","link":"https:\/\/www.robertosedda.it\/?cat=52"},"img":{"alt_text":"","src":"","width":0,"height":0},"classes":[]},{"id":19999,"url":"https:\/\/www.robertosedda.it\/?p=19999","url_meta":{"origin":4484,"position":1},"title":"Racconti che sono recensioni","author":"Rufus","date":"28\/03\/2023","format":false,"excerpt":"Avevo sempre desiderato leggere Gli Scorpioni del Deserto di Hugo Pratt e dopo la visita alla bella mostra di Cagliari dedicata al grande fumettista, dove erano esposte alcune tavole originali, mi sono deciso e ho comprato l'edizione integrale (Lizard, \u20ac 29,00, anche se io l'ho trovato con un piccolo sconto).\u2026","rel":"","context":"In &quot;Cappe e spade&quot;","block_context":{"text":"Cappe e spade","link":"https:\/\/www.robertosedda.it\/?cat=70"},"img":{"alt_text":"","src":"https:\/\/i0.wp.com\/www.robertosedda.it\/wp-content\/uploads\/2023\/03\/Cover-Scorpioni-del-deserto.jpg?fit=323%2C445&ssl=1&resize=350%2C200","width":350,"height":200},"classes":[]},{"id":7770,"url":"https:\/\/www.robertosedda.it\/?p=7770","url_meta":{"origin":4484,"position":2},"title":"Il responsabile della comunicazione diocesano","author":"Rufus","date":"13\/06\/2014","format":false,"excerpt":"Ho ritrovato sull'hard disk una mia vecchia proposta alla Presidenza diocesana per l'istituzione di un\u00a0vero responsabile della comunicazione, una\u00a0roba che come al solito mi capitava non venne mai presa seriamente in considerazione (e i frutti si sono visti, diciamo). Siccome vedo che\u00a0il\u00a0documento assembleare dell'Azione Cattolica diocesana\u00a0dice: si rende indispensabile un\u2026","rel":"","context":"In &quot;Azione Cattolica&quot;","block_context":{"text":"Azione Cattolica","link":"https:\/\/www.robertosedda.it\/?cat=76"},"img":{"alt_text":"","src":"https:\/\/i0.wp.com\/www.robertosedda.it\/wp-content\/uploads\/2014\/06\/Azione-Cattolica-riunione.jpg?fit=604%2C453&ssl=1&resize=350%2C200","width":350,"height":200},"classes":[]},{"id":598,"url":"https:\/\/www.robertosedda.it\/?p=598","url_meta":{"origin":4484,"position":3},"title":"La politica di Hobbes","author":"Rufus","date":"22\/08\/2012","format":false,"excerpt":"Quando ero al liceo e studiavo filosofia, la visione politica dei vari autori era generalmente un paragrafetto relegato alla fine del capitolo. I docenti ci facevano due\u2026 ehm,\u00a0spiegavano per ore la\u00a0fisica e la metafisica, la logica e tante alte cose, poi per il resto rimandavano alla lettura a casa. La\u2026","rel":"","context":"In &quot;Azione Cattolica&quot;","block_context":{"text":"Azione Cattolica","link":"https:\/\/www.robertosedda.it\/?cat=76"},"img":{"alt_text":"","src":"","width":0,"height":0},"classes":[]},{"id":577,"url":"https:\/\/www.robertosedda.it\/?p=577","url_meta":{"origin":4484,"position":4},"title":"La grande famiglia","author":"Rufus","date":"22\/08\/2012","format":false,"excerpt":"Per otto anni sono stata animatrice parrocchiale nell\u2019Azione Cattolica. Trovo questa frase, per noi abbastanza usuale, ad aprire il secondo capitolo di un libro \u201cdi richiamo\u201d appena uscito, Ave Mary di Michela Murgia, scritttrice ormai affermata dopo aver vinto con Accabbadora il premio Campiello e opinionista seguitissima, sia sul suo\u2026","rel":"","context":"In &quot;Azione Cattolica&quot;","block_context":{"text":"Azione Cattolica","link":"https:\/\/www.robertosedda.it\/?cat=76"},"img":{"alt_text":"","src":"","width":0,"height":0},"classes":[]},{"id":20249,"url":"https:\/\/www.robertosedda.it\/?p=20249","url_meta":{"origin":4484,"position":5},"title":"Ombre notturne","author":"Rufus","date":"06\/07\/2023","format":false,"excerpt":"Avviso: questo \u00e8 un articolo molto sincero, e come tale potrebbe non piacere. Fine dell'avviso. L'altro giorno ho visto casualmente questo tweet: Ora, la mia reazione a queste cose, di solito, \u00e8 venata di scetticismo. Come la volta che per strada \u00e8 passata Melissa Satta e nel gruppo di maschi\u2026","rel":"","context":"In &quot;Coordinate&quot;","block_context":{"text":"Coordinate","link":"https:\/\/www.robertosedda.it\/?cat=52"},"img":{"alt_text":"","src":"https:\/\/i0.wp.com\/www.robertosedda.it\/wp-content\/uploads\/2023\/07\/IMG_20230629_225119-scaled.jpg?fit=1200%2C900&ssl=1&resize=350%2C200","width":350,"height":200,"srcset":"https:\/\/i0.wp.com\/www.robertosedda.it\/wp-content\/uploads\/2023\/07\/IMG_20230629_225119-scaled.jpg?fit=1200%2C900&ssl=1&resize=350%2C200 1x, https:\/\/i0.wp.com\/www.robertosedda.it\/wp-content\/uploads\/2023\/07\/IMG_20230629_225119-scaled.jpg?fit=1200%2C900&ssl=1&resize=700%2C400 2x, https:\/\/i0.wp.com\/www.robertosedda.it\/wp-content\/uploads\/2023\/07\/IMG_20230629_225119-scaled.jpg?fit=1200%2C900&ssl=1&resize=1050%2C600 3x"},"classes":[]}],"_links":{"self":[{"href":"https:\/\/www.robertosedda.it\/index.php?rest_route=\/wp\/v2\/posts\/4484"}],"collection":[{"href":"https:\/\/www.robertosedda.it\/index.php?rest_route=\/wp\/v2\/posts"}],"about":[{"href":"https:\/\/www.robertosedda.it\/index.php?rest_route=\/wp\/v2\/types\/post"}],"author":[{"embeddable":true,"href":"https:\/\/www.robertosedda.it\/index.php?rest_route=\/wp\/v2\/users\/1"}],"replies":[{"embeddable":true,"href":"https:\/\/www.robertosedda.it\/index.php?rest_route=%2Fwp%2Fv2%2Fcomments&post=4484"}],"version-history":[{"count":5,"href":"https:\/\/www.robertosedda.it\/index.php?rest_route=\/wp\/v2\/posts\/4484\/revisions"}],"predecessor-version":[{"id":7455,"href":"https:\/\/www.robertosedda.it\/index.php?rest_route=\/wp\/v2\/posts\/4484\/revisions\/7455"}],"wp:attachment":[{"href":"https:\/\/www.robertosedda.it\/index.php?rest_route=%2Fwp%2Fv2%2Fmedia&parent=4484"}],"wp:term":[{"taxonomy":"category","embeddable":true,"href":"https:\/\/www.robertosedda.it\/index.php?rest_route=%2Fwp%2Fv2%2Fcategories&post=4484"},{"taxonomy":"post_tag","embeddable":true,"href":"https:\/\/www.robertosedda.it\/index.php?rest_route=%2Fwp%2Fv2%2Ftags&post=4484"}],"curies":[{"name":"wp","href":"https:\/\/api.w.org\/{rel}","templated":true}]}}