{"id":4447,"date":"2013-09-16T10:15:43","date_gmt":"2013-09-16T08:15:43","guid":{"rendered":"http:\/\/www.robertosedda.it\/?p=4447"},"modified":"2020-09-09T17:33:34","modified_gmt":"2020-09-09T15:33:34","slug":"larbitro","status":"publish","type":"post","link":"https:\/\/www.robertosedda.it\/?p=4447","title":{"rendered":"L&#8217;arbitro"},"content":{"rendered":"\n<div class=\"wp-block-image\"><figure class=\"alignright size-medium\"><img data-attachment-id=\"18299\" data-permalink=\"https:\/\/www.robertosedda.it\/?attachment_id=18299\" data-orig-file=\"https:\/\/i0.wp.com\/www.robertosedda.it\/wp-content\/uploads\/2013\/09\/Soriano-Futbol.jpg?fit=458%2C744&amp;ssl=1\" data-orig-size=\"458,744\" data-comments-opened=\"1\" data-image-meta=\"{&quot;aperture&quot;:&quot;0&quot;,&quot;credit&quot;:&quot;&quot;,&quot;camera&quot;:&quot;&quot;,&quot;caption&quot;:&quot;&quot;,&quot;created_timestamp&quot;:&quot;0&quot;,&quot;copyright&quot;:&quot;&quot;,&quot;focal_length&quot;:&quot;0&quot;,&quot;iso&quot;:&quot;0&quot;,&quot;shutter_speed&quot;:&quot;0&quot;,&quot;title&quot;:&quot;&quot;,&quot;orientation&quot;:&quot;1&quot;}\" data-image-title=\"Soriano-Futbol\" data-image-description=\"\" data-image-caption=\"\" data-medium-file=\"https:\/\/i0.wp.com\/www.robertosedda.it\/wp-content\/uploads\/2013\/09\/Soriano-Futbol.jpg?fit=185%2C300&amp;ssl=1\" data-large-file=\"https:\/\/i0.wp.com\/www.robertosedda.it\/wp-content\/uploads\/2013\/09\/Soriano-Futbol.jpg?fit=458%2C744&amp;ssl=1\" decoding=\"async\" loading=\"lazy\" width=\"185\" height=\"300\" src=\"https:\/\/i0.wp.com\/www.robertosedda.it\/wp-content\/uploads\/2013\/09\/Soriano-Futbol.jpg?resize=185%2C300\" alt=\"\" class=\"wp-image-18299\" srcset=\"https:\/\/i0.wp.com\/www.robertosedda.it\/wp-content\/uploads\/2013\/09\/Soriano-Futbol.jpg?resize=185%2C300&amp;ssl=1 185w, https:\/\/i0.wp.com\/www.robertosedda.it\/wp-content\/uploads\/2013\/09\/Soriano-Futbol.jpg?resize=92%2C150&amp;ssl=1 92w, https:\/\/i0.wp.com\/www.robertosedda.it\/wp-content\/uploads\/2013\/09\/Soriano-Futbol.jpg?w=458&amp;ssl=1 458w\" sizes=\"(max-width: 185px) 100vw, 185px\" data-recalc-dims=\"1\" \/><\/figure><\/div>\n\n\n\n<p>Sembra scritto dalla penna di Osvaldo Soriano (e infatti mi \u00e8 subito venuta voglia di rileggere <a href=\"http:\/\/www.einaudi.it\/libri\/libro\/osvaldo-soriano\/f-tbol\/978880618373\"><em>Futbol<\/em><\/a>) <em>L&#8217;arbitro<\/em> di Paolo Zucca. Come faceva Soriano, infatti, Zucca (e Barbara Alberti, co-sceneggiatrice) prende una vicenda di calcio con tutti i suoi classici addentellati &#8211; la rivalit\u00e0 fra le tifoserie, gli allenatori come <em>guru<\/em>, i giocatori come moderni eroi mitologici, le discussioni da bar, le tattiche, i dirigenti imbroglioni e gli arbitri corrotti &#8211; e lo trapianta in un ambiente rurale, con un effetto straniante (e a tratti davvero molto divertente), reso ancora pi\u00f9 surreale dalla galleria sorprendente di personaggi presentata e dal tono grottesco con cui Zucca decide di raccontare la storia.<\/p>\n\n\n\n<p>La narrazione si svolge su pi\u00f9 piani. Il film racconta, prima di tutto, dell&#8217;accesa rivalit\u00e0 fra le squadre &#8211; di infima categoria &#8211; di due paesi immaginari della Sardegna: l&#8217;<em>Atletico Pabarile<\/em> e il <em>Montecrastu<\/em>. Questa \u00e8 la parte in cui ci sono tutti gli attori pi\u00f9 noti e amati dal pubblico sardo: Benito Urgu nel ruolo dell&#8217;improbabile allenatore filosofo del <em>Pabarile<\/em>, Geppi Cucciari e Jacopo Cullin (peraltro irriconoscibile), tutti affiancati da un gruppo di bravissimi caratteristi e attori di contorno, uno con la faccia pi\u00f9 indovinata dell&#8217;altro, fra cui un ruolo di rilievo hanno Alessio Di Clemente e Quirico Manunza, rispettivamente allenatore e dirigente del <em>Montecrastu<\/em>.<\/p>\n\n\n\n<p>La storia della rivalit\u00e0 fra le due squadre si intreccia con il crescere di un&#8217;altra rivalit\u00e0, questa legata invece alla campagna e a degli sgarbi, in origine abbastanza banali, fra pastori: chi sa come nascono a volte le faide riconosce con timore passaggi e situazioni via via pi\u00f9 gravi, e complicate dal fatto che i protagonisti sul campo vestono la stessa maglia. Qui il tono abbandona il grottesco, spariscono le <em>gag<\/em> e il racconto accoglie e fa propri i silenzi, le pause e le omert\u00e0 della vita in campagna.<\/p>\n\n\n\n<p>Una terza linea narrativa, invece, ha per protagonista un ottimo Stefano Accorsi che interpreta l&#8217;arbitro Cruciani: <em>principe<\/em> dei fischietti e all&#8217;apice della carriera si prepara ad arbitrare la partita pi\u00f9 importante della carriera, se gli intrighi di Marco Messeri e il <em>bon ton<\/em> di Gr\u00e9goire Oestermann, che fa strepitosamente il verso a Platini, glielo permetteranno. Il film contrappone cos\u00ec\u00a0i due poli del mondo del calcio, il dilettantismo straccione della rivalit\u00e0 fra\u00a0<em>Pabarile<\/em> e\u00a0<em>Montecrastu<\/em> e l&#8217;empireo della finale di <em>Champions<\/em>; apparentemente cos\u00ec distanti, finiranno alla fine quasi per caso per intersecarsi.<\/p>\n\n\n\n<p>Cinematograficamente il film ha parecchio di buono; nella parte con Accorsi, la scena iniziale in cui Cruciani, i guardalinee e il quarto uomo si preparano alla partita come se fossero monaci guerrieri pronti a un&#8217;ordalia, e le scene degli allenamenti degli arbitri, coreografate come balletti (e vagamente reminiscenti delle parate ginniche di regime); nella parte ambientata in Sardegna la mano sicura con cui sono resi volti, panorami, particolari, i silenzi che nutrono la faida e il caravanserraglio paesano della passione per le due squadre: la bellissima fotografia e la mano sicura del regista sulla macchina da presa fanno perdonare anche qualche incertezza degli attori.<\/p>\n\n\n\n<p><em>L&#8217;arbitro<\/em> \u00e8 insomma una rivelazione e un film molto piacevole, che intrattiene spiritosamente, cattura l&#8217;attenzione e si permette, nell&#8217;intreccio delle tre trame principali, di suggerire anche spunti e riflessioni che vanno oltre il film. Su questo, per\u00f2, c&#8217;\u00e8 qualcosa da dire di pi\u00f9. Dopo la pubblicit\u00e0.<\/p>\n\n\n\n<figure class=\"wp-block-embed-youtube alignwide wp-block-embed is-type-video is-provider-youtube wp-embed-aspect-16-9 wp-has-aspect-ratio\"><div class=\"wp-block-embed__wrapper\">\n<span class=\"embed-youtube\" style=\"text-align:center; display: block;\"><iframe loading=\"lazy\" class=\"youtube-player\" width=\"800\" height=\"450\" src=\"https:\/\/www.youtube.com\/embed\/tAnmd1AuCns?version=3&#038;rel=1&#038;showsearch=0&#038;showinfo=1&#038;iv_load_policy=1&#038;fs=1&#038;hl=it-IT&#038;autohide=2&#038;wmode=transparent\" allowfullscreen=\"true\" style=\"border:0;\" sandbox=\"allow-scripts allow-same-origin allow-popups allow-presentation\"><\/iframe><\/span>\n<\/div><\/figure>\n\n\n\n<h3>Soprattutto non buttiamola in politica<\/h3>\n\n\n\n<p>A\u00a0Cagliari, in occasione della conferenza di presentazione prima della prima, Paolo Zucca ha fatto notare che ha usato il bianco e nero con cui \u00e8 girato tutto il film anche per farsi aiutare a non collocare con troppa esattezza il film in un contesto geografico e temporale &#8211; \u00e8 chiaro che siamo in Sardegna, ma esattamente dove e se oggi, ieri o domani questo non lo si capisce mai: lo stesso vale in qualche modo per la parte che riguarda Accorsi.<\/p>\n\n\n\n<p><em>L&#8217;arbitro<\/em> non \u00e8, insomma, un film di denuncia o un film a tesi: \u00e8 piuttosto una favola, o meglio un apologo, che enuncia delle verit\u00e0 da tutti riconoscibili ma lascia a ciascuno di trarre le sue conclusioni; sfugge cos\u00ec felicemente al rischio del didascalismo o della metafora troppo insistita.<\/p>\n\n\n\n<p>\u00c8 chiaro che siamo su un terreno scivoloso: l&#8217;occasione di mettere insieme faide e condizione pastorale della Sardegna, il calcio come metafora dei rapporti di potere, perfino il rapporto fra realt\u00e0 locali del calcio\u00a0e\u00a0l&#8217;organizzazione nazionale\u00a0pu\u00f2 spingere un certo tipo di spettatore a verificare la &#8220;tesi politica&#8221; del film e la sua rispondenza a una posizione o all&#8217;altra. Ma il film mantiene sempre una sua leggerezza che va rispettata, un rifiutarsi di prendere posizione in maniera puntuale, anche se come la pensano regista e sceneggiatore \u00e8 chiarissimo: ma scelgono di non fare teoria, e invece semplicemente di narrare. E se qualcuno, arcigno difensore delle tesi politiche precostituite, dovesse provare a convergere su di lui, Zucca con un <em>dribbling<\/em> degno del suo Matzutzi si libera: \u00e8 gi\u00e0 l\u00e0, lanciato verso l&#8217;area di rigore, solo davanti al portiere.<\/p>\n","protected":false},"excerpt":{"rendered":"<p>Sembra scritto dalla penna di Osvaldo Soriano (e infatti mi \u00e8 subito venuta voglia di rileggere Futbol) L&#8217;arbitro di Paolo<\/p>\n","protected":false},"author":1,"featured_media":18299,"comment_status":"open","ping_status":"open","sticky":false,"template":"","format":"video","meta":{"_mi_skip_tracking":false,"_monsterinsights_sitenote_active":false,"_monsterinsights_sitenote_note":"","_monsterinsights_sitenote_category":0,"jetpack_post_was_ever_published":false,"_jetpack_newsletter_access":"","jetpack_publicize_message":"","jetpack_is_tweetstorm":false,"jetpack_publicize_feature_enabled":true,"jetpack_social_post_already_shared":false,"jetpack_social_options":{"image_generator_settings":{"template":"highway","enabled":false}}},"categories":[52,14,56,82,12,1],"tags":[],"jetpack_publicize_connections":[],"jetpack_featured_media_url":"https:\/\/i0.wp.com\/www.robertosedda.it\/wp-content\/uploads\/2013\/09\/Soriano-Futbol.jpg?fit=458%2C744&ssl=1","jetpack_sharing_enabled":true,"jetpack_shortlink":"https:\/\/wp.me\/s4jV2T-larbitro","jetpack_likes_enabled":true,"jetpack-related-posts":[{"id":16554,"url":"https:\/\/www.robertosedda.it\/?p=16554","url_meta":{"origin":4447,"position":0},"title":"L&#8217;innamorato, la luna e la spia","author":"Rufus","date":"10\/04\/2019","format":"video","excerpt":"L'uomo che compr\u00f2 la luna (Zucca, Italia\/Albania\/Argentina 2018) https:\/\/www.youtube.com\/watch?v=2MxQLFBe98E Ho visto la settimana scorsa, nel giorno del suo esordio cagliaritano, L'uomo che compr\u00f2 la luna di Paolo Zucca, con Jacopo Cullin e Benito Urgu in gran spolvero e un cast di contorno molto buono. Lo dico subito: si ride moltissimo.\u2026","rel":"","context":"In &quot;Coordinate&quot;","block_context":{"text":"Coordinate","link":"https:\/\/www.robertosedda.it\/?cat=52"},"img":{"alt_text":"","src":"https:\/\/i0.wp.com\/www.robertosedda.it\/wp-content\/uploads\/2019\/04\/Cullin3.jpg?fit=420%2C600&ssl=1&resize=350%2C200","width":350,"height":200},"classes":[]},{"id":5629,"url":"https:\/\/www.robertosedda.it\/?p=5629","url_meta":{"origin":4447,"position":1},"title":"Due cortometraggi  ambientati a Cagliari","author":"Rufus","date":"29\/12\/2013","format":"video","excerpt":"Mi\u00a0sono capitati recentemente sotto gli occhi due cortometraggi entrambi ambientati a Cagliari: uno \u00e8 Buio di Jacopo Cullin, cabarettista, attore e regista molto noto al nostro pubblico locale (e anche oltre, ed \u00e8 stato anche il protagonista de L'arbitro di Paolo Zucca), l'altro \u00e8 il norvegese (immagino per la potenza\u2026","rel":"","context":"In &quot;Coordinate&quot;","block_context":{"text":"Coordinate","link":"https:\/\/www.robertosedda.it\/?cat=52"},"img":{"alt_text":"","src":"https:\/\/i0.wp.com\/img.youtube.com\/vi\/neREcQ5RJ1Y\/0.jpg?resize=350%2C200","width":350,"height":200},"classes":[]},{"id":17335,"url":"https:\/\/www.robertosedda.it\/?p=17335","url_meta":{"origin":4447,"position":2},"title":"(Non) Capirne di calcio","author":"Rufus","date":"25\/09\/2019","format":false,"excerpt":"Ho finito di giocare Football drama, il videogame per il quale qualche giorno fa avevo manifestato discrete aspettative. Ecco, diciamo che una volta provato il gioco non si \u00e8 dimostrato esattamente all'altezza delle aspettative. Seducente ma vuoto, direi in due aggettivi. Complessivamente, la mia opinione \u00e8 abbastanza simile alle recensioni\u2026","rel":"","context":"In &quot;Coordinate&quot;","block_context":{"text":"Coordinate","link":"https:\/\/www.robertosedda.it\/?cat=52"},"img":{"alt_text":"","src":"https:\/\/i0.wp.com\/www.robertosedda.it\/wp-content\/uploads\/2019\/09\/Football-drama-a4.jpg?resize=350%2C200&ssl=1","width":350,"height":200,"srcset":"https:\/\/i0.wp.com\/www.robertosedda.it\/wp-content\/uploads\/2019\/09\/Football-drama-a4.jpg?resize=350%2C200&ssl=1 1x, https:\/\/i0.wp.com\/www.robertosedda.it\/wp-content\/uploads\/2019\/09\/Football-drama-a4.jpg?resize=700%2C400&ssl=1 2x, https:\/\/i0.wp.com\/www.robertosedda.it\/wp-content\/uploads\/2019\/09\/Football-drama-a4.jpg?resize=1050%2C600&ssl=1 3x"},"classes":[]},{"id":17267,"url":"https:\/\/www.robertosedda.it\/?p=17267","url_meta":{"origin":4447,"position":3},"title":"Gioco da mettere in lista desideri","author":"Rufus","date":"19\/09\/2019","format":false,"excerpt":"Uno dei motivi per i quali si pu\u00f2 stare in gruppi altrimenti abbastanza asfissianti \u00e8 che si ricevono informazioni interessanti, come questa segnalazione di un gioco sul calcio che mi sembra meritevole di essere tenuto d'occhio. L'idea di base, quella di un gioco che affronti il calcio da un punto\u2026","rel":"","context":"In &quot;Coordinate&quot;","block_context":{"text":"Coordinate","link":"https:\/\/www.robertosedda.it\/?cat=52"},"img":{"alt_text":"","src":"https:\/\/i0.wp.com\/www.robertosedda.it\/wp-content\/uploads\/2019\/09\/FV_Field_Event.png?fit=743%2C400&ssl=1&resize=350%2C200","width":350,"height":200,"srcset":"https:\/\/i0.wp.com\/www.robertosedda.it\/wp-content\/uploads\/2019\/09\/FV_Field_Event.png?fit=743%2C400&ssl=1&resize=350%2C200 1x, https:\/\/i0.wp.com\/www.robertosedda.it\/wp-content\/uploads\/2019\/09\/FV_Field_Event.png?fit=743%2C400&ssl=1&resize=700%2C400 2x"},"classes":[]},{"id":7874,"url":"https:\/\/www.robertosedda.it\/?p=7874","url_meta":{"origin":4447,"position":4},"title":"Il calcio visto dagli altri","author":"Rufus","date":"30\/06\/2014","format":false,"excerpt":"Poco prima dell'inizio dei Mondiali L'espresso \u00e8 uscito con in allegato Splendori e miserie del gioco del calcio, di Eduardo Galeano, e io l'ho comprato. Nel giornale non c'era nemmeno un articolo degno di nota, ma il libro, davvero, \u00e8 tutta un'altra cosa. Splendori e miserie del gioco del calcio\u2026","rel":"","context":"In &quot;Coordinate&quot;","block_context":{"text":"Coordinate","link":"https:\/\/www.robertosedda.it\/?cat=52"},"img":{"alt_text":"","src":"https:\/\/i0.wp.com\/www.robertosedda.it\/wp-content\/uploads\/2014\/06\/Splendori-e-miserie-del-gioco-del-calcio-Espresso.jpg?fit=450%2C786&ssl=1&resize=350%2C200","width":350,"height":200},"classes":[]},{"id":18291,"url":"https:\/\/www.robertosedda.it\/?p=18291","url_meta":{"origin":4447,"position":5},"title":"Battaglie perse","author":"Rufus","date":"09\/09\/2020","format":false,"excerpt":"https:\/\/www.youtube.com\/watch?v=AL8chWFuM-s Ho visto l'altro giorno alla Manifattura Tabacchi L'agnello di Mario Piredda, un film che ultimamente in Sardegna sta riempiendo le sale ovunque venga proiettato. Mi ha fatto molto piacere vedere nel film due persone che conosco benissimo come Piero Marcialis e Michele Dr Drer Atzori, tutti e due impegnati\u2026","rel":"","context":"In &quot;Coordinate&quot;","block_context":{"text":"Coordinate","link":"https:\/\/www.robertosedda.it\/?cat=52"},"img":{"alt_text":"","src":"https:\/\/i0.wp.com\/www.robertosedda.it\/wp-content\/uploads\/2020\/09\/Lagnello.jpg?fit=1200%2C675&ssl=1&resize=350%2C200","width":350,"height":200,"srcset":"https:\/\/i0.wp.com\/www.robertosedda.it\/wp-content\/uploads\/2020\/09\/Lagnello.jpg?fit=1200%2C675&ssl=1&resize=350%2C200 1x, https:\/\/i0.wp.com\/www.robertosedda.it\/wp-content\/uploads\/2020\/09\/Lagnello.jpg?fit=1200%2C675&ssl=1&resize=700%2C400 2x, https:\/\/i0.wp.com\/www.robertosedda.it\/wp-content\/uploads\/2020\/09\/Lagnello.jpg?fit=1200%2C675&ssl=1&resize=1050%2C600 3x"},"classes":[]}],"_links":{"self":[{"href":"https:\/\/www.robertosedda.it\/index.php?rest_route=\/wp\/v2\/posts\/4447"}],"collection":[{"href":"https:\/\/www.robertosedda.it\/index.php?rest_route=\/wp\/v2\/posts"}],"about":[{"href":"https:\/\/www.robertosedda.it\/index.php?rest_route=\/wp\/v2\/types\/post"}],"author":[{"embeddable":true,"href":"https:\/\/www.robertosedda.it\/index.php?rest_route=\/wp\/v2\/users\/1"}],"replies":[{"embeddable":true,"href":"https:\/\/www.robertosedda.it\/index.php?rest_route=%2Fwp%2Fv2%2Fcomments&post=4447"}],"version-history":[{"count":8,"href":"https:\/\/www.robertosedda.it\/index.php?rest_route=\/wp\/v2\/posts\/4447\/revisions"}],"predecessor-version":[{"id":18302,"href":"https:\/\/www.robertosedda.it\/index.php?rest_route=\/wp\/v2\/posts\/4447\/revisions\/18302"}],"wp:featuredmedia":[{"embeddable":true,"href":"https:\/\/www.robertosedda.it\/index.php?rest_route=\/wp\/v2\/media\/18299"}],"wp:attachment":[{"href":"https:\/\/www.robertosedda.it\/index.php?rest_route=%2Fwp%2Fv2%2Fmedia&parent=4447"}],"wp:term":[{"taxonomy":"category","embeddable":true,"href":"https:\/\/www.robertosedda.it\/index.php?rest_route=%2Fwp%2Fv2%2Fcategories&post=4447"},{"taxonomy":"post_tag","embeddable":true,"href":"https:\/\/www.robertosedda.it\/index.php?rest_route=%2Fwp%2Fv2%2Ftags&post=4447"}],"curies":[{"name":"wp","href":"https:\/\/api.w.org\/{rel}","templated":true}]}}