{"id":4435,"date":"2013-09-14T17:00:34","date_gmt":"2013-09-14T15:00:34","guid":{"rendered":"http:\/\/www.robertosedda.it\/?p=4435"},"modified":"2015-09-24T18:15:37","modified_gmt":"2015-09-24T16:15:37","slug":"lo-yin-lo-yang-e-la-faine","status":"publish","type":"post","link":"https:\/\/www.robertosedda.it\/?p=4435","title":{"rendered":"Lo Yin, lo Yang e&#8230; la fain\u00e9"},"content":{"rendered":"<p><a href=\"https:\/\/i0.wp.com\/www.robertosedda.it\/wp-content\/uploads\/2013\/09\/Davide-contro-Golia.jpg\"><img data-attachment-id=\"4831\" data-permalink=\"https:\/\/www.robertosedda.it\/?attachment_id=4831\" data-orig-file=\"https:\/\/i0.wp.com\/www.robertosedda.it\/wp-content\/uploads\/2013\/09\/Davide-contro-Golia.jpg?fit=133%2C200&amp;ssl=1\" data-orig-size=\"133,200\" data-comments-opened=\"1\" data-image-meta=\"{&quot;aperture&quot;:&quot;0&quot;,&quot;credit&quot;:&quot;&quot;,&quot;camera&quot;:&quot;&quot;,&quot;caption&quot;:&quot;&quot;,&quot;created_timestamp&quot;:&quot;0&quot;,&quot;copyright&quot;:&quot;&quot;,&quot;focal_length&quot;:&quot;0&quot;,&quot;iso&quot;:&quot;0&quot;,&quot;shutter_speed&quot;:&quot;0&quot;,&quot;title&quot;:&quot;&quot;}\" data-image-title=\"Davide contro Golia\" data-image-description=\"\" data-image-caption=\"\" data-medium-file=\"https:\/\/i0.wp.com\/www.robertosedda.it\/wp-content\/uploads\/2013\/09\/Davide-contro-Golia.jpg?fit=133%2C200&amp;ssl=1\" data-large-file=\"https:\/\/i0.wp.com\/www.robertosedda.it\/wp-content\/uploads\/2013\/09\/Davide-contro-Golia.jpg?fit=133%2C200&amp;ssl=1\" decoding=\"async\" loading=\"lazy\" class=\"alignleft size-full wp-image-4831\" src=\"https:\/\/i0.wp.com\/www.robertosedda.it\/wp-content\/uploads\/2013\/09\/Davide-contro-Golia.jpg?resize=133%2C200\" alt=\"Davide contro Golia\" width=\"133\" height=\"200\" srcset=\"https:\/\/i0.wp.com\/www.robertosedda.it\/wp-content\/uploads\/2013\/09\/Davide-contro-Golia.jpg?w=133&amp;ssl=1 133w, https:\/\/i0.wp.com\/www.robertosedda.it\/wp-content\/uploads\/2013\/09\/Davide-contro-Golia.jpg?resize=99%2C150&amp;ssl=1 99w\" sizes=\"(max-width: 133px) 100vw, 133px\" data-recalc-dims=\"1\" \/><\/a>Sono stato gioved\u00ec alla presentazione, presso la libreria <em>Odradek<\/em> di Sassari, del libro <em>Davide e Golia. La primavera delle economie diverse<\/em> (<em>Jaca Boook<\/em> 2013), uno studio a pi\u00f9 voci su una serie di esperienze economiche di tipo alternativo (anche se ai curatori dello studio questa parola non piace), met\u00e0 situate in Sardegna (<em>Domus Amigas<\/em>,\u00a0<em>Aghe<\/em>, <em>Pira Camusina <\/em> e il\u00a0<em>DES<\/em> di Nuoro) e met\u00e0 in Veneto, a Verona e Padova.<\/p>\n<p>\u00c8 stata una serata molto intensa, grazie anche alle provocazioni iniziali di Enrico Lobina, (bravo) consigliere comunale cagliaritano in momentanea trasferta sassarese, e grazie anche alle riflessioni offerte da tre delle autrici, fra cui Antonia De Vita e Lucia Bertell, che avevo conosciuto ad <em>Aghe<\/em> diversi anni fa e che ai tempi ricordo di avere (tanto per cambiare) irritato oltremisura con una domanda impertinente durante un dibattito.<\/p>\n<p>Ho comprato il libro e mi riservo di scriverne una recensione estesa appena l&#8217;avr\u00f2 finito, ma anche questa volta bonariamente c&#8217;\u00e8 scappata qualche scintilla. Alla fine il pubblico, non numerosissimo, era quasi tutto di addetti ai lavori, cio\u00e8 di gente che l&#8217;economia alternativa, o solidale, o sostenibile, o quello che \u00e8, la fa in prima persona, e in qualche modo tutti ci siamo ritrovati in una visione da &#8220;fine del mondo&#8221;: si percepisce che le esperienze &#8220;storiche&#8221; &#8211; la cooperazione sociale oppure i <em>bilanci di giustizia<\/em>, le associazioni di promozione sociale oppure l&#8217;agricoltura biologica &#8211; sono giunti alla fine di un ciclo proprio mentre la crisi sfida maggiormente a trovare alternative compiute al sistema capitalistico dominante; \u00e8 una posizione che raramente ho trovato data per assodata in maniera cos\u00ec serena da parte di persone provenienti da realt\u00e0 anche molto diverse.<\/p>\n<p>Rispetto a questo devo dire che non ho trovato molto convincente l&#8217;idea detta dalle autrici, e che forse \u00e8 anche del libro, che il prossimo passaggio, la via che segna il futuro \u00e8 rappresentato dai\u00a0gruppi di acquisto solidale e in generale dalla galassia che si riconosce nel temine transizione: mi pare che il libro rappresenti appunto la visione e la voce di questo tipo di sensibilit\u00e0, ma l&#8217;ho trovato troppo attenta a definire le differenze, a marcare le distanze, a rivendicare pagelle di alternativit\u00e0, ritenendo tutto il resto (cooperazione eccetera) in fondo subalterno &#8211; o forse colluso &#8211; al sistema dominante. \u00c8 una posizione che mi sembra singolarmente povera e sorprendente per persone di solito attente a una visione olistica della realt\u00e0: piuttosto che ragionare in bianco o nero, noi qui voi l\u00e0, questi buoni gli altri cattivi, mi aspetterei una lettura pi\u00f9 in stile\u00a0<em>yin<\/em> e <em>yang<\/em>, che rileva in tutto questo nostro multiforme mondo &#8211; che oltre che le cose buone \u00e8 anche pieno di difetti e talvolta di personaggi deprecabili &#8211; l&#8217;alternarsi di vuoti e di pieni, il compenetrarsi di forze e debolezze.<\/p>\n<p>Ma aspetto il libro per decidere meglio. Nel frattempo, come mi capita ultimamente quando vado a Sassari per questioni di <em>Banca Etica <\/em> e alla fine sono un po&#8217; depresso, sono andato a mangiare la <em>fain\u00e9<\/em>. Di solito, come in questa occasione, andiamo dal cosiddetto &#8220;genovese&#8221;, cio\u00e8 da <em>Sassu<\/em>, luogo di delizie che vi invito caldamente a frequentare. Eravamo sei: abbiamo preso <em>fain\u00e9<\/em> di quattro tipi diversi, siamo stati benissimo insieme e accuratamente, sebbene ne avessimo gran voglia, abbiamo evitato di riparlare dei temi del dibattito: anche questo \u00e8 <em>yin <\/em>e <em>yang<\/em>, credo, e una via pi\u00f9 sicura per la giustizia sociale di molti altri tipi di transizione.<\/p>\n","protected":false},"excerpt":{"rendered":"<p>Sono stato gioved\u00ec alla presentazione, presso la libreria Odradek di Sassari, del libro Davide e Golia. La primavera delle economie<\/p>\n","protected":false},"author":1,"featured_media":4439,"comment_status":"open","ping_status":"open","sticky":false,"template":"","format":"standard","meta":{"_mi_skip_tracking":false,"_monsterinsights_sitenote_active":false,"_monsterinsights_sitenote_note":"","_monsterinsights_sitenote_category":0,"jetpack_post_was_ever_published":false,"_jetpack_newsletter_access":"","jetpack_publicize_message":"","jetpack_is_tweetstorm":false,"jetpack_publicize_feature_enabled":true,"jetpack_social_post_already_shared":false,"jetpack_social_options":{"image_generator_settings":{"template":"highway","enabled":false}}},"categories":[52,49,55,77,12],"tags":[],"jetpack_publicize_connections":[],"jetpack_featured_media_url":"https:\/\/i0.wp.com\/www.robertosedda.it\/wp-content\/uploads\/2013\/09\/Davide-contro-Golia.jpg?fit=133%2C200&ssl=1","jetpack_sharing_enabled":true,"jetpack_shortlink":"https:\/\/wp.me\/p4jV2T-19x","jetpack_likes_enabled":true,"jetpack-related-posts":[{"id":13918,"url":"https:\/\/www.robertosedda.it\/?p=13918","url_meta":{"origin":4435,"position":0},"title":"Ti faccio nero, pedone&#8230;","author":"Rufus","date":"06\/07\/2017","format":false,"excerpt":"Negli Stati Uniti, se sei un nativo americano, nero, ispanico o povero hai pi\u00f9 probabilit\u00e0 di essere investito mentre attraversi la strada. Mi devo scusare per il pessimo gioco di parole del titolo: volevo semplicemente raccontarvi che, seguendo l'interesse gi\u00e0 mostrato in questo\u00a0blog per i temi della sicurezza stradale, ho\u2026","rel":"","context":"In &quot;Coordinate&quot;","block_context":{"text":"Coordinate","link":"https:\/\/www.robertosedda.it\/?cat=52"},"img":{"alt_text":"","src":"https:\/\/i0.wp.com\/www.robertosedda.it\/wp-content\/uploads\/2017\/07\/Beatles.jpg?fit=1024%2C768&ssl=1&resize=350%2C200","width":350,"height":200,"srcset":"https:\/\/i0.wp.com\/www.robertosedda.it\/wp-content\/uploads\/2017\/07\/Beatles.jpg?fit=1024%2C768&ssl=1&resize=350%2C200 1x, https:\/\/i0.wp.com\/www.robertosedda.it\/wp-content\/uploads\/2017\/07\/Beatles.jpg?fit=1024%2C768&ssl=1&resize=700%2C400 2x"},"classes":[]},{"id":16307,"url":"https:\/\/www.robertosedda.it\/?p=16307","url_meta":{"origin":4435,"position":1},"title":"Chiusure evitabili?","author":"Rufus","date":"05\/03\/2019","format":false,"excerpt":"Segnalo un articolo (in inglese, purtroppo, per eventuali difficolt\u00e0 chiedete in privato) col quale il responsabile di un grosso studio di produzione di eventi di gioco di ruolo dal vivo (e quando dico \"grossi\" intendo grossi) comunica la chiusura delle attivit\u00e0 per l'impossibilit\u00e0 di reggere ulteriormente il dissesto finanziario. A\u2026","rel":"","context":"In &quot;Segnalazioni&quot;","block_context":{"text":"Segnalazioni","link":"https:\/\/www.robertosedda.it\/?cat=95"},"img":{"alt_text":"","src":"https:\/\/i0.wp.com\/www.robertosedda.it\/wp-content\/uploads\/2019\/03\/Dziobak.jpg?fit=1200%2C800&ssl=1&resize=350%2C200","width":350,"height":200,"srcset":"https:\/\/i0.wp.com\/www.robertosedda.it\/wp-content\/uploads\/2019\/03\/Dziobak.jpg?fit=1200%2C800&ssl=1&resize=350%2C200 1x, https:\/\/i0.wp.com\/www.robertosedda.it\/wp-content\/uploads\/2019\/03\/Dziobak.jpg?fit=1200%2C800&ssl=1&resize=700%2C400 2x, https:\/\/i0.wp.com\/www.robertosedda.it\/wp-content\/uploads\/2019\/03\/Dziobak.jpg?fit=1200%2C800&ssl=1&resize=1050%2C600 3x"},"classes":[]},{"id":18823,"url":"https:\/\/www.robertosedda.it\/?p=18823","url_meta":{"origin":4435,"position":2},"title":"Vivere di espedienti (narrativi)","author":"Rufus","date":"04\/06\/2021","format":false,"excerpt":"Con Maria Bonaria stiamo guardando Suits: siamo pi\u00f9 o meno a met\u00e0 della quarta stagione e, devo dire, stiamo un po' rallentando la visione. https:\/\/www.youtube.com\/watch?v=dT4R9Jg9eHE Dal punto di vista narrativo, per\u00f2, lo trovo piuttosto interessante per un approccio che non so come definire se non falso movimento (e che forse\u2026","rel":"","context":"In &quot;Coordinate&quot;","block_context":{"text":"Coordinate","link":"https:\/\/www.robertosedda.it\/?cat=52"},"img":{"alt_text":"","src":"https:\/\/i0.wp.com\/www.robertosedda.it\/wp-content\/uploads\/2021\/06\/Suits.png?fit=1000%2C600&ssl=1&resize=350%2C200","width":350,"height":200,"srcset":"https:\/\/i0.wp.com\/www.robertosedda.it\/wp-content\/uploads\/2021\/06\/Suits.png?fit=1000%2C600&ssl=1&resize=350%2C200 1x, https:\/\/i0.wp.com\/www.robertosedda.it\/wp-content\/uploads\/2021\/06\/Suits.png?fit=1000%2C600&ssl=1&resize=700%2C400 2x"},"classes":[]},{"id":15829,"url":"https:\/\/www.robertosedda.it\/?p=15829","url_meta":{"origin":4435,"position":3},"title":"A quanto pare il politicamente corretto non piace (quasi) a nessuno","author":"Rufus","date":"09\/11\/2018","format":false,"excerpt":"Trovo e traduco da\u00a0The Atlantic un articolo che riporta gli esiti di una indagine statistica sul gradimento del politicamente corretto da parte dell'opinione pubblica degli Stati Uniti. \u00c8 un articolo che diffondo con una certa consapevolezza di ambiguit\u00e0: da una parte questo blog, appartenendo a una persona che si immischia\u2026","rel":"","context":"In &quot;Coordinate&quot;","block_context":{"text":"Coordinate","link":"https:\/\/www.robertosedda.it\/?cat=52"},"img":{"alt_text":"","src":"https:\/\/i0.wp.com\/www.robertosedda.it\/wp-content\/uploads\/2018\/11\/zerovoltaire.jpg?fit=580%2C262&ssl=1&resize=350%2C200","width":350,"height":200},"classes":[]},{"id":6840,"url":"https:\/\/www.robertosedda.it\/?p=6840","url_meta":{"origin":4435,"position":4},"title":"Film a met\u00e0 &#8211; 3 (e basta, spero!)","author":"Rufus","date":"26\/03\/2014","format":"video","excerpt":"Dopo i due film sentimentali di cui ho parlato nei giorni scorsi ho deciso di cambiare completamente genere e sono andato a vedere 47 Ronin con mio cognato Alberto, mio complice abituale in queste escursioni con giocattoloni hollywoodiani. 47 Ronin si \u00e8 rivelato il film pi\u00f9 a met\u00e0 di tutti.\u2026","rel":"","context":"In &quot;Cappe e spade&quot;","block_context":{"text":"Cappe e spade","link":"https:\/\/www.robertosedda.it\/?cat=70"},"img":{"alt_text":"","src":"https:\/\/i0.wp.com\/img.youtube.com\/vi\/ya-SqxD7wn8\/0.jpg?resize=350%2C200","width":350,"height":200},"classes":[]},{"id":6599,"url":"https:\/\/www.robertosedda.it\/?p=6599","url_meta":{"origin":4435,"position":5},"title":"Sono di nuovo alla caccia di suggerimenti musicali: fatevi avanti!","author":"Rufus","date":"27\/02\/2014","format":"video","excerpt":"A met\u00e0 marzo inizier\u00f2 un nuovo ciclo di trasmissioni di Oggi parliamo di libri in cui parler\u00f2 dei libri del cuore di tutti noi che lavoriamo alla radio: tecnici, giornalisti e tutti quelli che curano i programmi dedicati alla comunicazione, i viaggi, la salute, l'arte sacra e cos\u00ec via e\u2026","rel":"","context":"In &quot;Coordinate&quot;","block_context":{"text":"Coordinate","link":"https:\/\/www.robertosedda.it\/?cat=52"},"img":{"alt_text":"","src":"https:\/\/i0.wp.com\/img.youtube.com\/vi\/7dtn9Gk4Q_E\/0.jpg?resize=350%2C200","width":350,"height":200},"classes":[]}],"_links":{"self":[{"href":"https:\/\/www.robertosedda.it\/index.php?rest_route=\/wp\/v2\/posts\/4435"}],"collection":[{"href":"https:\/\/www.robertosedda.it\/index.php?rest_route=\/wp\/v2\/posts"}],"about":[{"href":"https:\/\/www.robertosedda.it\/index.php?rest_route=\/wp\/v2\/types\/post"}],"author":[{"embeddable":true,"href":"https:\/\/www.robertosedda.it\/index.php?rest_route=\/wp\/v2\/users\/1"}],"replies":[{"embeddable":true,"href":"https:\/\/www.robertosedda.it\/index.php?rest_route=%2Fwp%2Fv2%2Fcomments&post=4435"}],"version-history":[{"count":5,"href":"https:\/\/www.robertosedda.it\/index.php?rest_route=\/wp\/v2\/posts\/4435\/revisions"}],"predecessor-version":[{"id":10908,"href":"https:\/\/www.robertosedda.it\/index.php?rest_route=\/wp\/v2\/posts\/4435\/revisions\/10908"}],"wp:featuredmedia":[{"embeddable":true,"href":"https:\/\/www.robertosedda.it\/index.php?rest_route=\/wp\/v2\/media\/4439"}],"wp:attachment":[{"href":"https:\/\/www.robertosedda.it\/index.php?rest_route=%2Fwp%2Fv2%2Fmedia&parent=4435"}],"wp:term":[{"taxonomy":"category","embeddable":true,"href":"https:\/\/www.robertosedda.it\/index.php?rest_route=%2Fwp%2Fv2%2Fcategories&post=4435"},{"taxonomy":"post_tag","embeddable":true,"href":"https:\/\/www.robertosedda.it\/index.php?rest_route=%2Fwp%2Fv2%2Ftags&post=4435"}],"curies":[{"name":"wp","href":"https:\/\/api.w.org\/{rel}","templated":true}]}}