{"id":408,"date":"2012-08-22T12:06:04","date_gmt":"2012-08-22T10:06:04","guid":{"rendered":"http:\/\/www.robertosedda.it\/?p=408"},"modified":"2026-02-02T11:07:32","modified_gmt":"2026-02-02T10:07:32","slug":"chourmo","status":"publish","type":"post","link":"https:\/\/www.robertosedda.it\/?p=408","title":{"rendered":"Chourmo"},"content":{"rendered":"<p><a href=\"https:\/\/i0.wp.com\/www.robertosedda.it\/wp-content\/uploads\/2012\/08\/imagesCAR0VJKI.jpg\"><img data-attachment-id=\"409\" data-permalink=\"https:\/\/www.robertosedda.it\/?attachment_id=409\" data-orig-file=\"https:\/\/i0.wp.com\/www.robertosedda.it\/wp-content\/uploads\/2012\/08\/imagesCAR0VJKI.jpg?fit=160%2C264&amp;ssl=1\" data-orig-size=\"160,264\" data-comments-opened=\"1\" data-image-meta=\"{&quot;aperture&quot;:&quot;0&quot;,&quot;credit&quot;:&quot;&quot;,&quot;camera&quot;:&quot;&quot;,&quot;caption&quot;:&quot;&quot;,&quot;created_timestamp&quot;:&quot;0&quot;,&quot;copyright&quot;:&quot;&quot;,&quot;focal_length&quot;:&quot;0&quot;,&quot;iso&quot;:&quot;0&quot;,&quot;shutter_speed&quot;:&quot;0&quot;,&quot;title&quot;:&quot;&quot;}\" data-image-title=\"imagesCAR0VJKI\" data-image-description=\"\" data-image-caption=\"\" data-medium-file=\"https:\/\/i0.wp.com\/www.robertosedda.it\/wp-content\/uploads\/2012\/08\/imagesCAR0VJKI.jpg?fit=160%2C264&amp;ssl=1\" data-large-file=\"https:\/\/i0.wp.com\/www.robertosedda.it\/wp-content\/uploads\/2012\/08\/imagesCAR0VJKI.jpg?fit=160%2C264&amp;ssl=1\" decoding=\"async\" loading=\"lazy\" class=\"alignright size-full wp-image-409\" title=\"imagesCAR0VJKI\" src=\"https:\/\/i0.wp.com\/www.robertosedda.it\/wp-content\/uploads\/2012\/08\/imagesCAR0VJKI.jpg?resize=160%2C264\" alt=\"\" width=\"160\" height=\"264\" data-recalc-dims=\"1\" \/><\/a>Questa seconda avventura di Fabio Montale \u00e8 probabilmente pi\u00f9 struggente della prima: non c&#8217;\u00e8 pi\u00f9 il tema dell&#8217;amicizia virile e il rimpianto per la giovinezza, ma Marsiglia acquista defintivamente la sua dimensione di protagonista, c&#8217;\u00e8 il tema, variamente declinato, della paternit\u00e0, possibile, impossibile, sprecata, putativa, in generale stravolta: non si pu\u00f2 avere figli o essere figli a Marsiglia. E poi c&#8217;\u00e8 la tensione etica e l&#8217;indignazione, verso i grandi affaristi dell&#8217;urbanistica, i mestatori di professione nei quartieri arabi, i mafiosi rampanti&#8230; complessivamente, un noir magistrale.<\/p>\n","protected":false},"excerpt":{"rendered":"<p>Questa seconda avventura di Fabio Montale \u00e8 probabilmente pi\u00f9 struggente della prima: non c&#8217;\u00e8 pi\u00f9 il tema dell&#8217;amicizia virile e<\/p>\n","protected":false},"author":1,"featured_media":20911,"comment_status":"open","ping_status":"open","sticky":false,"template":"","format":"standard","meta":{"_mi_skip_tracking":false,"_monsterinsights_sitenote_active":false,"_monsterinsights_sitenote_note":"","_monsterinsights_sitenote_category":0,"jetpack_post_was_ever_published":false,"_jetpack_newsletter_access":"","jetpack_publicize_message":"","jetpack_is_tweetstorm":false,"jetpack_publicize_feature_enabled":true,"jetpack_social_post_already_shared":false,"jetpack_social_options":{"image_generator_settings":{"template":"highway","enabled":false}}},"categories":[52,56,13,68,12],"tags":[],"jetpack_publicize_connections":[],"jetpack_featured_media_url":"https:\/\/i0.wp.com\/www.robertosedda.it\/wp-content\/uploads\/2012\/08\/Chourmo.jpg?fit=607%2C1000&ssl=1","jetpack_sharing_enabled":true,"jetpack_shortlink":"https:\/\/wp.me\/s4jV2T-chourmo","jetpack_likes_enabled":true,"jetpack-related-posts":[{"id":5537,"url":"https:\/\/www.robertosedda.it\/?p=5537","url_meta":{"origin":408,"position":0},"title":"Fabio Montale e la trilogia di Marsiglia","author":"Rufus","date":"20\/12\/2013","format":"video","excerpt":"Ho registrato le prima quattro puntate di Oggi parliamo di libri della nuova stagione tutte insieme. Tranne quella su Sherlock Holmes soffrono tutte di una quantit\u00e0 esorbitante di errori di espressione, scelte malaccorte di parole o puri e semplici errori, come questa su Fabio Montale e Jean-Claude Izzo in cui\u2026","rel":"","context":"In &quot;Coordinate&quot;","block_context":{"text":"Coordinate","link":"https:\/\/www.robertosedda.it\/?cat=52"},"img":{"alt_text":"","src":"https:\/\/i0.wp.com\/www.robertosedda.it\/wp-content\/uploads\/2013\/12\/Jean-Claude-Izzo-ritratto-in-un-acquerello-di-J_-Ferrandez.png?fit=380%2C261&ssl=1&resize=350%2C200","width":350,"height":200},"classes":[]},{"id":17215,"url":"https:\/\/www.robertosedda.it\/?p=17215","url_meta":{"origin":408,"position":1},"title":"Uno sguardo sugli ultras","author":"Rufus","date":"12\/09\/2019","format":false,"excerpt":"Il sempre ottimo L'ultimo uomo ha due notevoli articoli su un aspetto spesso controverso del mondo del calcio, cio\u00e8 il mondo degli ultras. Il primo \u00e8 una lunga intervista al sociologo S\u00e9bastien Louis, uno dei maggiori esperti in materia, forte anche di quella che si potrebbe definire esperienza da osservatore\u2026","rel":"","context":"In &quot;Antropologia&quot;","block_context":{"text":"Antropologia","link":"https:\/\/www.robertosedda.it\/?cat=97"},"img":{"alt_text":"","src":"https:\/\/i0.wp.com\/www.robertosedda.it\/wp-content\/uploads\/2019\/09\/Ultras.jpg?fit=1200%2C800&ssl=1&resize=350%2C200","width":350,"height":200,"srcset":"https:\/\/i0.wp.com\/www.robertosedda.it\/wp-content\/uploads\/2019\/09\/Ultras.jpg?fit=1200%2C800&ssl=1&resize=350%2C200 1x, https:\/\/i0.wp.com\/www.robertosedda.it\/wp-content\/uploads\/2019\/09\/Ultras.jpg?fit=1200%2C800&ssl=1&resize=700%2C400 2x, https:\/\/i0.wp.com\/www.robertosedda.it\/wp-content\/uploads\/2019\/09\/Ultras.jpg?fit=1200%2C800&ssl=1&resize=1050%2C600 3x"},"classes":[]},{"id":19258,"url":"https:\/\/www.robertosedda.it\/?p=19258","url_meta":{"origin":408,"position":2},"title":"Il noir e Guillermo","author":"Rufus","date":"10\/03\/2022","format":false,"excerpt":"Trovo casualmente una definizione di noir attribuita a Guillermo del Toro - il testo parla di noir senza precisazioni, ma \u00e8 evidente che si tratta in realt\u00e0 del noir americano, anche dato che probabilmente la definizione deriva da un'intervista sul suo ultimo film, La fiera delle illusioni, che \u00e8 il\u2026","rel":"","context":"In &quot;Coordinate&quot;","block_context":{"text":"Coordinate","link":"https:\/\/www.robertosedda.it\/?cat=52"},"img":{"alt_text":"","src":"https:\/\/i0.wp.com\/www.robertosedda.it\/wp-content\/uploads\/2022\/03\/Fiera-delle-illusioni.jpg?fit=1200%2C675&ssl=1&resize=350%2C200","width":350,"height":200,"srcset":"https:\/\/i0.wp.com\/www.robertosedda.it\/wp-content\/uploads\/2022\/03\/Fiera-delle-illusioni.jpg?fit=1200%2C675&ssl=1&resize=350%2C200 1x, https:\/\/i0.wp.com\/www.robertosedda.it\/wp-content\/uploads\/2022\/03\/Fiera-delle-illusioni.jpg?fit=1200%2C675&ssl=1&resize=700%2C400 2x, https:\/\/i0.wp.com\/www.robertosedda.it\/wp-content\/uploads\/2022\/03\/Fiera-delle-illusioni.jpg?fit=1200%2C675&ssl=1&resize=1050%2C600 3x"},"classes":[]},{"id":5916,"url":"https:\/\/www.robertosedda.it\/?p=5916","url_meta":{"origin":408,"position":3},"title":"A Natale si \u00e8 tutti pi\u00f9 buoni","author":"Rufus","date":"22\/01\/2014","format":"video","excerpt":"Ho messo in linea oggi la puntata sui gialli di Natale di Oggi parliamo di libri, una puntata su cui strano a dirsi non ho molto da dire e ancor pi\u00f9 strano a dirsi in cui non ho fatto grandi errori. L'unica osservazione che faccio \u00e8 quella di indicare il\u2026","rel":"","context":"In &quot;Coordinate&quot;","block_context":{"text":"Coordinate","link":"https:\/\/www.robertosedda.it\/?cat=52"},"img":{"alt_text":"","src":"https:\/\/i0.wp.com\/www.robertosedda.it\/wp-content\/uploads\/2013\/12\/Bad_Santa_by_artist_kerembeyit.jpg?fit=750%2C1053&ssl=1&resize=350%2C200","width":350,"height":200,"srcset":"https:\/\/i0.wp.com\/www.robertosedda.it\/wp-content\/uploads\/2013\/12\/Bad_Santa_by_artist_kerembeyit.jpg?fit=750%2C1053&ssl=1&resize=350%2C200 1x, https:\/\/i0.wp.com\/www.robertosedda.it\/wp-content\/uploads\/2013\/12\/Bad_Santa_by_artist_kerembeyit.jpg?fit=750%2C1053&ssl=1&resize=700%2C400 2x"},"classes":[]},{"id":8300,"url":"https:\/\/www.robertosedda.it\/?p=8300","url_meta":{"origin":408,"position":4},"title":"Magari ci si becca al Caf\u00e8 Noir","author":"Rufus","date":"02\/09\/2014","format":false,"excerpt":"Vedo che \u00e8 uscito il programma del festival\u00a0letterario di\u00a0Marina Caf\u00e8 Noir, che pi\u00f9 o meno chiude la stagione degli eventi culturali di piazza dell'estate 2014. Il titolo \u00e8\u00a0Non tutto \u00e8 in vendita: dal programma fatico a capire perch\u00e9, ma non posso che essere d'accordo. Riporto comunque il programma, che trovate\u2026","rel":"","context":"In &quot;Coordinate&quot;","block_context":{"text":"Coordinate","link":"https:\/\/www.robertosedda.it\/?cat=52"},"img":{"alt_text":"","src":"https:\/\/i0.wp.com\/www.robertosedda.it\/wp-content\/uploads\/2014\/09\/Marina-cafe-noir.jpg?fit=225%2C225&ssl=1&resize=350%2C200","width":350,"height":200},"classes":[]},{"id":3152,"url":"https:\/\/www.robertosedda.it\/?p=3152","url_meta":{"origin":408,"position":5},"title":"Gli eroi della Legione","author":"Rufus","date":"16\/05\/2013","format":"video","excerpt":"Il 2 maggio ho chiuso la serie di puntate dedicate alle avventure ambientate nelle grande epopee coloniali ottocentesche parlando di fumetti, con una trasmissione quasi del tutto occupata da Qui la Legione di Wood e Garcia Duran. So benissimo che \u00e8 una serie che gronda retorica (anche)\u00a0militaresca, ma \u00e8 indubitabilmente\u2026","rel":"","context":"In &quot;Cappe e spade&quot;","block_context":{"text":"Cappe e spade","link":"https:\/\/www.robertosedda.it\/?cat=70"},"img":{"alt_text":"","src":"https:\/\/i0.wp.com\/www.robertosedda.it\/wp-content\/uploads\/2013\/05\/Qui-la-Legione1-205x300.jpg?resize=350%2C200","width":350,"height":200},"classes":[]}],"_links":{"self":[{"href":"https:\/\/www.robertosedda.it\/index.php?rest_route=\/wp\/v2\/posts\/408"}],"collection":[{"href":"https:\/\/www.robertosedda.it\/index.php?rest_route=\/wp\/v2\/posts"}],"about":[{"href":"https:\/\/www.robertosedda.it\/index.php?rest_route=\/wp\/v2\/types\/post"}],"author":[{"embeddable":true,"href":"https:\/\/www.robertosedda.it\/index.php?rest_route=\/wp\/v2\/users\/1"}],"replies":[{"embeddable":true,"href":"https:\/\/www.robertosedda.it\/index.php?rest_route=%2Fwp%2Fv2%2Fcomments&post=408"}],"version-history":[{"count":3,"href":"https:\/\/www.robertosedda.it\/index.php?rest_route=\/wp\/v2\/posts\/408\/revisions"}],"predecessor-version":[{"id":20912,"href":"https:\/\/www.robertosedda.it\/index.php?rest_route=\/wp\/v2\/posts\/408\/revisions\/20912"}],"wp:featuredmedia":[{"embeddable":true,"href":"https:\/\/www.robertosedda.it\/index.php?rest_route=\/wp\/v2\/media\/20911"}],"wp:attachment":[{"href":"https:\/\/www.robertosedda.it\/index.php?rest_route=%2Fwp%2Fv2%2Fmedia&parent=408"}],"wp:term":[{"taxonomy":"category","embeddable":true,"href":"https:\/\/www.robertosedda.it\/index.php?rest_route=%2Fwp%2Fv2%2Fcategories&post=408"},{"taxonomy":"post_tag","embeddable":true,"href":"https:\/\/www.robertosedda.it\/index.php?rest_route=%2Fwp%2Fv2%2Ftags&post=408"}],"curies":[{"name":"wp","href":"https:\/\/api.w.org\/{rel}","templated":true}]}}