{"id":4051,"date":"2013-07-18T16:07:44","date_gmt":"2013-07-18T14:07:44","guid":{"rendered":"http:\/\/www.robertosedda.it\/?p=4051"},"modified":"2023-07-20T10:33:07","modified_gmt":"2023-07-20T08:33:07","slug":"educazione-sentimentale-sulla-linea-30","status":"publish","type":"post","link":"https:\/\/www.robertosedda.it\/?p=4051","title":{"rendered":"Educazione sentimentale sulla linea 30"},"content":{"rendered":"<p>Ieri sull&#8217;autobus si siedono dietro di me quattro ragazzini, massimo diciassette anni, due maschi e due femmine. Li chiameremo lo Svelto, la Ragazza , l&#8217;Amica e il Mediatore. Sono ragazzini un po&#8217; grezzi, un po&#8217; da quartiere popolare, e parlano a voce alta in modo tale che tutto il pullman li ascolti. Anche la gente sul marciapiede, volendo.<\/p>\n<p>Siccome l&#8217;autobus non parte scendono a fumare una sigaretta e una signora sui cinquant&#8217;anni, sveltissima, gli occupa il posto; quelli risalgono ma non si seccano. Il risultato \u00e8 che alla fine si accampano tutti assieme.<\/p>\n<p>Proprio mentre l&#8217;autobus sta partendo l&#8217;Amica, che \u00e8 benintenzionata,&nbsp;indica un ragazzo fermo sul marciapiede&nbsp;di piazza Matteotti e chiede alla Ragazza: \u00abMa non \u00e8 Carlo, quello?\u00bb.<\/p>\n<p>Il semplice: \u00abSi\u00bb di risposta in realt\u00e0 veicola intere enciclopedie di significati, fra i quali: \u00abSi ma vorrei non vederlo\u00bb, \u00abSi, ma non ne voglio parlare\u00bb e: \u00abPotesse morire ammazzato\u00bb non sono quelli meno importanti.<\/p>\n<p>L&#8217;Amica, che \u00e8 benintenzionata ma anche curiosa, allora chiede: \u00abMa non state pi\u00f9 insieme?\u00bb.<\/p>\n<p>La Ragazza fa: \u00abNo, perch\u00e9 mi ha messo le corna\u00bb. L&#8217;Amica, che \u00e8 curiosa ma anche benintenzionata,&nbsp;fa: \u00abOddio!\u00bb (proprio cos\u00ec, come un romanzo ottocentesco), e poi: \u00abMa l&#8217;hai mollato?\u00bb.<\/p>\n<p>\u00abSi, ma lui adesso ci sta riprovando. Vuole che lo perdoni\u00bb.<\/p>\n<p>L&#8217;Amica, che \u00e8 soprattutto benintenzionata e appare sinceramente preoccupata, vorrebbe proseguire il discorso con: \u00abE tu ci sei stata molto male?\u00bb, ma a questo punto si inserisce il Mediatore che chiede: \u00abE tu lo perdoni? Se te lo chiede&#8230;\u00bb.<\/p>\n<p>Prima che la Ragazza possa rispondere lo Svelto dice: \u00abEh, voi ragazze siete cos\u00ec severe. Li dovete perdonare, i ragazzi\u00bb, e contemporaneamente la signora che si \u00e8 seduta con loro si inserisce: \u00abNon bisogna perdonarli, <em>mai<\/em>!\u00bb.<\/p>\n<p>Il Mediatore&nbsp;\u00e8 un po&#8217; perplesso, perch\u00e9 fa fatica a conciliare opinioni differenti. Apre e chiude la bocca un paio di volte. Intanto l&#8217;Amica, che \u00e8 molto benintenzionata ma anche curiosa, \u00e8 seccata perch\u00e9 altri si sono inseriti e lei non pu\u00f2 fare il terzo grado alla Ragazza come vorrebbe.<\/p>\n<p>Alla fine il Mediatore risolve il problema salomonicamente. \u00abQuando si sta con una ragazza\u00bb, dice, \u00abbisogna vedere se \u00e8 per divertirsi o per fare sul serio. Se fai sul serio non le devi mettere le corna\u00bb.<\/p>\n<p>Tutti si dicono d&#8217;accordo.<\/p>\n<p>Lo Svelto precisa: \u00abEh, io l&#8217;ho sempre chiarito, a tutte le ragazze che mi sono fatto, che era solo per divertirsi\u00bb. Diciassette anni. Si rilassa sul sedile: \u00abDel resto ai&nbsp;miei tempi mi sono divertito molto, me ne sono fatte tante\u00bb.<\/p>\n<p>Ai suoi tempi. Diciassette anni.<\/p>\n<p>La signora, comunque, non demorde, tanto che alla fine l&#8217;Amica, che su qualcuno deve esercitare l&#8217;arte di essere curiosa e benintenzionata, \u00e8 costretta a chiedere: \u00abMa a lei, signora, le hanno mai messo le corna?\u00bb. \u00abEh, purtroppo si\u00bb.<\/p>\n<p>Occhi sbarrati dell&#8217;Amica e del Mediatore. La Ragazza guarda Carlo sul marciapiede, in lontananza.<\/p>\n<p>Il Mediatore: \u00abE non ha perdonato?\u00bb.<\/p>\n<p>\u00abMAI!\u00bb.<\/p>\n<p>Lo Svelto per\u00f2 segue un&#8217;altra linea di pensieri: \u00abMa lei a lui gliele ha mai messe le corna?\u00bb.<\/p>\n<p>\u00abNo\u00bb.<\/p>\n<p>\u00abMa storie per divertirsi ne ha avute?\u00bb.<\/p>\n<p>\u00abBeh, da sposata no, per\u00f2 poi ho divorziato e ho avuto delle relazioni, certo\u00bb.<\/p>\n<p>\u00abPer divertirsi?\u00bb.<\/p>\n<p>\u00abBeh, insomma, relazioni&#8230;\u00bb.<\/p>\n<p>Lo Svelto fa cenno di si, come chi ha avuto una conferma.<\/p>\n<p>\u00abMa non adesso, giusto? Adesso \u00e8 vecchia!\u00bb.<\/p>\n","protected":false},"excerpt":{"rendered":"<p>Ieri sull&#8217;autobus si siedono dietro di me quattro ragazzini, massimo diciassette anni, due maschi e due femmine. Li chiameremo lo<\/p>\n","protected":false},"author":1,"featured_media":16638,"comment_status":"open","ping_status":"open","sticky":false,"template":"","format":"standard","meta":{"_mi_skip_tracking":false,"_monsterinsights_sitenote_active":false,"_monsterinsights_sitenote_note":"","_monsterinsights_sitenote_category":0,"jetpack_post_was_ever_published":false,"_jetpack_newsletter_access":"","jetpack_publicize_message":"","jetpack_is_tweetstorm":false,"jetpack_publicize_feature_enabled":true,"jetpack_social_post_already_shared":false,"jetpack_social_options":{"image_generator_settings":{"template":"highway","enabled":false}}},"categories":[52,56,18,61,16],"tags":[],"jetpack_publicize_connections":[],"jetpack_featured_media_url":"https:\/\/i0.wp.com\/www.robertosedda.it\/wp-content\/uploads\/2019\/04\/Bus-CTM.jpg?fit=1200%2C674&ssl=1","jetpack_sharing_enabled":true,"jetpack_shortlink":"https:\/\/wp.me\/p4jV2T-13l","jetpack_likes_enabled":true,"jetpack-related-posts":[{"id":854,"url":"https:\/\/www.robertosedda.it\/?p=854","url_meta":{"origin":4051,"position":0},"title":"\u00abCamminiamo\u00bb","author":"Rufus","date":"12\/09\/2012","format":false,"excerpt":"Ieri arrivo a Cagliari dall'aereoporto veramente tardi. Alla fermata dell'autobus c'\u00e8 un gruppo di ragazzini, et\u00e0\u00a0da scuola superiore, cinque maschi e due femmine. Con delusione scopriamo che l'ultimo autobus \u00e8 gi\u00e0 andato via. Le due ragazzine sclerano: \u00abCapperi, capperi! Questa \u00e8 la notte che mia mamma commette atti contronatura su\u2026","rel":"","context":"In &quot;Coordinate&quot;","block_context":{"text":"Coordinate","link":"https:\/\/www.robertosedda.it\/?cat=52"},"img":{"alt_text":"","src":"","width":0,"height":0},"classes":[]},{"id":13703,"url":"https:\/\/www.robertosedda.it\/?p=13703","url_meta":{"origin":4051,"position":1},"title":"Assalti alla carrozza","author":"Rufus","date":"16\/05\/2017","format":false,"excerpt":"Sono a Torino e devo dire che sinora quello che mi ha colpito di pi\u00f9 non \u00e8 la signorilit\u00e0 un po' ag\u00e9e degli scorci urbani, n\u00e9 la variet\u00e0, qualit\u00e0 e abbondanza dell'offerta culturale, n\u00e9 l'eccellenza gastronomica e nemmeno l'imponenza delle realizzazioni dell'economia sociale e solidale. No: a costo di dare\u2026","rel":"","context":"In &quot;Coordinate&quot;","block_context":{"text":"Coordinate","link":"https:\/\/www.robertosedda.it\/?cat=52"},"img":{"alt_text":"","src":"https:\/\/i0.wp.com\/www.robertosedda.it\/wp-content\/uploads\/2017\/05\/20170515_142126.jpg?fit=1200%2C720&ssl=1&resize=350%2C200","width":350,"height":200,"srcset":"https:\/\/i0.wp.com\/www.robertosedda.it\/wp-content\/uploads\/2017\/05\/20170515_142126.jpg?fit=1200%2C720&ssl=1&resize=350%2C200 1x, https:\/\/i0.wp.com\/www.robertosedda.it\/wp-content\/uploads\/2017\/05\/20170515_142126.jpg?fit=1200%2C720&ssl=1&resize=700%2C400 2x, https:\/\/i0.wp.com\/www.robertosedda.it\/wp-content\/uploads\/2017\/05\/20170515_142126.jpg?fit=1200%2C720&ssl=1&resize=1050%2C600 3x"},"classes":[]},{"id":16825,"url":"https:\/\/www.robertosedda.it\/?p=16825","url_meta":{"origin":4051,"position":2},"title":"La famosa leggenda urbana dell&#8217;acqua che diventa verde","author":"Rufus","date":"13\/06\/2019","format":false,"excerpt":"Di Dedda71 - Opera propria, CC BY-SA 3.0, https:\/\/commons.wikimedia.org\/w\/index.php?curid=4187693 Come tutti gli utenti del blog sanno, sugli autobus del CTM mi capitano avventure. Certe volte anche sugli autobus di altre citt\u00e0, veramente, come nel caso dell'autista di Roma che non sapeva la strada e la chiedeva alla filippina. Per\u00f2 in\u2026","rel":"","context":"In &quot;Coordinate&quot;","block_context":{"text":"Coordinate","link":"https:\/\/www.robertosedda.it\/?cat=52"},"img":{"alt_text":"","src":"https:\/\/i0.wp.com\/www.robertosedda.it\/wp-content\/uploads\/2019\/06\/Piscina.jpg?fit=1200%2C900&ssl=1&resize=350%2C200","width":350,"height":200,"srcset":"https:\/\/i0.wp.com\/www.robertosedda.it\/wp-content\/uploads\/2019\/06\/Piscina.jpg?fit=1200%2C900&ssl=1&resize=350%2C200 1x, https:\/\/i0.wp.com\/www.robertosedda.it\/wp-content\/uploads\/2019\/06\/Piscina.jpg?fit=1200%2C900&ssl=1&resize=700%2C400 2x, https:\/\/i0.wp.com\/www.robertosedda.it\/wp-content\/uploads\/2019\/06\/Piscina.jpg?fit=1200%2C900&ssl=1&resize=1050%2C600 3x"},"classes":[]},{"id":16963,"url":"https:\/\/www.robertosedda.it\/?p=16963","url_meta":{"origin":4051,"position":3},"title":"Sulle abitudini al bere delle giovani generazioni","author":"Rufus","date":"01\/08\/2019","format":false,"excerpt":"Stamattina sull'autobus si siedono davanti a me due ragazzine molto vissute pi\u00f9 o meno diciottenni, una biondina sottile con le labbra prensili e una bruna dall'aria saggia. Mentre prendono posto la bionda sta ancora raccontando qualcosa di molto importante all'amica. \u00ab... e quindi il terzo mi ha proprio stronata. Era,\u2026","rel":"","context":"In &quot;Coordinate&quot;","block_context":{"text":"Coordinate","link":"https:\/\/www.robertosedda.it\/?cat=52"},"img":{"alt_text":"","src":"https:\/\/i0.wp.com\/www.robertosedda.it\/wp-content\/uploads\/2019\/08\/Cocktail-lover1.jpg?fit=1200%2C799&ssl=1&resize=350%2C200","width":350,"height":200,"srcset":"https:\/\/i0.wp.com\/www.robertosedda.it\/wp-content\/uploads\/2019\/08\/Cocktail-lover1.jpg?fit=1200%2C799&ssl=1&resize=350%2C200 1x, https:\/\/i0.wp.com\/www.robertosedda.it\/wp-content\/uploads\/2019\/08\/Cocktail-lover1.jpg?fit=1200%2C799&ssl=1&resize=700%2C400 2x, https:\/\/i0.wp.com\/www.robertosedda.it\/wp-content\/uploads\/2019\/08\/Cocktail-lover1.jpg?fit=1200%2C799&ssl=1&resize=1050%2C600 3x"},"classes":[]},{"id":11702,"url":"https:\/\/www.robertosedda.it\/?p=11702","url_meta":{"origin":4051,"position":4},"title":"Fare i propri errori","author":"Rufus","date":"18\/03\/2016","format":false,"excerpt":"Sono su un autobus della linea 8 e dietro di me, proprio sul fondo, sono sedute due ragazzine: avranno al massimo quattordici anni, quindi vuol dire che si sentono estremamente mature. Infatti una fa all'altra: \u00ab... e capito, siamo adolescenti, \u00e8 anche normale\u00bb. \u00abEh si, cio\u00e8 non siamo pi\u00f9 bambine\u00bb.\u2026","rel":"","context":"In &quot;Coordinate&quot;","block_context":{"text":"Coordinate","link":"https:\/\/www.robertosedda.it\/?cat=52"},"img":{"alt_text":"","src":"https:\/\/i0.wp.com\/www.robertosedda.it\/wp-content\/uploads\/2016\/03\/Due-ragazze.jpg?fit=354%2C500&ssl=1&resize=350%2C200","width":350,"height":200},"classes":[]},{"id":15533,"url":"https:\/\/www.robertosedda.it\/?p=15533","url_meta":{"origin":4051,"position":5},"title":"Carico di vita notturna","author":"Rufus","date":"31\/07\/2018","format":false,"excerpt":"L'altra sera io e Bonaria siamo andati a passeggiare e poi a mangiarci una pizza veloce. Tornando siamo passati da piazza Repubblica, per prenderci un autobus. Erano pi\u00f9 o meno le dieci e all'angolo della piazza con via Grazia Deledda c'era una ragazza con un trolley piccolissimo e un cellulare\u2026","rel":"","context":"In &quot;Coordinate&quot;","block_context":{"text":"Coordinate","link":"https:\/\/www.robertosedda.it\/?cat=52"},"img":{"alt_text":"","src":"https:\/\/i0.wp.com\/www.robertosedda.it\/wp-content\/uploads\/2018\/07\/NIght-bus.jpg?fit=640%2C394&ssl=1&resize=350%2C200","width":350,"height":200},"classes":[]}],"_links":{"self":[{"href":"https:\/\/www.robertosedda.it\/index.php?rest_route=\/wp\/v2\/posts\/4051"}],"collection":[{"href":"https:\/\/www.robertosedda.it\/index.php?rest_route=\/wp\/v2\/posts"}],"about":[{"href":"https:\/\/www.robertosedda.it\/index.php?rest_route=\/wp\/v2\/types\/post"}],"author":[{"embeddable":true,"href":"https:\/\/www.robertosedda.it\/index.php?rest_route=\/wp\/v2\/users\/1"}],"replies":[{"embeddable":true,"href":"https:\/\/www.robertosedda.it\/index.php?rest_route=%2Fwp%2Fv2%2Fcomments&post=4051"}],"version-history":[{"count":5,"href":"https:\/\/www.robertosedda.it\/index.php?rest_route=\/wp\/v2\/posts\/4051\/revisions"}],"predecessor-version":[{"id":19819,"href":"https:\/\/www.robertosedda.it\/index.php?rest_route=\/wp\/v2\/posts\/4051\/revisions\/19819"}],"wp:featuredmedia":[{"embeddable":true,"href":"https:\/\/www.robertosedda.it\/index.php?rest_route=\/wp\/v2\/media\/16638"}],"wp:attachment":[{"href":"https:\/\/www.robertosedda.it\/index.php?rest_route=%2Fwp%2Fv2%2Fmedia&parent=4051"}],"wp:term":[{"taxonomy":"category","embeddable":true,"href":"https:\/\/www.robertosedda.it\/index.php?rest_route=%2Fwp%2Fv2%2Fcategories&post=4051"},{"taxonomy":"post_tag","embeddable":true,"href":"https:\/\/www.robertosedda.it\/index.php?rest_route=%2Fwp%2Fv2%2Ftags&post=4051"}],"curies":[{"name":"wp","href":"https:\/\/api.w.org\/{rel}","templated":true}]}}