{"id":3967,"date":"2013-07-15T15:32:57","date_gmt":"2013-07-15T13:32:57","guid":{"rendered":"http:\/\/www.robertosedda.it\/?p=3967"},"modified":"2022-07-18T10:25:56","modified_gmt":"2022-07-18T08:25:56","slug":"il-marketing-sociale-insegnato-dai-tifosi-del-cagliari","status":"publish","type":"post","link":"https:\/\/www.robertosedda.it\/?p=3967","title":{"rendered":"Il marketing sociale insegnato dai tifosi del Cagliari"},"content":{"rendered":"<p>Qualche anno fa, in occasione dell&#8217;assunzione di Carlo Usai come banchiere ambulante per la Sardegna, il gruppo dei soci di Banca Etica organizz\u00f2 un&#8217;assemblea col Direttore della banca, Mario Crosta.<\/p>\n<p>L&#8217;assemblea si teneva nel salone della parrocchia di Sant&#8217;Eulalia, alla Marina, di fronte alla sede degli <em>Sconvolts<\/em>. Alla fine dell&#8217;assemblea, mentre io e Carlo andavamo a recuperare\u00a0le auto, Mario ebbe l&#8217;idea di avvicinarsi alla porta della sede: dopotutto chi ha passato l&#8217;infanzia al tempo di Gigi Riva ha motivo di avere simpatia per il Cagliari e pensava a un innocuo circolo di tifosi di quartiere.<\/p>\n<p>Sulla porta c&#8217;era un barabba tatuato. Mia moglie, che accompagnava Mario, chiese: \u00abSi pu\u00f2 entrare?\u00bb.<\/p>\n<p>\u00abTsk\u00bb.<\/p>\n<p>\u00abMa il signore \u00e8 continentale ma \u00e8 tifoso del Cagliari&#8230;\u00bb.<\/p>\n<p>\u00abTsk\u00bb.<\/p>\n<p>A quel punto dal fondo del circolo emerse un altro barabba tatuato, solo grosso il doppio del primo, che si\u00a0dava schiaffoni al\u00a0petto come Tarzan prima di sbranare la tigre a mani nude.<\/p>\n<p>\u00abCosa c&#8217;\u00e8?\u00bb <em>SCIAFF!!<\/em><\/p>\n<p>\u00abCosa c&#8217;\u00e8?\u00bb <em>SCIAFF!!<\/em><\/p>\n<p>\u00abCosa c&#8217;\u00e8?\u00bb <em>SCIAFF!!<\/em><\/p>\n<p>\u00abE vaffanculo!!\u00bb.<\/p>\n<p>A questo punto gi\u00e0 grattava il pavimento col piede come un toro di Pamplona pronto alla carica, e solo il provvido\u00a0ritorno di Carlo Usai che caric\u00f2 tutti al volo in macchina evit\u00f2\u00a0che finisse in rissa.<\/p>\n<p>Mario aveva notato la sede degli <em>Sconvolts<\/em>\u00a0perch\u00e9 era tutta dipinta. Fuori, sulla strada, non dentro. Per diverse decine di metri a destra e sinistra, come documenta ancora un video su <em>YouTube<\/em>:<\/p>\n<div class=\"jetpack-video-wrapper\"><span class=\"embed-youtube\" style=\"text-align:center; display: block;\"><iframe loading=\"lazy\" class=\"youtube-player\" width=\"800\" height=\"450\" src=\"https:\/\/www.youtube.com\/embed\/PTq_oo2ptSk?version=3&#038;rel=1&#038;showsearch=0&#038;showinfo=1&#038;iv_load_policy=1&#038;fs=1&#038;hl=it-IT&#038;autohide=2&#038;wmode=transparent\" allowfullscreen=\"true\" style=\"border:0;\" sandbox=\"allow-scripts allow-same-origin allow-popups allow-presentation\"><\/iframe><\/span><\/div>\n<p>La sede venne chiusa nel 2009. Il giorno della partita col Catania una ventina di <em>Sconvolts<\/em> ne usc\u00ec\u00a0per calare\u00a0in via Roma. L\u00ec trovarono un gruppo di studenti messinesi in gita scolastica e, come vere volpi, riconobbero l&#8217;accento siciliano e, facendo due pi\u00f9 due, decisero che erano sostenitori dell&#8217;odiata squadra avversaria.<\/p>\n<p>Cos\u00ec li caricarono di botte, che quelli non c&#8217;entravano niente, poveretti.<\/p>\n<p>Non che se avessero caricato di botte dei catanesi la cosa sarebbe stata meglio, eh, ma almeno avrebbe avuto un senso.<\/p>\n<p>A quel punto la citt\u00e0 disse basta. <a href=\"http:\/\/www.unionesarda.it\/articoli\/articolo\/115616\">Il Prefetto chiuse la sede<\/a>, <a href=\"http:\/\/lanuovasardegna.gelocal.it\/cagliari\/cronaca\/2009\/05\/11\/news\/gli-sconvolts-si-erano-impadroniti-del-quartiere-1.3313089\">la Questura stil\u00f2 un rapporto durissimo <\/a>e, in un insolito sfoggio di tolleranza zero, <a href=\"http:\/\/www.comunecagliarinews.it\/rassegnastampa.php?pagina=5388\">il Comune fece ridipingere la via del Collegio<\/a> cancellando ogni traccia visibile dell&#8217;esistenza del gruppo.<\/p>\n<p>Da allora l&#8217;immagine del Cagliari si \u00e8 forse un po&#8217; appannata, con le storie dello stadio e le vicende giudiziarie, e\u00a0anche degli <em>Sconvolts<\/em> si \u00e8 parlato meno, se non forse per qualche manifestazione di solidariet\u00e0\u00a0sotto Buoncammino.<\/p>\n<p>Adesso, per\u00f2, il colpo di scena. E di genio.<\/p>\n<p>Perch\u00e9 la presenza visibile, grafica, degli <em>Sconvolts<\/em> in citt\u00e0 si \u00e8 trasferita sulle edicole. Che vengono progressivamente ridipinte, in accordo con gli edicolanti, con i colori rossoblu e\u00a0una serie di\u00a0<em>slogan<\/em> e simboli identici a quelli che caratterizzavano via del Collegio.<\/p>\n<div class=\"tiled-gallery type-rectangular tiled-gallery-unresized\" data-original-width=\"800\" data-carousel-extra='{&quot;blog_id&quot;:1,&quot;permalink&quot;:&quot;https:\\\/\\\/www.robertosedda.it\\\/?p=3967&quot;,&quot;likes_blog_id&quot;:63852863}' itemscope itemtype=\"http:\/\/schema.org\/ImageGallery\" > <div class=\"gallery-row\" style=\"width: 800px; height: 401px;\" data-original-width=\"800\" data-original-height=\"401\" > <div class=\"gallery-group images-1\" style=\"width: 534px; height: 401px;\" data-original-width=\"534\" data-original-height=\"401\" > <div class=\"tiled-gallery-item tiled-gallery-item-large\" itemprop=\"associatedMedia\" itemscope itemtype=\"http:\/\/schema.org\/ImageObject\"> <a href=\"https:\/\/i0.wp.com\/www.robertosedda.it\/wp-content\/uploads\/2013\/07\/Largo-Carlo-Felice.jpg?ssl=1\" border=\"0\" itemprop=\"url\"> <meta itemprop=\"width\" content=\"530\"> <meta itemprop=\"height\" content=\"397\"> <img data-attachment-id=\"3993\" data-orig-file=\"https:\/\/www.robertosedda.it\/wp-content\/uploads\/2013\/07\/Largo-Carlo-Felice.jpg\" data-orig-size=\"1024,768\" data-comments-opened=\"1\" data-image-meta=\"{&quot;aperture&quot;:&quot;3.2&quot;,&quot;credit&quot;:&quot;&quot;,&quot;camera&quot;:&quot;F8035&quot;,&quot;caption&quot;:&quot;&quot;,&quot;created_timestamp&quot;:&quot;1373827664&quot;,&quot;copyright&quot;:&quot;&quot;,&quot;focal_length&quot;:&quot;7.1&quot;,&quot;iso&quot;:&quot;80&quot;,&quot;shutter_speed&quot;:&quot;0.01225&quot;,&quot;title&quot;:&quot;YASHICA Digital Camera&quot;}\" data-image-title=\"Largo Carlo Felice\" data-image-description=\"\" data-medium-file=\"https:\/\/i0.wp.com\/www.robertosedda.it\/wp-content\/uploads\/2013\/07\/Largo-Carlo-Felice.jpg?fit=300%2C225&#038;ssl=1\" data-large-file=\"https:\/\/i0.wp.com\/www.robertosedda.it\/wp-content\/uploads\/2013\/07\/Largo-Carlo-Felice.jpg?fit=510%2C383&#038;ssl=1\" src=\"https:\/\/i0.wp.com\/www.robertosedda.it\/wp-content\/uploads\/2013\/07\/Largo-Carlo-Felice.jpg?w=530&#038;h=397&#038;ssl=1\" width=\"530\" height=\"397\" data-original-width=\"530\" data-original-height=\"397\" itemprop=\"http:\/\/schema.org\/image\" title=\"Largo Carlo Felice\" alt=\"Largo Carlo Felice\" style=\"width: 530px; height: 397px;\" \/> <\/a> <div class=\"tiled-gallery-caption\" itemprop=\"caption description\"> Largo Carlo Felice <\/div> <\/div> <\/div> <!-- close group --> <div class=\"gallery-group images-2\" style=\"width: 266px; height: 401px;\" data-original-width=\"266\" data-original-height=\"401\" > <div class=\"tiled-gallery-item tiled-gallery-item-large\" itemprop=\"associatedMedia\" itemscope itemtype=\"http:\/\/schema.org\/ImageObject\"> <a href=\"https:\/\/i0.wp.com\/www.robertosedda.it\/wp-content\/uploads\/2013\/07\/Largo-Carlo-Felice-2.jpg?ssl=1\" border=\"0\" itemprop=\"url\"> <meta itemprop=\"width\" content=\"262\"> <meta itemprop=\"height\" content=\"196\"> <img data-attachment-id=\"3994\" data-orig-file=\"https:\/\/www.robertosedda.it\/wp-content\/uploads\/2013\/07\/Largo-Carlo-Felice-2.jpg\" data-orig-size=\"1024,768\" data-comments-opened=\"1\" data-image-meta=\"{&quot;aperture&quot;:&quot;4.1&quot;,&quot;credit&quot;:&quot;&quot;,&quot;camera&quot;:&quot;F8035&quot;,&quot;caption&quot;:&quot;&quot;,&quot;created_timestamp&quot;:&quot;1373827642&quot;,&quot;copyright&quot;:&quot;&quot;,&quot;focal_length&quot;:&quot;11&quot;,&quot;iso&quot;:&quot;105&quot;,&quot;shutter_speed&quot;:&quot;0.012603&quot;,&quot;title&quot;:&quot;YASHICA Digital Camera&quot;}\" data-image-title=\"Largo Carlo Felice 2\" data-image-description=\"\" data-medium-file=\"https:\/\/i0.wp.com\/www.robertosedda.it\/wp-content\/uploads\/2013\/07\/Largo-Carlo-Felice-2.jpg?fit=300%2C225&#038;ssl=1\" data-large-file=\"https:\/\/i0.wp.com\/www.robertosedda.it\/wp-content\/uploads\/2013\/07\/Largo-Carlo-Felice-2.jpg?fit=510%2C383&#038;ssl=1\" src=\"https:\/\/i0.wp.com\/www.robertosedda.it\/wp-content\/uploads\/2013\/07\/Largo-Carlo-Felice-2.jpg?w=262&#038;h=196&#038;ssl=1\" width=\"262\" height=\"196\" data-original-width=\"262\" data-original-height=\"196\" itemprop=\"http:\/\/schema.org\/image\" title=\"Largo Carlo Felice 2\" alt=\"Largo Carlo Felice 2\" style=\"width: 262px; height: 196px;\" \/> <\/a> <div class=\"tiled-gallery-caption\" itemprop=\"caption description\"> Largo Carlo Felice 2 <\/div> <\/div> <div class=\"tiled-gallery-item tiled-gallery-item-large\" itemprop=\"associatedMedia\" itemscope itemtype=\"http:\/\/schema.org\/ImageObject\"> <a href=\"https:\/\/i0.wp.com\/www.robertosedda.it\/wp-content\/uploads\/2013\/07\/Parcheggio-CIS.jpg?ssl=1\" border=\"0\" itemprop=\"url\"> <meta itemprop=\"width\" content=\"262\"> <meta itemprop=\"height\" content=\"197\"> <img data-attachment-id=\"3995\" data-orig-file=\"https:\/\/www.robertosedda.it\/wp-content\/uploads\/2013\/07\/Parcheggio-CIS.jpg\" data-orig-size=\"1024,768\" data-comments-opened=\"1\" data-image-meta=\"{&quot;aperture&quot;:&quot;2.8&quot;,&quot;credit&quot;:&quot;&quot;,&quot;camera&quot;:&quot;F8035&quot;,&quot;caption&quot;:&quot;&quot;,&quot;created_timestamp&quot;:&quot;1373827120&quot;,&quot;copyright&quot;:&quot;&quot;,&quot;focal_length&quot;:&quot;5.7&quot;,&quot;iso&quot;:&quot;80&quot;,&quot;shutter_speed&quot;:&quot;0.004248&quot;,&quot;title&quot;:&quot;YASHICA Digital Camera&quot;}\" data-image-title=\"Parcheggio CIS\" data-image-description=\"\" data-medium-file=\"https:\/\/i0.wp.com\/www.robertosedda.it\/wp-content\/uploads\/2013\/07\/Parcheggio-CIS.jpg?fit=300%2C225&#038;ssl=1\" data-large-file=\"https:\/\/i0.wp.com\/www.robertosedda.it\/wp-content\/uploads\/2013\/07\/Parcheggio-CIS.jpg?fit=510%2C383&#038;ssl=1\" src=\"https:\/\/i0.wp.com\/www.robertosedda.it\/wp-content\/uploads\/2013\/07\/Parcheggio-CIS.jpg?w=262&#038;h=197&#038;ssl=1\" width=\"262\" height=\"197\" data-original-width=\"262\" data-original-height=\"197\" itemprop=\"http:\/\/schema.org\/image\" title=\"Parcheggio CIS\" alt=\"Parcheggio CIS\" style=\"width: 262px; height: 197px;\" \/> <\/a> <div class=\"tiled-gallery-caption\" itemprop=\"caption description\"> Parcheggio CIS <\/div> <\/div> <\/div> <!-- close group --> <\/div> <!-- close row --> <div class=\"gallery-row\" style=\"width: 800px; height: 201px;\" data-original-width=\"800\" data-original-height=\"201\" > <div class=\"gallery-group images-1\" style=\"width: 266px; height: 201px;\" data-original-width=\"266\" data-original-height=\"201\" > <div class=\"tiled-gallery-item tiled-gallery-item-large\" itemprop=\"associatedMedia\" itemscope itemtype=\"http:\/\/schema.org\/ImageObject\"> <a href=\"https:\/\/i0.wp.com\/www.robertosedda.it\/wp-content\/uploads\/2013\/07\/Piazza-Gramsci.jpg?ssl=1\" border=\"0\" itemprop=\"url\"> <meta itemprop=\"width\" content=\"262\"> <meta itemprop=\"height\" content=\"197\"> <img data-attachment-id=\"3996\" data-orig-file=\"https:\/\/www.robertosedda.it\/wp-content\/uploads\/2013\/07\/Piazza-Gramsci.jpg\" data-orig-size=\"1024,768\" data-comments-opened=\"1\" data-image-meta=\"{&quot;aperture&quot;:&quot;3.6&quot;,&quot;credit&quot;:&quot;&quot;,&quot;camera&quot;:&quot;F8035&quot;,&quot;caption&quot;:&quot;&quot;,&quot;created_timestamp&quot;:&quot;1373828519&quot;,&quot;copyright&quot;:&quot;&quot;,&quot;focal_length&quot;:&quot;8.8&quot;,&quot;iso&quot;:&quot;320&quot;,&quot;shutter_speed&quot;:&quot;0.015835&quot;,&quot;title&quot;:&quot;YASHICA Digital Camera&quot;}\" data-image-title=\"Piazza Gramsci\" data-image-description=\"\" data-medium-file=\"https:\/\/i0.wp.com\/www.robertosedda.it\/wp-content\/uploads\/2013\/07\/Piazza-Gramsci.jpg?fit=300%2C225&#038;ssl=1\" data-large-file=\"https:\/\/i0.wp.com\/www.robertosedda.it\/wp-content\/uploads\/2013\/07\/Piazza-Gramsci.jpg?fit=510%2C383&#038;ssl=1\" src=\"https:\/\/i0.wp.com\/www.robertosedda.it\/wp-content\/uploads\/2013\/07\/Piazza-Gramsci.jpg?w=262&#038;h=197&#038;ssl=1\" width=\"262\" height=\"197\" data-original-width=\"262\" data-original-height=\"197\" itemprop=\"http:\/\/schema.org\/image\" title=\"Piazza Gramsci\" alt=\"Lavori in corso in piazza Gramsci\" style=\"width: 262px; height: 197px;\" \/> <\/a> <div class=\"tiled-gallery-caption\" itemprop=\"caption description\"> Lavori in corso in piazza Gramsci <\/div> <\/div> <\/div> <!-- close group --> <div class=\"gallery-group images-1\" style=\"width: 267px; height: 201px;\" data-original-width=\"267\" data-original-height=\"201\" > <div class=\"tiled-gallery-item tiled-gallery-item-large\" itemprop=\"associatedMedia\" itemscope itemtype=\"http:\/\/schema.org\/ImageObject\"> <a href=\"https:\/\/i0.wp.com\/www.robertosedda.it\/wp-content\/uploads\/2013\/07\/Piazza-Repubblica.jpg?ssl=1\" border=\"0\" itemprop=\"url\"> <meta itemprop=\"width\" content=\"263\"> <meta itemprop=\"height\" content=\"197\"> <img data-attachment-id=\"3997\" data-orig-file=\"https:\/\/www.robertosedda.it\/wp-content\/uploads\/2013\/07\/Piazza-Repubblica.jpg\" data-orig-size=\"1024,768\" data-comments-opened=\"1\" data-image-meta=\"{&quot;aperture&quot;:&quot;4.6&quot;,&quot;credit&quot;:&quot;&quot;,&quot;camera&quot;:&quot;F8035&quot;,&quot;caption&quot;:&quot;&quot;,&quot;created_timestamp&quot;:&quot;1373828275&quot;,&quot;copyright&quot;:&quot;&quot;,&quot;focal_length&quot;:&quot;13.7&quot;,&quot;iso&quot;:&quot;149&quot;,&quot;shutter_speed&quot;:&quot;0.01003&quot;,&quot;title&quot;:&quot;YASHICA Digital Camera&quot;}\" data-image-title=\"Piazza Repubblica\" data-image-description=\"\" data-medium-file=\"https:\/\/i0.wp.com\/www.robertosedda.it\/wp-content\/uploads\/2013\/07\/Piazza-Repubblica.jpg?fit=300%2C225&#038;ssl=1\" data-large-file=\"https:\/\/i0.wp.com\/www.robertosedda.it\/wp-content\/uploads\/2013\/07\/Piazza-Repubblica.jpg?fit=510%2C383&#038;ssl=1\" src=\"https:\/\/i0.wp.com\/www.robertosedda.it\/wp-content\/uploads\/2013\/07\/Piazza-Repubblica.jpg?w=263&#038;h=197&#038;ssl=1\" width=\"263\" height=\"197\" data-original-width=\"263\" data-original-height=\"197\" itemprop=\"http:\/\/schema.org\/image\" title=\"Piazza Repubblica\" alt=\"Piazza Repubblica\" style=\"width: 263px; height: 197px;\" \/> <\/a> <div class=\"tiled-gallery-caption\" itemprop=\"caption description\"> Piazza Repubblica <\/div> <\/div> <\/div> <!-- close group --> <div class=\"gallery-group images-1\" style=\"width: 267px; height: 201px;\" data-original-width=\"267\" data-original-height=\"201\" > <div class=\"tiled-gallery-item tiled-gallery-item-large\" itemprop=\"associatedMedia\" itemscope itemtype=\"http:\/\/schema.org\/ImageObject\"> <a href=\"https:\/\/i0.wp.com\/www.robertosedda.it\/wp-content\/uploads\/2013\/07\/Piazza-Repubblica-2.jpg?ssl=1\" border=\"0\" itemprop=\"url\"> <meta itemprop=\"width\" content=\"263\"> <meta itemprop=\"height\" content=\"197\"> <img data-attachment-id=\"3998\" data-orig-file=\"https:\/\/www.robertosedda.it\/wp-content\/uploads\/2013\/07\/Piazza-Repubblica-2.jpg\" data-orig-size=\"1024,768\" data-comments-opened=\"1\" data-image-meta=\"{&quot;aperture&quot;:&quot;2.8&quot;,&quot;credit&quot;:&quot;&quot;,&quot;camera&quot;:&quot;F8035&quot;,&quot;caption&quot;:&quot;&quot;,&quot;created_timestamp&quot;:&quot;1373828229&quot;,&quot;copyright&quot;:&quot;&quot;,&quot;focal_length&quot;:&quot;5.7&quot;,&quot;iso&quot;:&quot;80&quot;,&quot;shutter_speed&quot;:&quot;0.011201&quot;,&quot;title&quot;:&quot;YASHICA Digital Camera&quot;}\" data-image-title=\"Piazza Repubblica 2\" data-image-description=\"\" data-medium-file=\"https:\/\/i0.wp.com\/www.robertosedda.it\/wp-content\/uploads\/2013\/07\/Piazza-Repubblica-2.jpg?fit=300%2C225&#038;ssl=1\" data-large-file=\"https:\/\/i0.wp.com\/www.robertosedda.it\/wp-content\/uploads\/2013\/07\/Piazza-Repubblica-2.jpg?fit=510%2C383&#038;ssl=1\" src=\"https:\/\/i0.wp.com\/www.robertosedda.it\/wp-content\/uploads\/2013\/07\/Piazza-Repubblica-2.jpg?w=263&#038;h=197&#038;ssl=1\" width=\"263\" height=\"197\" data-original-width=\"263\" data-original-height=\"197\" itemprop=\"http:\/\/schema.org\/image\" title=\"Piazza Repubblica 2\" alt=\"Piazza Repubblica 2\" style=\"width: 263px; height: 197px;\" \/> <\/a> <div class=\"tiled-gallery-caption\" itemprop=\"caption description\"> Piazza Repubblica 2 <\/div> <\/div> <\/div> <!-- close group --> <\/div> <!-- close row --> <div class=\"gallery-row\" style=\"width: 800px; height: 401px;\" data-original-width=\"800\" data-original-height=\"401\" > <div class=\"gallery-group images-2\" style=\"width: 266px; height: 401px;\" data-original-width=\"266\" data-original-height=\"401\" > <div class=\"tiled-gallery-item tiled-gallery-item-large\" itemprop=\"associatedMedia\" itemscope itemtype=\"http:\/\/schema.org\/ImageObject\"> <a href=\"https:\/\/i0.wp.com\/www.robertosedda.it\/wp-content\/uploads\/2013\/07\/Quartiere-del-Sole.jpg?ssl=1\" border=\"0\" itemprop=\"url\"> <meta itemprop=\"width\" content=\"262\"> <meta itemprop=\"height\" content=\"196\"> <img data-attachment-id=\"3999\" data-orig-file=\"https:\/\/www.robertosedda.it\/wp-content\/uploads\/2013\/07\/Quartiere-del-Sole.jpg\" data-orig-size=\"1024,768\" data-comments-opened=\"1\" data-image-meta=\"{&quot;aperture&quot;:&quot;3.6&quot;,&quot;credit&quot;:&quot;&quot;,&quot;camera&quot;:&quot;F8035&quot;,&quot;caption&quot;:&quot;&quot;,&quot;created_timestamp&quot;:&quot;1373826538&quot;,&quot;copyright&quot;:&quot;&quot;,&quot;focal_length&quot;:&quot;8.8&quot;,&quot;iso&quot;:&quot;80&quot;,&quot;shutter_speed&quot;:&quot;0.014816&quot;,&quot;title&quot;:&quot;YASHICA Digital Camera&quot;}\" data-image-title=\"Via del Sole\" data-image-description=\"\" data-medium-file=\"https:\/\/i0.wp.com\/www.robertosedda.it\/wp-content\/uploads\/2013\/07\/Quartiere-del-Sole.jpg?fit=300%2C225&#038;ssl=1\" data-large-file=\"https:\/\/i0.wp.com\/www.robertosedda.it\/wp-content\/uploads\/2013\/07\/Quartiere-del-Sole.jpg?fit=510%2C383&#038;ssl=1\" src=\"https:\/\/i0.wp.com\/www.robertosedda.it\/wp-content\/uploads\/2013\/07\/Quartiere-del-Sole.jpg?w=262&#038;h=196&#038;ssl=1\" width=\"262\" height=\"196\" data-original-width=\"262\" data-original-height=\"196\" itemprop=\"http:\/\/schema.org\/image\" title=\"Via del Sole\" alt=\"Via del Sole\" style=\"width: 262px; height: 196px;\" \/> <\/a> <div class=\"tiled-gallery-caption\" itemprop=\"caption description\"> Via del Sole <\/div> <\/div> <div class=\"tiled-gallery-item tiled-gallery-item-large\" itemprop=\"associatedMedia\" itemscope itemtype=\"http:\/\/schema.org\/ImageObject\"> <a href=\"https:\/\/i0.wp.com\/www.robertosedda.it\/wp-content\/uploads\/2013\/07\/Via-Pessina.jpg?ssl=1\" border=\"0\" itemprop=\"url\"> <meta itemprop=\"width\" content=\"262\"> <meta itemprop=\"height\" content=\"197\"> <img data-attachment-id=\"4000\" data-orig-file=\"https:\/\/www.robertosedda.it\/wp-content\/uploads\/2013\/07\/Via-Pessina.jpg\" data-orig-size=\"1024,768\" data-comments-opened=\"1\" data-image-meta=\"{&quot;aperture&quot;:&quot;3.2&quot;,&quot;credit&quot;:&quot;&quot;,&quot;camera&quot;:&quot;F8035&quot;,&quot;caption&quot;:&quot;&quot;,&quot;created_timestamp&quot;:&quot;1373828682&quot;,&quot;copyright&quot;:&quot;&quot;,&quot;focal_length&quot;:&quot;7.1&quot;,&quot;iso&quot;:&quot;80&quot;,&quot;shutter_speed&quot;:&quot;0.013505&quot;,&quot;title&quot;:&quot;YASHICA Digital Camera&quot;}\" data-image-title=\"Via Pessina\" data-image-description=\"\" data-medium-file=\"https:\/\/i0.wp.com\/www.robertosedda.it\/wp-content\/uploads\/2013\/07\/Via-Pessina.jpg?fit=300%2C225&#038;ssl=1\" data-large-file=\"https:\/\/i0.wp.com\/www.robertosedda.it\/wp-content\/uploads\/2013\/07\/Via-Pessina.jpg?fit=510%2C383&#038;ssl=1\" src=\"https:\/\/i0.wp.com\/www.robertosedda.it\/wp-content\/uploads\/2013\/07\/Via-Pessina.jpg?w=262&#038;h=197&#038;ssl=1\" width=\"262\" height=\"197\" data-original-width=\"262\" data-original-height=\"197\" itemprop=\"http:\/\/schema.org\/image\" title=\"Via Pessina\" alt=\"Via Pessina\" style=\"width: 262px; height: 197px;\" \/> <\/a> <div class=\"tiled-gallery-caption\" itemprop=\"caption description\"> Via Pessina <\/div> <\/div> <\/div> <!-- close group --> <div class=\"gallery-group images-1\" style=\"width: 534px; height: 401px;\" data-original-width=\"534\" data-original-height=\"401\" > <div class=\"tiled-gallery-item tiled-gallery-item-large\" itemprop=\"associatedMedia\" itemscope itemtype=\"http:\/\/schema.org\/ImageObject\"> <a href=\"https:\/\/i0.wp.com\/www.robertosedda.it\/wp-content\/uploads\/2013\/07\/Via-Pessina-2.jpg?ssl=1\" border=\"0\" itemprop=\"url\"> <meta itemprop=\"width\" content=\"530\"> <meta itemprop=\"height\" content=\"397\"> <img data-attachment-id=\"4001\" data-orig-file=\"https:\/\/www.robertosedda.it\/wp-content\/uploads\/2013\/07\/Via-Pessina-2.jpg\" data-orig-size=\"1024,768\" data-comments-opened=\"1\" data-image-meta=\"{&quot;aperture&quot;:&quot;4.1&quot;,&quot;credit&quot;:&quot;&quot;,&quot;camera&quot;:&quot;F8035&quot;,&quot;caption&quot;:&quot;&quot;,&quot;created_timestamp&quot;:&quot;1373828665&quot;,&quot;copyright&quot;:&quot;&quot;,&quot;focal_length&quot;:&quot;11&quot;,&quot;iso&quot;:&quot;80&quot;,&quot;shutter_speed&quot;:&quot;0.011547&quot;,&quot;title&quot;:&quot;YASHICA Digital Camera&quot;}\" data-image-title=\"Via Pessina 2\" data-image-description=\"\" data-medium-file=\"https:\/\/i0.wp.com\/www.robertosedda.it\/wp-content\/uploads\/2013\/07\/Via-Pessina-2.jpg?fit=300%2C225&#038;ssl=1\" data-large-file=\"https:\/\/i0.wp.com\/www.robertosedda.it\/wp-content\/uploads\/2013\/07\/Via-Pessina-2.jpg?fit=510%2C383&#038;ssl=1\" src=\"https:\/\/i0.wp.com\/www.robertosedda.it\/wp-content\/uploads\/2013\/07\/Via-Pessina-2.jpg?w=530&#038;h=397&#038;ssl=1\" width=\"530\" height=\"397\" data-original-width=\"530\" data-original-height=\"397\" itemprop=\"http:\/\/schema.org\/image\" title=\"Via Pessina 2\" alt=\"Via Pessina 2\" style=\"width: 530px; height: 397px;\" \/> <\/a> <div class=\"tiled-gallery-caption\" itemprop=\"caption description\"> Via Pessina 2 <\/div> <\/div> <\/div> <!-- close group --> <\/div> <!-- close row --> <div class=\"gallery-row\" style=\"width: 800px; height: 301px;\" data-original-width=\"800\" data-original-height=\"301\" > <div class=\"gallery-group images-1\" style=\"width: 400px; height: 301px;\" data-original-width=\"400\" data-original-height=\"301\" > <div class=\"tiled-gallery-item tiled-gallery-item-large\" itemprop=\"associatedMedia\" itemscope itemtype=\"http:\/\/schema.org\/ImageObject\"> <a href=\"https:\/\/i0.wp.com\/www.robertosedda.it\/wp-content\/uploads\/2013\/07\/Via-Roma.jpg?ssl=1\" border=\"0\" itemprop=\"url\"> <meta itemprop=\"width\" content=\"396\"> <meta itemprop=\"height\" content=\"297\"> <img data-attachment-id=\"4002\" data-orig-file=\"https:\/\/www.robertosedda.it\/wp-content\/uploads\/2013\/07\/Via-Roma.jpg\" data-orig-size=\"1024,768\" data-comments-opened=\"1\" data-image-meta=\"{&quot;aperture&quot;:&quot;2.8&quot;,&quot;credit&quot;:&quot;&quot;,&quot;camera&quot;:&quot;F8035&quot;,&quot;caption&quot;:&quot;&quot;,&quot;created_timestamp&quot;:&quot;1373827483&quot;,&quot;copyright&quot;:&quot;&quot;,&quot;focal_length&quot;:&quot;5.7&quot;,&quot;iso&quot;:&quot;80&quot;,&quot;shutter_speed&quot;:&quot;0.004734&quot;,&quot;title&quot;:&quot;YASHICA Digital Camera&quot;}\" data-image-title=\"Via Roma\" data-image-description=\"\" data-medium-file=\"https:\/\/i0.wp.com\/www.robertosedda.it\/wp-content\/uploads\/2013\/07\/Via-Roma.jpg?fit=300%2C225&#038;ssl=1\" data-large-file=\"https:\/\/i0.wp.com\/www.robertosedda.it\/wp-content\/uploads\/2013\/07\/Via-Roma.jpg?fit=510%2C383&#038;ssl=1\" src=\"https:\/\/i0.wp.com\/www.robertosedda.it\/wp-content\/uploads\/2013\/07\/Via-Roma.jpg?w=396&#038;h=297&#038;ssl=1\" width=\"396\" height=\"297\" data-original-width=\"396\" data-original-height=\"297\" itemprop=\"http:\/\/schema.org\/image\" title=\"Via Roma\" alt=\"Via Roma\" style=\"width: 396px; height: 297px;\" \/> <\/a> <div class=\"tiled-gallery-caption\" itemprop=\"caption description\"> Via Roma <\/div> <\/div> <\/div> <!-- close group --> <div class=\"gallery-group images-1\" style=\"width: 400px; height: 301px;\" data-original-width=\"400\" data-original-height=\"301\" > <div class=\"tiled-gallery-item tiled-gallery-item-large\" itemprop=\"associatedMedia\" itemscope itemtype=\"http:\/\/schema.org\/ImageObject\"> <a href=\"https:\/\/i0.wp.com\/www.robertosedda.it\/wp-content\/uploads\/2013\/07\/Via-Roma-2.jpg?ssl=1\" border=\"0\" itemprop=\"url\"> <meta itemprop=\"width\" content=\"396\"> <meta itemprop=\"height\" content=\"297\"> <img data-attachment-id=\"4003\" data-orig-file=\"https:\/\/www.robertosedda.it\/wp-content\/uploads\/2013\/07\/Via-Roma-2.jpg\" data-orig-size=\"1024,768\" data-comments-opened=\"1\" data-image-meta=\"{&quot;aperture&quot;:&quot;3.6&quot;,&quot;credit&quot;:&quot;&quot;,&quot;camera&quot;:&quot;F8035&quot;,&quot;caption&quot;:&quot;&quot;,&quot;created_timestamp&quot;:&quot;1373827469&quot;,&quot;copyright&quot;:&quot;&quot;,&quot;focal_length&quot;:&quot;8.8&quot;,&quot;iso&quot;:&quot;80&quot;,&quot;shutter_speed&quot;:&quot;0.005352&quot;,&quot;title&quot;:&quot;YASHICA Digital Camera&quot;}\" data-image-title=\"Via Roma 2\" data-image-description=\"\" data-medium-file=\"https:\/\/i0.wp.com\/www.robertosedda.it\/wp-content\/uploads\/2013\/07\/Via-Roma-2.jpg?fit=300%2C225&#038;ssl=1\" data-large-file=\"https:\/\/i0.wp.com\/www.robertosedda.it\/wp-content\/uploads\/2013\/07\/Via-Roma-2.jpg?fit=510%2C383&#038;ssl=1\" src=\"https:\/\/i0.wp.com\/www.robertosedda.it\/wp-content\/uploads\/2013\/07\/Via-Roma-2.jpg?w=396&#038;h=297&#038;ssl=1\" width=\"396\" height=\"297\" data-original-width=\"396\" data-original-height=\"297\" itemprop=\"http:\/\/schema.org\/image\" title=\"Via Roma 2\" alt=\"Via Roma 2\" style=\"width: 396px; height: 297px;\" \/> <\/a> <div class=\"tiled-gallery-caption\" itemprop=\"caption description\"> Via Roma 2 <\/div> <\/div> <\/div> <!-- close group --> <\/div> <!-- close row --> <\/div>\n<p>In apparenza \u00e8 una situazione in cui vincono tutti: gli edicolanti ottengono gratis un chiosco attraente e su cui nessuno scriver\u00e0 pi\u00f9 \u00abChiara ti voglio tutta nuda\u00bb, la citt\u00e0 guadagna in arredo urbano e in dimensione identitaria &#8211; perch\u00e9 al Cagliari ci teniamo tutti e le nuove edicole sono obiettivamente piacevoli &#8211; e gli <em>Sconvolts<\/em> fanno uscire la loro immagine dal ghetto e la ripropongono &#8211; impongono? &#8211; alla citt\u00e0 in una nuova veste, tale da suscitare simpatia e nuova identificazione fra popolazione e tifoseria. Poco importa che a suo tempo secondo la Questura un elemento caratteristico fosse \u00abla tendenza del gruppo a marcare il territorio\u00bb: la cosa (che potrebbe essere preoccupante) passa in secondo piano.<\/p>\n<p>Non male, direi. Anzi, un&#8217;operazione di <em>marketing<\/em> sociale da manuale.<\/p>\n<p>Adesso resta solo da non menare pi\u00f9 nessuno, ecco. Altrimenti mi chiedo cosa faranno gli edicolanti: per dissociarsi si faranno dipingere i supereroi, come a Sassari?<\/p>\n<p><a href=\"https:\/\/i0.wp.com\/www.robertosedda.it\/wp-content\/uploads\/2013\/07\/2013-06-08-23.55.11.jpg\"><img data-attachment-id=\"3991\" data-permalink=\"https:\/\/www.robertosedda.it\/?attachment_id=3991\" data-orig-file=\"https:\/\/i0.wp.com\/www.robertosedda.it\/wp-content\/uploads\/2013\/07\/2013-06-08-23.55.11.jpg?fit=2048%2C1536&amp;ssl=1\" data-orig-size=\"2048,1536\" data-comments-opened=\"1\" data-image-meta=\"{&quot;aperture&quot;:&quot;2.6&quot;,&quot;credit&quot;:&quot;&quot;,&quot;camera&quot;:&quot;YP-G70&quot;,&quot;caption&quot;:&quot;&quot;,&quot;created_timestamp&quot;:&quot;1370735710&quot;,&quot;copyright&quot;:&quot;&quot;,&quot;focal_length&quot;:&quot;3.79&quot;,&quot;iso&quot;:&quot;400&quot;,&quot;shutter_speed&quot;:&quot;0.11111111111111&quot;,&quot;title&quot;:&quot;&quot;}\" data-image-title=\"2013-06-08 23.55.11\" data-image-description=\"\" data-image-caption=\"\" data-medium-file=\"https:\/\/i0.wp.com\/www.robertosedda.it\/wp-content\/uploads\/2013\/07\/2013-06-08-23.55.11.jpg?fit=300%2C225&amp;ssl=1\" data-large-file=\"https:\/\/i0.wp.com\/www.robertosedda.it\/wp-content\/uploads\/2013\/07\/2013-06-08-23.55.11.jpg?fit=510%2C383&amp;ssl=1\" decoding=\"async\" loading=\"lazy\" class=\"aligncenter size-large wp-image-3991\" src=\"https:\/\/i0.wp.com\/www.robertosedda.it\/wp-content\/uploads\/2013\/07\/2013-06-08-23.55.11.jpg?resize=700%2C525\" alt=\"2013-06-08 23.55.11\" width=\"700\" height=\"525\" srcset=\"https:\/\/i0.wp.com\/www.robertosedda.it\/wp-content\/uploads\/2013\/07\/2013-06-08-23.55.11.jpg?resize=1024%2C768&amp;ssl=1 1024w, https:\/\/i0.wp.com\/www.robertosedda.it\/wp-content\/uploads\/2013\/07\/2013-06-08-23.55.11.jpg?resize=300%2C225&amp;ssl=1 300w, https:\/\/i0.wp.com\/www.robertosedda.it\/wp-content\/uploads\/2013\/07\/2013-06-08-23.55.11.jpg?resize=268%2C200&amp;ssl=1 268w, https:\/\/i0.wp.com\/www.robertosedda.it\/wp-content\/uploads\/2013\/07\/2013-06-08-23.55.11.jpg?resize=700%2C525&amp;ssl=1 700w, https:\/\/i0.wp.com\/www.robertosedda.it\/wp-content\/uploads\/2013\/07\/2013-06-08-23.55.11.jpg?w=2048&amp;ssl=1 2048w, https:\/\/i0.wp.com\/www.robertosedda.it\/wp-content\/uploads\/2013\/07\/2013-06-08-23.55.11.jpg?w=1600 1600w\" sizes=\"(max-width: 700px) 100vw, 700px\" data-recalc-dims=\"1\" \/><\/a><\/p>\n","protected":false},"excerpt":{"rendered":"<p>Qualche anno fa, in occasione dell&#8217;assunzione di Carlo Usai come banchiere ambulante per la Sardegna, il gruppo dei soci di<\/p>\n","protected":false},"author":1,"featured_media":4003,"comment_status":"open","ping_status":"open","sticky":false,"template":"","format":"standard","meta":{"_mi_skip_tracking":false,"_monsterinsights_sitenote_active":false,"_monsterinsights_sitenote_note":"","_monsterinsights_sitenote_category":0,"jetpack_post_was_ever_published":false,"_jetpack_newsletter_access":"","jetpack_publicize_message":"","jetpack_is_tweetstorm":false,"jetpack_publicize_feature_enabled":true,"jetpack_social_post_already_shared":false,"jetpack_social_options":{"image_generator_settings":{"template":"highway","enabled":false}}},"categories":[52,49,77,12],"tags":[],"jetpack_publicize_connections":[],"jetpack_featured_media_url":"https:\/\/i0.wp.com\/www.robertosedda.it\/wp-content\/uploads\/2013\/07\/Via-Roma-2.jpg?fit=1024%2C768&ssl=1","jetpack_sharing_enabled":true,"jetpack_shortlink":"https:\/\/wp.me\/p4jV2T-11Z","jetpack_likes_enabled":true,"jetpack-related-posts":[{"id":10781,"url":"https:\/\/www.robertosedda.it\/?p=10781","url_meta":{"origin":3967,"position":0},"title":"Sta arrivando&#8230;","author":"Rufus","date":"04\/09\/2015","format":false,"excerpt":"I soci cagliaritani pi\u00f9 attivi della Banca Etica lo sanno gi\u00e0, ma per tutti gli altri mi lascer\u00f2 sfuggire un'indiscrezione. Presto, prestissimo, a Cagliari aprir\u00e0 l'ufficio del nuovo banchiere ambulante della Sardegna meridionale. Due giorni fa il nuovo banchiere ambulante (anzi: la nuova banchiera ambulante, perch\u00e9 \u00e8 una ragazza) ha\u2026","rel":"","context":"In &quot;Banche e finanza&quot;","block_context":{"text":"Banche e finanza","link":"https:\/\/www.robertosedda.it\/?cat=72"},"img":{"alt_text":"","src":"https:\/\/i0.wp.com\/www.robertosedda.it\/wp-content\/uploads\/2015\/09\/Banca-Etica-skyline-Cagliari.png?fit=807%2C298&ssl=1&resize=350%2C200","width":350,"height":200,"srcset":"https:\/\/i0.wp.com\/www.robertosedda.it\/wp-content\/uploads\/2015\/09\/Banca-Etica-skyline-Cagliari.png?fit=807%2C298&ssl=1&resize=350%2C200 1x, https:\/\/i0.wp.com\/www.robertosedda.it\/wp-content\/uploads\/2015\/09\/Banca-Etica-skyline-Cagliari.png?fit=807%2C298&ssl=1&resize=700%2C400 2x"},"classes":[]},{"id":657,"url":"https:\/\/www.robertosedda.it\/?p=657","url_meta":{"origin":3967,"position":1},"title":"Non poteva funzionare","author":"Rufus","date":"23\/08\/2012","format":false,"excerpt":"Credo di avere sentito parlare per la prima volta di Banca Popolare Etica nell\u2019ottobre del 1995; un amico trasferitosi a Viterbo per studiare era entrato a far parte del GIT locale e ci segnal\u00f2 una presentazione pubblica che si doveva tenere a Cagliari. Mia moglie, che l\u2019ha sempre saputa molto\u2026","rel":"","context":"In &quot;Banche e finanza&quot;","block_context":{"text":"Banche e finanza","link":"https:\/\/www.robertosedda.it\/?cat=72"},"img":{"alt_text":"","src":"https:\/\/i0.wp.com\/www.robertosedda.it\/wp-content\/uploads\/2012\/08\/8930_1166680499070_1260200_n.jpg?fit=604%2C453&ssl=1&resize=350%2C200","width":350,"height":200},"classes":[]},{"id":2568,"url":"https:\/\/www.robertosedda.it\/?p=2568","url_meta":{"origin":3967,"position":2},"title":"Cose da fare a Cagliari almeno una volta nella vita","author":"Rufus","date":"21\/03\/2013","format":false,"excerpt":"Un articolo carino sul blog dell'osservatore baggiano mi ha fatto ricordare che anni fa, dopo aver scoperto che esisteva\u00a0il libro 101 cose da fare a Milano almeno una volta nella vita, anche il gruppo \"La Pira\" aveva iniziato a stilare il suo elenco di \"cose da fare a Cagliari almeno\u2026","rel":"","context":"In &quot;Coordinate&quot;","block_context":{"text":"Coordinate","link":"https:\/\/www.robertosedda.it\/?cat=52"},"img":{"alt_text":"","src":"https:\/\/i0.wp.com\/www.robertosedda.it\/wp-content\/uploads\/2013\/11\/Panorama-Cagliari.jpg?fit=640%2C428&ssl=1&resize=350%2C200","width":350,"height":200},"classes":[]},{"id":3702,"url":"https:\/\/www.robertosedda.it\/?p=3702","url_meta":{"origin":3967,"position":3},"title":"Un antico gemellaggio","author":"Rufus","date":"27\/06\/2013","format":false,"excerpt":"Preparando gli inviti per l'incontro con Ugo Biggeri domani alla MEM (17.30, non mancate!!)\u00a0\u00e8 saltata fuori una mia vecchia mail ai soci dell'Area Centro a proposito di un gemellaggio con i soci francesi della NEF (Nouvelle Economie fraternelle, la banca etica francese). La ripropongo cos\u00ec, perch\u00e9 ci sono cose divertenti:\u2026","rel":"","context":"In &quot;Banche e finanza&quot;","block_context":{"text":"Banche e finanza","link":"https:\/\/www.robertosedda.it\/?cat=72"},"img":{"alt_text":"","src":"https:\/\/i0.wp.com\/www.robertosedda.it\/wp-content\/uploads\/2013\/06\/Jos\u00e9-Grajales.jpg?fit=453%2C604&ssl=1&resize=350%2C200","width":350,"height":200},"classes":[]},{"id":12481,"url":"https:\/\/www.robertosedda.it\/?p=12481","url_meta":{"origin":3967,"position":4},"title":"Periodo di foto, questo","author":"Rufus","date":"09\/09\/2016","format":false,"excerpt":"Come sapete, il 23 inauguriamo ufficialmente la nuova sede della banchiera ambulante di Banca Etica a Cagliari. Ieri, come parte del percorso preparatorio, abbiamo avuto un piccolo momento conviviale alla Bottega dell'associazione Oscar Romero: un apertivo, la conoscenza di un cliente della Banca, una breve presentazione del programma della festa\u2026","rel":"","context":"In &quot;Banche e finanza&quot;","block_context":{"text":"Banche e finanza","link":"https:\/\/www.robertosedda.it\/?cat=72"},"img":{"alt_text":"","src":"https:\/\/i0.wp.com\/www.robertosedda.it\/wp-content\/uploads\/2016\/09\/ALIM4483.jpg?fit=1200%2C900&ssl=1&resize=350%2C200","width":350,"height":200,"srcset":"https:\/\/i0.wp.com\/www.robertosedda.it\/wp-content\/uploads\/2016\/09\/ALIM4483.jpg?fit=1200%2C900&ssl=1&resize=350%2C200 1x, https:\/\/i0.wp.com\/www.robertosedda.it\/wp-content\/uploads\/2016\/09\/ALIM4483.jpg?fit=1200%2C900&ssl=1&resize=700%2C400 2x, https:\/\/i0.wp.com\/www.robertosedda.it\/wp-content\/uploads\/2016\/09\/ALIM4483.jpg?fit=1200%2C900&ssl=1&resize=1050%2C600 3x"},"classes":[]},{"id":5935,"url":"https:\/\/www.robertosedda.it\/?p=5935","url_meta":{"origin":3967,"position":5},"title":"Quello che ho detto all&#8217;Assemblea del GIT di Sassari","author":"Rufus","date":"27\/01\/2014","format":false,"excerpt":"Mercoled\u00ec scorso sono\u00a0andato a Sassari\u00a0con Gaetano Lauta, coordinatore dei soci di Banca Etica della Sardegna meridionale, all'assemblea dei cugini soci della Sardegna settentrionale. \u00c8 stata un'Assemblea molto bella e piuttosto intensa e, naturalmente, a un certo punto mi hanno fatto parlare. Ne ho approfittato per dire un paio delle cose\u2026","rel":"","context":"In &quot;Banche e finanza&quot;","block_context":{"text":"Banche e finanza","link":"https:\/\/www.robertosedda.it\/?cat=72"},"img":{"alt_text":"","src":"https:\/\/i0.wp.com\/www.robertosedda.it\/wp-content\/uploads\/2012\/11\/2012-11-18-10.14.20.jpg?fit=1200%2C900&ssl=1&resize=350%2C200","width":350,"height":200,"srcset":"https:\/\/i0.wp.com\/www.robertosedda.it\/wp-content\/uploads\/2012\/11\/2012-11-18-10.14.20.jpg?fit=1200%2C900&ssl=1&resize=350%2C200 1x, https:\/\/i0.wp.com\/www.robertosedda.it\/wp-content\/uploads\/2012\/11\/2012-11-18-10.14.20.jpg?fit=1200%2C900&ssl=1&resize=700%2C400 2x, https:\/\/i0.wp.com\/www.robertosedda.it\/wp-content\/uploads\/2012\/11\/2012-11-18-10.14.20.jpg?fit=1200%2C900&ssl=1&resize=1050%2C600 3x"},"classes":[]}],"_links":{"self":[{"href":"https:\/\/www.robertosedda.it\/index.php?rest_route=\/wp\/v2\/posts\/3967"}],"collection":[{"href":"https:\/\/www.robertosedda.it\/index.php?rest_route=\/wp\/v2\/posts"}],"about":[{"href":"https:\/\/www.robertosedda.it\/index.php?rest_route=\/wp\/v2\/types\/post"}],"author":[{"embeddable":true,"href":"https:\/\/www.robertosedda.it\/index.php?rest_route=\/wp\/v2\/users\/1"}],"replies":[{"embeddable":true,"href":"https:\/\/www.robertosedda.it\/index.php?rest_route=%2Fwp%2Fv2%2Fcomments&post=3967"}],"version-history":[{"count":12,"href":"https:\/\/www.robertosedda.it\/index.php?rest_route=\/wp\/v2\/posts\/3967\/revisions"}],"predecessor-version":[{"id":13476,"href":"https:\/\/www.robertosedda.it\/index.php?rest_route=\/wp\/v2\/posts\/3967\/revisions\/13476"}],"wp:featuredmedia":[{"embeddable":true,"href":"https:\/\/www.robertosedda.it\/index.php?rest_route=\/wp\/v2\/media\/4003"}],"wp:attachment":[{"href":"https:\/\/www.robertosedda.it\/index.php?rest_route=%2Fwp%2Fv2%2Fmedia&parent=3967"}],"wp:term":[{"taxonomy":"category","embeddable":true,"href":"https:\/\/www.robertosedda.it\/index.php?rest_route=%2Fwp%2Fv2%2Fcategories&post=3967"},{"taxonomy":"post_tag","embeddable":true,"href":"https:\/\/www.robertosedda.it\/index.php?rest_route=%2Fwp%2Fv2%2Ftags&post=3967"}],"curies":[{"name":"wp","href":"https:\/\/api.w.org\/{rel}","templated":true}]}}