{"id":3936,"date":"2013-07-12T08:15:10","date_gmt":"2013-07-12T06:15:10","guid":{"rendered":"http:\/\/www.robertosedda.it\/?p=3936"},"modified":"2013-07-12T23:48:45","modified_gmt":"2013-07-12T21:48:45","slug":"consigli-importanti","status":"publish","type":"post","link":"https:\/\/www.robertosedda.it\/?p=3936","title":{"rendered":"Consigli importanti"},"content":{"rendered":"<p>Ieri in casa abbiamo lavato un piumino. Un oggetto un po&#8217; ingombrante, un lavaggio un po&#8217; fastidioso, insomma.<\/p>\n<p>Stamattina, al\u00a0 momento di stenderlo, il dubbio: sar\u00e0 meglio metterlo lontano dal sole, giusto?<\/p>\n<p>Per fortuna ci sono le istruzioni, guardiamo l&#8217;etichetta.<\/p>\n<p>Le istruzioni dicono: \u00abStendere bene\u00bb.<\/p>\n<p><em>Stendere bene?!<\/em> No, perch\u00e9 io lo volevo stendere male, guarda un po&#8217;.<\/p>\n<p>Cos\u00ec mi sono ricordato di quella mitica puntata di\u00a0<a href=\"http:\/\/dispenser.blog.rai.it\/\"><em>Dispenser<\/em><\/a> in cui avevano spiegato che il terrore delle case produttrici nei confronti delle cause per danni portavano a mettere le mani avanti in qualunque modo, per esempio: \u00abNon stirare i pantaloni tenendoli addosso\u00bb, oppure: \u00abNon piegare il passeggino con il bambino dentro\u00bb.<\/p>\n<p>A questo punto mi \u00e8 venuto un dubbio e quindi mi sono fatto un giro sulla rete, dove come previsto ho scoperto una sottocultura dedita alla propagazione di queste che in molti casi, temo, sono leggende urbane. Ero convinto che fosse un genere divertentissimo e diffusissimo: dopo il mio giro ho qualche dubbio in pi\u00f9.<\/p>\n<p>Per la tecnologia la fonte dovrebbe essere questo <a href=\"http:\/\/www.itworld.com\/security\/177163\/30-ridiculously-dumb-tech-warning-labels?page=0,0\">articolo su <em>ItWorld<\/em><\/a>, tradotto da mille parti, per esempio su <a href=\"http:\/\/www.geekissimo.com\/2011\/06\/27\/30-avvisi-divertenti-istruzioni-prodotti-tecnologici\/\"><em>Geekissimo<\/em><\/a>. Certo anche se \u00e8 una bufala l&#8217;avviso \u00abnon provare a installare l&#8217;antenna se si \u00e8 ubriachi, incinte o entrambi\u00bb strappa almeno un sorriso. Ce ne sono trenta, tutti sullo stesso genere, \u00e8 una lettura piacevole anche se leggera leggera.<\/p>\n<p><a href=\"http:\/\/www.youtube.com\/watch?v=FAGskPTb1sM\">C&#8217;\u00e8 anche chi vuol fare il comico e ha scelto questa strada<\/a>. Su <em>YouTube<\/em> si trovano i filmati, ma rimane, appunto, un genere un po&#8217; marginale.<\/p>\n<p>Ma, naturalmente, prima di decidere che sono tutte scemenze ricordatevi il mio piumino: \u00abStendere bene\u00bb. Che poi, che cosa vorr\u00e0 dire?<\/p>\n","protected":false},"excerpt":{"rendered":"<p>Ieri in casa abbiamo lavato un piumino. Un oggetto un po&#8217; ingombrante, un lavaggio un po&#8217; fastidioso, insomma. Stamattina, al\u00a0<\/p>\n","protected":false},"author":1,"featured_media":0,"comment_status":"open","ping_status":"open","sticky":false,"template":"","format":"standard","meta":{"_mi_skip_tracking":false,"_monsterinsights_sitenote_active":false,"_monsterinsights_sitenote_note":"","_monsterinsights_sitenote_category":0,"jetpack_post_was_ever_published":false,"_jetpack_newsletter_access":"","jetpack_publicize_message":"","jetpack_is_tweetstorm":false,"jetpack_publicize_feature_enabled":true,"jetpack_social_post_already_shared":false,"jetpack_social_options":{"image_generator_settings":{"template":"highway","enabled":false}}},"categories":[52,56,17,61,16],"tags":[],"jetpack_publicize_connections":[],"jetpack_featured_media_url":"","jetpack_sharing_enabled":true,"jetpack_shortlink":"https:\/\/wp.me\/p4jV2T-11u","jetpack_likes_enabled":true,"jetpack-related-posts":[{"id":6123,"url":"https:\/\/www.robertosedda.it\/?p=6123","url_meta":{"origin":3936,"position":0},"title":"Un artista di cui ieri mi sono dimenticato&#8230;","author":"Rufus","date":"03\/02\/2014","format":"gallery","excerpt":"... \u00e8 Dariusz Klimczak In realt\u00e0 non mi sono proprio dimenticato, piuttosto \u00e8 un lavoro creativo che aveva a che fare con gli spaesamenti di cui ho parlato ieri ma che non giocava sulla memoria come gli altri, quindi al momento di stendere l'articolo l'ho tralasciato. Poi per\u00f2 sono andato\u2026","rel":"","context":"In &quot;Coordinate&quot;","block_context":{"text":"Coordinate","link":"https:\/\/www.robertosedda.it\/?cat=52"},"img":{"alt_text":"","src":"https:\/\/i0.wp.com\/www.robertosedda.it\/wp-content\/uploads\/2014\/02\/dariuszklimczak-07.jpg?fit=600%2C600&ssl=1&resize=350%2C200","width":350,"height":200},"classes":[]},{"id":17254,"url":"https:\/\/www.robertosedda.it\/?p=17254","url_meta":{"origin":3936,"position":1},"title":"Corazzate finanziarie di una sola persona","author":"Rufus","date":"16\/09\/2019","format":false,"excerpt":"Mi ha molto incuriosito, l'altro giorno, scoprire che il giocatore della NBA Spencer Dinwiddie, in margine al suo trasferimento ai Brooklin Nets, sta mettendo in piedi una operazione finanziaria piuttosto innovativa. In pratica Dinwiddie, secondo quanto raccontano Pianeta Basket e diversi siti americani, prevede da contratto di guadagnare quasi trentacinque\u2026","rel":"","context":"In &quot;Coordinate&quot;","block_context":{"text":"Coordinate","link":"https:\/\/www.robertosedda.it\/?cat=52"},"img":{"alt_text":"","src":"https:\/\/i0.wp.com\/www.robertosedda.it\/wp-content\/uploads\/2019\/09\/Spencer-Dinwiddie.jpeg?fit=768%2C431&ssl=1&resize=350%2C200","width":350,"height":200,"srcset":"https:\/\/i0.wp.com\/www.robertosedda.it\/wp-content\/uploads\/2019\/09\/Spencer-Dinwiddie.jpeg?fit=768%2C431&ssl=1&resize=350%2C200 1x, https:\/\/i0.wp.com\/www.robertosedda.it\/wp-content\/uploads\/2019\/09\/Spencer-Dinwiddie.jpeg?fit=768%2C431&ssl=1&resize=700%2C400 2x"},"classes":[]},{"id":19171,"url":"https:\/\/www.robertosedda.it\/?p=19171","url_meta":{"origin":3936,"position":2},"title":"Fuori dalle tisanerie","author":"Rufus","date":"15\/02\/2022","format":false,"excerpt":"Grazie alla segnalazione di Lorenzo Trenti ho letto oggi un articolo di Sergio Garufi sul Post che riflette sulla curiosa sorte di Borges, non solo travisato e citato a sproposito ma diventato l'appendiabiti su cui stendere - cio\u00e8 attribuire - le poesie pi\u00f9 strampalate di altri autori, in un gioco\u2026","rel":"","context":"In &quot;Coordinate&quot;","block_context":{"text":"Coordinate","link":"https:\/\/www.robertosedda.it\/?cat=52"},"img":{"alt_text":"","src":"https:\/\/i0.wp.com\/www.robertosedda.it\/wp-content\/uploads\/2022\/02\/Borges-Post.jpg?fit=737%2C329&ssl=1&resize=350%2C200","width":350,"height":200,"srcset":"https:\/\/i0.wp.com\/www.robertosedda.it\/wp-content\/uploads\/2022\/02\/Borges-Post.jpg?fit=737%2C329&ssl=1&resize=350%2C200 1x, https:\/\/i0.wp.com\/www.robertosedda.it\/wp-content\/uploads\/2022\/02\/Borges-Post.jpg?fit=737%2C329&ssl=1&resize=700%2C400 2x"},"classes":[]},{"id":8404,"url":"https:\/\/www.robertosedda.it\/?p=8404","url_meta":{"origin":3936,"position":3},"title":"I consigli del venerd\u00ec &#8211; 1","author":"Rufus","date":"12\/09\/2014","format":"video","excerpt":"Quasi #FF ma senza\u00a0Twitter Negli ultimi tempi ho cominciato ad appuntarmi qui e l\u00e0 i\u00a0link che condivido sui social o le pagine web\u00a0che mi segno a futura memoria, per tenerli sotto controllo e poterli ritrovare. Poi mi sono reso conto che il posto corretto dove raccogliere tutta questa roba \u00e8\u2026","rel":"","context":"In &quot;Coordinate&quot;","block_context":{"text":"Coordinate","link":"https:\/\/www.robertosedda.it\/?cat=52"},"img":{"alt_text":"","src":"https:\/\/i0.wp.com\/img.youtube.com\/vi\/I5JQ1m3mxKw\/0.jpg?resize=350%2C200","width":350,"height":200},"classes":[]},{"id":5836,"url":"https:\/\/www.robertosedda.it\/?p=5836","url_meta":{"origin":3936,"position":4},"title":"I corsi di formazione di Poliste per il 2014","author":"Rufus","date":"12\/01\/2014","format":false,"excerpt":"La mia amica e vicina di casa Rossana Moro mi ha mandato per mail la segnalazione dei corsi di formazione di\u00a0Poliste\u00a0 per il 2014 chiedendomi di passare parola, cosa che faccio volentieri qui sul blog. A parte Rossana fra i docenti e i soci di Poliste c'\u00e8 Serenella Paci, dalla\u2026","rel":"","context":"In &quot;Coordinate&quot;","block_context":{"text":"Coordinate","link":"https:\/\/www.robertosedda.it\/?cat=52"},"img":{"alt_text":"poliste conflitto","src":"https:\/\/i0.wp.com\/www.robertosedda.it\/wp-content\/uploads\/2014\/01\/poliste-conflitto.jpg?resize=350%2C200","width":350,"height":200},"classes":[]},{"id":17656,"url":"https:\/\/www.robertosedda.it\/?p=17656","url_meta":{"origin":3936,"position":5},"title":"Ma esattamente, cosa state facendo?","author":"Rufus","date":"10\/01\/2020","format":false,"excerpt":"Stasera inizia un trittico di iniziative del gruppo locale dei soci di Banca Etica che si snoder\u00e0 fra Cagliari e Iglesias e per il quale lavoriamo da mesi, con grandi fatiche. Parentesi, assolutamente fuori tema: tutte le volte che si parla di fatiche, mi viene in mente un brano bellissimo\u2026","rel":"","context":"In &quot;Banche e finanza&quot;","block_context":{"text":"Banche e finanza","link":"https:\/\/www.robertosedda.it\/?cat=72"},"img":{"alt_text":"","src":"https:\/\/i0.wp.com\/www.robertosedda.it\/wp-content\/uploads\/2020\/01\/Locandina-generale.jpg?fit=848%2C1200&ssl=1&resize=350%2C200","width":350,"height":200,"srcset":"https:\/\/i0.wp.com\/www.robertosedda.it\/wp-content\/uploads\/2020\/01\/Locandina-generale.jpg?fit=848%2C1200&ssl=1&resize=350%2C200 1x, https:\/\/i0.wp.com\/www.robertosedda.it\/wp-content\/uploads\/2020\/01\/Locandina-generale.jpg?fit=848%2C1200&ssl=1&resize=700%2C400 2x"},"classes":[]}],"_links":{"self":[{"href":"https:\/\/www.robertosedda.it\/index.php?rest_route=\/wp\/v2\/posts\/3936"}],"collection":[{"href":"https:\/\/www.robertosedda.it\/index.php?rest_route=\/wp\/v2\/posts"}],"about":[{"href":"https:\/\/www.robertosedda.it\/index.php?rest_route=\/wp\/v2\/types\/post"}],"author":[{"embeddable":true,"href":"https:\/\/www.robertosedda.it\/index.php?rest_route=\/wp\/v2\/users\/1"}],"replies":[{"embeddable":true,"href":"https:\/\/www.robertosedda.it\/index.php?rest_route=%2Fwp%2Fv2%2Fcomments&post=3936"}],"version-history":[{"count":5,"href":"https:\/\/www.robertosedda.it\/index.php?rest_route=\/wp\/v2\/posts\/3936\/revisions"}],"predecessor-version":[{"id":3952,"href":"https:\/\/www.robertosedda.it\/index.php?rest_route=\/wp\/v2\/posts\/3936\/revisions\/3952"}],"wp:attachment":[{"href":"https:\/\/www.robertosedda.it\/index.php?rest_route=%2Fwp%2Fv2%2Fmedia&parent=3936"}],"wp:term":[{"taxonomy":"category","embeddable":true,"href":"https:\/\/www.robertosedda.it\/index.php?rest_route=%2Fwp%2Fv2%2Fcategories&post=3936"},{"taxonomy":"post_tag","embeddable":true,"href":"https:\/\/www.robertosedda.it\/index.php?rest_route=%2Fwp%2Fv2%2Ftags&post=3936"}],"curies":[{"name":"wp","href":"https:\/\/api.w.org\/{rel}","templated":true}]}}