{"id":3930,"date":"2013-07-11T16:00:17","date_gmt":"2013-07-11T14:00:17","guid":{"rendered":"http:\/\/www.robertosedda.it\/?p=3930"},"modified":"2023-07-18T17:32:37","modified_gmt":"2023-07-18T15:32:37","slug":"la-partenza-del-crociato","status":"publish","type":"post","link":"https:\/\/www.robertosedda.it\/?p=3930","title":{"rendered":"La partenza del crociato"},"content":{"rendered":"<div>\n<p>Ho ritrovato oggi una poesia che \u00e8 una specie di cimelio familiare, nel senso che la citava sempre mia nonna, la citava mia madre e anche a me ogni tanto vengono in mente dei versi. Per\u00f2 tutta tutta io non la ricordo, cos\u00ec me l&#8217;ero scritta ed \u00e8 ricomparsa.<\/p>\n<p>\u00c8 di Giovanni Visconti Venosta, credo di met\u00e0 &#8216;800: \u00e8 una di quelle cose che all&#8217;epoca erano considerate spiritosissime e adesso strappano un sorriso, per\u00f2 \u00e8 carina e nella mia famiglia ha un valore affettivo.<\/p>\n<blockquote><p>Passa un giorno, passa l&#8217;altro<br \/>\nmai non torna il prode Anselmo,<br \/>\nperch\u00e9 egli era molto scaltro<br \/>\nand\u00f2 in guerra e mise l&#8217;elmo&#8230;<\/p>\n<p>Mise l&#8217;elmo sulla testa<br \/>\nper non farsi troppo mal<br \/>\ne part\u00ec la lancia in resta<br \/>\na cavallo d&#8217;un caval.<\/p>\n<p>La sua bella che abbracciollo<br \/>\ndiede un bacio e disse: &#8220;va!&#8221;<br \/>\ne poneagli ad armacollo<br \/>\nla fiaschetta del mistr\u00e0<\/p>\n<p>Poi donatogli un anello<br \/>\nsacro pegno di sua fe&#8217;,<br \/>\ngli metteva nel fardello<br \/>\nfin le pezze per i pi\u00e8.<\/p>\n<p>Fu alle nove di mattina<br \/>\nche l&#8217;Anselmo uscia bel, bel,<br \/>\nper andare in Palestina<br \/>\na conquidere l&#8217;Avel.<\/p>\n<p>N\u00e9 per vie ferrate andava<br \/>\ncome in oggi col vapor,<br \/>\na quei tempi si ferrava<br \/>\nnon la via ma il viaggiator.<\/p>\n<p>La cravatta in fer battuto<br \/>\ne in ottone avea il gil\u00e8,<br \/>\nei viaggiava, \u00e8 ver, seduto<br \/>\nma il cavallo andava a pi\u00e8<\/p>\n<p>Da quel d\u00ec non fe&#8217; che andare,<br \/>\nandar sempre, andare, andar&#8230;<br \/>\nquando a pie&#8217; d&#8217;un casolare<br \/>\nvide un lago, ed era il mar!<\/p>\n<p>Sospettollo&#8230; e impensierito<br \/>\nsaviamente si ferm\u00f2.<br \/>\nPoi chinossi, e con un dito<br \/>\na buon conto l&#8217;assaggi\u00f2.<\/p>\n<p>Come fu sul bastimento,<br \/>\nben gli venne il mal di mar<br \/>\nma l&#8217;Anselmo in un momento<br \/>\nmise fuori il desinar.<\/p>\n<p>Il Sultano in tal frangente<br \/>\nmand\u00f2 il palo ad aguzzar,<br \/>\nma l&#8217;Anselmo previdente<br \/>\nfin le brache avea d&#8217;acciar.<\/p>\n<p>Pipe, sciabole, tappeti,<br \/>\nmezze lune, jatagan,<br \/>\nodalische, minareti,<br \/>\ngi\u00e0 imballati avea il Sultan.<\/p>\n<p>Quando presso ai Salamini<br \/>\nsete ria incominci\u00f2,<br \/>\ne l&#8217;Anselmo coi pi\u00f9 fini<br \/>\nprese l&#8217;elmo, e a bere and\u00f2.<\/p>\n<p>Ma nell&#8217;elmo, il crederete?<br \/>\nc&#8217;era in fondo un forellin<br \/>\ne in tre d\u00ec mor\u00ec di sete<br \/>\nsenza accorgersi il tapin.<\/p>\n<p>Passa un giorno, passa l&#8217;altro,<br \/>\nmai non torna il guerrier,<br \/>\nperch&#8217;gli era molto scaltro<br \/>\nand\u00f2 in guerra col cimier.<\/p>\n<p>Col cimiero sulla testa,<br \/>\nma sul fondo non guard\u00f2<br \/>\ne cos\u00ec gli avvenne questa<br \/>\nche mai pi\u00f9 non ritorn\u00f2.<\/p><\/blockquote>\n<\/div>\n","protected":false},"excerpt":{"rendered":"<p>Ho ritrovato oggi una poesia che \u00e8 una specie di cimelio familiare, nel senso che la citava sempre mia nonna,<\/p>\n","protected":false},"author":1,"featured_media":20305,"comment_status":"open","ping_status":"open","sticky":false,"template":"","format":"standard","meta":{"_mi_skip_tracking":false,"_monsterinsights_sitenote_active":false,"_monsterinsights_sitenote_note":"","_monsterinsights_sitenote_category":0,"jetpack_post_was_ever_published":false,"_jetpack_newsletter_access":"","jetpack_publicize_message":"","jetpack_is_tweetstorm":false,"jetpack_publicize_feature_enabled":true,"jetpack_social_post_already_shared":false,"jetpack_social_options":{"image_generator_settings":{"template":"highway","enabled":false}}},"categories":[52,53,75,18,16],"tags":[],"jetpack_publicize_connections":[],"jetpack_featured_media_url":"https:\/\/i0.wp.com\/www.robertosedda.it\/wp-content\/uploads\/2013\/07\/La-partenza-del-crociato.jpg?fit=550%2C550&ssl=1","jetpack_sharing_enabled":true,"jetpack_shortlink":"https:\/\/wp.me\/p4jV2T-11o","jetpack_likes_enabled":true,"jetpack-related-posts":[{"id":9569,"url":"https:\/\/www.robertosedda.it\/?p=9569","url_meta":{"origin":3930,"position":0},"title":"Antiche saghe nordiche","author":"Rufus","date":"11\/02\/2015","format":false,"excerpt":"Dopo avere dedicato una delle ultime puntate di\u00a0Oggi parliamo di libri alla saga di Sigurd\/Sigfrido mi \u00e8 venuta voglia di riprendere in mano il cofanetto\u00a0Antiche saghe nordiche della\u00a0Mondadori. Ricordavo anche di averne fatto una recensione tanto tempo fa per\u00a0it.arti.fantasy (l'indimenticata Locanda delle Arti Fantastiche) e la ripropongo qui grazie alla\u2026","rel":"","context":"In &quot;Coordinate&quot;","block_context":{"text":"Coordinate","link":"https:\/\/www.robertosedda.it\/?cat=52"},"img":{"alt_text":"","src":"https:\/\/i0.wp.com\/www.robertosedda.it\/wp-content\/uploads\/2014\/08\/Elmo-di-Sutton-Hoo.jpg?fit=1024%2C938&ssl=1&resize=350%2C200","width":350,"height":200,"srcset":"https:\/\/i0.wp.com\/www.robertosedda.it\/wp-content\/uploads\/2014\/08\/Elmo-di-Sutton-Hoo.jpg?fit=1024%2C938&ssl=1&resize=350%2C200 1x, https:\/\/i0.wp.com\/www.robertosedda.it\/wp-content\/uploads\/2014\/08\/Elmo-di-Sutton-Hoo.jpg?fit=1024%2C938&ssl=1&resize=700%2C400 2x"},"classes":[]},{"id":8177,"url":"https:\/\/www.robertosedda.it\/?p=8177","url_meta":{"origin":3930,"position":1},"title":"Di piatti bizantini, spade cinesi e altri oggetti con la tendenza a viaggiare","author":"Rufus","date":"09\/08\/2014","format":false,"excerpt":"Quando l'altro giorno ho scritto l'articolo su\u00a0The road to Hel e la simbologia delle navicelle nuragiche\u00a0avevo in mente di citare un'altra cosa\u00a0che ho trovato nella prima parte del libro e che ha marginalmente a che fare con la Sardegna. Poi l'articolo si \u00e8 dilungato, altre divagazioni davvero non ce ne\u2026","rel":"","context":"In &quot;Coordinate&quot;","block_context":{"text":"Coordinate","link":"https:\/\/www.robertosedda.it\/?cat=52"},"img":{"alt_text":"","src":"https:\/\/i0.wp.com\/www.robertosedda.it\/wp-content\/uploads\/2014\/08\/Aiace-e-Achille-gioco-da-tavolo.jpg?fit=1024%2C680&ssl=1&resize=350%2C200","width":350,"height":200,"srcset":"https:\/\/i0.wp.com\/www.robertosedda.it\/wp-content\/uploads\/2014\/08\/Aiace-e-Achille-gioco-da-tavolo.jpg?fit=1024%2C680&ssl=1&resize=350%2C200 1x, https:\/\/i0.wp.com\/www.robertosedda.it\/wp-content\/uploads\/2014\/08\/Aiace-e-Achille-gioco-da-tavolo.jpg?fit=1024%2C680&ssl=1&resize=700%2C400 2x"},"classes":[]},{"id":1409,"url":"https:\/\/www.robertosedda.it\/?p=1409","url_meta":{"origin":3930,"position":2},"title":"Quel che gli adolescenti non dicono","author":"Rufus","date":"22\/11\/2012","format":false,"excerpt":"Credo che avessi a malapena vent'anni. Mia sorella Iole non doveva ancora essere maggiorenne, o avere compiuto appena i diciott'anni, e aveva ottenuto il permesso dei miei genitori di andare in campeggio con la sua migliore amica, Rossella, in Costa Smeralda. I miei genitori erano abbastanza liberali: a\u00a0quattordici anni io\u2026","rel":"","context":"In &quot;Coordinate&quot;","block_context":{"text":"Coordinate","link":"https:\/\/www.robertosedda.it\/?cat=52"},"img":{"alt_text":"","src":"","width":0,"height":0},"classes":[]},{"id":16587,"url":"https:\/\/www.robertosedda.it\/?p=16587","url_meta":{"origin":3930,"position":3},"title":"Pioggia di primavera","author":"Rufus","date":"11\/04\/2019","format":false,"excerpt":"Controllando delle altre cose su Facebook mi sono accorto che c'\u00e8 stato un tempo (fra il 2008 e il 2009) nel quale pubblicavo una poesia al giorno. Cio\u00e8: che pubblicassi poesie me lo ricordavo. Quello che non ricordavo era di essere durato cos\u00ec tanto: almeno sei mesi interi, giorno dopo\u2026","rel":"","context":"In &quot;Coordinate&quot;","block_context":{"text":"Coordinate","link":"https:\/\/www.robertosedda.it\/?cat=52"},"img":{"alt_text":"","src":"https:\/\/i0.wp.com\/www.robertosedda.it\/wp-content\/uploads\/2013\/02\/Nazim_Hikmet.jpg?fit=240%2C268&ssl=1&resize=350%2C200","width":350,"height":200},"classes":[]},{"id":1167,"url":"https:\/\/www.robertosedda.it\/?p=1167","url_meta":{"origin":3930,"position":4},"title":"All&#8217;inizio delle piogge","author":"Rufus","date":"27\/10\/2012","format":false,"excerpt":"Oggi, uscendo di casa e salutando mia moglie sotto un diluvio, mi \u00e8 tornata in mente una poesia, adatta all'autunno e ai giorni di pioggia. Riguardatevi! La poesia \u00e8, ovviamente, di Bertolt Brecht: Da leggere il mattino e la sera Quello che amo mi ha detto che ha bisogno di\u2026","rel":"","context":"In &quot;Coordinate&quot;","block_context":{"text":"Coordinate","link":"https:\/\/www.robertosedda.it\/?cat=52"},"img":{"alt_text":"","src":"","width":0,"height":0},"classes":[]},{"id":13585,"url":"https:\/\/www.robertosedda.it\/?p=13585","url_meta":{"origin":3930,"position":5},"title":"Piove","author":"Rufus","date":"19\/04\/2017","format":"video","excerpt":"Piove, oggi. E mi \u00e8 tornato in mente che da poco, durante una giornata altrettanto uggiosa, qualcuno mi ha chiesto perch\u00e9 durante uno dei miei vagabondaggi per l'Italia fra una riunione e l'altra non avessi provato a passare per Cesena (invece che puntare su Milano, credo) e io gli ho\u2026","rel":"","context":"In &quot;Coordinate&quot;","block_context":{"text":"Coordinate","link":"https:\/\/www.robertosedda.it\/?cat=52"},"img":{"alt_text":"","src":"https:\/\/i0.wp.com\/www.robertosedda.it\/wp-content\/uploads\/2017\/04\/Sanguineti-Poesia-italiana-del-Novecento-I.jpg?fit=364%2C603&ssl=1&resize=350%2C200","width":350,"height":200},"classes":[]}],"_links":{"self":[{"href":"https:\/\/www.robertosedda.it\/index.php?rest_route=\/wp\/v2\/posts\/3930"}],"collection":[{"href":"https:\/\/www.robertosedda.it\/index.php?rest_route=\/wp\/v2\/posts"}],"about":[{"href":"https:\/\/www.robertosedda.it\/index.php?rest_route=\/wp\/v2\/types\/post"}],"author":[{"embeddable":true,"href":"https:\/\/www.robertosedda.it\/index.php?rest_route=\/wp\/v2\/users\/1"}],"replies":[{"embeddable":true,"href":"https:\/\/www.robertosedda.it\/index.php?rest_route=%2Fwp%2Fv2%2Fcomments&post=3930"}],"version-history":[{"count":1,"href":"https:\/\/www.robertosedda.it\/index.php?rest_route=\/wp\/v2\/posts\/3930\/revisions"}],"predecessor-version":[{"id":3931,"href":"https:\/\/www.robertosedda.it\/index.php?rest_route=\/wp\/v2\/posts\/3930\/revisions\/3931"}],"wp:featuredmedia":[{"embeddable":true,"href":"https:\/\/www.robertosedda.it\/index.php?rest_route=\/wp\/v2\/media\/20305"}],"wp:attachment":[{"href":"https:\/\/www.robertosedda.it\/index.php?rest_route=%2Fwp%2Fv2%2Fmedia&parent=3930"}],"wp:term":[{"taxonomy":"category","embeddable":true,"href":"https:\/\/www.robertosedda.it\/index.php?rest_route=%2Fwp%2Fv2%2Fcategories&post=3930"},{"taxonomy":"post_tag","embeddable":true,"href":"https:\/\/www.robertosedda.it\/index.php?rest_route=%2Fwp%2Fv2%2Ftags&post=3930"}],"curies":[{"name":"wp","href":"https:\/\/api.w.org\/{rel}","templated":true}]}}