{"id":3627,"date":"2013-06-21T08:26:23","date_gmt":"2013-06-21T06:26:23","guid":{"rendered":"http:\/\/www.robertosedda.it\/?p=3627"},"modified":"2023-06-22T09:17:16","modified_gmt":"2023-06-22T07:17:16","slug":"da-un-teaser-su-cagliari-allaltro","status":"publish","type":"post","link":"https:\/\/www.robertosedda.it\/?p=3627","title":{"rendered":"Da un teaser su Cagliari all&#8217;altro"},"content":{"rendered":"<p>Ieri, mentre preparavo <a href=\"http:\/\/www.robertosedda.it\/?p=3632\">la recensione della<\/a> <em>Cagliari Unofficial Guide<\/em>, ho trovato un video che voglio farvi vedere.<\/p>\n<p>\u00c8 una pubblicit\u00e0 (si scopre a met\u00e0 del video) ma prima di tutto \u00e8 una descrizione di Cagliari a uso turisti, secondo me tra l&#8217;altro fatta piuttosto bene, divertente e accattivante.<\/p>\n<p>Ma quello che mi interessa soprattutto non \u00e8 tanto discutere sul video (ripeto: divertente) quanto ragionare sul come Cagliari si propone all&#8217;esterno e su quali sue dimensioni si concentrano coloro che la devono presentare ai turisti &#8211; in due parole: la California, o la Barcellona sotto casa. Manca qualcosa? <a title=\"Cose da fare a Cagliari almeno una volta nella vita\" href=\"http:\/\/www.robertosedda.it\/?p=2568\">Secondo me s\u00ec<\/a>, e il confronto con la <em>Cagliari Unofficial Guide<\/em> consente di cogliere meglio almeno alcune omissioni, dentro un quadro &#8211; quello della citt\u00e0 come spazio per il relax e la vita sociale, che sono comuni alle due impostazioni. Il dibattito \u00e8 aperto, e mi farebbe piacere sentire altre opinioni, ma prima godetevi il video:<\/p>\n<div class=\"jetpack-video-wrapper\"><span class=\"embed-youtube\" style=\"text-align:center; display: block;\"><iframe class=\"youtube-player\" width=\"800\" height=\"450\" src=\"https:\/\/www.youtube.com\/embed\/YlVDN4qgqMc?version=3&#038;rel=1&#038;showsearch=0&#038;showinfo=1&#038;iv_load_policy=1&#038;fs=1&#038;hl=it-IT&#038;autohide=2&#038;wmode=transparent\" allowfullscreen=\"true\" style=\"border:0;\" sandbox=\"allow-scripts allow-same-origin allow-popups allow-presentation\"><\/iframe><\/span><\/div>\n","protected":false},"excerpt":{"rendered":"<p>Ieri, mentre preparavo la recensione della Cagliari Unofficial Guide, ho trovato un video che voglio farvi vedere. \u00c8 una pubblicit\u00e0<\/p>\n","protected":false},"author":1,"featured_media":20137,"comment_status":"open","ping_status":"open","sticky":false,"template":"","format":"video","meta":{"_mi_skip_tracking":false,"_monsterinsights_sitenote_active":false,"_monsterinsights_sitenote_note":"","_monsterinsights_sitenote_category":0,"jetpack_post_was_ever_published":false,"_jetpack_newsletter_access":"","jetpack_publicize_message":"","jetpack_is_tweetstorm":false,"jetpack_publicize_feature_enabled":true,"jetpack_social_post_already_shared":false,"jetpack_social_options":{"image_generator_settings":{"template":"highway","enabled":false}}},"categories":[52,49,55,77,12],"tags":[],"jetpack_publicize_connections":[],"jetpack_featured_media_url":"https:\/\/i0.wp.com\/www.robertosedda.it\/wp-content\/uploads\/2013\/06\/Teaser-Cagliari.png?fit=1918%2C1075&ssl=1","jetpack_sharing_enabled":true,"jetpack_shortlink":"https:\/\/wp.me\/p4jV2T-Wv","jetpack_likes_enabled":true,"jetpack-related-posts":[{"id":3632,"url":"https:\/\/www.robertosedda.it\/?p=3632","url_meta":{"origin":3627,"position":0},"title":"La Cagliari Unofficial Guide","author":"Rufus","date":"20\/06\/2013","format":"video","excerpt":"\u00c8 successo un po' gradatamente e non tutti ce ne siamo accorti, ma Cagliari \u00e8 diventata una citt\u00e0 turistica. Che sia l'effetto di tutta quella gente che mentre se ne stava a Villasimius o Nora intanto se ne veniva a fare la spesa o passare una giornata in citt\u00e0 (sentita\u2026","rel":"","context":"In &quot;Coordinate&quot;","block_context":{"text":"Coordinate","link":"https:\/\/www.robertosedda.it\/?cat=52"},"img":{"alt_text":"","src":"https:\/\/i0.wp.com\/www.robertosedda.it\/wp-content\/uploads\/2013\/06\/cagliari-unofficial-426x268.png?fit=426%2C268&ssl=1&resize=350%2C200","width":350,"height":200},"classes":[]},{"id":17061,"url":"https:\/\/www.robertosedda.it\/?p=17061","url_meta":{"origin":3627,"position":1},"title":"Un giorno a Cagliari","author":"Rufus","date":"24\/08\/2019","format":false,"excerpt":"Vedo che Cagliari ha un nuovo video istituzionale di presentazione per i turisti. https:\/\/www.youtube.com\/watch?v=V0zYpeuUA2E&fbclid=IwAR1ywZfCwsJVj1PeijRzLzjE6_x6cmtZUfmKRGOS_yDmNxZDOhPCuxbMjKI Resto un pochino perplesso per un paio di insistenze su certi esercizi commerciali rispetto ad altri, per alcune clamorose omissioni (niente Museo Archeologico, niente lungomare Poetto con quelli che fanno sport o si godono la vita,\u2026","rel":"","context":"In &quot;Coordinate&quot;","block_context":{"text":"Coordinate","link":"https:\/\/www.robertosedda.it\/?cat=52"},"img":{"alt_text":"","src":"https:\/\/i0.wp.com\/www.robertosedda.it\/wp-content\/uploads\/2019\/08\/Logo-Cagliari.jpg?fit=1200%2C758&ssl=1&resize=350%2C200","width":350,"height":200,"srcset":"https:\/\/i0.wp.com\/www.robertosedda.it\/wp-content\/uploads\/2019\/08\/Logo-Cagliari.jpg?fit=1200%2C758&ssl=1&resize=350%2C200 1x, https:\/\/i0.wp.com\/www.robertosedda.it\/wp-content\/uploads\/2019\/08\/Logo-Cagliari.jpg?fit=1200%2C758&ssl=1&resize=700%2C400 2x, https:\/\/i0.wp.com\/www.robertosedda.it\/wp-content\/uploads\/2019\/08\/Logo-Cagliari.jpg?fit=1200%2C758&ssl=1&resize=1050%2C600 3x"},"classes":[]},{"id":8278,"url":"https:\/\/www.robertosedda.it\/?p=8278","url_meta":{"origin":3627,"position":2},"title":"Ho salvato due turisti in viale Cimitero (\u00e8 per questo che il turismo cos\u00ec tanto svilupp\u00f2)","author":"Rufus","date":"01\/09\/2014","format":false,"excerpt":"Anni fa sono stato a Genova con Maria Bonaria, per un seminario formativo del\u00a0CPPP (che sarebbe il\u00a0Centro psicopedagogico per la pace\u00a0di Daniele Novara) e un po' di turismo. Una cosa che ci aveva colpito \u00e8 che appena tiravamo fuori la cartina c'era subito qualcuno, gentilissimo, che ci diceva: \u00abVi servono\u2026","rel":"","context":"In &quot;Coordinate&quot;","block_context":{"text":"Coordinate","link":"https:\/\/www.robertosedda.it\/?cat=52"},"img":{"alt_text":"","src":"https:\/\/i0.wp.com\/www.robertosedda.it\/wp-content\/uploads\/2014\/09\/DSCN0873.jpg?fit=1200%2C900&ssl=1&resize=350%2C200","width":350,"height":200,"srcset":"https:\/\/i0.wp.com\/www.robertosedda.it\/wp-content\/uploads\/2014\/09\/DSCN0873.jpg?fit=1200%2C900&ssl=1&resize=350%2C200 1x, https:\/\/i0.wp.com\/www.robertosedda.it\/wp-content\/uploads\/2014\/09\/DSCN0873.jpg?fit=1200%2C900&ssl=1&resize=700%2C400 2x, https:\/\/i0.wp.com\/www.robertosedda.it\/wp-content\/uploads\/2014\/09\/DSCN0873.jpg?fit=1200%2C900&ssl=1&resize=1050%2C600 3x"},"classes":[]},{"id":5629,"url":"https:\/\/www.robertosedda.it\/?p=5629","url_meta":{"origin":3627,"position":3},"title":"Due cortometraggi  ambientati a Cagliari","author":"Rufus","date":"29\/12\/2013","format":"video","excerpt":"Mi\u00a0sono capitati recentemente sotto gli occhi due cortometraggi entrambi ambientati a Cagliari: uno \u00e8 Buio di Jacopo Cullin, cabarettista, attore e regista molto noto al nostro pubblico locale (e anche oltre, ed \u00e8 stato anche il protagonista de L'arbitro di Paolo Zucca), l'altro \u00e8 il norvegese (immagino per la potenza\u2026","rel":"","context":"In &quot;Coordinate&quot;","block_context":{"text":"Coordinate","link":"https:\/\/www.robertosedda.it\/?cat=52"},"img":{"alt_text":"","src":"https:\/\/i0.wp.com\/img.youtube.com\/vi\/neREcQ5RJ1Y\/0.jpg?resize=350%2C200","width":350,"height":200},"classes":[]},{"id":5799,"url":"https:\/\/www.robertosedda.it\/?p=5799","url_meta":{"origin":3627,"position":4},"title":"Intervista a Petter Skafle Henriksen","author":"Rufus","date":"17\/01\/2014","format":false,"excerpt":"Giorni fa ho segnalato due cortometraggi casualmente girati a Cagliari nello stesso periodo da due registi diversi... molto diversi. La cosa mi ha un po' incuriosito e mi \u00e8 venuta voglia di approfondire, cos\u00ec ho proposto a entrambi un'intervista, con le stesse domande, su cosa voglia dire girare a Cagliari,\u2026","rel":"","context":"In &quot;Coordinate&quot;","block_context":{"text":"Coordinate","link":"https:\/\/www.robertosedda.it\/?cat=52"},"img":{"alt_text":"","src":"https:\/\/i0.wp.com\/www.robertosedda.it\/wp-content\/uploads\/2014\/01\/Petter_Skafle_Henriksen-e-Tarjei_Westby.jpg?fit=1200%2C800&ssl=1&resize=350%2C200","width":350,"height":200,"srcset":"https:\/\/i0.wp.com\/www.robertosedda.it\/wp-content\/uploads\/2014\/01\/Petter_Skafle_Henriksen-e-Tarjei_Westby.jpg?fit=1200%2C800&ssl=1&resize=350%2C200 1x, https:\/\/i0.wp.com\/www.robertosedda.it\/wp-content\/uploads\/2014\/01\/Petter_Skafle_Henriksen-e-Tarjei_Westby.jpg?fit=1200%2C800&ssl=1&resize=700%2C400 2x, https:\/\/i0.wp.com\/www.robertosedda.it\/wp-content\/uploads\/2014\/01\/Petter_Skafle_Henriksen-e-Tarjei_Westby.jpg?fit=1200%2C800&ssl=1&resize=1050%2C600 3x"},"classes":[]},{"id":10103,"url":"https:\/\/www.robertosedda.it\/?p=10103","url_meta":{"origin":3627,"position":5},"title":"Posti dove vado a mangiare e bere","author":"Rufus","date":"24\/04\/2015","format":false,"excerpt":"Dopo la volta della degustazione dei vini mi \u00e8 capitato di tornare da Cucina.eat per una degustazione di birre della Barley. Stasera ci torno per un'altra degustazione. Siccome sono fermamente intenzionato a non permettere che questo blog diventi un ricettacolo di recensioni e ricette e descrizioni di eventi, ma d'altra\u2026","rel":"","context":"In &quot;Cibo e cucine&quot;","block_context":{"text":"Cibo e cucine","link":"https:\/\/www.robertosedda.it\/?cat=71"},"img":{"alt_text":"","src":"https:\/\/i0.wp.com\/www.robertosedda.it\/wp-content\/uploads\/2013\/08\/ALIM3009.jpg?fit=1200%2C900&ssl=1&resize=350%2C200","width":350,"height":200,"srcset":"https:\/\/i0.wp.com\/www.robertosedda.it\/wp-content\/uploads\/2013\/08\/ALIM3009.jpg?fit=1200%2C900&ssl=1&resize=350%2C200 1x, https:\/\/i0.wp.com\/www.robertosedda.it\/wp-content\/uploads\/2013\/08\/ALIM3009.jpg?fit=1200%2C900&ssl=1&resize=700%2C400 2x, https:\/\/i0.wp.com\/www.robertosedda.it\/wp-content\/uploads\/2013\/08\/ALIM3009.jpg?fit=1200%2C900&ssl=1&resize=1050%2C600 3x"},"classes":[]}],"_links":{"self":[{"href":"https:\/\/www.robertosedda.it\/index.php?rest_route=\/wp\/v2\/posts\/3627"}],"collection":[{"href":"https:\/\/www.robertosedda.it\/index.php?rest_route=\/wp\/v2\/posts"}],"about":[{"href":"https:\/\/www.robertosedda.it\/index.php?rest_route=\/wp\/v2\/types\/post"}],"author":[{"embeddable":true,"href":"https:\/\/www.robertosedda.it\/index.php?rest_route=\/wp\/v2\/users\/1"}],"replies":[{"embeddable":true,"href":"https:\/\/www.robertosedda.it\/index.php?rest_route=%2Fwp%2Fv2%2Fcomments&post=3627"}],"version-history":[{"count":5,"href":"https:\/\/www.robertosedda.it\/index.php?rest_route=\/wp\/v2\/posts\/3627\/revisions"}],"predecessor-version":[{"id":6319,"href":"https:\/\/www.robertosedda.it\/index.php?rest_route=\/wp\/v2\/posts\/3627\/revisions\/6319"}],"wp:featuredmedia":[{"embeddable":true,"href":"https:\/\/www.robertosedda.it\/index.php?rest_route=\/wp\/v2\/media\/20137"}],"wp:attachment":[{"href":"https:\/\/www.robertosedda.it\/index.php?rest_route=%2Fwp%2Fv2%2Fmedia&parent=3627"}],"wp:term":[{"taxonomy":"category","embeddable":true,"href":"https:\/\/www.robertosedda.it\/index.php?rest_route=%2Fwp%2Fv2%2Fcategories&post=3627"},{"taxonomy":"post_tag","embeddable":true,"href":"https:\/\/www.robertosedda.it\/index.php?rest_route=%2Fwp%2Fv2%2Ftags&post=3627"}],"curies":[{"name":"wp","href":"https:\/\/api.w.org\/{rel}","templated":true}]}}