{"id":3241,"date":"2013-05-21T19:02:05","date_gmt":"2013-05-21T17:02:05","guid":{"rendered":"http:\/\/www.robertosedda.it\/?p=3241"},"modified":"2014-02-08T16:01:16","modified_gmt":"2014-02-08T15:01:16","slug":"quel-primitivo-di-jack-london","status":"publish","type":"post","link":"https:\/\/www.robertosedda.it\/?p=3241","title":{"rendered":"Quel primitivo di Jack London"},"content":{"rendered":"<p>Ho messo in linea oggi la puntata di <em>Oggi parliamo di libri<\/em> dedicata a Jack London e al <em>Il richiamo della foresta<\/em>.<\/p>\n<p>Come ho spiegato in trasmissione la puntata doveva essere dedicata al <em>western<\/em> e poi ho parzialmente cambiato obiettivo: in London infatti non c&#8217;\u00e8 tanto una riflessione sul <em>West<\/em> quanto sul sogno americano; solo che le due cose almeno in parte coincidono, e in trasmissione si sono ulteriormente mischiate, fermo restando che un po&#8217; per i miei limiti e un po&#8217; per i soliti problemi di tempo non sono probabilmente riuscito a spiegarmi bene.<\/p>\n<p>Aldil\u00e0 di questo comunque sono abbastanza contento della puntata, con due limiti che vorrei correggere qui.<\/p>\n<div class=\"jetpack-video-wrapper\"><span class=\"embed-youtube\" style=\"text-align:center; display: block;\"><iframe class=\"youtube-player\" width=\"800\" height=\"450\" src=\"https:\/\/www.youtube.com\/embed\/9QTWkpWFFzs?version=3&#038;rel=1&#038;showsearch=0&#038;showinfo=1&#038;iv_load_policy=1&#038;fs=1&#038;hl=it-IT&#038;autohide=2&#038;wmode=transparent\" allowfullscreen=\"true\" style=\"border:0;\" sandbox=\"allow-scripts allow-same-origin allow-popups allow-presentation\"><\/iframe><\/span><\/div>\n<p>L&#8217;idea che volevo esprimere in fondo era questa: che mentre altri romanzi di avventura di cui ho parlato in precedenza esprimono il conflitto dell&#8217;europeo posto di fronte a culture diverse, come era per esempio in <a title=\"Kim e il grande gioco a \u201cOggi parliamo di libri\u201d\" href=\"http:\/\/www.robertosedda.it\/?p=2965\"><em>Kim<\/em><\/a>, in London ho trovato l&#8217;idea che sulla frontiera un&#8217;altra grande realt\u00e0 mette in crisi l&#8217;uomo bianco: non una cultura diversa dalla sua ma la natura stessa, attraverso i grandi spazi, la potenza dei suoi fenomeni, il rigore estremo delle condizioni meteorologiche. Spogliato cos\u00ec degli orpelli sociali l&#8217;uomo si confronta coi suoi istinti bestiali, tanto pi\u00f9 in condizioni morali ulteriormente estreme come quelle che la febbre dell&#8217;oro risveglia. Ma oltre, se riesce a non cedere a tutto questo, l&#8217;uomo incontra la nobilt\u00e0 e la bellezza dello stato di natura perfetto.<\/p>\n<p>Ok, tutto sommato l&#8217;ho detto, ma non troppo bene, cos\u00ec adesso l&#8217;ho ripetuto. Questa notazione sulla potenza della natura, che secondo me in London tiene un luogo analogo al &#8220;buon selvaggio&#8221;, \u00e8 la sfumatura che mi differenza dalla critica che sottolinea l&#8217;aderenza di London alle idee del primitivismo americano e la sua reazione agli sconquassi che l&#8217;industrializzazione produceva, in America e altrove (come sa chi ha letto <a href=\"http:\/\/blog.robinedizioni.it\/il-popolo-degli-abissi-di-jack-london\"><em>Il popolo degli abisso<\/em><\/a>, che \u00e8 quasi dello stesso anno de <em>Il richiamo della foresta<\/em> ed \u00e8 uno straordinario\u00a0<em>reportage\u00a0<\/em>londinese, in cui London si unisce ai vagabondi e ai reietti della metropoli).<\/p>\n<p>L&#8217;idea del primitivismo ha strappato un sogghigno al direttore di <em>Radio Kalaritana<\/em>, Roberto Comparetti, ed ha motivato il brano musicale di pausa,\u00a0<em>Society<\/em> di Eddie Vedder, forse il commento musicale pi\u00f9 appropriato che ho usato in tutta la serie. Peccato che nella foga della trasmissione mi sia un po&#8217; perso e non abbia spiegato il collegamento con il film dalla cui colonna sonora il brano \u00e8 tratto (<em>Into the wild<\/em>, e gi\u00e0 dal titolo richiama il libro): d&#8217;altra parte chi conosce il film trova le tematiche comuni con facilit\u00e0, mentre chi non l&#8217;ha visto far\u00e0 bene a recuperarlo di corsa.<\/p>\n<div class=\"jetpack-video-wrapper\"><span class=\"embed-youtube\" style=\"text-align:center; display: block;\"><iframe class=\"youtube-player\" width=\"800\" height=\"450\" src=\"https:\/\/www.youtube.com\/embed\/DgQR0x5ljek?version=3&#038;rel=1&#038;showsearch=0&#038;showinfo=1&#038;iv_load_policy=1&#038;fs=1&#038;hl=it-IT&#038;autohide=2&#038;wmode=transparent\" allowfullscreen=\"true\" style=\"border:0;\" sandbox=\"allow-scripts allow-same-origin allow-popups allow-presentation\"><\/iframe><\/span><\/div>\n<p>Il secondo tema su cui ho dovuto tagliare \u00e8 stato quello dei nativi americani, perch\u00e9 \u00e8 vero che gli europei nella loro corsa verso ovest non si confrontavano solo con un intero continente, che mentre lo conquistavano li faceva suoi, ma anche con delle persone in carne ed ossa e con culture che dall&#8217;incontro con l&#8217;uomo bianco sono state sostanzialmente distrutte. Avevo calcolato, dopo aver <a href=\"https:\/\/i0.wp.com\/www.robertosedda.it\/wp-content\/uploads\/2013\/05\/Seppellite-il-mio-cuore-a-Wounded-Knee.jpg\"><img data-attachment-id=\"3242\" data-permalink=\"https:\/\/www.robertosedda.it\/?attachment_id=3242\" data-orig-file=\"https:\/\/i0.wp.com\/www.robertosedda.it\/wp-content\/uploads\/2013\/05\/Seppellite-il-mio-cuore-a-Wounded-Knee.jpg?fit=190%2C283&amp;ssl=1\" data-orig-size=\"190,283\" data-comments-opened=\"1\" data-image-meta=\"{&quot;aperture&quot;:&quot;0&quot;,&quot;credit&quot;:&quot;&quot;,&quot;camera&quot;:&quot;&quot;,&quot;caption&quot;:&quot;&quot;,&quot;created_timestamp&quot;:&quot;0&quot;,&quot;copyright&quot;:&quot;&quot;,&quot;focal_length&quot;:&quot;0&quot;,&quot;iso&quot;:&quot;0&quot;,&quot;shutter_speed&quot;:&quot;0&quot;,&quot;title&quot;:&quot;&quot;}\" data-image-title=\"Seppellite il mio cuore a Wounded Knee\" data-image-description=\"\" data-image-caption=\"\" data-medium-file=\"https:\/\/i0.wp.com\/www.robertosedda.it\/wp-content\/uploads\/2013\/05\/Seppellite-il-mio-cuore-a-Wounded-Knee.jpg?fit=190%2C283&amp;ssl=1\" data-large-file=\"https:\/\/i0.wp.com\/www.robertosedda.it\/wp-content\/uploads\/2013\/05\/Seppellite-il-mio-cuore-a-Wounded-Knee.jpg?fit=190%2C283&amp;ssl=1\" decoding=\"async\" loading=\"lazy\" class=\"alignleft size-full wp-image-3242\" alt=\"Seppellite il mio cuore a Wounded Knee\" src=\"https:\/\/i0.wp.com\/www.robertosedda.it\/wp-content\/uploads\/2013\/05\/Seppellite-il-mio-cuore-a-Wounded-Knee.jpg?resize=190%2C283\" width=\"190\" height=\"283\" data-recalc-dims=\"1\" \/><\/a>parlato de <em>Il richiamo della foresta<\/em>, di poter avere met\u00e0 della trasmissione per un po&#8217; di consigli multiformi su questo argomento, invece mi sono perso. Ho fatto in tempo a consigliare <a href=\"http:\/\/www.librimondadori.it\/libri\/seppellite-il-mio-cuore-a-wounded-knee\"><em>Seppellite il mio cuore a Wounded Knee<\/em><\/a> di Dee Brown, un consiglio a mia volta ricevuto da <a href=\"http:\/\/www.gianfrancomanfredi.com\/\">Gianfranco Manfredi<\/a>, che si \u00e8 prestato a rispondere a un perfetto sconosciuto su <em>Facebook<\/em> (al libro di Dee Brown non avevo minimamente pensato). Il ringraziamento in trasmissione mi ha dato anche l&#8217;occasione di segnalare la nuova uscita a colori di <a href=\"http:\/\/www.paninicomics.it\/web\/guest\/productDetail?viewItem=709184\"><em>Magico Vento<\/em><\/a>, la monumentale rilettura del <em>western<\/em> fatta dallo stesso Manfredi, ma avrei voluto parlare anche di altri fumetti, sia della Bonelli (caspita: c&#8217;era <a href=\"http:\/\/it.wikipedia.org\/wiki\/Ken_Parker\"><em>Ken Parker<\/em><\/a>, <a href=\"http:\/\/it.wikipedia.org\/wiki\/Storia_del_West\"><em>La storia del West<\/em><\/a>, ma anche lo stesso <em>Tex<\/em>) che della scuola franco-belga: probabilmente recuperer\u00f2 un&#8217;altra volta qui sul <em>blog<\/em>.<\/p>\n<p>Ho consigliato invece, anche se un po&#8217; a malincuore, <em>L&#8217;ultimo dei Mohicani<\/em>, per un&#8217;idea ancora diversa della frontiera fotografata in un momento storico differente. Non sono un grandissimo amante della serie di Fenimore Cooper, ma l&#8217;ho messa in lista per una rilettura, perch\u00e9 ho da poco letto un saggio nel quale si suggerisce che in realt\u00e0 <em>Lungo Fucile<\/em> sia in combutta coi nemici, e questo mi fa sospettare che ci possa essere nel libro pi\u00f9 di quanto appaia a prima vista: quando l&#8217;avr\u00f2 riletto ne riparleremo, e in ogni caso sto pensando di tradurre l&#8217;articolo in questione.<\/p>\n<p><a href=\"https:\/\/i0.wp.com\/www.robertosedda.it\/wp-content\/uploads\/2013\/05\/DAVIS-M_citta-quarzo.gif\"><img data-attachment-id=\"3244\" data-permalink=\"https:\/\/www.robertosedda.it\/?attachment_id=3244\" data-orig-file=\"https:\/\/i0.wp.com\/www.robertosedda.it\/wp-content\/uploads\/2013\/05\/DAVIS-M_citta-quarzo.gif?fit=417%2C627&amp;ssl=1\" data-orig-size=\"417,627\" data-comments-opened=\"1\" data-image-meta=\"{&quot;aperture&quot;:&quot;0&quot;,&quot;credit&quot;:&quot;&quot;,&quot;camera&quot;:&quot;&quot;,&quot;caption&quot;:&quot;&quot;,&quot;created_timestamp&quot;:&quot;0&quot;,&quot;copyright&quot;:&quot;&quot;,&quot;focal_length&quot;:&quot;0&quot;,&quot;iso&quot;:&quot;0&quot;,&quot;shutter_speed&quot;:&quot;0&quot;,&quot;title&quot;:&quot;&quot;}\" data-image-title=\"DAVIS-M_citta quarzo\" data-image-description=\"\" data-image-caption=\"\" data-medium-file=\"https:\/\/i0.wp.com\/www.robertosedda.it\/wp-content\/uploads\/2013\/05\/DAVIS-M_citta-quarzo.gif?fit=199%2C300&amp;ssl=1\" data-large-file=\"https:\/\/i0.wp.com\/www.robertosedda.it\/wp-content\/uploads\/2013\/05\/DAVIS-M_citta-quarzo.gif?fit=417%2C627&amp;ssl=1\" decoding=\"async\" loading=\"lazy\" class=\"alignright size-medium wp-image-3244\" alt=\"DAVIS-M_citta quarzo\" src=\"https:\/\/i0.wp.com\/www.robertosedda.it\/wp-content\/uploads\/2013\/05\/DAVIS-M_citta-quarzo.gif?resize=199%2C300\" width=\"199\" height=\"300\" data-recalc-dims=\"1\" \/><\/a>Non c&#8217;\u00e8 stato il tempo, ma avrei voluto chiudere con il consiglio di una saggio bellissimo (<a href=\"http:\/\/www.manifestolibri.it\/vedi_autori.php?autor=Davis%A0Mike\"><em>La citt\u00e0 di quarzo.<\/em><em> Indagine sul futuro a Los Angeles<\/em><\/a>) di Mike Davis, un libro di&#8230; boh? urbanistica? sociologia? un po&#8217; tutte queste cose e diverse altre. \u00c8 forse oggi un po&#8217; datato, ma \u00e8 il libro attraverso il quale ho capito che il <em>West<\/em> non era, che so? l&#8217;Oklahoma, ma la California, e che le terre selvagge attraversate dai pionieri erano solo una separazione verso quella terra dei sogni che poi, non a caso, produrr\u00e0 Hollywood. Da questo punto di partenza, dal <a href=\"http:\/\/www.minimaetmoralia.it\/wp\/citta-di-quarzo-vs-los-angeles-due-visioni-della-citta-degli-angeli\/\">mito di Los Angeles Davis prende le mosse per raccontare molte cose<\/a> sull&#8217;America degli anni &#8217;90 e sul futuro, e, come per\u00a0<em>Into the wild<\/em>, il libro merita di essere letto, oggi, per quello che ci dice sulle idee del vecchio Jack London, il quale a sua volta, ricomparendo in questi posti inaspettati, dimostra di poter parlare ancora anche a noi, e non solo ai ragazzi.<\/p>\n","protected":false},"excerpt":{"rendered":"<p>Ho messo in linea oggi la puntata di Oggi parliamo di libri dedicata a Jack London e al Il richiamo<\/p>\n","protected":false},"author":1,"featured_media":0,"comment_status":"open","ping_status":"open","sticky":false,"template":"","format":"video","meta":{"_mi_skip_tracking":false,"_monsterinsights_sitenote_active":false,"_monsterinsights_sitenote_note":"","_monsterinsights_sitenote_category":0,"jetpack_post_was_ever_published":false,"_jetpack_newsletter_access":"","jetpack_publicize_message":"","jetpack_is_tweetstorm":false,"jetpack_publicize_feature_enabled":true,"jetpack_social_post_already_shared":false,"jetpack_social_options":{"image_generator_settings":{"template":"highway","enabled":false}}},"categories":[52,56,13,82,12],"tags":[],"jetpack_publicize_connections":[],"jetpack_featured_media_url":"","jetpack_sharing_enabled":true,"jetpack_shortlink":"https:\/\/wp.me\/p4jV2T-Qh","jetpack_likes_enabled":true,"jetpack-related-posts":[{"id":3922,"url":"https:\/\/www.robertosedda.it\/?p=3922","url_meta":{"origin":3241,"position":0},"title":"Il monello","author":"Rufus","date":"09\/07\/2013","format":"video","excerpt":"Ho messo oggi in linea la venticinquesima puntata di Oggi parliamo di libri, quella dedicata all'Huckleberry Finn di Mark Twain: dopo la conclusione delle puntate e la pausa estiva mi sono un po' rilassato e ho tardato a mettere su YouTube le ultime. http:\/\/www.youtube.com\/watch?v=Nno7I6lj_oY A proposito delle cose che ho\u2026","rel":"","context":"In &quot;Cappe e spade&quot;","block_context":{"text":"Cappe e spade","link":"https:\/\/www.robertosedda.it\/?cat=70"},"img":{"alt_text":"","src":"https:\/\/i0.wp.com\/www.robertosedda.it\/wp-content\/uploads\/2013\/07\/Huck-Finn.png?fit=768%2C454&ssl=1&resize=350%2C200","width":350,"height":200,"srcset":"https:\/\/i0.wp.com\/www.robertosedda.it\/wp-content\/uploads\/2013\/07\/Huck-Finn.png?fit=768%2C454&ssl=1&resize=350%2C200 1x, https:\/\/i0.wp.com\/www.robertosedda.it\/wp-content\/uploads\/2013\/07\/Huck-Finn.png?fit=768%2C454&ssl=1&resize=700%2C400 2x"},"classes":[]},{"id":6477,"url":"https:\/\/www.robertosedda.it\/?p=6477","url_meta":{"origin":3241,"position":1},"title":"Frankie Machine alla radio","author":"Rufus","date":"16\/02\/2014","format":"video","excerpt":"Di Frankie Machine ho gi\u00e0 parlato qui sul blog, quindi non mi pare il caso di presentare nuovamente il libro. Nella preparazione della puntata in realt\u00e0 avevo deciso di dilungarmi un po', oltre che sul romanzo, su quel sottogenere del noir americano dedicato all'intreccio fra poteri dello Stato, poteri forti\u2026","rel":"","context":"In &quot;Coordinate&quot;","block_context":{"text":"Coordinate","link":"https:\/\/www.robertosedda.it\/?cat=52"},"img":{"alt_text":"","src":"https:\/\/i0.wp.com\/www.robertosedda.it\/wp-content\/uploads\/2014\/02\/l-inverno-di-frankie-machine-don-winslow.jpg?fit=500%2C644&ssl=1&resize=350%2C200","width":350,"height":200},"classes":[]},{"id":8315,"url":"https:\/\/www.robertosedda.it\/?p=8315","url_meta":{"origin":3241,"position":2},"title":"Riparte &#8220;Oggi parliamo di libri&#8221;","author":"Rufus","date":"03\/09\/2014","format":false,"excerpt":"EDIT: scopro dalla redazione che ho fatto casino e che ripartiamo l'11 settembre. Ehm. Aggiorno. Domani gioved\u00ec 4 settembre\u00a0L'11 settembre torno in onda con Oggi parliamo di libri, la trasmissione di Radio Kalaritana nella quale, immagina un po'?, parlo di libri. Volete sapere: l'orario? Ogni gioved\u00ec alle 19.10 e in\u2026","rel":"","context":"In &quot;Coordinate&quot;","block_context":{"text":"Coordinate","link":"https:\/\/www.robertosedda.it\/?cat=52"},"img":{"alt_text":"","src":"https:\/\/i0.wp.com\/www.robertosedda.it\/wp-content\/uploads\/2014\/09\/Diapositiva10.jpg?fit=960%2C720&ssl=1&resize=350%2C200","width":350,"height":200,"srcset":"https:\/\/i0.wp.com\/www.robertosedda.it\/wp-content\/uploads\/2014\/09\/Diapositiva10.jpg?fit=960%2C720&ssl=1&resize=350%2C200 1x, https:\/\/i0.wp.com\/www.robertosedda.it\/wp-content\/uploads\/2014\/09\/Diapositiva10.jpg?fit=960%2C720&ssl=1&resize=700%2C400 2x"},"classes":[]},{"id":10443,"url":"https:\/\/www.robertosedda.it\/?p=10443","url_meta":{"origin":3241,"position":3},"title":"Il tenero Peter e la rossa esplosiva","author":"Rufus","date":"24\/06\/2015","format":"video","excerpt":"Non so se l'avete mai intuito, ma le puntate di Oggi parliamo di libri le faccio soprattutto per me stesso. Non mi riferisco solo al fatto che fare la radio mi diverte davvero tanto, moltissimo, ma soprattutto al fatto che mentre preparo le puntate faccio continuamente delle scoperte, mi si\u2026","rel":"","context":"In &quot;Cappe e spade&quot;","block_context":{"text":"Cappe e spade","link":"https:\/\/www.robertosedda.it\/?cat=70"},"img":{"alt_text":"","src":"https:\/\/i0.wp.com\/img.youtube.com\/vi\/GwFwAupZu6Y\/0.jpg?resize=350%2C200","width":350,"height":200},"classes":[]},{"id":3072,"url":"https:\/\/www.robertosedda.it\/?p=3072","url_meta":{"origin":3241,"position":4},"title":"Vive l&#8217;Empereur!","author":"Rufus","date":"02\/05\/2013","format":"video","excerpt":"O forse un titolo pi\u00f9 adatto sarebbe stato Death to the evil Corsican per un articolo in cui si discute la puntata di Oggi parliamo di libri che ho dedicato ai romanzi storici avventurosi di ambientazione napoleonica, tutti libri in cui i francesi sono i \"cattivi\". Non c'\u00e8 da stupirsene,\u2026","rel":"","context":"In &quot;Cappe e spade&quot;","block_context":{"text":"Cappe e spade","link":"https:\/\/www.robertosedda.it\/?cat=70"},"img":{"alt_text":"","src":"https:\/\/i0.wp.com\/www.robertosedda.it\/wp-content\/uploads\/2012\/10\/master_and_commander.jpg?fit=600%2C411&ssl=1&resize=350%2C200","width":350,"height":200},"classes":[]},{"id":10438,"url":"https:\/\/www.robertosedda.it\/?p=10438","url_meta":{"origin":3241,"position":5},"title":"Il vecchio Alex nella friendzone?","author":"Rufus","date":"23\/06\/2015","format":"video","excerpt":"Jack Frusciante \u00e8 uscito dal gruppo a Oggi parliamo di libri Disastri musicali Quando ascolterete la puntata che ho dedicato a Jack Frusciante\u00a0su Oggi parliamo di libri noterete che a un certo punto arriva il momento della pausa musicale. Allora. Si potevano scegliere tanti brani. Inizialmente avevo pensato a\u00a0Cara ti\u2026","rel":"","context":"In &quot;Coordinate&quot;","block_context":{"text":"Coordinate","link":"https:\/\/www.robertosedda.it\/?cat=52"},"img":{"alt_text":"","src":"https:\/\/i0.wp.com\/www.robertosedda.it\/wp-content\/uploads\/2015\/06\/Jack-Frusciante.png?fit=764%2C448&ssl=1&resize=350%2C200","width":350,"height":200,"srcset":"https:\/\/i0.wp.com\/www.robertosedda.it\/wp-content\/uploads\/2015\/06\/Jack-Frusciante.png?fit=764%2C448&ssl=1&resize=350%2C200 1x, https:\/\/i0.wp.com\/www.robertosedda.it\/wp-content\/uploads\/2015\/06\/Jack-Frusciante.png?fit=764%2C448&ssl=1&resize=700%2C400 2x"},"classes":[]}],"_links":{"self":[{"href":"https:\/\/www.robertosedda.it\/index.php?rest_route=\/wp\/v2\/posts\/3241"}],"collection":[{"href":"https:\/\/www.robertosedda.it\/index.php?rest_route=\/wp\/v2\/posts"}],"about":[{"href":"https:\/\/www.robertosedda.it\/index.php?rest_route=\/wp\/v2\/types\/post"}],"author":[{"embeddable":true,"href":"https:\/\/www.robertosedda.it\/index.php?rest_route=\/wp\/v2\/users\/1"}],"replies":[{"embeddable":true,"href":"https:\/\/www.robertosedda.it\/index.php?rest_route=%2Fwp%2Fv2%2Fcomments&post=3241"}],"version-history":[{"count":17,"href":"https:\/\/www.robertosedda.it\/index.php?rest_route=\/wp\/v2\/posts\/3241\/revisions"}],"predecessor-version":[{"id":6302,"href":"https:\/\/www.robertosedda.it\/index.php?rest_route=\/wp\/v2\/posts\/3241\/revisions\/6302"}],"wp:attachment":[{"href":"https:\/\/www.robertosedda.it\/index.php?rest_route=%2Fwp%2Fv2%2Fmedia&parent=3241"}],"wp:term":[{"taxonomy":"category","embeddable":true,"href":"https:\/\/www.robertosedda.it\/index.php?rest_route=%2Fwp%2Fv2%2Fcategories&post=3241"},{"taxonomy":"post_tag","embeddable":true,"href":"https:\/\/www.robertosedda.it\/index.php?rest_route=%2Fwp%2Fv2%2Ftags&post=3241"}],"curies":[{"name":"wp","href":"https:\/\/api.w.org\/{rel}","templated":true}]}}