{"id":3092,"date":"2013-05-14T10:29:54","date_gmt":"2013-05-14T08:29:54","guid":{"rendered":"http:\/\/www.robertosedda.it\/?p=3092"},"modified":"2014-02-08T15:54:33","modified_gmt":"2014-02-08T14:54:33","slug":"miele","status":"publish","type":"post","link":"https:\/\/www.robertosedda.it\/?p=3092","title":{"rendered":"Miele"},"content":{"rendered":"<p>ATTENZIONE: contiene anticipazioni sulla trama. Siete avvisati.<\/p>\n<p>Se in Italia ci fosse giustizia, e un sistema industriale cinematografico adeguato, Jasmine Trinca farebbe un <em>remake<\/em> locale di <em>Nikita<\/em>. O interpreterebbe un bel <em>thriller<\/em> spionistico, una roba di silenzi e parole accennate, di posizioni ambigue e figure che dicono tutto meno che la verit\u00e0. O si aggirerebbe in un labirinto suburbano di violenze trattenute, di esplosioni e tragedie pronte a scatenarsi dietro l&#8217;angolo, in trame difficili da leggere se non per navigati operativi di strada. Come Stefania Rocca ai tempi di <em>Nirvana<\/em> ha il fisico, la personalit\u00e0, il modo di bucare lo schermo che la renderebbero <em>perfetta<\/em> per questi ruoli.<\/p>\n<p>Invece viviamo in un mondo imperfetto e Jasmine Trinca deve fare <em>Miele<\/em>. Non c&#8217;\u00e8 giustizia a questo mondo.<\/p>\n<p>Intendiamoci: <em>Miele<\/em> non \u00e8 male. O almeno: non parte male, con la Trinca che fa Irene, algido angelo della morte che\u00a0impartisce l&#8217;eutanasia a un campionario di famiglie disperate e sopraffatte da sofferenze insisitite, nei confronti delle quali la ragazza, nome di battaglia <em>Miele<\/em>, si pone con una empatia controllata dall&#8217;aderenza a un rigido protocollo, degno, che so?,\u00a0della NASA.<\/p>\n<p>Il tema \u00e8 ovviamente controverso, il film potrebbe facilmente diventare carne da cannone a favore dei fautori o degli avversari dell&#8217;eutanasia, e per evitare il rischio sceglie di raccontare semplicemente (<em>semplicemente?<\/em>) la storia di Irene, di non parlare cio\u00e8, del <em>tema<\/em>, ma della storia di una <em>persona<\/em>. Non \u00e8 per la verit\u00e0\u00a0una soluzione molto originale, &#8211; \u00e8 quella adottata quasi sempre &#8211; ma comunque \u00e8 qui che le cose nella sceneggiatura cominciano ad andare male.<\/p>\n<p>Due terzi del film, dopo l&#8217;inizio, sono un cammino gi\u00e0 visto mille volte, nel rapporto difficile fra Irene e l&#8217;ingegner Grimaldi (Carlo Cecchi), un suo potenziale &#8220;paziente&#8221; che, manco a dirlo, scuote le sue sicurezze &#8211; l&#8217;andamento del rapporto fra i due, diffidenza inziale, affetto crescente, non \u00e8 solo visto mille volte, \u00e8 reso in maniera tutto sommato banale, cos\u00ec come \u00e8 banale l&#8217;armamentario simbolico affastellato via via per rendere i moti dell&#8217;animo di Irene: la sua promiscuita sessuale (c&#8217;\u00e8 una discreta quantit\u00e0 di <em>fan service<\/em>, oltretutto), le nuotate, la casa sul litorale, il vicino che fa ginnastica sulla spiaggia, il rapporto coi genitori, le canzoni scelte dai morituri come ultimo desiderio&#8230;<\/p>\n<p>Alla fine il film arriva dove ci si aspettava, peraltro con un finale colpevolmente aperto: dico &#8220;colpevolmente&#8221; perch\u00e9 l&#8217;impressione \u00e8 che sia pi\u00f9 che un atto di forza degli sceneggiatori, una dichiarazione di resa, per l&#8217;incapacit\u00e0 di proporre una chiave di volta che dia il senso a tutta la vicenda. E l&#8217;ultima scena \u00e8 da tagliarsi le vene.<\/p>\n<p>Brava comunque la Trinca, bravo Cecchi, anche se un po&#8217; mestiereggia, la Golino mi sembra tenga in pugno il tutto senza troppe sbavature (forse poteva fare meglio nella direzione degli attori), se non le si vuole rimproverare il gusto per le inquadrature al servizio dell&#8217;apparato inutilmente simbolico del film (basti guardare il <em>trailer<\/em>). Una menzione particolare, in negativo, per l&#8217;ambientazione: sembra che il panorama culturale di chi ha fatto il film sia del tutto borghese, per non dire altoborghese: non ci sono mai case, per dire, di famiglie popolari, gli unici ambienti non abbienti sono in Messico, alla fine \u00e8 davvero un&#8217;altra Italia. E anche questo alla fine l&#8217;ho trovato irritante.<\/p>\n<div class=\"jetpack-video-wrapper\"><span class=\"embed-youtube\" style=\"text-align:center; display: block;\"><iframe class=\"youtube-player\" width=\"800\" height=\"450\" src=\"https:\/\/www.youtube.com\/embed\/_pBwiXZ5gN4?version=3&#038;rel=1&#038;showsearch=0&#038;showinfo=1&#038;iv_load_policy=1&#038;fs=1&#038;hl=it-IT&#038;autohide=2&#038;wmode=transparent\" allowfullscreen=\"true\" style=\"border:0;\" sandbox=\"allow-scripts allow-same-origin allow-popups allow-presentation\"><\/iframe><\/span><\/div>\n","protected":false},"excerpt":{"rendered":"<p>ATTENZIONE: contiene anticipazioni sulla trama. Siete avvisati. Se in Italia ci fosse giustizia, e un sistema industriale cinematografico adeguato, Jasmine<\/p>\n","protected":false},"author":1,"featured_media":0,"comment_status":"open","ping_status":"open","sticky":false,"template":"","format":"video","meta":{"_mi_skip_tracking":false,"_monsterinsights_sitenote_active":false,"_monsterinsights_sitenote_note":"","_monsterinsights_sitenote_category":0,"jetpack_post_was_ever_published":false,"_jetpack_newsletter_access":"","jetpack_publicize_message":"","jetpack_is_tweetstorm":false,"jetpack_publicize_feature_enabled":true,"jetpack_social_post_already_shared":false,"jetpack_social_options":{"image_generator_settings":{"template":"highway","enabled":false}}},"categories":[52,14,56,82,12],"tags":[],"jetpack_publicize_connections":[],"jetpack_featured_media_url":"","jetpack_sharing_enabled":true,"jetpack_shortlink":"https:\/\/wp.me\/s4jV2T-miele","jetpack_likes_enabled":true,"jetpack-related-posts":[{"id":5705,"url":"https:\/\/www.robertosedda.it\/?p=5705","url_meta":{"origin":3092,"position":0},"title":"Vita nuova","author":"Rufus","date":"01\/01\/2014","format":false,"excerpt":"Il 21 dicembre io e Maria Bonaria siamo andati ad Ales a comprare i regali di Natale. Come al solito abbiamo scelto un regalo che avesse un po' di significato, che sostenesse l'economia che piace a noi (come due anni fa, il vino della Costigliola). Quest'anno dal valore economico un\u2026","rel":"","context":"In &quot;Coordinate&quot;","block_context":{"text":"Coordinate","link":"https:\/\/www.robertosedda.it\/?cat=52"},"img":{"alt_text":"","src":"https:\/\/i0.wp.com\/www.robertosedda.it\/wp-content\/uploads\/2014\/01\/2013-12-21-13.16.02.jpg?fit=1200%2C900&ssl=1&resize=350%2C200","width":350,"height":200,"srcset":"https:\/\/i0.wp.com\/www.robertosedda.it\/wp-content\/uploads\/2014\/01\/2013-12-21-13.16.02.jpg?fit=1200%2C900&ssl=1&resize=350%2C200 1x, https:\/\/i0.wp.com\/www.robertosedda.it\/wp-content\/uploads\/2014\/01\/2013-12-21-13.16.02.jpg?fit=1200%2C900&ssl=1&resize=700%2C400 2x, https:\/\/i0.wp.com\/www.robertosedda.it\/wp-content\/uploads\/2014\/01\/2013-12-21-13.16.02.jpg?fit=1200%2C900&ssl=1&resize=1050%2C600 3x"},"classes":[]},{"id":13216,"url":"https:\/\/www.robertosedda.it\/?p=13216","url_meta":{"origin":3092,"position":1},"title":"CONVEGNI: Pace, nonviolenza, giustizia","author":"Rufus","date":"06\/02\/2017","format":false,"excerpt":"Segnalo volentieri la presentazione dell'ultimo libro di Giuliano Pontara, uno dei massimi studiosi di nonviolenza europei, che si tiene domani all'Universit\u00e0 di Cagliari. *** UNIVERSIT\u00c0 DEGLI STUDI DI CAGLIARI DIPARTIMENTO DI PEDAGOGIA, PSICOLOGIA, FILOSOFIA DOTTORATO IN FILOSOFIA, EPISTEMOLOGIA E STORIA DELLA CULTURA Pace, nonviolenza, giustizia In occasione dell\u2019uscita del volume\u2026","rel":"","context":"In &quot;Coordinate&quot;","block_context":{"text":"Coordinate","link":"https:\/\/www.robertosedda.it\/?cat=52"},"img":{"alt_text":"","src":"https:\/\/i0.wp.com\/www.robertosedda.it\/wp-content\/uploads\/2013\/09\/Logo_Universit\u00e0_di_Cagliari.jpg?fit=593%2C595&ssl=1&resize=350%2C200","width":350,"height":200},"classes":[]},{"id":132,"url":"https:\/\/www.robertosedda.it\/?p=132","url_meta":{"origin":3092,"position":2},"title":"Sul capitolo VII del Compendio della Dottrina Sociale della Chiesa","author":"Rufus","date":"20\/08\/2012","format":false,"excerpt":"Nel mio intervento vorrei brevemente indicare una \u201cattenzione di lettura\u201d, cio\u00e8 suggerire un modo con cui affrontare la lettura di questo capitolo, e poi dire quali sono secondo me i due temi portanti che emergono con maggiore forza dal testo. Chiuderei, se ce la faccio, con una citazione che ho\u2026","rel":"","context":"In &quot;Coordinate&quot;","block_context":{"text":"Coordinate","link":"https:\/\/www.robertosedda.it\/?cat=52"},"img":{"alt_text":"","src":"https:\/\/i0.wp.com\/www.robertosedda.it\/wp-content\/uploads\/2012\/08\/compendio-dottrina-sociale-della-chiesa-cattolica.jpg?fit=446%2C600&ssl=1&resize=350%2C200","width":350,"height":200},"classes":[]},{"id":16984,"url":"https:\/\/www.robertosedda.it\/?p=16984","url_meta":{"origin":3092,"position":3},"title":"Prima gli italiani&#8230; al buffet","author":"Rufus","date":"10\/08\/2019","format":false,"excerpt":"\u00abEh, ma qui non c'\u00e8 niente\u00bb. Sento la voce distrattamente, registro che in una sala piena di tedeschi cordialissimi \u00e8 una voce italiana dal tono irato e alzo la testa dal piatto della colazione, perplesso. Incrocio lo sguardo di un signore di mezza et\u00e0, dall'aria fra lo sconsolato e il\u2026","rel":"","context":"In &quot;Coordinate&quot;","block_context":{"text":"Coordinate","link":"https:\/\/www.robertosedda.it\/?cat=52"},"img":{"alt_text":"","src":"https:\/\/i0.wp.com\/www.robertosedda.it\/wp-content\/uploads\/2019\/08\/Polpettone-alpinista.jpg?fit=1200%2C900&ssl=1&resize=350%2C200","width":350,"height":200,"srcset":"https:\/\/i0.wp.com\/www.robertosedda.it\/wp-content\/uploads\/2019\/08\/Polpettone-alpinista.jpg?fit=1200%2C900&ssl=1&resize=350%2C200 1x, https:\/\/i0.wp.com\/www.robertosedda.it\/wp-content\/uploads\/2019\/08\/Polpettone-alpinista.jpg?fit=1200%2C900&ssl=1&resize=700%2C400 2x, https:\/\/i0.wp.com\/www.robertosedda.it\/wp-content\/uploads\/2019\/08\/Polpettone-alpinista.jpg?fit=1200%2C900&ssl=1&resize=1050%2C600 3x"},"classes":[]},{"id":11919,"url":"https:\/\/www.robertosedda.it\/?p=11919","url_meta":{"origin":3092,"position":4},"title":"Agnese e la bellissima maga Crystal","author":"Rufus","date":"09\/05\/2016","format":false,"excerpt":"(avviso: un po' di miele nel seguito; e un po' d'introduzione all'arte dell'illustrazione fantasy) L'altro giorno per questioni di giochi di ruolo cercavo\u00a0un disegno dell'episodio del\u00a0Silmarillion nel quale Finrod Felagund affronta Sauron nella sua torre e trovavo solo roba tutto sommato insoddisfacente, per non parlare del fatto che spesso l'episodio\u2026","rel":"","context":"In &quot;Coordinate&quot;","block_context":{"text":"Coordinate","link":"https:\/\/www.robertosedda.it\/?cat=52"},"img":{"alt_text":"","src":"https:\/\/i0.wp.com\/www.robertosedda.it\/wp-content\/uploads\/2016\/05\/Ladra-maga.jpg?fit=640%2C620&ssl=1&resize=350%2C200","width":350,"height":200},"classes":[]},{"id":7997,"url":"https:\/\/www.robertosedda.it\/?p=7997","url_meta":{"origin":3092,"position":5},"title":"Appello per un cambiamento coraggioso","author":"Rufus","date":"23\/07\/2014","format":false,"excerpt":"Come avevo accennato alcuni giorni fa la commissione Iustitia et pax della Conferenza episcopale dei Vescovi della Terra Santa ha pubblicato un documento sulla situazione bellica di Gaza, che si intitola Appello per un cambiamento coraggioso. L'ho tradotto, nella speranza che possa essere utile: l'originale, in francese, \u00e8 pubblicato sul\u2026","rel":"","context":"In &quot;Coordinate&quot;","block_context":{"text":"Coordinate","link":"https:\/\/www.robertosedda.it\/?cat=52"},"img":{"alt_text":"","src":"https:\/\/i0.wp.com\/www.robertosedda.it\/wp-content\/uploads\/2014\/07\/iustitia-et-pax-holy-land.jpeg?fit=960%2C720&ssl=1&resize=350%2C200","width":350,"height":200,"srcset":"https:\/\/i0.wp.com\/www.robertosedda.it\/wp-content\/uploads\/2014\/07\/iustitia-et-pax-holy-land.jpeg?fit=960%2C720&ssl=1&resize=350%2C200 1x, https:\/\/i0.wp.com\/www.robertosedda.it\/wp-content\/uploads\/2014\/07\/iustitia-et-pax-holy-land.jpeg?fit=960%2C720&ssl=1&resize=700%2C400 2x"},"classes":[]}],"_links":{"self":[{"href":"https:\/\/www.robertosedda.it\/index.php?rest_route=\/wp\/v2\/posts\/3092"}],"collection":[{"href":"https:\/\/www.robertosedda.it\/index.php?rest_route=\/wp\/v2\/posts"}],"about":[{"href":"https:\/\/www.robertosedda.it\/index.php?rest_route=\/wp\/v2\/types\/post"}],"author":[{"embeddable":true,"href":"https:\/\/www.robertosedda.it\/index.php?rest_route=\/wp\/v2\/users\/1"}],"replies":[{"embeddable":true,"href":"https:\/\/www.robertosedda.it\/index.php?rest_route=%2Fwp%2Fv2%2Fcomments&post=3092"}],"version-history":[{"count":6,"href":"https:\/\/www.robertosedda.it\/index.php?rest_route=\/wp\/v2\/posts\/3092\/revisions"}],"predecessor-version":[{"id":6295,"href":"https:\/\/www.robertosedda.it\/index.php?rest_route=\/wp\/v2\/posts\/3092\/revisions\/6295"}],"wp:attachment":[{"href":"https:\/\/www.robertosedda.it\/index.php?rest_route=%2Fwp%2Fv2%2Fmedia&parent=3092"}],"wp:term":[{"taxonomy":"category","embeddable":true,"href":"https:\/\/www.robertosedda.it\/index.php?rest_route=%2Fwp%2Fv2%2Fcategories&post=3092"},{"taxonomy":"post_tag","embeddable":true,"href":"https:\/\/www.robertosedda.it\/index.php?rest_route=%2Fwp%2Fv2%2Ftags&post=3092"}],"curies":[{"name":"wp","href":"https:\/\/api.w.org\/{rel}","templated":true}]}}