{"id":3077,"date":"2013-05-03T18:59:56","date_gmt":"2013-05-03T16:59:56","guid":{"rendered":"http:\/\/www.robertosedda.it\/?p=3077"},"modified":"2023-05-04T11:01:28","modified_gmt":"2023-05-04T09:01:28","slug":"sotto-attacco","status":"publish","type":"post","link":"https:\/\/www.robertosedda.it\/?p=3077","title":{"rendered":"Sotto attacco"},"content":{"rendered":"<p>Non \u00e8 una cosa che si dica in giro ma molti soci di Banca Etica sanno che da alcuni mesi arrivano, prima solo ad alcuni, poi&nbsp;&nbsp;a tutti i responsabili dei soci, poi a indirizzari via via pi\u00f9 vasti di soci e dipendenti, mail anonime (firmate da sedicenti &#8220;amici di Banca Etica&#8221; &#8211; il che naturalmente dimostra vero il detto: \u00abDagli amici mi guardi Iddio&#8230;\u00bb) con ingiurie e accuse al Presidente della Banca, ad alcuni o tutti i membri del Consiglio di Amministrazione e a dipendenti che di volta in volta si ritrovano messi alla berlina.<\/p>\n<p>Quel che sembrava inizialmente lo sfogo di un socio isolato su un episodio specifico (una rapina alla filiale di Milano con colluttazione fra i lavoratori e i rapinatori) si \u00e8 poi rivelato un crescendo ben orchestrato di accuse, insinuazioni, allusioni di peso via via maggiore; allo stesso modo \u00e8 cambiato l&#8217;atteggiamento di noi destinatari: sconcerto, ironia, imbarazzo, fastidio, indignazione, depressione per il senso di impotenza dato dall&#8217;impossibilit\u00e0 di arrestare il flusso di mail anonime. L&#8217;impressione, oltretutto, \u00e8 quella che chi scrive conosca discretamente la Banca e abbia accesso a informazioni se non interne quanto meno non alla disposizione di chiunque: e questo aumenta lo sconcerto, posto che la struttura della Banca \u00e8 comunque piccola, tutti ci si conosce e non sembra possibile che persone di cui hai stima possano, in preda a un <em>raptus<\/em>, trasformarsi nottetempo in calunniatori mannari con la bava alla bocca.<\/p>\n<p>Poich\u00e9 alcune delle accuse sono passate dal piano personale al mettere in questione il fatto che Banca Etica rispetti le proprie finalit\u00e0, i dipendenti hanno ritenuto opportuno scrivere una lettera di solidariet\u00e0 al Presidente della Banca; ho contribuito a stendere una lettera simile a firma dei Referenti dei soci delle varie Aree, che \u00e8 in preparazione,&nbsp;e penso che il CdA della Banca&nbsp;anch&#8217;esso prender\u00e0 posizione a breve.<\/p>\n<p>Non sono preoccupato per i contenuti delle accuse: alcune riguardano fatti dei quali sono stato testimone diretto o che conosco bene, e noto che c&#8217;\u00e8 sempre&nbsp;un travisamento&nbsp;strumentale dei fatti per presentarli nella luce peggiore possibile oppure, pi\u00f9 spesso, siamo direttamente all&#8217;invenzione. Sulle cose che non so direttamente conosco per\u00f2 le persone coinvolte, le procedure interne della Banca e le sue meccaniche, e l&#8217;unico timore che ho \u00e8 che, come in <em>Matrix<\/em>, non scopra di avere sinora vissuto in una realt\u00e0 virtuale, cosa che francamente mi pare poco probabile.<\/p>\n<p>Per\u00f2 la vicenda mi sentire il bisogno di una riflessione, per motivi che vorrei esprimere qui sotto e magari discutere con gli altri soci della Banca e i frequentatori di questo <em>blog.<\/em><\/p>\n<p>Prima di tutto sono rimasto molto colpito dal fatto che si possa creare tanto danno con strumenti cos\u00ec rozzi: un semplice <em>account<\/em> di <em>Gmail<\/em> e sei praticamente inafferrabile. Uno penserebbe che al giorno d&#8217;oggi non sia cos\u00ec, invece a quanto pare tolti gli <em>hacker<\/em> del PD non \u00e8 cos\u00ec facile scoprire chi c&#8217;\u00e8 dietro una&nbsp;<em>mail<\/em>, il colosso di Mountain View sta dall&#8217;altra parte del mondo e amici delle forze dell&#8217;ordine scuotono la testa con compatimento. Insomma, come nel famoso <em>incipit<\/em> del <em>Johnny Mnemonico<\/em> ci sono modi rozzi di essere raffinati, e questo qualche dubbio dovrebbe farlo venire circa la vulnerabilit\u00e0 dei nostri contesti sociali ipertecnologicizzati.<\/p>\n<p>Poi mi colpisce come siamo cos\u00ec abituati a certi flussi di comunicazione da ignorarli a livello cosciente; ti chiedi con sconcerto: \u00abMa come fa l&#8217;anonimo a sapere che il tale giorno sono andato a una riunione?\u00bb e pensi che abbia accesso a chiss\u00e0 quali virus che gli rivelano il contenuto del tuo PC, poi ti rendi conto che la notizia l&#8217;avevi <em>twittata<\/em>. Poi il problema non \u00e8 tuo, perch\u00e9 tu alla fine di <em>Twitter<\/em> te ne ricordi, \u00e8 di tutti gli altri che leggono, non lo sanno e anche loro pensano a capacit\u00e0 di prescienza dell&#8217;anonimo e ne fanno una figura invincibile, quando in realt\u00e0 \u00e8 probabilmente uno <em>stalker<\/em> di basso livello.<\/p>\n<p>In terzo luogo l&#8217;amico anonimo usa uno schema narrativo affine alle campagne di indignazione e boicottaggio presenti sul <em>web<\/em>: a un certo punto addirittura ha posto dieci domande, neanche fosse <em>Repubblica<\/em> &#8211; il che probabilmente dimostra quanto logoro sia il meccanismo, e quanto passibile di strumentalizzazioni: anche considerando la differenza fra l&#8217;anonimo e un giornalista serio, l&#8217;incedere delle domande si rivela grottesco, e farebbe ridere se non facesse male.<\/p>\n<p>Fare male. Il che porta a un&#8217;altra delle cose che mi hanno colpito: che \u00e8 difficile rimanere a distanza. \u00c8 come se ogni mattina che esci di casa incontrassi uno che ti dice: \u00abScemo!\u00bb. La prima volta sbalordisci, la seconda la prendi a ridere, la terza ti arrabbi, la quarta e la quinta ti fa male, e basta. Alla sesta magari cominci a guardare le altre persone con paura: \u00abE se credono che questo abbia ragione?\u00bb. D&#8217;altra parte vale l&#8217;antico proverbio cinese: a mettersi a discutere con un cretino la gente potrebbe non notare la differenza fra te e lui, e quindi che fai, gli dici scemo anche tu? La violenza &#8211; e queste <em>mail<\/em> che riceviamo sono indubitabilmente violente &#8211; ha questo di tremendo: che intanto ti fa male, e poi spesso rischia di farti sentire che non ci sono risposte adeguate a tua disposizione, se non subire, il che ovviamente non \u00e8 piacevole.<\/p>\n<p>Si pu\u00f2 trovare soddisfazione, a propria volta, nell&#8217;indignazione. Ma funziona poco: alla terza o quarta <em>mail<\/em> molti soci hanno risposto diffidando da ulteriori invii non richiesti, come se le <em>mail <\/em> dell&#8217;anonimo fossero <em>spam<\/em>. Come se uno che si rende passibile di diffamazione e probabilmente di un paio di di altri reati avesse molti problemi a violare la legge sulla&nbsp;<em>privacy<\/em>. Quando hai mandato la diffida ti sei sentito soddisfatto, quando l&#8217;altro ti ignora bellamente e continua a spedirti&nbsp;<em>mail<\/em> ti senti peggio di prima.<\/p>\n<p>Del resto io, che faccio parte a vario titolo di una serie di organismi della Banca, mi rendo conto che non c&#8217;\u00e8 una risposta efficace semplice: proprio perch\u00e9 lo schema narrativo scelto, l&#8217;insinuazione, \u00e8 difficile da gestire per la vittima, secondo meccanismi analoghi a quelli della <a href=\"http:\/\/www.keinpfusch.net\/2010\/03\/la-teoria-della-montagna-di-merda.html\">&#8220;montagna di merda&#8221;<\/a> di cui ho parlato <a href=\"http:\/\/www.robertosedda.it\/?p=2593\">altre volte<\/a> &#8211; se vieni accusato di un fatto specifico puoi dare spiegazioni, se arriva una <em>mail<\/em> ogni settimana con dieci accuse rischi di passare la vita a giustificarti, in ogni caso ti stai giustificando, che d\u00e0 sempre una cattiva impressione, e stai comunque giocando nella mano dell&#8217;altro e danzando al suo tempo. D&#8217;altra parte <em>non<\/em> giustificarsi, anche per una Banca trasparente come la nostra, dove le risposte a molte questioni sollevate non sono certo segrete, non appare lo stesso la strategia migliore, perch\u00e9 sembra che non vuoi parlare dell&#8217;argomento perch\u00e9 hai qualcosa da nascondere. Evitare i due eccessi e reagire a un attacco di questo genere con un cambio di paradigma \u00e8 possibile ma non \u00e8 facile.<\/p>\n<p>L&#8217;ultima osservazione di un <em>post<\/em> molto personale e che si \u00e8 fatto fin troppo lungo riguarda la tentazione fortissima che si ha, in questi casi, di ricorrere a espressioni e modi di pensare &#8220;di regime&#8221;. Stamattina presto provavo a scrivere alcune cose da condividere con gli altri Referenti dei soci per sostenere il Consiglio d&#8217;Amministrazione e i dipendenti della Banca e a un certo punto mi sono reso conto che invece che pacate espressioni di riflessione e solidariet\u00e0 o tranquille affermazioni di fiducia nell&#8217;operato di tanti amici e compagni, si insinuavano sulla tastiera vuote espressioni retoriche. Ho avuto paura di me: metter\u00f2 anche questo in conto all&#8217;anonimo, quel cornuto.<\/p>\n","protected":false},"excerpt":{"rendered":"<p>Non \u00e8 una cosa che si dica in giro ma molti soci di Banca Etica sanno che da alcuni mesi<\/p>\n","protected":false},"author":1,"featured_media":19579,"comment_status":"open","ping_status":"open","sticky":false,"template":"","format":"standard","meta":{"_mi_skip_tracking":false,"_monsterinsights_sitenote_active":false,"_monsterinsights_sitenote_note":"","_monsterinsights_sitenote_category":0,"jetpack_post_was_ever_published":false,"_jetpack_newsletter_access":"","jetpack_publicize_message":"","jetpack_is_tweetstorm":false,"jetpack_publicize_feature_enabled":true,"jetpack_social_post_already_shared":false,"jetpack_social_options":{"image_generator_settings":{"template":"highway","enabled":false}}},"categories":[52,64,55,17,16],"tags":[],"jetpack_publicize_connections":[],"jetpack_featured_media_url":"https:\/\/i0.wp.com\/www.robertosedda.it\/wp-content\/uploads\/2013\/05\/Banca.jpg?fit=1024%2C768&ssl=1","jetpack_sharing_enabled":true,"jetpack_shortlink":"https:\/\/wp.me\/p4jV2T-ND","jetpack_likes_enabled":true,"jetpack-related-posts":[{"id":20583,"url":"https:\/\/www.robertosedda.it\/?p=20583","url_meta":{"origin":3077,"position":0},"title":"Sul percorso elettorale di Banca Etica","author":"Rufus","date":"05\/05\/2025","format":false,"excerpt":"Premessa: questo articolo \u00e8 scritto un po' come una cipolla, a strati. Se vi interessa solo sapere chi voter\u00f2, potete fermarvi all'inizio. Se volete le motivazioni e un po' di ulteriori riflessioni, andate avanti. L'immagine qui a fianco serve a dire che s\u00ec, non \u00e8 solo una dichiarazione di appoggio,\u2026","rel":"","context":"In &quot;Banche e finanza&quot;","block_context":{"text":"Banche e finanza","link":"https:\/\/www.robertosedda.it\/?cat=72"},"img":{"alt_text":"","src":"https:\/\/i0.wp.com\/www.robertosedda.it\/wp-content\/uploads\/2019\/08\/Rufus-1.png?fit=834%2C720&ssl=1&resize=350%2C200","width":350,"height":200,"srcset":"https:\/\/i0.wp.com\/www.robertosedda.it\/wp-content\/uploads\/2019\/08\/Rufus-1.png?fit=834%2C720&ssl=1&resize=350%2C200 1x, https:\/\/i0.wp.com\/www.robertosedda.it\/wp-content\/uploads\/2019\/08\/Rufus-1.png?fit=834%2C720&ssl=1&resize=700%2C400 2x"},"classes":[]},{"id":4744,"url":"https:\/\/www.robertosedda.it\/?p=4744","url_meta":{"origin":3077,"position":1},"title":"Sabato la finanza etica era a Olbia","author":"Rufus","date":"21\/10\/2013","format":"video","excerpt":"Il 19 ottobre sono intervenuto con Carlo Usai al convegno La finanza etica ti toglie un peso. C'era anche Gaetano Lauta, responsabile dei soci di Banca Etica di Cagliari, e sia gli organizzatori che il pubblico erano largamente presenti persone legate al Movimento Cinque Stelle. \u00c8 stato un dibattito molto\u2026","rel":"","context":"In &quot;Banche e finanza&quot;","block_context":{"text":"Banche e finanza","link":"https:\/\/www.robertosedda.it\/?cat=72"},"img":{"alt_text":"","src":"https:\/\/i0.wp.com\/www.robertosedda.it\/wp-content\/uploads\/2013\/10\/Finanza-etica-Olbia-219x300.jpeg?resize=350%2C200","width":350,"height":200},"classes":[]},{"id":10205,"url":"https:\/\/www.robertosedda.it\/?p=10205","url_meta":{"origin":3077,"position":2},"title":"Articoli dimenticati","author":"Rufus","date":"08\/05\/2015","format":false,"excerpt":"Mi sono accorto oggi che non avevo riportato sul\u00a0blog l'articolo che ho pubblicato sul supplemento diocesano di\u00a0Avvenire\u00a0del 19 aprile 2015, dedicato a Banca Etica. Lo riposto qui: \u00e8 un articolo brevissimo e anche piuttosto anonimo (me lo dico da solo...), nel senso che occorreva prima di tutto presentare la Banca\u2026","rel":"","context":"In &quot;Banche e finanza&quot;","block_context":{"text":"Banche e finanza","link":"https:\/\/www.robertosedda.it\/?cat=72"},"img":{"alt_text":"","src":"https:\/\/i0.wp.com\/www.robertosedda.it\/wp-content\/uploads\/2015\/05\/Avvenire-Cagliari-testata.jpg?fit=648%2C218&ssl=1&resize=350%2C200","width":350,"height":200},"classes":[]},{"id":3702,"url":"https:\/\/www.robertosedda.it\/?p=3702","url_meta":{"origin":3077,"position":3},"title":"Un antico gemellaggio","author":"Rufus","date":"27\/06\/2013","format":false,"excerpt":"Preparando gli inviti per l'incontro con Ugo Biggeri domani alla MEM (17.30, non mancate!!)\u00a0\u00e8 saltata fuori una mia vecchia mail ai soci dell'Area Centro a proposito di un gemellaggio con i soci francesi della NEF (Nouvelle Economie fraternelle, la banca etica francese). La ripropongo cos\u00ec, perch\u00e9 ci sono cose divertenti:\u2026","rel":"","context":"In &quot;Banche e finanza&quot;","block_context":{"text":"Banche e finanza","link":"https:\/\/www.robertosedda.it\/?cat=72"},"img":{"alt_text":"","src":"https:\/\/i0.wp.com\/www.robertosedda.it\/wp-content\/uploads\/2013\/06\/Jos\u00e9-Grajales.jpg?fit=453%2C604&ssl=1&resize=350%2C200","width":350,"height":200},"classes":[]},{"id":1339,"url":"https:\/\/www.robertosedda.it\/?p=1339","url_meta":{"origin":3077,"position":4},"title":"Ci vediamo nel week end","author":"Rufus","date":"15\/11\/2012","format":false,"excerpt":"Come vedete dalla locandina qui sotto il prossimo fine settimana c'\u00e8 il festival di Scirarindi. Sar\u00f2 l\u00ec, con i soci di Banca Etica della Sardegna, nel nostro stand (cercateci vicino alle foto della mostra di Letizia Battaglia) credo per tutto il fine settimana, tranne brevi pause per la Messa, andare\u2026","rel":"","context":"In &quot;Banche e finanza&quot;","block_context":{"text":"Banche e finanza","link":"https:\/\/www.robertosedda.it\/?cat=72"},"img":{"alt_text":"","src":"https:\/\/i0.wp.com\/www.robertosedda.it\/wp-content\/uploads\/2012\/11\/persito_preview.jpg?fit=320%2C454&ssl=1&resize=350%2C200","width":350,"height":200},"classes":[]},{"id":11956,"url":"https:\/\/www.robertosedda.it\/?p=11956","url_meta":{"origin":3077,"position":5},"title":"Appello a un voto che non \u00e8 per me","author":"Rufus","date":"17\/05\/2016","format":false,"excerpt":"L'altro giorno ha suscitato panico l'idea, da me abilmente suggerita, che volessi candidarmi al Consiglio comunale.\u00a0Adesso passo direttamente all'appello al voto; ma \u00e8 per delle elezioni importanti, nelle quali per\u00f2\u00a0non sono candidato io (per fortuna di tutti). Per\u00f2 l'appello vale lo stesso e la lista, coi meccanismi partecipativi propri della\u2026","rel":"","context":"In &quot;Coordinate&quot;","block_context":{"text":"Coordinate","link":"https:\/\/www.robertosedda.it\/?cat=52"},"img":{"alt_text":"","src":"https:\/\/i0.wp.com\/www.robertosedda.it\/wp-content\/uploads\/2016\/05\/Dentico.jpg?fit=400%2C400&ssl=1&resize=350%2C200","width":350,"height":200},"classes":[]}],"_links":{"self":[{"href":"https:\/\/www.robertosedda.it\/index.php?rest_route=\/wp\/v2\/posts\/3077"}],"collection":[{"href":"https:\/\/www.robertosedda.it\/index.php?rest_route=\/wp\/v2\/posts"}],"about":[{"href":"https:\/\/www.robertosedda.it\/index.php?rest_route=\/wp\/v2\/types\/post"}],"author":[{"embeddable":true,"href":"https:\/\/www.robertosedda.it\/index.php?rest_route=\/wp\/v2\/users\/1"}],"replies":[{"embeddable":true,"href":"https:\/\/www.robertosedda.it\/index.php?rest_route=%2Fwp%2Fv2%2Fcomments&post=3077"}],"version-history":[{"count":9,"href":"https:\/\/www.robertosedda.it\/index.php?rest_route=\/wp\/v2\/posts\/3077\/revisions"}],"predecessor-version":[{"id":19578,"href":"https:\/\/www.robertosedda.it\/index.php?rest_route=\/wp\/v2\/posts\/3077\/revisions\/19578"}],"wp:featuredmedia":[{"embeddable":true,"href":"https:\/\/www.robertosedda.it\/index.php?rest_route=\/wp\/v2\/media\/19579"}],"wp:attachment":[{"href":"https:\/\/www.robertosedda.it\/index.php?rest_route=%2Fwp%2Fv2%2Fmedia&parent=3077"}],"wp:term":[{"taxonomy":"category","embeddable":true,"href":"https:\/\/www.robertosedda.it\/index.php?rest_route=%2Fwp%2Fv2%2Fcategories&post=3077"},{"taxonomy":"post_tag","embeddable":true,"href":"https:\/\/www.robertosedda.it\/index.php?rest_route=%2Fwp%2Fv2%2Ftags&post=3077"}],"curies":[{"name":"wp","href":"https:\/\/api.w.org\/{rel}","templated":true}]}}