{"id":2799,"date":"2013-04-08T16:35:03","date_gmt":"2013-04-08T14:35:03","guid":{"rendered":"http:\/\/www.robertosedda.it\/?p=2799"},"modified":"2022-04-12T09:40:41","modified_gmt":"2022-04-12T07:40:41","slug":"persone-normali","status":"publish","type":"post","link":"https:\/\/www.robertosedda.it\/?p=2799","title":{"rendered":"Persone normali"},"content":{"rendered":"<p>Mi capita l&#8217;altro giorno di parlare con un ragazzo giovane, bravo, impegnato in politica.<\/p>\n<p>Racconta a me e a un altro paio di amici di cose&nbsp;paradossali, di meccanismi interni alla sua organizzazione per cui se ti dai da fare sei inviso ai dirigenti, se fai politica sul serio ti dicono che sei un arrivista, se dai forza al tuo partito sconvolgi gli equilibri e perci\u00f2 farebbero volentieri a meno di te e cos\u00ec via.<\/p>\n<p>Noi, increduli, adoperiamo l&#8217;unica parola possibile: delirante.<\/p>\n<p>\u00ab\u00c8 vero\u00bb, dice lui. \u00abMa \u00e8 perch\u00e9 in politica non c&#8217;\u00e8 pi\u00f9 la gente normale, persone che se vedono succedere una cosa delirante la chiamano col suo nome, dicono: questo non ha senso, questo non ha motivo, questo \u00e8 comprensibile solo in una logica di potere, di autoreferenzialit\u00e0, di conservazione\u00bb.<\/p>\n<p>Persone normali, appunto. Una politica delirante perch\u00e9 fatta da persone <em>anormali<\/em>.<\/p>\n<p>Mi ha colpito molto, perch\u00e9 l&#8217;ho riconosciuta come vera: a tutti sar\u00e0 capitato di trovarsi in situazioni malate organizzativamente, in associazioni o&nbsp;gruppi politici in cui le regole del semplice vivere comune improvvisamente non valgono pi\u00f9, in cui c&#8217;\u00e8 difficolt\u00e0 a chiamare le cose col loro nome, in cui le lenti visuali sono volontariamente offuscate, o distorcenti.<\/p>\n<p>Infatti come prima cosa, devo dire, ho pensato all&#8217;Azione Cattolica diocesana, e mi sono passati davanti agli occhi i bizantinismi giuridici per giustificare l&#8217;indifendibile, gli arzigogoli per evitare di vedere la realt\u00e0, l&#8217;autoreferenzialit\u00e0 che fa credere che ci\u00f2 che \u00e8 storto possa essere dritto per un semplice sforzo di volont\u00e0.<\/p>\n<p>Per\u00f2 per seconda cosa mi sono chiesto: ma chi sono le persone <em>normali<\/em>? Esattamente di cosa parliamo?<\/p>\n<p>Perch\u00e9 l&#8217;impressione \u00e8 che in realt\u00e0 dicendo questa cosa che, intendiamoci,&nbsp;\u00e8 del tutto vera, si fa comunque riferimento a una astrazione della realt\u00e0 altrettanto radicale dell&#8217;altra. Non so: forse si immagina un buon senso contadino, una coscienza delle cose come sono, una cura da buon padre di famiglia. Ma&nbsp;i contadini non ci sono pi\u00f9, i buoni padri di famiglia mandano le figlie all&#8217;Olgettina e nessuno di noi pensa pi\u00f9 che la vita normale alla fine non possa che uniformarsi all&#8217;andamento del tempo e delle stagioni.<\/p>\n<p>Chiamare le cose col loro nome (che \u00e8 un altro modo di dire la stessa cosa: <em>servono persone normali<\/em>, cio\u00e8 persone che ragionino secondo il senso <em>vero <\/em>delle cose) non \u00e8 oggi, mi pare, una operazione naturale. Ognuno se vuole pu\u00f2 trovare i suoi esempi ma nel linguaggio ci rimane tuttora una identificazione di <em>buon senso<\/em> e <em>senso comune<\/em>: il senso di tutti, quello pi\u00f9 diffuso,&nbsp;\u00e8 anche <em>buono<\/em>. \u00c8 saggezza popolare tradizionale: mi permetto di dubitare che sia (ancora) del tutto vero. Forse aveva ragione quella mia insegnante di tecnica pubblicitaria che mi diceva: il&nbsp;buon senso \u00e8 il senso meno comune.<\/p>\n<p>Insomma: aldil\u00e0 della battuta del mio amico, che \u00e8 chiara, non so che pensare: temo che da una maggiore introduzione di gente &#8220;normale&#8221; nel suo partito possano non arrivare i benefici che si aspetta.<\/p>\n<p>Sono perplesso.<\/p>\n<p>P.S. <em>post scriptum<\/em> molto colto: del resto diceva la Arendt che i regimi attraverso la propaganda tendono a costruire un contesto fittizio in cui il senso comune si perde. Noi viviamo immersi nella propaganda da vent&#8217;anni, che ci aspettiamo?<\/p>\n","protected":false},"excerpt":{"rendered":"<p>Mi capita l&#8217;altro giorno di parlare con un ragazzo giovane, bravo, impegnato in politica. Racconta a me e a un<\/p>\n","protected":false},"author":1,"featured_media":19483,"comment_status":"open","ping_status":"open","sticky":false,"template":"","format":"standard","meta":{"_mi_skip_tracking":false,"_monsterinsights_sitenote_active":false,"_monsterinsights_sitenote_note":"","_monsterinsights_sitenote_category":0,"jetpack_post_was_ever_published":false,"_jetpack_newsletter_access":"","jetpack_publicize_message":"","jetpack_is_tweetstorm":false,"jetpack_publicize_feature_enabled":true,"jetpack_social_post_already_shared":false,"jetpack_social_options":{"image_generator_settings":{"template":"highway","enabled":false}}},"categories":[52,57,17,59,16],"tags":[],"jetpack_publicize_connections":[],"jetpack_featured_media_url":"https:\/\/i0.wp.com\/www.robertosedda.it\/wp-content\/uploads\/2013\/04\/occhio.jpg?fit=659%2C648&ssl=1","jetpack_sharing_enabled":true,"jetpack_shortlink":"https:\/\/wp.me\/p4jV2T-J9","jetpack_likes_enabled":true,"jetpack-related-posts":[{"id":14108,"url":"https:\/\/www.robertosedda.it\/?p=14108","url_meta":{"origin":2799,"position":0},"title":"I fantasmi di Gramsci","author":"Rufus","date":"05\/09\/2017","format":"video","excerpt":"https:\/\/www.youtube.com\/watch?v=1950jqyfK6I Visto ieri\u00a0Nel mondo grande e terribile, piccolo e interessante film su Gramsci, che copre sostanzialmente il periodo della detenzione nel carcere di Turi di Bari. Non sono abbastanza esperto di Gramsci per giudicare della resa delle sue idee, che mi \u00e8 parsa a un tempo interessante e zoppicante: marginalmente\u2026","rel":"","context":"In &quot;Biografie&quot;","block_context":{"text":"Biografie","link":"https:\/\/www.robertosedda.it\/?cat=83"},"img":{"alt_text":"","src":"https:\/\/i0.wp.com\/www.robertosedda.it\/wp-content\/uploads\/2017\/09\/Gramsci.jpg?fit=1200%2C646&ssl=1&resize=350%2C200","width":350,"height":200,"srcset":"https:\/\/i0.wp.com\/www.robertosedda.it\/wp-content\/uploads\/2017\/09\/Gramsci.jpg?fit=1200%2C646&ssl=1&resize=350%2C200 1x, https:\/\/i0.wp.com\/www.robertosedda.it\/wp-content\/uploads\/2017\/09\/Gramsci.jpg?fit=1200%2C646&ssl=1&resize=700%2C400 2x, https:\/\/i0.wp.com\/www.robertosedda.it\/wp-content\/uploads\/2017\/09\/Gramsci.jpg?fit=1200%2C646&ssl=1&resize=1050%2C600 3x"},"classes":[]},{"id":14849,"url":"https:\/\/www.robertosedda.it\/?p=14849","url_meta":{"origin":2799,"position":1},"title":"Tre consigli per renitenti","author":"Rufus","date":"15\/03\/2018","format":false,"excerpt":"Mi sono riletto, ieri l'altro,\u00a0Fare il morto di Enrico Euli, un po' come antidoto al livello asfissiante di propaganda che ci circonda in questo periodo. \u00c8 stata una soluzione di ripiego perch\u00e9 il testo di Enrico pi\u00f9 adatto sarebbe stato Casca il mondo!, ma quello avrebbe richiesto una lettura pi\u00f9\u2026","rel":"","context":"In &quot;Coordinate&quot;","block_context":{"text":"Coordinate","link":"https:\/\/www.robertosedda.it\/?cat=52"},"img":{"alt_text":"","src":"https:\/\/i0.wp.com\/www.robertosedda.it\/wp-content\/uploads\/2018\/03\/Ma-ri-pozzu-toccai.jpg?fit=480%2C480&ssl=1&resize=350%2C200","width":350,"height":200},"classes":[]},{"id":11281,"url":"https:\/\/www.robertosedda.it\/?p=11281","url_meta":{"origin":2799,"position":2},"title":"Slittamenti di senso","author":"Rufus","date":"11\/12\/2015","format":false,"excerpt":"Ieri ho avuto un breve scambio su\u00a0Facebook\u00a0 con un amico. Lo riporto qui per due motivi. Uno \u00e8 che il\u00a0blog serve esattamente a questo: a riportare tutto a casa di quel che spargo sulla rete. La seconda \u00e8 che il breve dialogo svela alcuni, come dire?, impoverimenti del ragionamento politico\u2026","rel":"","context":"In &quot;Coordinate&quot;","block_context":{"text":"Coordinate","link":"https:\/\/www.robertosedda.it\/?cat=52"},"img":{"alt_text":"","src":"https:\/\/external.xx.fbcdn.net\/safe_image.php?d=AQDHnfuSv7NvIG7Y&w=487&h=255&url=http%3A%2F%2Fwww.ilpost.it%2Fwp-content%2Fuploads%2F2015%2F12%2FLibero10.png&cfs=1&upscale=1&sx=0&sy=147&sw=470&sh=246","width":350,"height":200},"classes":[]},{"id":9829,"url":"https:\/\/www.robertosedda.it\/?p=9829","url_meta":{"origin":2799,"position":3},"title":"Il delirio di Gerusalemme","author":"Rufus","date":"24\/03\/2015","format":false,"excerpt":"Cronache di Gerusalemme, Guy Delisle, Rizzoli-Lizard 2012 Non ho ancora avuto occasione di raccontare che dopo la lettura di\u00a0Kobane calling\u00a0mi \u00e8 venuta voglia di riprendere in mano un po' di comics journalism, cio\u00e8 di giornalismo a fumetti, e cos\u00ec ho letto in una sola serata\u00a0Cronache di Gerusalemme del canadese Guy\u2026","rel":"","context":"In &quot;Coordinate&quot;","block_context":{"text":"Coordinate","link":"https:\/\/www.robertosedda.it\/?cat=52"},"img":{"alt_text":"Delisle cronache di Gerusalemme 2","src":"https:\/\/i0.wp.com\/www.robertosedda.it\/wp-content\/uploads\/2015\/03\/Delisle-cronache-di-Gerusalemme-2.jpg?resize=350%2C200","width":350,"height":200},"classes":[]},{"id":15584,"url":"https:\/\/www.robertosedda.it\/?p=15584","url_meta":{"origin":2799,"position":4},"title":"Ripiegamenti","author":"Rufus","date":"20\/08\/2018","format":false,"excerpt":"In questi ultimi giorni ero in ferie e non ho scritto granch\u00e9 ma l'altro giorno, mentre passeggiavo intorno al lago di Resia, pensavo che una delle cose pi\u00f9 tristi dei caotici tempi politici che stiamo vivendo \u00e8 il modo col quale, in reazione a questa o quella uscita dei\u00a05Stelle, l'opinione\u2026","rel":"","context":"In &quot;Coordinate&quot;","block_context":{"text":"Coordinate","link":"https:\/\/www.robertosedda.it\/?cat=52"},"img":{"alt_text":"","src":"https:\/\/i0.wp.com\/www.robertosedda.it\/wp-content\/uploads\/2018\/08\/IMG_20180811_122019.jpg?fit=1200%2C472&ssl=1&resize=350%2C200","width":350,"height":200,"srcset":"https:\/\/i0.wp.com\/www.robertosedda.it\/wp-content\/uploads\/2018\/08\/IMG_20180811_122019.jpg?fit=1200%2C472&ssl=1&resize=350%2C200 1x, https:\/\/i0.wp.com\/www.robertosedda.it\/wp-content\/uploads\/2018\/08\/IMG_20180811_122019.jpg?fit=1200%2C472&ssl=1&resize=700%2C400 2x, https:\/\/i0.wp.com\/www.robertosedda.it\/wp-content\/uploads\/2018\/08\/IMG_20180811_122019.jpg?fit=1200%2C472&ssl=1&resize=1050%2C600 3x"},"classes":[]},{"id":2938,"url":"https:\/\/www.robertosedda.it\/?p=2938","url_meta":{"origin":2799,"position":5},"title":"Divagazioni sul Presidente della Repubblica &#8211; 2","author":"Rufus","date":"20\/04\/2013","format":false,"excerpt":"Mentre scrivo non so se Rodot\u00e0, alla fine, ce la far\u00e0, o se torner\u00e0 in campo Marini o se D'Alema che gioca dietro le quinte avr\u00e0 un improvviso guizzo e brucer\u00e0 tutti sul traguardo. O forse salter\u00e0 fuori un altro candidato imprevisto, chiss\u00e0. (EDIT: a quanto pare eleggono Napolitano: ma\u2026","rel":"","context":"In &quot;Coordinate&quot;","block_context":{"text":"Coordinate","link":"https:\/\/www.robertosedda.it\/?cat=52"},"img":{"alt_text":"","src":"https:\/\/i0.wp.com\/www.robertosedda.it\/wp-content\/uploads\/2013\/04\/D_alema-ruini.jpg?fit=800%2C532&ssl=1&resize=350%2C200","width":350,"height":200,"srcset":"https:\/\/i0.wp.com\/www.robertosedda.it\/wp-content\/uploads\/2013\/04\/D_alema-ruini.jpg?fit=800%2C532&ssl=1&resize=350%2C200 1x, https:\/\/i0.wp.com\/www.robertosedda.it\/wp-content\/uploads\/2013\/04\/D_alema-ruini.jpg?fit=800%2C532&ssl=1&resize=700%2C400 2x"},"classes":[]}],"_links":{"self":[{"href":"https:\/\/www.robertosedda.it\/index.php?rest_route=\/wp\/v2\/posts\/2799"}],"collection":[{"href":"https:\/\/www.robertosedda.it\/index.php?rest_route=\/wp\/v2\/posts"}],"about":[{"href":"https:\/\/www.robertosedda.it\/index.php?rest_route=\/wp\/v2\/types\/post"}],"author":[{"embeddable":true,"href":"https:\/\/www.robertosedda.it\/index.php?rest_route=\/wp\/v2\/users\/1"}],"replies":[{"embeddable":true,"href":"https:\/\/www.robertosedda.it\/index.php?rest_route=%2Fwp%2Fv2%2Fcomments&post=2799"}],"version-history":[{"count":6,"href":"https:\/\/www.robertosedda.it\/index.php?rest_route=\/wp\/v2\/posts\/2799\/revisions"}],"predecessor-version":[{"id":19484,"href":"https:\/\/www.robertosedda.it\/index.php?rest_route=\/wp\/v2\/posts\/2799\/revisions\/19484"}],"wp:featuredmedia":[{"embeddable":true,"href":"https:\/\/www.robertosedda.it\/index.php?rest_route=\/wp\/v2\/media\/19483"}],"wp:attachment":[{"href":"https:\/\/www.robertosedda.it\/index.php?rest_route=%2Fwp%2Fv2%2Fmedia&parent=2799"}],"wp:term":[{"taxonomy":"category","embeddable":true,"href":"https:\/\/www.robertosedda.it\/index.php?rest_route=%2Fwp%2Fv2%2Fcategories&post=2799"},{"taxonomy":"post_tag","embeddable":true,"href":"https:\/\/www.robertosedda.it\/index.php?rest_route=%2Fwp%2Fv2%2Ftags&post=2799"}],"curies":[{"name":"wp","href":"https:\/\/api.w.org\/{rel}","templated":true}]}}