{"id":273,"date":"2012-08-21T16:46:21","date_gmt":"2012-08-21T14:46:21","guid":{"rendered":"http:\/\/www.robertosedda.it\/?p=273"},"modified":"2012-08-22T16:30:23","modified_gmt":"2012-08-22T14:30:23","slug":"lombra-dellaquila","status":"publish","type":"post","link":"https:\/\/www.robertosedda.it\/?p=273","title":{"rendered":"L&#8217;ombra dell&#8217;aquila"},"content":{"rendered":"<p><a href=\"https:\/\/i0.wp.com\/www.robertosedda.it\/wp-content\/uploads\/2012\/08\/9788843803569.jpg\"><img data-attachment-id=\"274\" data-permalink=\"https:\/\/www.robertosedda.it\/?attachment_id=274\" data-orig-file=\"https:\/\/i0.wp.com\/www.robertosedda.it\/wp-content\/uploads\/2012\/08\/9788843803569.jpg?fit=150%2C240&amp;ssl=1\" data-orig-size=\"150,240\" data-comments-opened=\"1\" data-image-meta=\"{&quot;aperture&quot;:&quot;0&quot;,&quot;credit&quot;:&quot;&quot;,&quot;camera&quot;:&quot;&quot;,&quot;caption&quot;:&quot;&quot;,&quot;created_timestamp&quot;:&quot;0&quot;,&quot;copyright&quot;:&quot;&quot;,&quot;focal_length&quot;:&quot;0&quot;,&quot;iso&quot;:&quot;0&quot;,&quot;shutter_speed&quot;:&quot;0&quot;,&quot;title&quot;:&quot;&quot;}\" data-image-title=\"9788843803569\" data-image-description=\"\" data-image-caption=\"\" data-medium-file=\"https:\/\/i0.wp.com\/www.robertosedda.it\/wp-content\/uploads\/2012\/08\/9788843803569.jpg?fit=150%2C240&amp;ssl=1\" data-large-file=\"https:\/\/i0.wp.com\/www.robertosedda.it\/wp-content\/uploads\/2012\/08\/9788843803569.jpg?fit=150%2C240&amp;ssl=1\" decoding=\"async\" loading=\"lazy\" class=\"alignright size-full wp-image-274\" title=\"9788843803569\" src=\"https:\/\/i0.wp.com\/www.robertosedda.it\/wp-content\/uploads\/2012\/08\/9788843803569.jpg?resize=150%2C240\" alt=\"\" width=\"150\" height=\"240\" data-recalc-dims=\"1\" \/><\/a>Pi\u00f9 che un romanzo, un racconto lungo.<\/p>\n<p>La narrazione segue le traversie di un reparto dell&#8217;esercito spagnolo rimasto isolato in Danimarca durante l&#8217;epoca napoleonica, internato ad Amburgo e poi costretto a servire durante la campagna di Russia.<\/p>\n<p>L&#8217;espisodio iniziale della battaglia di Sbodonovo \u00e8 fulminante, il resto rappresenta, con molti <em>flash back<\/em> e anticipazioni, la cornice di quell&#8217;episodio. In realt\u00e0, il racconto di Sbodonovo prende, in totale, pi\u00f9 di met\u00e0 del libro.<\/p>\n<p>C&#8217;\u00e8 nel racconto molta ironia, un amore dolente per i poveri fantaccini di prima linea e una dose sovrabbondante di guapismo spagnolo. Bello, anche se alla fine leggero leggero (ma \u00e8 un racconto, non un romanzo, e la leggerezza ci sta).<\/p>\n","protected":false},"excerpt":{"rendered":"<p>Pi\u00f9 che un romanzo, un racconto lungo. La narrazione segue le traversie di un reparto dell&#8217;esercito spagnolo rimasto isolato in<\/p>\n","protected":false},"author":1,"featured_media":274,"comment_status":"open","ping_status":"open","sticky":false,"template":"","format":"standard","meta":{"_mi_skip_tracking":false,"_monsterinsights_sitenote_active":false,"_monsterinsights_sitenote_note":"","_monsterinsights_sitenote_category":0,"jetpack_post_was_ever_published":false,"_jetpack_newsletter_access":"","jetpack_publicize_message":"","jetpack_is_tweetstorm":false,"jetpack_publicize_feature_enabled":true,"jetpack_social_post_already_shared":false,"jetpack_social_options":{"image_generator_settings":{"template":"highway","enabled":false}}},"categories":[70,52,56,13,12],"tags":[],"jetpack_publicize_connections":[],"jetpack_featured_media_url":"https:\/\/i0.wp.com\/www.robertosedda.it\/wp-content\/uploads\/2012\/08\/9788843803569.jpg?fit=150%2C240&ssl=1","jetpack_sharing_enabled":true,"jetpack_shortlink":"https:\/\/wp.me\/p4jV2T-4p","jetpack_likes_enabled":true,"jetpack-related-posts":[{"id":20750,"url":"https:\/\/www.robertosedda.it\/?p=20750","url_meta":{"origin":273,"position":0},"title":"Un certo capitano Batiste, o Eltriste","author":"Rufus","date":"28\/08\/2025","format":false,"excerpt":"Come ho raccontato l'altro giorno, ho finito da poco la raccolta completa dei sette romanzi dedicati da P\u00e9rez-Reverte al suo personaggio pi\u00f9 famoso, il capitano Alatriste. Avevo letto il primo romanzo della serie molti anni fa, trovandolo un interessante racconto di cappa e spada di taglio molto moderno e certamente\u2026","rel":"","context":"In &quot;Cappe e spade&quot;","block_context":{"text":"Cappe e spade","link":"https:\/\/www.robertosedda.it\/?cat=70"},"img":{"alt_text":"","src":"https:\/\/i0.wp.com\/www.robertosedda.it\/wp-content\/uploads\/2025\/08\/todo_alatriste_detalle_portada.jpg?fit=631%2C436&ssl=1&resize=350%2C200","width":350,"height":200},"classes":[]},{"id":2965,"url":"https:\/\/www.robertosedda.it\/?p=2965","url_meta":{"origin":273,"position":1},"title":"Kim e il grande gioco a &#8220;Oggi parliamo di libri&#8221;","author":"Rufus","date":"22\/04\/2013","format":"video","excerpt":"Ho appena messo in linea la puntata di Oggi parliamo di libri dedicata a Kim, il capolavoro di Kipling. Ho approfittato della puntata per puntualizzare alcuni temi che mi accompagnano (devo dire: con un senso di sorpresa, perch\u00e9 son cose che ho scoperte rimettendo mano ai libri per preparare le\u2026","rel":"","context":"In &quot;Cappe e spade&quot;","block_context":{"text":"Cappe e spade","link":"https:\/\/www.robertosedda.it\/?cat=70"},"img":{"alt_text":"","src":"https:\/\/i0.wp.com\/www.robertosedda.it\/wp-content\/uploads\/2013\/04\/ilcosaccoGIGANTIAVVEN075-214x300.jpg?resize=350%2C200","width":350,"height":200},"classes":[]},{"id":3408,"url":"https:\/\/www.robertosedda.it\/?p=3408","url_meta":{"origin":273,"position":2},"title":"I tre moschettieri in linea","author":"Rufus","date":"04\/06\/2013","format":"video","excerpt":"Ho aggiunto oggi la puntata (la ventiduesima, come passa il tempo) di Oggi parliamo di libri\u00a0dedicata al cappa e spada: per parlarne ho scelto I tre moschettieri, ed era una scelta quasi obbligata. Durante la puntata sono riuscito a dire pi\u00f9 o meno quasi tutto quel che volevo dire, quindi\u2026","rel":"","context":"In &quot;Cappe e spade&quot;","block_context":{"text":"Cappe e spade","link":"https:\/\/www.robertosedda.it\/?cat=70"},"img":{"alt_text":"","src":"https:\/\/i0.wp.com\/www.robertosedda.it\/wp-content\/uploads\/2013\/06\/Tre-moschettieri.png?fit=767%2C448&ssl=1&resize=350%2C200","width":350,"height":200,"srcset":"https:\/\/i0.wp.com\/www.robertosedda.it\/wp-content\/uploads\/2013\/06\/Tre-moschettieri.png?fit=767%2C448&ssl=1&resize=350%2C200 1x, https:\/\/i0.wp.com\/www.robertosedda.it\/wp-content\/uploads\/2013\/06\/Tre-moschettieri.png?fit=767%2C448&ssl=1&resize=700%2C400 2x"},"classes":[]},{"id":5951,"url":"https:\/\/www.robertosedda.it\/?p=5951","url_meta":{"origin":273,"position":3},"title":"Il &#8220;Canto di Natale&#8221; di Charles Dickens","author":"Rufus","date":"24\/01\/2014","format":"video","excerpt":"Non so se pecco di immodestia, ma la puntata del giorno di Santo Stefano di Oggi parliamo di libri, dedicata al Canto di Natale mi sembra essere riuscita piuttosto bene. Suggerimenti che non sono riuscito a dare All'inizio avevo una mezza idea di provare a leggere l'intero Canto, ma mi\u2026","rel":"","context":"In &quot;Coordinate&quot;","block_context":{"text":"Coordinate","link":"https:\/\/www.robertosedda.it\/?cat=52"},"img":{"alt_text":"","src":"https:\/\/i0.wp.com\/www.robertosedda.it\/wp-content\/uploads\/2014\/01\/Tomalin-Dickens.jpg?fit=260%2C401&ssl=1&resize=350%2C200","width":350,"height":200},"classes":[]},{"id":147,"url":"https:\/\/www.robertosedda.it\/?p=147","url_meta":{"origin":273,"position":4},"title":"The Chronicles of Captain Blood","author":"Rufus","date":"21\/08\/2012","format":false,"excerpt":"Una lettura piacevole. Trattandosi del seguito di un romanzo che non poteva avere continuazione l'autore sceglie di raccontare brevi avventure del Capitano Blood che si collocano parallelamente alle vicende narrate nel primo romanzo: in un certo senso si potrebbe dire che \u00e8 pi\u00f9 uno spin off che un sequel. In\u2026","rel":"","context":"In &quot;Cappe e spade&quot;","block_context":{"text":"Cappe e spade","link":"https:\/\/www.robertosedda.it\/?cat=70"},"img":{"alt_text":"","src":"https:\/\/i0.wp.com\/www.robertosedda.it\/wp-content\/uploads\/2012\/08\/r14171.jpg?fit=219%2C347&ssl=1&resize=350%2C200","width":350,"height":200},"classes":[]},{"id":20063,"url":"https:\/\/www.robertosedda.it\/?p=20063","url_meta":{"origin":273,"position":5},"title":"Giri turistici","author":"Rufus","date":"19\/04\/2023","format":false,"excerpt":"The white company (A. Conan Doyle, Feedbooks) Sto leggendo, fra le altre cose, The white company , una escursione dell'autore di Sherlock Holmes nel Medio Evo; avevo letto diversi anni fa Sir Nigel, il libro precedente (anche se in realt\u00e0 \u00e8 un prequel scritto successivamente) e vedendo passare questo fra\u2026","rel":"","context":"In &quot;Cappe e spade&quot;","block_context":{"text":"Cappe e spade","link":"https:\/\/www.robertosedda.it\/?cat=70"},"img":{"alt_text":"","src":"https:\/\/i0.wp.com\/www.robertosedda.it\/wp-content\/uploads\/2023\/04\/Alatriste.jpg?resize=350%2C200&ssl=1","width":350,"height":200,"srcset":"https:\/\/i0.wp.com\/www.robertosedda.it\/wp-content\/uploads\/2023\/04\/Alatriste.jpg?resize=350%2C200&ssl=1 1x, https:\/\/i0.wp.com\/www.robertosedda.it\/wp-content\/uploads\/2023\/04\/Alatriste.jpg?resize=700%2C400&ssl=1 2x, https:\/\/i0.wp.com\/www.robertosedda.it\/wp-content\/uploads\/2023\/04\/Alatriste.jpg?resize=1050%2C600&ssl=1 3x, https:\/\/i0.wp.com\/www.robertosedda.it\/wp-content\/uploads\/2023\/04\/Alatriste.jpg?resize=1400%2C800&ssl=1 4x"},"classes":[]}],"_links":{"self":[{"href":"https:\/\/www.robertosedda.it\/index.php?rest_route=\/wp\/v2\/posts\/273"}],"collection":[{"href":"https:\/\/www.robertosedda.it\/index.php?rest_route=\/wp\/v2\/posts"}],"about":[{"href":"https:\/\/www.robertosedda.it\/index.php?rest_route=\/wp\/v2\/types\/post"}],"author":[{"embeddable":true,"href":"https:\/\/www.robertosedda.it\/index.php?rest_route=\/wp\/v2\/users\/1"}],"replies":[{"embeddable":true,"href":"https:\/\/www.robertosedda.it\/index.php?rest_route=%2Fwp%2Fv2%2Fcomments&post=273"}],"version-history":[{"count":5,"href":"https:\/\/www.robertosedda.it\/index.php?rest_route=\/wp\/v2\/posts\/273\/revisions"}],"predecessor-version":[{"id":491,"href":"https:\/\/www.robertosedda.it\/index.php?rest_route=\/wp\/v2\/posts\/273\/revisions\/491"}],"wp:featuredmedia":[{"embeddable":true,"href":"https:\/\/www.robertosedda.it\/index.php?rest_route=\/wp\/v2\/media\/274"}],"wp:attachment":[{"href":"https:\/\/www.robertosedda.it\/index.php?rest_route=%2Fwp%2Fv2%2Fmedia&parent=273"}],"wp:term":[{"taxonomy":"category","embeddable":true,"href":"https:\/\/www.robertosedda.it\/index.php?rest_route=%2Fwp%2Fv2%2Fcategories&post=273"},{"taxonomy":"post_tag","embeddable":true,"href":"https:\/\/www.robertosedda.it\/index.php?rest_route=%2Fwp%2Fv2%2Ftags&post=273"}],"curies":[{"name":"wp","href":"https:\/\/api.w.org\/{rel}","templated":true}]}}