{"id":265,"date":"2012-08-21T16:34:28","date_gmt":"2012-08-21T14:34:28","guid":{"rendered":"http:\/\/www.robertosedda.it\/?p=265"},"modified":"2012-08-22T16:30:00","modified_gmt":"2012-08-22T14:30:00","slug":"leternauta","status":"publish","type":"post","link":"https:\/\/www.robertosedda.it\/?p=265","title":{"rendered":"L&#8217;Eternauta"},"content":{"rendered":"<p>Di per s\u00e9 il capolavoro di Oesterheld e Solano Lopez meriterebbe il mssimo dei voti, ma in questa edizione di Repubblica le magnifiche tavole originali sono veramente troppo sacrificate.<\/p>\n<p><a href=\"https:\/\/i0.wp.com\/www.robertosedda.it\/wp-content\/uploads\/2012\/08\/eternauta.jpg\"><img data-attachment-id=\"266\" data-permalink=\"https:\/\/www.robertosedda.it\/?attachment_id=266\" data-orig-file=\"https:\/\/i0.wp.com\/www.robertosedda.it\/wp-content\/uploads\/2012\/08\/eternauta.jpg?fit=564%2C769&amp;ssl=1\" data-orig-size=\"564,769\" data-comments-opened=\"1\" data-image-meta=\"{&quot;aperture&quot;:&quot;0&quot;,&quot;credit&quot;:&quot;&quot;,&quot;camera&quot;:&quot;&quot;,&quot;caption&quot;:&quot;&quot;,&quot;created_timestamp&quot;:&quot;0&quot;,&quot;copyright&quot;:&quot;&quot;,&quot;focal_length&quot;:&quot;0&quot;,&quot;iso&quot;:&quot;0&quot;,&quot;shutter_speed&quot;:&quot;0&quot;,&quot;title&quot;:&quot;&quot;}\" data-image-title=\"eternauta\" data-image-description=\"\" data-image-caption=\"\" data-medium-file=\"https:\/\/i0.wp.com\/www.robertosedda.it\/wp-content\/uploads\/2012\/08\/eternauta.jpg?fit=220%2C300&amp;ssl=1\" data-large-file=\"https:\/\/i0.wp.com\/www.robertosedda.it\/wp-content\/uploads\/2012\/08\/eternauta.jpg?fit=510%2C695&amp;ssl=1\" decoding=\"async\" loading=\"lazy\" class=\"alignright size-medium wp-image-266\" title=\"eternauta\" src=\"https:\/\/i0.wp.com\/www.robertosedda.it\/wp-content\/uploads\/2012\/08\/eternauta.jpg?resize=220%2C300\" alt=\"\" width=\"220\" height=\"300\" srcset=\"https:\/\/i0.wp.com\/www.robertosedda.it\/wp-content\/uploads\/2012\/08\/eternauta.jpg?resize=220%2C300&amp;ssl=1 220w, https:\/\/i0.wp.com\/www.robertosedda.it\/wp-content\/uploads\/2012\/08\/eternauta.jpg?w=564&amp;ssl=1 564w\" sizes=\"(max-width: 220px) 100vw, 220px\" data-recalc-dims=\"1\" \/><\/a>Anche in questa edizione, comunque, emerge la maestria della costruzione della trama, cos\u00ec perfetta nel suo tessere insieme vicende &#8220;puramente&#8221; avventurose con tutto il ventaglio possibile delle emozioni vissute dai protagonisti, in particolare Juan Galvez, un eroe di cui si \u00e8 visto raramente il pari in termini di &#8220;normalit\u00e0&#8221; e di umanit\u00e0. E naturalmente il colpo di scena finale si ricongiunge elegantemente con l&#8217;inizio in una bella spirale che avvolge il racconto su se stesso e apre nuove prospettive.<\/p>\n<p>Il disegno di Solano Lopez, anche se sacrificato, come ho detto, \u00e8 particolarmente espressivo, soprattutto nella galleria dei volti e dei personaggi,\u00a0nel rendere il biancore accecante di Buenos Aires sotto la nevicata mortale e nelle scene di penombra, in cui il livore delle facce tormentate contrasta efficacemente con le ombre del crepuscolo perenne in cui sono gettati i protagonisti.<\/p>\n","protected":false},"excerpt":{"rendered":"<p>Di per s\u00e9 il capolavoro di Oesterheld e Solano Lopez meriterebbe il mssimo dei voti, ma in questa edizione di<\/p>\n","protected":false},"author":1,"featured_media":266,"comment_status":"open","ping_status":"open","sticky":false,"template":"","format":"standard","meta":{"_mi_skip_tracking":false,"_monsterinsights_sitenote_active":false,"_monsterinsights_sitenote_note":"","_monsterinsights_sitenote_category":0,"jetpack_post_was_ever_published":false,"_jetpack_newsletter_access":"","jetpack_publicize_message":"","jetpack_is_tweetstorm":false,"jetpack_publicize_feature_enabled":true,"jetpack_social_post_already_shared":false,"jetpack_social_options":{"image_generator_settings":{"template":"highway","enabled":false}}},"categories":[52,63,20,56,12],"tags":[],"jetpack_publicize_connections":[],"jetpack_featured_media_url":"https:\/\/i0.wp.com\/www.robertosedda.it\/wp-content\/uploads\/2012\/08\/eternauta.jpg?fit=564%2C769&ssl=1","jetpack_sharing_enabled":true,"jetpack_shortlink":"https:\/\/wp.me\/p4jV2T-4h","jetpack_likes_enabled":true,"jetpack-related-posts":[{"id":1668,"url":"https:\/\/www.robertosedda.it\/?p=1668","url_meta":{"origin":265,"position":0},"title":"L&#8217;Eternauta a &#8220;Oggi parliamo di libri&#8221;","author":"Rufus","date":"14\/12\/2012","format":false,"excerpt":"Quella che segue \u00e8 un po' la sintesi dei miei appunti e un po' trascrizione delle cose che ho detto ieri sull'Eternauta durante la seconda puntata di Oggi parliamo di libri. Cari ascoltatori, salve a tutti e ben ritrovati sulle frequenze di Radio Kalaritana: io sono Roberto Sedda e, come\u2026","rel":"","context":"In &quot;Coordinate&quot;","block_context":{"text":"Coordinate","link":"https:\/\/www.robertosedda.it\/?cat=52"},"img":{"alt_text":"","src":"https:\/\/i0.wp.com\/www.robertosedda.it\/wp-content\/uploads\/2012\/12\/LEternauta-500px.jpg?fit=500%2C403&ssl=1&resize=350%2C200","width":350,"height":200},"classes":[]},{"id":16141,"url":"https:\/\/www.robertosedda.it\/?p=16141","url_meta":{"origin":265,"position":1},"title":"Osservatori non partecipanti","author":"Rufus","date":"14\/01\/2019","format":false,"excerpt":"Ho letto da poco l'ultimo numero di Medea, cio\u00e8 Medea \u00e8\u00a0la rivista\u00a0internazionale di studi interculturali\u00a0peer-reviewed e open access del Laboratorio \"Xenoi: pratiche, immagini, parole\" dell'Universit\u00e0 di Cagliari e del Laboratorio \"Valdrada\" dell'Universit\u00e0 di Perugia, una rivista che \u00e8 interessante non solo per i contenuti (con una costante riflessione sul tema\u2026","rel":"","context":"In &quot;Coordinate&quot;","block_context":{"text":"Coordinate","link":"https:\/\/www.robertosedda.it\/?cat=52"},"img":{"alt_text":"","src":"","width":0,"height":0},"classes":[]},{"id":8937,"url":"https:\/\/www.robertosedda.it\/?p=8937","url_meta":{"origin":265,"position":2},"title":"Il vostro inviato quasi in diretta dal &#8220;Festival delle terre&#8221;","author":"Rufus","date":"21\/11\/2014","format":"video","excerpt":"Sono andato ieri alla prima giornata cagliaritana del\u00a0Festival delle terre\u00a02014, nell'insolita collocazione (peraltro bella) dell'ExMa. Il Festival \u00e8 \u00a0da sempre dedicato al tema della biodiversit\u00e0: quest'anno l'accento cade\u00a0sui contadini, secondo due sezioni tematiche: una \u00e8 quella che riguarda la sovranit\u00e0 alimentare e il diritto dei contadini ad accedere alle risorse\u2026","rel":"","context":"In &quot;Coordinate&quot;","block_context":{"text":"Coordinate","link":"https:\/\/www.robertosedda.it\/?cat=52"},"img":{"alt_text":"","src":"https:\/\/i0.wp.com\/img.youtube.com\/vi\/QbwQv3VHer4\/0.jpg?resize=350%2C200","width":350,"height":200},"classes":[]},{"id":8746,"url":"https:\/\/www.robertosedda.it\/?p=8746","url_meta":{"origin":265,"position":3},"title":"Romeo e Giulietta, i conflitti e gli adolescenti inconsapevoli","author":"Rufus","date":"23\/10\/2014","format":"video","excerpt":"Quel che in trasmissione c'era Sono abbastanza soddisfatto della puntata su\u00a0Romeo e Giulietta di\u00a0Oggi parliamo di libri, soprattutto perch\u00e9 sono convinto che la chiave di lettura proposta, nel mio piccolo di critico dilettante, \u00e8 corretta o perlomeno interessante: l'idea di leggere il dramma come se fosse una\u00a0storia che parla dei\u2026","rel":"","context":"In &quot;Coordinate&quot;","block_context":{"text":"Coordinate","link":"https:\/\/www.robertosedda.it\/?cat=52"},"img":{"alt_text":"","src":"https:\/\/i0.wp.com\/img.youtube.com\/vi\/mMipcfjp6AY\/0.jpg?resize=350%2C200","width":350,"height":200},"classes":[]},{"id":16770,"url":"https:\/\/www.robertosedda.it\/?p=16770","url_meta":{"origin":265,"position":4},"title":"Topi a Los Angeles","author":"Rufus","date":"04\/06\/2019","format":false,"excerpt":"Io e il mio socio e compagno Fabbricastorie Andrea Salidu intratteniamo da tempo l'idea che Los Angeles \u00e8 un po' la cartina di tornasole del futuro (si, l'idea ci viene dalla lettura del libro qui a fianco). \u00c8 per questo motivo che ho trovato molto interessante un articolo pubblicato lo\u2026","rel":"","context":"In &quot;Coordinate&quot;","block_context":{"text":"Coordinate","link":"https:\/\/www.robertosedda.it\/?cat=52"},"img":{"alt_text":"","src":"https:\/\/i0.wp.com\/www.robertosedda.it\/wp-content\/uploads\/2019\/06\/LA-trash-3.jpg?fit=800%2C533&ssl=1&resize=350%2C200","width":350,"height":200,"srcset":"https:\/\/i0.wp.com\/www.robertosedda.it\/wp-content\/uploads\/2019\/06\/LA-trash-3.jpg?fit=800%2C533&ssl=1&resize=350%2C200 1x, https:\/\/i0.wp.com\/www.robertosedda.it\/wp-content\/uploads\/2019\/06\/LA-trash-3.jpg?fit=800%2C533&ssl=1&resize=700%2C400 2x"},"classes":[]},{"id":2307,"url":"https:\/\/www.robertosedda.it\/?p=2307","url_meta":{"origin":265,"position":5},"title":"Al seggio","author":"Rufus","date":"23\/02\/2013","format":false,"excerpt":"Ernesto Buonaiuti (storia del cristianesimo), Giuseppe Antonio Borgese (estetica), Mario Carrara (antropologia criminale), Antonio De Viti De Marco (scienza delle finanze), Gaetano De Sanctis (storia antica), Floriano Del Secolo (lettere e filosofia), Giorgio Errera (chimica), Giorgio Levi Della Vida (lingue semitiche), Piero Martinetti (filosofia), Fabio Luzzatto (diritto civile), Bartolo Nigrisoli\u2026","rel":"","context":"In &quot;Coordinate&quot;","block_context":{"text":"Coordinate","link":"https:\/\/www.robertosedda.it\/?cat=52"},"img":{"alt_text":"","src":"https:\/\/i0.wp.com\/www.robertosedda.it\/wp-content\/uploads\/2013\/02\/vignetta-staino-america-vs-italia.jpg?fit=400%2C319&ssl=1&resize=350%2C200","width":350,"height":200},"classes":[]}],"_links":{"self":[{"href":"https:\/\/www.robertosedda.it\/index.php?rest_route=\/wp\/v2\/posts\/265"}],"collection":[{"href":"https:\/\/www.robertosedda.it\/index.php?rest_route=\/wp\/v2\/posts"}],"about":[{"href":"https:\/\/www.robertosedda.it\/index.php?rest_route=\/wp\/v2\/types\/post"}],"author":[{"embeddable":true,"href":"https:\/\/www.robertosedda.it\/index.php?rest_route=\/wp\/v2\/users\/1"}],"replies":[{"embeddable":true,"href":"https:\/\/www.robertosedda.it\/index.php?rest_route=%2Fwp%2Fv2%2Fcomments&post=265"}],"version-history":[{"count":4,"href":"https:\/\/www.robertosedda.it\/index.php?rest_route=\/wp\/v2\/posts\/265\/revisions"}],"predecessor-version":[{"id":489,"href":"https:\/\/www.robertosedda.it\/index.php?rest_route=\/wp\/v2\/posts\/265\/revisions\/489"}],"wp:featuredmedia":[{"embeddable":true,"href":"https:\/\/www.robertosedda.it\/index.php?rest_route=\/wp\/v2\/media\/266"}],"wp:attachment":[{"href":"https:\/\/www.robertosedda.it\/index.php?rest_route=%2Fwp%2Fv2%2Fmedia&parent=265"}],"wp:term":[{"taxonomy":"category","embeddable":true,"href":"https:\/\/www.robertosedda.it\/index.php?rest_route=%2Fwp%2Fv2%2Fcategories&post=265"},{"taxonomy":"post_tag","embeddable":true,"href":"https:\/\/www.robertosedda.it\/index.php?rest_route=%2Fwp%2Fv2%2Ftags&post=265"}],"curies":[{"name":"wp","href":"https:\/\/api.w.org\/{rel}","templated":true}]}}