{"id":2585,"date":"2013-03-17T15:28:05","date_gmt":"2013-03-17T14:28:05","guid":{"rendered":"http:\/\/www.robertosedda.it\/?p=2585"},"modified":"2022-03-22T16:20:29","modified_gmt":"2022-03-22T15:20:29","slug":"funghi-e-formiche-zombie","status":"publish","type":"post","link":"https:\/\/www.robertosedda.it\/?p=2585","title":{"rendered":"Funghi e formiche zombie"},"content":{"rendered":"<p>Un <a href=\"http:\/\/www.nationalgeographic.it\/natura\/2011\/03\/04\/foto\/formiche_zombi_con_il_fungo_killer-198426\/1\/\">articolo del<\/a> <em>National Geographic<\/em> segnala che nelle foreste fluviali del sudamerica si \u00e8 diffuso un fungo che attacca le formiche uccidendole.<\/p>\n<p><a href=\"https:\/\/i0.wp.com\/www.robertosedda.it\/wp-content\/uploads\/2013\/03\/formica-zombie.jpg\"><img data-attachment-id=\"2586\" data-permalink=\"https:\/\/www.robertosedda.it\/?attachment_id=2586\" data-orig-file=\"https:\/\/i0.wp.com\/www.robertosedda.it\/wp-content\/uploads\/2013\/03\/formica-zombie.jpg?fit=600%2C450&amp;ssl=1\" data-orig-size=\"600,450\" data-comments-opened=\"1\" data-image-meta=\"{&quot;aperture&quot;:&quot;0&quot;,&quot;credit&quot;:&quot;&quot;,&quot;camera&quot;:&quot;&quot;,&quot;caption&quot;:&quot;&quot;,&quot;created_timestamp&quot;:&quot;0&quot;,&quot;copyright&quot;:&quot;&quot;,&quot;focal_length&quot;:&quot;0&quot;,&quot;iso&quot;:&quot;0&quot;,&quot;shutter_speed&quot;:&quot;0&quot;,&quot;title&quot;:&quot;&quot;}\" data-image-title=\"formica zombie\" data-image-description=\"\" data-image-caption=\"\" data-medium-file=\"https:\/\/i0.wp.com\/www.robertosedda.it\/wp-content\/uploads\/2013\/03\/formica-zombie.jpg?fit=300%2C225&amp;ssl=1\" data-large-file=\"https:\/\/i0.wp.com\/www.robertosedda.it\/wp-content\/uploads\/2013\/03\/formica-zombie.jpg?fit=510%2C383&amp;ssl=1\" decoding=\"async\" loading=\"lazy\" class=\"alignleft size-medium wp-image-2586\" alt=\"formica zombie\" src=\"https:\/\/i0.wp.com\/www.robertosedda.it\/wp-content\/uploads\/2013\/03\/formica-zombie.jpg?resize=300%2C225\" width=\"300\" height=\"225\" srcset=\"https:\/\/i0.wp.com\/www.robertosedda.it\/wp-content\/uploads\/2013\/03\/formica-zombie.jpg?resize=300%2C225&amp;ssl=1 300w, https:\/\/i0.wp.com\/www.robertosedda.it\/wp-content\/uploads\/2013\/03\/formica-zombie.jpg?resize=268%2C200&amp;ssl=1 268w, https:\/\/i0.wp.com\/www.robertosedda.it\/wp-content\/uploads\/2013\/03\/formica-zombie.jpg?w=600&amp;ssl=1 600w\" sizes=\"(max-width: 300px) 100vw, 300px\" data-recalc-dims=\"1\" \/><\/a>Il fungo si insedia nel cervello dell&#8217;animale inducendolo a recarsi in un luogo fresco e umido, adatto alla riproduzione del fungo (con qualche esagerazione, si dice che trasforma le formiche in &#8220;zombie&#8221;, prendendone il controllo). Giunto nel luogo opportuno il fungo uccide la formica, disperdendo spore che andranno a infettare e controllare altri ospiti.<\/p>\n<p>La proliferazione del fungo, che \u00e8 considerato in questo senso &#8220;nuovo&#8221;, sembra legata a variazioni ambientali e climatiche, innalzamento della temperatura, variazione delle stagioni e deforestazione.\u00a0 Il che naturalmente costituisce l&#8217;ennesimo segnale delle catastrofi ecologiche che l&#8217;azione dell&#8217;uomo potrebbe scatenare (o ha gi\u00e0 scatenato).<\/p>\n<h2>Uno scenario narrativo per le formiche zombie<\/h2>\n<p>Senza voler sottovalutare la gravit\u00e0 di questi fenomeni, quello che mi colpisce \u00e8 la dimensione narrativa di questa storia, che si presta perfettamente per costruire uno scenario di gioco di ruolo (o un film o un libro).<\/p>\n<p>Immaginiamo che il fungo possa <em>mutare<\/em> e migrare da un ospite insetto ai mammiferi (o addirittura all&#8217;uomo). Potrebbe mutare spontaneamente, oppure ci sono i soliti militari di mezzo, che si baloccano con l&#8217;Armageddon, magari perch\u00e9 si illudono che una variet\u00e0 di fungo mutata possa essere utile per costruire un supersoldato ciecamente obbediente agli ordini.<\/p>\n<p>Parentesi: in questo scenario le dichiarazioni del prof. Hughes, che sta studiando il fenomeno, non sono molto rassicuranti. Il professore sembra unicamente interessato al fatto che, <em>oh gioia!<\/em>, forse ci sono altre <em>migliaia<\/em> di specie di funghi simili nascoste nelle profondit\u00e0 delle foreste tropicali. Detto cos\u00ec, il professore sembra il tipico scienziato presente in questo tipo di narrazioni il quale, perso dietro la sua sete di conoscenza, ignora la dimensione distruttiva del fenomeno che sta studiando.<\/p>\n<p>Ma torniamo a noi: il fungo sfugge ai controlli e ce lo ritroviamo <em>in the open<\/em>, con migliaia di umani contagiati che si dirigono verso luoghi prefissati dai parametri dei militari, ma non per difenderli, bens\u00ec per attaccarli. Oppure, in una variante pi\u00f9 metafisica, il fungo \u00e8 mutato da solo e nessuno sa perch\u00e9 le persone si dirigono, che so, verso Nazca piuttosto che verso l&#8217;Area 51. Oppure ci potrebbe essere una variante: i militari hanno impiantato un certo tipo di comando nel fungo, ma l&#8217;organismo lo sta interpretando in maniera del tutto inaspettata e, ovviamente, la pi\u00f9 tragica possibile.<\/p>\n<p>Da l\u00ec in poi la sequenza narrativa \u00e8 pronta: l&#8217;emergenza mondiale, il frenetico consultarsi dei governi, l&#8217;imposizione delle legge marziale, la corsa contro il tempo per trovare una soluzione&#8230; oppure, a un livello micro, un gruppo di personaggi (magari una famiglia) che tenta disperatamente di uscire dalla zona di propagazione per arrivare al sicuro.<\/p>\n<p>Una variante forse pi\u00f9 sottilmente <em>horror<\/em> \u00e8 quella per la quale il fungo non \u00e8 mutato fino a poter attaccare l&#8217;uomo, ma solo un tipo di animale domestico, come il cane o il gatto, e improvvisamente i piccoli amici diventano i peggiori nemici.<\/p>\n<p>Per fortuna la soluzione stessa al fungo zombificatore sembra esistere in natura: <a href=\"http:\/\/www.nationalgeographic.it\/natura\/animali\/2012\/05\/08\/news\/il_fungo_della_formica_zombie_sotto_attacco-1005982\/\">lo stesso <em>National Geographic<\/em> racconta di un altro fungo antagonista che impedisce la propagazione del primo<\/a>. Anche procuraselo, o produrlo nelle quantit\u00e0 richieste, potrebbe essere un&#8217;avventura in s\u00e9. E magari c&#8217;\u00e8 una setta millennaristica che <em>non<\/em> vuole che l&#8217;umanit\u00e0 si salvi.<\/p>\n<p>\u00c8 uno scenario <em>horror<\/em>-fantascientifico interessante, e meriterebbe di essere scritto per bene da qualcuno. Ve lo regalo: in cambio spegnete la luce quando uscite dalle stanze, montate i pannelli fotovoltaici, usate meno l&#8217;auto e pi\u00f9 i trasporti pubblici, e tutto il resto. Altrimenti un giorno potrebbe <em>non <\/em>essere pi\u00f9 una storia&#8230;<\/p>\n","protected":false},"excerpt":{"rendered":"<p>Un articolo del National Geographic segnala che nelle foreste fluviali del sudamerica si \u00e8 diffuso un fungo che attacca le<\/p>\n","protected":false},"author":1,"featured_media":2586,"comment_status":"open","ping_status":"open","sticky":false,"template":"","format":"standard","meta":{"_mi_skip_tracking":false,"_monsterinsights_sitenote_active":false,"_monsterinsights_sitenote_note":"","_monsterinsights_sitenote_category":0,"jetpack_post_was_ever_published":false,"_jetpack_newsletter_access":"","jetpack_publicize_message":"","jetpack_is_tweetstorm":false,"jetpack_publicize_feature_enabled":true,"jetpack_social_post_already_shared":false,"jetpack_social_options":{"image_generator_settings":{"template":"highway","enabled":false}}},"categories":[52,9,56,61,19],"tags":[],"jetpack_publicize_connections":[],"jetpack_featured_media_url":"https:\/\/i0.wp.com\/www.robertosedda.it\/wp-content\/uploads\/2013\/03\/formica-zombie.jpg?fit=600%2C450&ssl=1","jetpack_sharing_enabled":true,"jetpack_shortlink":"https:\/\/wp.me\/p4jV2T-FH","jetpack_likes_enabled":true,"jetpack-related-posts":[{"id":11676,"url":"https:\/\/www.robertosedda.it\/?p=11676","url_meta":{"origin":2585,"position":0},"title":"Sono un fungo&#8230; velenoso!","author":"Rufus","date":"14\/03\/2016","format":"video","excerpt":"Qualche giorno fa ho insegnato alle nipoti un vecchio\u00a0ban (cio\u00e8 una canzone-gioco) che si chiama\u00a0Jack\u00a0sta\u00a0in cucina con Tina. Potete farvene un'idea qui sotto: https:\/\/www.youtube.com\/watch?v=oxe_zMlBK8c Alle nipoti \u00e8 piaciuto moltissimo e adesso lo vogliono rifare tutte le volte che ci sono gli zii ospiti a cena. Di queste\u00a0performance esiste temo, una\u2026","rel":"","context":"In &quot;Coordinate&quot;","block_context":{"text":"Coordinate","link":"https:\/\/www.robertosedda.it\/?cat=52"},"img":{"alt_text":"","src":"https:\/\/i0.wp.com\/www.robertosedda.it\/wp-content\/uploads\/2016\/03\/Fungo-velenoso.jpg?fit=955%2C556&ssl=1&resize=350%2C200","width":350,"height":200,"srcset":"https:\/\/i0.wp.com\/www.robertosedda.it\/wp-content\/uploads\/2016\/03\/Fungo-velenoso.jpg?fit=955%2C556&ssl=1&resize=350%2C200 1x, https:\/\/i0.wp.com\/www.robertosedda.it\/wp-content\/uploads\/2016\/03\/Fungo-velenoso.jpg?fit=955%2C556&ssl=1&resize=700%2C400 2x"},"classes":[]},{"id":17022,"url":"https:\/\/www.robertosedda.it\/?p=17022","url_meta":{"origin":2585,"position":1},"title":"Addio, banane","author":"Rufus","date":"20\/08\/2019","format":false,"excerpt":"Non \u00e8 che io ci goda a diffondere notizie apocalittiche, ma questo \u00e8 un periodo in cui abbondano. L'ultima, che leggo sulla edizione inglese di Wired, \u00e8 la diffusione di un fungo esiziale per le piantagioni di banane, che potrebbe in un tempo limitato portare all'estinzione delle banane di consumo\u2026","rel":"","context":"In &quot;Coordinate&quot;","block_context":{"text":"Coordinate","link":"https:\/\/www.robertosedda.it\/?cat=52"},"img":{"alt_text":"","src":"https:\/\/i0.wp.com\/www.robertosedda.it\/wp-content\/uploads\/2019\/08\/Banana.jpg?fit=1200%2C900&ssl=1&resize=350%2C200","width":350,"height":200,"srcset":"https:\/\/i0.wp.com\/www.robertosedda.it\/wp-content\/uploads\/2019\/08\/Banana.jpg?fit=1200%2C900&ssl=1&resize=350%2C200 1x, https:\/\/i0.wp.com\/www.robertosedda.it\/wp-content\/uploads\/2019\/08\/Banana.jpg?fit=1200%2C900&ssl=1&resize=700%2C400 2x, https:\/\/i0.wp.com\/www.robertosedda.it\/wp-content\/uploads\/2019\/08\/Banana.jpg?fit=1200%2C900&ssl=1&resize=1050%2C600 3x"},"classes":[]},{"id":10967,"url":"https:\/\/www.robertosedda.it\/?p=10967","url_meta":{"origin":2585,"position":2},"title":"Piccoli zombicidi fra amici","author":"Rufus","date":"08\/10\/2015","format":false,"excerpt":"Fra i\u00a0Fabbricastorie e gli amici che spesso giocano con noi va ultimamente molto di moda\u00a0Zombicide, un gioco da tavolo di ambientazione post-apocalittica (sul genere The Walking Dead,\u00a0a cui i riferimenti sono evidenti) nel quale, come dice il nome, principalmente si ammazzano\u00a0zombie (o, pi\u00f9 spesso, si viene ammazzati dagli\u00a0zombie). Il gioco\u2026","rel":"","context":"In &quot;Coordinate&quot;","block_context":{"text":"Coordinate","link":"https:\/\/www.robertosedda.it\/?cat=52"},"img":{"alt_text":"Amy Zombicide","src":"https:\/\/i0.wp.com\/www.robertosedda.it\/wp-content\/uploads\/2015\/10\/Amy-Zombicide.jpg?resize=350%2C200","width":350,"height":200,"srcset":"https:\/\/i0.wp.com\/www.robertosedda.it\/wp-content\/uploads\/2015\/10\/Amy-Zombicide.jpg?resize=350%2C200 1x, https:\/\/i0.wp.com\/www.robertosedda.it\/wp-content\/uploads\/2015\/10\/Amy-Zombicide.jpg?resize=700%2C400 2x"},"classes":[]},{"id":10282,"url":"https:\/\/www.robertosedda.it\/?p=10282","url_meta":{"origin":2585,"position":3},"title":"Etherlords, o il vantaggio della rozzezza","author":"Rufus","date":"28\/05\/2015","format":"video","excerpt":"Tanto tempo fa c'era un bel gioco per computer\u00a0che si chiamava Etherlords, e che riprendeva in maniera molto interessante le atmosfere dei giochi di carte collezionabili alla\u00a0Magic: the Gathering. Ci giocai per un po' sul mio PC, poi dovetti disinstallarlo e non riuscii pi\u00f9 a rimetterlo in funzione: erano i\u2026","rel":"","context":"In &quot;Coordinate&quot;","block_context":{"text":"Coordinate","link":"https:\/\/www.robertosedda.it\/?cat=52"},"img":{"alt_text":"","src":"https:\/\/i0.wp.com\/www.robertosedda.it\/wp-content\/uploads\/2015\/05\/Etherlords.png?fit=955%2C558&ssl=1&resize=350%2C200","width":350,"height":200,"srcset":"https:\/\/i0.wp.com\/www.robertosedda.it\/wp-content\/uploads\/2015\/05\/Etherlords.png?fit=955%2C558&ssl=1&resize=350%2C200 1x, https:\/\/i0.wp.com\/www.robertosedda.it\/wp-content\/uploads\/2015\/05\/Etherlords.png?fit=955%2C558&ssl=1&resize=700%2C400 2x"},"classes":[]},{"id":14699,"url":"https:\/\/www.robertosedda.it\/?p=14699","url_meta":{"origin":2585,"position":4},"title":"Dovevano metterci per forza  l&#8217;avventura e rovinarlo?!","author":"Rufus","date":"16\/02\/2018","format":"video","excerpt":"Cloverfield (Reeves, USA 2008) https:\/\/www.youtube.com\/watch?v=bclgFIznm_I Ho recuperato Cloverfield che non avevo mai visto in una visione coi Fabbricastorie sapendone il giusto, cio\u00e8 che era girato in soggettiva come The Blair Witch Project e che, da qualche parte, c'era un ponte. In realt\u00e0 il punto pi\u00f9 interessante arriva presto, quando fortissima\u2026","rel":"","context":"In &quot;Cappe e spade&quot;","block_context":{"text":"Cappe e spade","link":"https:\/\/www.robertosedda.it\/?cat=70"},"img":{"alt_text":"","src":"https:\/\/i0.wp.com\/www.robertosedda.it\/wp-content\/uploads\/2022\/02\/cloverfield.jpg?fit=1200%2C675&ssl=1&resize=350%2C200","width":350,"height":200,"srcset":"https:\/\/i0.wp.com\/www.robertosedda.it\/wp-content\/uploads\/2022\/02\/cloverfield.jpg?fit=1200%2C675&ssl=1&resize=350%2C200 1x, https:\/\/i0.wp.com\/www.robertosedda.it\/wp-content\/uploads\/2022\/02\/cloverfield.jpg?fit=1200%2C675&ssl=1&resize=700%2C400 2x, https:\/\/i0.wp.com\/www.robertosedda.it\/wp-content\/uploads\/2022\/02\/cloverfield.jpg?fit=1200%2C675&ssl=1&resize=1050%2C600 3x"},"classes":[]},{"id":15434,"url":"https:\/\/www.robertosedda.it\/?p=15434","url_meta":{"origin":2585,"position":5},"title":"Z-nation, percezioni, immigrati e altre ronde","author":"Rufus","date":"05\/07\/2018","format":false,"excerpt":"L'altro giorno ho visto passare sulla bacheca di una amica questo messaggio: STAMANE MI \u00c8 ARRIVATO QUESTO MESSAGGIO. \u00c8 ACCADUTO IERI 2 LUGLIO 2018 A SASSARI, IN VIA BOGINO. Ciao a tutt*, oggi purtroppo \u00e8 accaduto un fatto gravissimo e ve\u00a0ne parlo perch\u00e9 non possiamo lasciarlo passare inosservato. Nel pomeriggio\u2026","rel":"","context":"In &quot;Antropologia&quot;","block_context":{"text":"Antropologia","link":"https:\/\/www.robertosedda.it\/?cat=97"},"img":{"alt_text":"","src":"https:\/\/i0.wp.com\/www.robertosedda.it\/wp-content\/uploads\/2018\/07\/Zombie.jpeg?fit=900%2C557&ssl=1&resize=350%2C200","width":350,"height":200,"srcset":"https:\/\/i0.wp.com\/www.robertosedda.it\/wp-content\/uploads\/2018\/07\/Zombie.jpeg?fit=900%2C557&ssl=1&resize=350%2C200 1x, https:\/\/i0.wp.com\/www.robertosedda.it\/wp-content\/uploads\/2018\/07\/Zombie.jpeg?fit=900%2C557&ssl=1&resize=700%2C400 2x"},"classes":[]}],"_links":{"self":[{"href":"https:\/\/www.robertosedda.it\/index.php?rest_route=\/wp\/v2\/posts\/2585"}],"collection":[{"href":"https:\/\/www.robertosedda.it\/index.php?rest_route=\/wp\/v2\/posts"}],"about":[{"href":"https:\/\/www.robertosedda.it\/index.php?rest_route=\/wp\/v2\/types\/post"}],"author":[{"embeddable":true,"href":"https:\/\/www.robertosedda.it\/index.php?rest_route=\/wp\/v2\/users\/1"}],"replies":[{"embeddable":true,"href":"https:\/\/www.robertosedda.it\/index.php?rest_route=%2Fwp%2Fv2%2Fcomments&post=2585"}],"version-history":[{"count":6,"href":"https:\/\/www.robertosedda.it\/index.php?rest_route=\/wp\/v2\/posts\/2585\/revisions"}],"predecessor-version":[{"id":19299,"href":"https:\/\/www.robertosedda.it\/index.php?rest_route=\/wp\/v2\/posts\/2585\/revisions\/19299"}],"wp:featuredmedia":[{"embeddable":true,"href":"https:\/\/www.robertosedda.it\/index.php?rest_route=\/wp\/v2\/media\/2586"}],"wp:attachment":[{"href":"https:\/\/www.robertosedda.it\/index.php?rest_route=%2Fwp%2Fv2%2Fmedia&parent=2585"}],"wp:term":[{"taxonomy":"category","embeddable":true,"href":"https:\/\/www.robertosedda.it\/index.php?rest_route=%2Fwp%2Fv2%2Fcategories&post=2585"},{"taxonomy":"post_tag","embeddable":true,"href":"https:\/\/www.robertosedda.it\/index.php?rest_route=%2Fwp%2Fv2%2Ftags&post=2585"}],"curies":[{"name":"wp","href":"https:\/\/api.w.org\/{rel}","templated":true}]}}