{"id":2536,"date":"2013-03-14T18:58:28","date_gmt":"2013-03-14T17:58:28","guid":{"rendered":"http:\/\/www.robertosedda.it\/?p=2536"},"modified":"2022-03-15T17:10:59","modified_gmt":"2022-03-15T16:10:59","slug":"quella-volta-in-argentina","status":"publish","type":"post","link":"https:\/\/www.robertosedda.it\/?p=2536","title":{"rendered":"Quella volta in Argentina"},"content":{"rendered":"<p>Ieri a cena mia nipote, avendo mezzo sentito\u00a0i discorsi degli adulti, ha chiesto cosa volesse dire &#8220;argentino&#8221;. Le \u00e8 stato risposto che vuol dire <em>che viene dall&#8217;Argentina<\/em>.<\/p>\n<p>\u00abE cos&#8217;\u00e8 l&#8217;Argentina?\u00bb.<\/p>\n<p>\u00abUn posto molto molto lontano. Per\u00f2 zio c&#8217;\u00e8 stato\u00bb.<\/p>\n<p><a href=\"https:\/\/i0.wp.com\/www.robertosedda.it\/wp-content\/uploads\/2013\/03\/segunda-jornada-mundial-de-la-juventud-buenos-aires-1987-escudo.jpg\"><img data-attachment-id=\"2543\" data-permalink=\"https:\/\/www.robertosedda.it\/?attachment_id=2543\" data-orig-file=\"https:\/\/i0.wp.com\/www.robertosedda.it\/wp-content\/uploads\/2013\/03\/segunda-jornada-mundial-de-la-juventud-buenos-aires-1987-escudo.jpg?fit=660%2C737&amp;ssl=1\" data-orig-size=\"660,737\" data-comments-opened=\"1\" data-image-meta=\"{&quot;aperture&quot;:&quot;0&quot;,&quot;credit&quot;:&quot;&quot;,&quot;camera&quot;:&quot;&quot;,&quot;caption&quot;:&quot;&quot;,&quot;created_timestamp&quot;:&quot;0&quot;,&quot;copyright&quot;:&quot;&quot;,&quot;focal_length&quot;:&quot;0&quot;,&quot;iso&quot;:&quot;0&quot;,&quot;shutter_speed&quot;:&quot;0&quot;,&quot;title&quot;:&quot;&quot;}\" data-image-title=\"segunda jornada mundial de la juventud buenos aires 1987 escudo\" data-image-description=\"\" data-image-caption=\"\" data-medium-file=\"https:\/\/i0.wp.com\/www.robertosedda.it\/wp-content\/uploads\/2013\/03\/segunda-jornada-mundial-de-la-juventud-buenos-aires-1987-escudo.jpg?fit=268%2C300&amp;ssl=1\" data-large-file=\"https:\/\/i0.wp.com\/www.robertosedda.it\/wp-content\/uploads\/2013\/03\/segunda-jornada-mundial-de-la-juventud-buenos-aires-1987-escudo.jpg?fit=510%2C570&amp;ssl=1\" decoding=\"async\" loading=\"lazy\" class=\"alignleft size-medium wp-image-2543\" src=\"https:\/\/i0.wp.com\/www.robertosedda.it\/wp-content\/uploads\/2013\/03\/segunda-jornada-mundial-de-la-juventud-buenos-aires-1987-escudo-268x300.jpg?resize=268%2C300\" alt=\"segunda jornada mundial de la juventud buenos aires 1987 escudo\" width=\"268\" height=\"300\" srcset=\"https:\/\/i0.wp.com\/www.robertosedda.it\/wp-content\/uploads\/2013\/03\/segunda-jornada-mundial-de-la-juventud-buenos-aires-1987-escudo.jpg?resize=268%2C300&amp;ssl=1 268w, https:\/\/i0.wp.com\/www.robertosedda.it\/wp-content\/uploads\/2013\/03\/segunda-jornada-mundial-de-la-juventud-buenos-aires-1987-escudo.jpg?w=660&amp;ssl=1 660w\" sizes=\"(max-width: 268px) 100vw, 268px\" data-recalc-dims=\"1\" \/><\/a>Gi\u00e0. Sono stato in Argentina nel 1987, la Domenica delle Palme, <em>Domingo de Ramos<\/em>, come parte della delegazione italiana (<em>BUM!<\/em>) alla <em>Giornata Mondiale della Giovent\u00f9<\/em>, la prima che si svolgeva fuori Roma. \u00c8 una cosa che i miei amici dell&#8217;epoca sanno, perch\u00e9 gliel&#8217;avr\u00f2 raccontata solo un milione di volte. Poi, per fortuna di tutti, ho smesso.<\/p>\n<p>Non \u00e8 stata la partecipazione pi\u00f9 emozionante o avventurosa (Czestochowa lo \u00e8 stata di gran lungo di pi\u00f9) ma mi ha lasciato un sacco di ricordi, che oggi mi sembra un buon giorno per condividere.<\/p>\n<p>Dico in anticipo che no, non ho conosciuto Bergoglio: nessun colpo di scena sotto questo punto di vista. Ma qualche aneddoto \u00e8 interessante, quindi continuate a leggere (se avete pazienza: \u00e8 venuto lunghetto).<\/p>\n<p>Avevo delle foto meravigliose dell&#8217;Argentina, chiss\u00e0 dove sono finite. Quelle che includo sono trovate sul <em>web<\/em>.<\/p>\n<h2>L&#8217;inizio e il viaggio<\/h2>\n<p><a href=\"https:\/\/i0.wp.com\/www.robertosedda.it\/wp-content\/uploads\/2013\/03\/untitled.png\"><img data-attachment-id=\"2544\" data-permalink=\"https:\/\/www.robertosedda.it\/?attachment_id=2544\" data-orig-file=\"https:\/\/i0.wp.com\/www.robertosedda.it\/wp-content\/uploads\/2013\/03\/untitled.png?fit=1379%2C1024&amp;ssl=1\" data-orig-size=\"1379,1024\" data-comments-opened=\"1\" data-image-meta=\"{&quot;aperture&quot;:&quot;0&quot;,&quot;credit&quot;:&quot;&quot;,&quot;camera&quot;:&quot;&quot;,&quot;caption&quot;:&quot;&quot;,&quot;created_timestamp&quot;:&quot;0&quot;,&quot;copyright&quot;:&quot;&quot;,&quot;focal_length&quot;:&quot;0&quot;,&quot;iso&quot;:&quot;0&quot;,&quot;shutter_speed&quot;:&quot;0&quot;,&quot;title&quot;:&quot;&quot;}\" data-image-title=\"untitled\" data-image-description=\"\" data-image-caption=\"\" data-medium-file=\"https:\/\/i0.wp.com\/www.robertosedda.it\/wp-content\/uploads\/2013\/03\/untitled.png?fit=300%2C222&amp;ssl=1\" data-large-file=\"https:\/\/i0.wp.com\/www.robertosedda.it\/wp-content\/uploads\/2013\/03\/untitled.png?fit=510%2C379&amp;ssl=1\" decoding=\"async\" loading=\"lazy\" class=\"alignleft size-medium wp-image-2544\" src=\"https:\/\/i0.wp.com\/www.robertosedda.it\/wp-content\/uploads\/2013\/03\/untitled.png?resize=300%2C222\" alt=\"untitled\" width=\"300\" height=\"222\" srcset=\"https:\/\/i0.wp.com\/www.robertosedda.it\/wp-content\/uploads\/2013\/03\/untitled.png?resize=300%2C222&amp;ssl=1 300w, https:\/\/i0.wp.com\/www.robertosedda.it\/wp-content\/uploads\/2013\/03\/untitled.png?resize=1024%2C760&amp;ssl=1 1024w, https:\/\/i0.wp.com\/www.robertosedda.it\/wp-content\/uploads\/2013\/03\/untitled.png?resize=700%2C519&amp;ssl=1 700w, https:\/\/i0.wp.com\/www.robertosedda.it\/wp-content\/uploads\/2013\/03\/untitled.png?w=1379&amp;ssl=1 1379w\" sizes=\"(max-width: 300px) 100vw, 300px\" data-recalc-dims=\"1\" \/><\/a>In una giornata piovosa di marzo 1987 squill\u00f2 il telefono di casa. Era qualcuno dal centro nazionale dell&#8217;Azione Cattolica. In occasione della Giornata Mondiale della Giovent\u00f9 l&#8217;AC stava preparando una delegazione e volevano sapere se io, che in quel periodo ero responsabile regionale dei giovani, ero interessato a farne parte. Si trattava di andare a Buenos Aires per la Domenica delle Palme. Perplesso, risposi di no: era molto caro e figuriamoci se potevo andarci. Invece ai miei genitori (che forse, come per altre cose, non ho mai ringraziato abbastanza) l&#8217;idea piacque, e cos\u00ec richiamai per chiedere se, per favore, avevano ancora posto. S\u00ec, e quindi fu fatta.<\/p>\n<h3>La delegazione<\/h3>\n<p>La delegazione italiana (<em>BUM!!<\/em>) era composta da un gruppo di romani, in quanto \u00abdiocesi del Papa\u00bb, che trovai francamente supponenti e di una rara antipatia, e da noi dell&#8217;Azione Cattolica (qualche altro italiano, soprattutto salesiani e focolarini, si gest\u00ec per <a href=\"https:\/\/i0.wp.com\/www.robertosedda.it\/wp-content\/uploads\/2013\/03\/Juan-Pablo-II-en-argentina-jornada-mundial-de-la-juventud-el-papa-saluda.jpg\"><img data-attachment-id=\"2545\" data-permalink=\"https:\/\/www.robertosedda.it\/?attachment_id=2545\" data-orig-file=\"https:\/\/i0.wp.com\/www.robertosedda.it\/wp-content\/uploads\/2013\/03\/Juan-Pablo-II-en-argentina-jornada-mundial-de-la-juventud-el-papa-saluda.jpg?fit=600%2C1102&amp;ssl=1\" data-orig-size=\"600,1102\" data-comments-opened=\"1\" data-image-meta=\"{&quot;aperture&quot;:&quot;0&quot;,&quot;credit&quot;:&quot;&quot;,&quot;camera&quot;:&quot;&quot;,&quot;caption&quot;:&quot;&quot;,&quot;created_timestamp&quot;:&quot;0&quot;,&quot;copyright&quot;:&quot;&quot;,&quot;focal_length&quot;:&quot;0&quot;,&quot;iso&quot;:&quot;0&quot;,&quot;shutter_speed&quot;:&quot;0&quot;,&quot;title&quot;:&quot;&quot;}\" data-image-title=\"Juan Pablo II en argentina jornada mundial de la juventud el papa saluda\" data-image-description=\"\" data-image-caption=\"\" data-medium-file=\"https:\/\/i0.wp.com\/www.robertosedda.it\/wp-content\/uploads\/2013\/03\/Juan-Pablo-II-en-argentina-jornada-mundial-de-la-juventud-el-papa-saluda.jpg?fit=163%2C300&amp;ssl=1\" data-large-file=\"https:\/\/i0.wp.com\/www.robertosedda.it\/wp-content\/uploads\/2013\/03\/Juan-Pablo-II-en-argentina-jornada-mundial-de-la-juventud-el-papa-saluda.jpg?fit=510%2C938&amp;ssl=1\" decoding=\"async\" loading=\"lazy\" class=\"alignright size-medium wp-image-2545\" src=\"https:\/\/i0.wp.com\/www.robertosedda.it\/wp-content\/uploads\/2013\/03\/Juan-Pablo-II-en-argentina-jornada-mundial-de-la-juventud-el-papa-saluda.jpg?resize=163%2C300\" alt=\"Juan Pablo II en argentina jornada mundial de la juventud el papa saluda\" width=\"163\" height=\"300\" srcset=\"https:\/\/i0.wp.com\/www.robertosedda.it\/wp-content\/uploads\/2013\/03\/Juan-Pablo-II-en-argentina-jornada-mundial-de-la-juventud-el-papa-saluda.jpg?resize=163%2C300&amp;ssl=1 163w, https:\/\/i0.wp.com\/www.robertosedda.it\/wp-content\/uploads\/2013\/03\/Juan-Pablo-II-en-argentina-jornada-mundial-de-la-juventud-el-papa-saluda.jpg?resize=557%2C1024&amp;ssl=1 557w, https:\/\/i0.wp.com\/www.robertosedda.it\/wp-content\/uploads\/2013\/03\/Juan-Pablo-II-en-argentina-jornada-mundial-de-la-juventud-el-papa-saluda.jpg?w=600&amp;ssl=1 600w\" sizes=\"(max-width: 163px) 100vw, 163px\" data-recalc-dims=\"1\" \/><\/a>conto suo). Fra i responsabili regionali ricordo benissimo Rosario Iaccarino e Giovanni Colombo, con cui eravamo grandi amici. Non ricordo per niente i vicepresidenti nazionali (Maria Campatelli e Franco Miano?), che per\u00f2 dovevano esserci per forza, mentre ricordo bene la presenza di Rosi Bindi, che all&#8217;epoca non credo avesse pi\u00f9 incarichi nazionali. La familiarit\u00e0 con la Bindi mi imbarazzava un poco, perch\u00e9 in qualche modo militavamo in correnti differenti dell&#8217;AC. Era stata invitata a un&#8217;Assemblea diocesana a Cagliari ed io ero intervenuto contro la sua relazione, e poi naturalmente era stata a fianco di Monticone nel condurre alle dimissioni tutto il gruppo dei dirigenti nazionali dei giovani di AC, che erano tutti miei amici: nel 1987 Miano era occupato a superare le divisioni precedenti (cosa di cui gli sar\u00f2 sempre grato), ma trovarmi a tavola con la Bindi ancora mi impressionava. Ricordo che Giovanni Colombo la prendeva in giro in modo spietato.<\/p>\n<h3>Mamma, mamma lo sai chi c&#8217;\u00e8? Maradona<\/h3>\n<p>Sull&#8217;aereo c&#8217;era anche Maradona. Non faceva parte della delegazione, naturalmente, credo tornasse a casa per qualche vicenda personale, forse familiare, perch\u00e9 nel nostro gruppo gir\u00f2 subito la battuta (trita): \u00abQual \u00e8 la differenza fra Giovanni Paolo II e Maradona?\u00bb, risposta: \u00abNessuna: entrambi girano il mondo per conoscere i loro figli\u00bb.<\/p>\n<p>Quel che ricordo \u00e8 che Maradona arriv\u00f2 in ritardo, mentre il gruppo dei suoi accompagnatori (un fratello o fratellastro, altri giovani uomini) lo attendeva. Arriva Maradona e loro sono l\u00ec tutti rigorosamente allineati e lui passa e li bacia, uno per uno, su entrambe le guance. Tutta una fila di baci enfatici. Il capo e il suo <em>clan<\/em>.<\/p>\n<p><a href=\"https:\/\/i0.wp.com\/www.robertosedda.it\/wp-content\/uploads\/2013\/03\/Juan-Pablo-II-en-argentina-jornada-mundial-de-la-juventud-vigilia.jpg\"><img data-attachment-id=\"2546\" data-permalink=\"https:\/\/www.robertosedda.it\/?attachment_id=2546\" data-orig-file=\"https:\/\/i0.wp.com\/www.robertosedda.it\/wp-content\/uploads\/2013\/03\/Juan-Pablo-II-en-argentina-jornada-mundial-de-la-juventud-vigilia.jpg?fit=1040%2C1417&amp;ssl=1\" data-orig-size=\"1040,1417\" data-comments-opened=\"1\" data-image-meta=\"{&quot;aperture&quot;:&quot;0&quot;,&quot;credit&quot;:&quot;&quot;,&quot;camera&quot;:&quot;&quot;,&quot;caption&quot;:&quot;&quot;,&quot;created_timestamp&quot;:&quot;0&quot;,&quot;copyright&quot;:&quot;&quot;,&quot;focal_length&quot;:&quot;0&quot;,&quot;iso&quot;:&quot;0&quot;,&quot;shutter_speed&quot;:&quot;0&quot;,&quot;title&quot;:&quot;&quot;}\" data-image-title=\"Juan Pablo II en argentina jornada mundial de la juventud vigilia\" data-image-description=\"\" data-image-caption=\"\" data-medium-file=\"https:\/\/i0.wp.com\/www.robertosedda.it\/wp-content\/uploads\/2013\/03\/Juan-Pablo-II-en-argentina-jornada-mundial-de-la-juventud-vigilia.jpg?fit=220%2C300&amp;ssl=1\" data-large-file=\"https:\/\/i0.wp.com\/www.robertosedda.it\/wp-content\/uploads\/2013\/03\/Juan-Pablo-II-en-argentina-jornada-mundial-de-la-juventud-vigilia.jpg?fit=510%2C695&amp;ssl=1\" decoding=\"async\" loading=\"lazy\" class=\"size-medium wp-image-2546 alignleft\" src=\"https:\/\/i0.wp.com\/www.robertosedda.it\/wp-content\/uploads\/2013\/03\/Juan-Pablo-II-en-argentina-jornada-mundial-de-la-juventud-vigilia.jpg?resize=220%2C300\" alt=\"Juan Pablo II en argentina jornada mundial de la juventud vigilia\" width=\"220\" height=\"300\" srcset=\"https:\/\/i0.wp.com\/www.robertosedda.it\/wp-content\/uploads\/2013\/03\/Juan-Pablo-II-en-argentina-jornada-mundial-de-la-juventud-vigilia.jpg?resize=220%2C300&amp;ssl=1 220w, https:\/\/i0.wp.com\/www.robertosedda.it\/wp-content\/uploads\/2013\/03\/Juan-Pablo-II-en-argentina-jornada-mundial-de-la-juventud-vigilia.jpg?resize=751%2C1024&amp;ssl=1 751w, https:\/\/i0.wp.com\/www.robertosedda.it\/wp-content\/uploads\/2013\/03\/Juan-Pablo-II-en-argentina-jornada-mundial-de-la-juventud-vigilia.jpg?resize=700%2C953&amp;ssl=1 700w, https:\/\/i0.wp.com\/www.robertosedda.it\/wp-content\/uploads\/2013\/03\/Juan-Pablo-II-en-argentina-jornada-mundial-de-la-juventud-vigilia.jpg?w=1040&amp;ssl=1 1040w\" sizes=\"(max-width: 220px) 100vw, 220px\" data-recalc-dims=\"1\" \/><\/a>Durante il viaggio molti chiesero l&#8217;autografo a Maradona. Io no, ma pi\u00f9 che altro perch\u00e9 mi vergognavo. Non ricordo cosa fece Iaccarino, che era di Napoli ma era una delle persone con la testa pi\u00f9 sulle spalle che abbia mai conosciuto. Il vescovo che accompagnava il gruppo di Roma (Marra, credo, poi Ordinario militare), gli attacc\u00f2 un bottone incredibile per convincerlo a sposarsi, offrendosi di celebrare personalmente le nozze: quando lo invitava a rientrare nel sacro vincolo del matrimonio (\u00abpensa all&#8217;esempio per tanti giovani\u00bb) non so nel suo pensiero quale fosse la famiglia da &#8220;regolarizzare&#8221;, se quella italiana o quella argentina, e cosa dovesse accadere dell&#8217;altra. L&#8217;importante era celebrare il matrimonio e dare un esempio alle <em>giovani generazioni<\/em>. Erano tempi in cui si aveva questa idea di pastorale. O meglio: considerato che a noi dell&#8217;AC l&#8217;idea parve bizzarra, erano tempi in cui c&#8217;era questa idea di pastorale e a dei cristiani formati sembrava una scemenza. Non so oggi.<\/p>\n<h3>Il finimondo<\/h3>\n<p>Poco dopo il decollo le ragazzine di Roma balzarono in piedi gridando. In aereo ero gi\u00e0 stato in Inghilterra e molte volte a Roma, quindi per me era normale: quella era la prima volta che mi imbattevo in fenomeni per esorcizzare l&#8217;ansia come applaudire all&#8217;atterraggio o, appunto, fare le sceme al minimo vuoto d&#8217;aria. Una suora accompagnatrice intervenne energicamente: \u00abState ferme, che se arriva il finimondo in questo modo moriamo tutte\u00bb. Si, proprio la cosa giusta da dire: quelle a quel punto gridavano <em>davvero<\/em>.<\/p>\n<h3>La sosta a Rio<\/h3>\n<p>Il volo verso Buenos Aies comportava una sosta e un cambio di aereo a Rio. Non lo dico per dire di essere stato anche in Brasile, ma perch\u00e9 ho due ricordi (gli unici) che sono <em>veramente<\/em> degni di me. Il primo \u00e8 che trovai fantastico che i brasiliani parlassero proprio come\u00a0il verso che gli facevano\u00a0gli imitatori italiani. Un&#8217;esperienza irreale e <em>davvero<\/em> provinciale, della quale un po&#8217; mi vergogno: ma \u00e8 la stessa sensazione\u00a0provata vent&#8217;anni dopo in Algarve: c&#8217;\u00e8 qualcosa nel portoghese che trovo sempre spaesante, anche se non so cos&#8217;\u00e8.<\/p>\n<p>Il secondo ricordo \u00e8 che all&#8217;aeroporto, tra tante cose da fare, comprai libri: ricordo uno scaffale di libri <em>fantasy<\/em> in inglese con lo stesso rimpianto con cui potrei ricordare un negozio di caramelle. Comprai un romanzo, <em>The taming of the forest king<\/em>, che oggi sarebbe catalogato un <em>paranormal romantic<\/em>: c&#8217;\u00e8 questa capitana delle guardie fighissima e spadaccina, che per\u00f2 \u00e8 anche tenera e sensibile,\u00a0mandata a riportare la pace in questa regione solitaria, dove i briganti della foresta sono guidati da questo nobile locale, bruno e tenebroso ma tenero e sensibile anche lui, e lei prova qualcosa per lui, ma c&#8217;\u00e8 il dovere, e lui vorrebbe proteggerla ma lei lo prende prigioniero&#8230; una porcheria, ma ce l&#8217;ho ancora e ci sono affezionatissimo.<\/p>\n<h2><em>Serbidoras<\/em>, politica\u00a0e ragazze in minigonna<\/h2>\n<p><a href=\"https:\/\/i0.wp.com\/www.robertosedda.it\/wp-content\/uploads\/2013\/03\/Juan-Pablo-II-en-argentina-Misa-de-Ramos-edificio.jpg\"><img data-attachment-id=\"2547\" data-permalink=\"https:\/\/www.robertosedda.it\/?attachment_id=2547\" data-orig-file=\"https:\/\/i0.wp.com\/www.robertosedda.it\/wp-content\/uploads\/2013\/03\/Juan-Pablo-II-en-argentina-Misa-de-Ramos-edificio.jpg?fit=569%2C1102&amp;ssl=1\" data-orig-size=\"569,1102\" data-comments-opened=\"1\" data-image-meta=\"{&quot;aperture&quot;:&quot;0&quot;,&quot;credit&quot;:&quot;&quot;,&quot;camera&quot;:&quot;&quot;,&quot;caption&quot;:&quot;&quot;,&quot;created_timestamp&quot;:&quot;0&quot;,&quot;copyright&quot;:&quot;&quot;,&quot;focal_length&quot;:&quot;0&quot;,&quot;iso&quot;:&quot;0&quot;,&quot;shutter_speed&quot;:&quot;0&quot;,&quot;title&quot;:&quot;&quot;}\" data-image-title=\"Juan Pablo II en argentina Misa de Ramos edificio\" data-image-description=\"\" data-image-caption=\"\" data-medium-file=\"https:\/\/i0.wp.com\/www.robertosedda.it\/wp-content\/uploads\/2013\/03\/Juan-Pablo-II-en-argentina-Misa-de-Ramos-edificio.jpg?fit=154%2C300&amp;ssl=1\" data-large-file=\"https:\/\/i0.wp.com\/www.robertosedda.it\/wp-content\/uploads\/2013\/03\/Juan-Pablo-II-en-argentina-Misa-de-Ramos-edificio.jpg?fit=510%2C989&amp;ssl=1\" decoding=\"async\" loading=\"lazy\" class=\"alignright size-medium wp-image-2547\" src=\"https:\/\/i0.wp.com\/www.robertosedda.it\/wp-content\/uploads\/2013\/03\/Juan-Pablo-II-en-argentina-Misa-de-Ramos-edificio-154x300.jpg?resize=154%2C300\" alt=\"Juan Pablo II en argentina Misa de Ramos edificio\" width=\"154\" height=\"300\" srcset=\"https:\/\/i0.wp.com\/www.robertosedda.it\/wp-content\/uploads\/2013\/03\/Juan-Pablo-II-en-argentina-Misa-de-Ramos-edificio.jpg?resize=154%2C300&amp;ssl=1 154w, https:\/\/i0.wp.com\/www.robertosedda.it\/wp-content\/uploads\/2013\/03\/Juan-Pablo-II-en-argentina-Misa-de-Ramos-edificio.jpg?resize=528%2C1024&amp;ssl=1 528w, https:\/\/i0.wp.com\/www.robertosedda.it\/wp-content\/uploads\/2013\/03\/Juan-Pablo-II-en-argentina-Misa-de-Ramos-edificio.jpg?zoom=2&amp;resize=154%2C300 308w, https:\/\/i0.wp.com\/www.robertosedda.it\/wp-content\/uploads\/2013\/03\/Juan-Pablo-II-en-argentina-Misa-de-Ramos-edificio.jpg?zoom=3&amp;resize=154%2C300 462w\" sizes=\"(max-width: 154px) 100vw, 154px\" data-recalc-dims=\"1\" \/><\/a>Alloggiavamo in una specie di collegio:\u00a0dormitori con i letti divisi da <em>separ\u00e9<\/em> di legno, come al campo scuola. Il bagno era in comune: siccome la scuola era parzialmente destinata a ospitarci e parzialmente invece continuava a fare lezione, la mattina trovammo il bagno invaso da ragazze in divisa da liceali cattoliche che si rifacevano il trucco. Trent&#8217;anni dopo sembra un episodio da film porno: all&#8217;epoca la cosa, con noi l\u00e0 impalati con la bustina del rasoio e le ragazzine cinguettanti con la gonnellina corta, ci fece molto ridere. E comunque una delle prime cose che ci colp\u00ec furono tutti questi studenti e studentesse che andavano in giro in divisa, una roba che non avevamo ovviamente mai visto.<\/p>\n<p>Il cardinal Pironio, il vero inventore delle Giornate Mondiali della Giovent\u00f9, e il vescovo di Buenos Aires avevano montato una enorme macchina organizzativa tutta basata sul volontariato (vero, non come certe cose di dopo). Un gran numero di giovani argentini, che si chiamavano ufficialmente <em>serbidoras<\/em> o <em>serbidores<\/em>, svolgevano compiti di tutti i tipi. Ci diede una misura del ruolo della Chiesa nella societ\u00e0 argentina il fatto che ci dissero di essere assenti giustificati da scuola per due settimane sulla base di una semplice lettera di giustificazione dell&#8217;arcivescovo. In Italia negli anni &#8217;80 sarebbe stato impensabile.<\/p>\n<p>Un gruppo di\u00a0<em>serbidoras<\/em> fu assegnato a ciascun gruppo di stranieri. Le nostre erano cinque-sei ragazze straordinarie che ci accompagnarono dappertutto in quei giorni e con le quali facemmo una grande amicizia.<\/p>\n<h3>Amori mai sbocciati<\/h3>\n<p><a href=\"https:\/\/i0.wp.com\/www.robertosedda.it\/wp-content\/uploads\/2013\/03\/Juan-Pablo-II-en-argentina-Misa-de-Ramos-eucaristia.jpg\"><img data-attachment-id=\"2548\" data-permalink=\"https:\/\/www.robertosedda.it\/?attachment_id=2548\" data-orig-file=\"https:\/\/i0.wp.com\/www.robertosedda.it\/wp-content\/uploads\/2013\/03\/Juan-Pablo-II-en-argentina-Misa-de-Ramos-eucaristia.jpg?fit=223%2C400&amp;ssl=1\" data-orig-size=\"223,400\" data-comments-opened=\"1\" data-image-meta=\"{&quot;aperture&quot;:&quot;0&quot;,&quot;credit&quot;:&quot;&quot;,&quot;camera&quot;:&quot;&quot;,&quot;caption&quot;:&quot;&quot;,&quot;created_timestamp&quot;:&quot;0&quot;,&quot;copyright&quot;:&quot;&quot;,&quot;focal_length&quot;:&quot;0&quot;,&quot;iso&quot;:&quot;0&quot;,&quot;shutter_speed&quot;:&quot;0&quot;,&quot;title&quot;:&quot;&quot;}\" data-image-title=\"Juan Pablo II en argentina Misa de Ramos eucaristia\" data-image-description=\"\" data-image-caption=\"\" data-medium-file=\"https:\/\/i0.wp.com\/www.robertosedda.it\/wp-content\/uploads\/2013\/03\/Juan-Pablo-II-en-argentina-Misa-de-Ramos-eucaristia.jpg?fit=167%2C300&amp;ssl=1\" data-large-file=\"https:\/\/i0.wp.com\/www.robertosedda.it\/wp-content\/uploads\/2013\/03\/Juan-Pablo-II-en-argentina-Misa-de-Ramos-eucaristia.jpg?fit=223%2C400&amp;ssl=1\" decoding=\"async\" loading=\"lazy\" class=\"alignleft size-medium wp-image-2548\" src=\"https:\/\/i0.wp.com\/www.robertosedda.it\/wp-content\/uploads\/2013\/03\/Juan-Pablo-II-en-argentina-Misa-de-Ramos-eucaristia-167x300.jpg?resize=167%2C300\" alt=\"Juan Pablo II en argentina Misa de Ramos eucaristia\" width=\"167\" height=\"300\" srcset=\"https:\/\/i0.wp.com\/www.robertosedda.it\/wp-content\/uploads\/2013\/03\/Juan-Pablo-II-en-argentina-Misa-de-Ramos-eucaristia.jpg?resize=167%2C300&amp;ssl=1 167w, https:\/\/i0.wp.com\/www.robertosedda.it\/wp-content\/uploads\/2013\/03\/Juan-Pablo-II-en-argentina-Misa-de-Ramos-eucaristia.jpg?w=223&amp;ssl=1 223w\" sizes=\"(max-width: 167px) 100vw, 167px\" data-recalc-dims=\"1\" \/><\/a>Curiosamente non nacque nessun amore, anche se ripensandoci c&#8217;era una certa tensione emotiva sottotraccia, data dal fatto che alcune di loro erano obiettivamente bellissime e noi degli alieni provenienti da un mondo fantastico, per\u00f2 non esplose mai e in parte forse dipese, oltre che dalla precariet\u00e0 della situazione, proprio\u00a0da noi e dalla percezione che in fondo i parametri sentimentali erano molto diversi.\u00a0Iaccarino, che peraltro suonava la chitarra e piaceva molto,\u00a0sintetizz\u00f2 la cosa dicendo: \u00abQui sono come in Italia negli anni &#8217;50, sono indietro di vent&#8217;anni, tengono a cose come la verginit\u00e0 (sic), pensano subito al matrimonio\u00bb. Forse non l&#8217;espressione migliore per i giovani cattolici che eravamo, per\u00f2 precisa.<\/p>\n<p>Cos\u00ec un po&#8217;, sotto sotto, anche quelli di noi che non erano fidanzati si chiusero. Quelli fidanzati anche di pi\u00f9. Alcuni mesi pi\u00f9 tardi, per esempio, Laura mi scrisse una cartolina con Mafalda, molto affettuosa, a cui inizialmente trascurai di rispondere e poi era passato troppo tempo: un atteggiamento ingeneroso di cui mi sono molto pentito in seguito.<\/p>\n<h3>Parentesi linguistica<\/h3>\n<p>Nessuno di noi parlava un minimo di spagnolo, e nessuna delle ragazze conosceva l&#8217;italiano. Ci arrangiavamo nel solito <em>esperanto latino<\/em>. Iaccarino in particolare seguiva un suo particolare obiettivo di dimostrare che l&#8217;argentino era come il napoletano: \u00abE voi come lo chiamate questo? Anche noi a Napoli!\u00bb. Secondo la stessa linea avrei potuto provare a dimostrare che gli <em>shardana<\/em> in passato avevano colonizzato l&#8217;Argentina, perch\u00e9 c&#8217;erano altrettante corrispondenze fra sardo e spagnolo che col napoletano, ma per fortuna all&#8217;epoca gli <em>shardana<\/em> non erano stati ancora inventati.<\/p>\n<h3>Di cosa parlavamo?<\/h3>\n<p><a href=\"https:\/\/i0.wp.com\/www.robertosedda.it\/wp-content\/uploads\/2013\/03\/Juan-Pablo-II-en-argentina-Misa-de-Ramos-fieles.jpg\"><img data-attachment-id=\"2549\" data-permalink=\"https:\/\/www.robertosedda.it\/?attachment_id=2549\" data-orig-file=\"https:\/\/i0.wp.com\/www.robertosedda.it\/wp-content\/uploads\/2013\/03\/Juan-Pablo-II-en-argentina-Misa-de-Ramos-fieles.jpg?fit=400%2C271&amp;ssl=1\" data-orig-size=\"400,271\" data-comments-opened=\"1\" data-image-meta=\"{&quot;aperture&quot;:&quot;0&quot;,&quot;credit&quot;:&quot;&quot;,&quot;camera&quot;:&quot;&quot;,&quot;caption&quot;:&quot;&quot;,&quot;created_timestamp&quot;:&quot;0&quot;,&quot;copyright&quot;:&quot;&quot;,&quot;focal_length&quot;:&quot;0&quot;,&quot;iso&quot;:&quot;0&quot;,&quot;shutter_speed&quot;:&quot;0&quot;,&quot;title&quot;:&quot;&quot;}\" data-image-title=\"Juan Pablo II en argentina Misa de Ramos fieles\" data-image-description=\"\" data-image-caption=\"\" data-medium-file=\"https:\/\/i0.wp.com\/www.robertosedda.it\/wp-content\/uploads\/2013\/03\/Juan-Pablo-II-en-argentina-Misa-de-Ramos-fieles.jpg?fit=300%2C203&amp;ssl=1\" data-large-file=\"https:\/\/i0.wp.com\/www.robertosedda.it\/wp-content\/uploads\/2013\/03\/Juan-Pablo-II-en-argentina-Misa-de-Ramos-fieles.jpg?fit=400%2C271&amp;ssl=1\" decoding=\"async\" loading=\"lazy\" class=\"alignright size-medium wp-image-2549\" src=\"https:\/\/i0.wp.com\/www.robertosedda.it\/wp-content\/uploads\/2013\/03\/Juan-Pablo-II-en-argentina-Misa-de-Ramos-fieles.jpg?resize=300%2C203\" alt=\"Juan Pablo II en argentina Misa de Ramos fieles\" width=\"300\" height=\"203\" srcset=\"https:\/\/i0.wp.com\/www.robertosedda.it\/wp-content\/uploads\/2013\/03\/Juan-Pablo-II-en-argentina-Misa-de-Ramos-fieles.jpg?resize=300%2C203&amp;ssl=1 300w, https:\/\/i0.wp.com\/www.robertosedda.it\/wp-content\/uploads\/2013\/03\/Juan-Pablo-II-en-argentina-Misa-de-Ramos-fieles.jpg?w=400&amp;ssl=1 400w\" sizes=\"(max-width: 300px) 100vw, 300px\" data-recalc-dims=\"1\" \/><\/a>Parlavamo di molte cose, alcune delle quali si saranno gi\u00e0 intuite poco fa. E poi di politica, un sacco. In Argentina c&#8217;era il primo governo post-dittatura, di un uomo politico molto rispettabile di cui oggi credo si sia un po&#8217; perso il ricordo, Alfonsin. Le ragazze si dividevano: almeno una era una radicale sfegatata, le altre di varie opinioni, pi\u00f9 o meno favorevoli al nuovo governo. La sensazione che avevamo \u00e8 che il pensiero della libert\u00e0 ritrovata fosse inebriante, ma c&#8217;erano in pi\u00f9 molte sottigliezze che noi non coglievamo. Ripensandoci dovevano essere per la maggior parte studentesse di buona famiglia, e rappresentanti di un pensiero borghese: certo non rappresentavano <em>tutto<\/em> il sentimento popolare. D&#8217;altra parte era difficile per loro spiegarci cosa volesse dire formarsi sotto la dittatura, e del resto erano giovanissime: all&#8217;epoca del colpo di stato dovevano avere tutte meno di dieci anni. Certo nessuna ci raccont\u00f2 di avere perso qualcuno sotto la dittatura: ci portarono s\u00ec davanti alla Casa Rosada, e vi garantisco che i fazzoletti delle Madri dipinti per terra ci fecero una grande impressione, ma per i nostri amici e amiche argentini sembrava una questione sia lontana nel tempo che distante dall&#8217;attenzione. Ora mi chiedo se non fosse rimozione. O forse <em>veramente<\/em> nell&#8217;opinione pubblica &#8211; anche internazionale &#8211; ancora la percezione completa della strage mancava. Sicuramente un giorno passammo davanti al collegio della Marina, ma non ricordo se fummo noi o le ragazze a indicare di che si trattava.<\/p>\n<p>Del resto differivano anche le nostre categorie politiche e perfino quel che sapevamo del Sudamerica. Ricordo che durante una gita in pullman facemmo gruppo all&#8217;ultimo sedile con una chitarra (il gruppo di Roma recitava il rosario pi\u00f9 avanti). Iaccarino a un certo punto attacc\u00f2 <em>El pueblo<\/em> e poi una serie di altre cose degli <em>Inti Illimani<\/em>. Ci guardarono allucinate. Una chiese sottovoce all&#8217;amica: \u00abChe roba \u00e8 questa?\u00bb, e l&#8217;altra le rispose: \u00abPoi ti spiego&#8230;\u00bb, con lo stesso tono con il quale in un romanzo vittoriano una madre potrebbe rinviare il momento di spiegare alla figlia una pruriginosa questione di malanni femminili. A me, ingenuamente, sembr\u00f2 incomprensibile che non avessero <em>mai<\/em> sentito nominare Violeta Parra o Victor Jara.<\/p>\n<p><a href=\"https:\/\/i0.wp.com\/www.robertosedda.it\/wp-content\/uploads\/2013\/03\/Juan-Pablo-II-en-argentina-Misa-de-Ramos-panoramica-9-de-julio.jpg\"><img data-attachment-id=\"2550\" data-permalink=\"https:\/\/www.robertosedda.it\/?attachment_id=2550\" data-orig-file=\"https:\/\/i0.wp.com\/www.robertosedda.it\/wp-content\/uploads\/2013\/03\/Juan-Pablo-II-en-argentina-Misa-de-Ramos-panoramica-9-de-julio.jpg?fit=1528%2C1181&amp;ssl=1\" data-orig-size=\"1528,1181\" data-comments-opened=\"1\" data-image-meta=\"{&quot;aperture&quot;:&quot;0&quot;,&quot;credit&quot;:&quot;&quot;,&quot;camera&quot;:&quot;&quot;,&quot;caption&quot;:&quot;&quot;,&quot;created_timestamp&quot;:&quot;0&quot;,&quot;copyright&quot;:&quot;&quot;,&quot;focal_length&quot;:&quot;0&quot;,&quot;iso&quot;:&quot;0&quot;,&quot;shutter_speed&quot;:&quot;0&quot;,&quot;title&quot;:&quot;&quot;}\" data-image-title=\"Juan Pablo II en argentina Misa de Ramos panoramica 9 de julio\" data-image-description=\"\" data-image-caption=\"\" data-medium-file=\"https:\/\/i0.wp.com\/www.robertosedda.it\/wp-content\/uploads\/2013\/03\/Juan-Pablo-II-en-argentina-Misa-de-Ramos-panoramica-9-de-julio.jpg?fit=300%2C231&amp;ssl=1\" data-large-file=\"https:\/\/i0.wp.com\/www.robertosedda.it\/wp-content\/uploads\/2013\/03\/Juan-Pablo-II-en-argentina-Misa-de-Ramos-panoramica-9-de-julio.jpg?fit=510%2C394&amp;ssl=1\" decoding=\"async\" loading=\"lazy\" class=\"alignleft size-medium wp-image-2550\" src=\"https:\/\/i0.wp.com\/www.robertosedda.it\/wp-content\/uploads\/2013\/03\/Juan-Pablo-II-en-argentina-Misa-de-Ramos-panoramica-9-de-julio.jpg?resize=300%2C231\" alt=\"Juan Pablo II en argentina Misa de Ramos panoramica 9 de julio\" width=\"300\" height=\"231\" srcset=\"https:\/\/i0.wp.com\/www.robertosedda.it\/wp-content\/uploads\/2013\/03\/Juan-Pablo-II-en-argentina-Misa-de-Ramos-panoramica-9-de-julio.jpg?resize=300%2C231&amp;ssl=1 300w, https:\/\/i0.wp.com\/www.robertosedda.it\/wp-content\/uploads\/2013\/03\/Juan-Pablo-II-en-argentina-Misa-de-Ramos-panoramica-9-de-julio.jpg?resize=1024%2C791&amp;ssl=1 1024w, https:\/\/i0.wp.com\/www.robertosedda.it\/wp-content\/uploads\/2013\/03\/Juan-Pablo-II-en-argentina-Misa-de-Ramos-panoramica-9-de-julio.jpg?resize=700%2C541&amp;ssl=1 700w, https:\/\/i0.wp.com\/www.robertosedda.it\/wp-content\/uploads\/2013\/03\/Juan-Pablo-II-en-argentina-Misa-de-Ramos-panoramica-9-de-julio.jpg?w=1528&amp;ssl=1 1528w\" sizes=\"(max-width: 300px) 100vw, 300px\" data-recalc-dims=\"1\" \/><\/a>In ogni caso per noi <em>la<\/em> dittatura era il Cile, del quale sapevamo molto di pi\u00f9 che dell&#8217;Argentina e nel quale c&#8217;era ancora Pinochet. Il giorno dell&#8217;incontro col Papa mi trovai a fianco di un gruppo di liceali cattoliche (<em>daje!<\/em>) di una scuola cilena di suore Mercedarie. A una ragazzina chiesi come si stava in Cile, mi guard\u00f2 stupita: <em>come si doveva stare?!<\/em> \u00abBeh, la dittatura, i <em>desaparecidos<\/em>&#8230;\u00bb. \u00abNooo\u00bb, mi spieg\u00f2, \u00abquelli c&#8217;erano <em>prima<\/em>, sotto Allende\u00bb. D&#8217;altra parte quella nel 1973 aveva tre anni, che mi aspettavo?<\/p>\n<p>Quella che invece per\u00a0le nostre amiche \u00a0era stata esperienza formativa era la guerra delle Malvine. <em>Quella<\/em> era infinitamente presente: per esempio non si trovarono se non a fatica <em>serbidoras<\/em> per accompagnare gli inglesi. E quando ci portarono in visita alla comunit\u00e0 italiana di Buenos Aires, trovammo un palazzo enorme la cui facciata era interamente dipinta con una mappa dell&#8217;Atlantico meridionale: le Malvinas erano circondate da una scritta a caratteri cubitali: <em>Las Malvinas son argentinas<\/em>. La guerra era ancora una ferita aperta, e le ragazze si definivano rispetto ad essa.<\/p>\n<h2>Ma che ho fatto in Argentina?<\/h2>\n<p><a href=\"https:\/\/i0.wp.com\/www.robertosedda.it\/wp-content\/uploads\/2013\/03\/Juan-Pablo-II-en-argentina-Misa-de-Ramos-panoramica.jpg\"><img data-attachment-id=\"2551\" data-permalink=\"https:\/\/www.robertosedda.it\/?attachment_id=2551\" data-orig-file=\"https:\/\/i0.wp.com\/www.robertosedda.it\/wp-content\/uploads\/2013\/03\/Juan-Pablo-II-en-argentina-Misa-de-Ramos-panoramica.jpg?fit=1544%2C1142&amp;ssl=1\" data-orig-size=\"1544,1142\" data-comments-opened=\"1\" data-image-meta=\"{&quot;aperture&quot;:&quot;0&quot;,&quot;credit&quot;:&quot;&quot;,&quot;camera&quot;:&quot;&quot;,&quot;caption&quot;:&quot;&quot;,&quot;created_timestamp&quot;:&quot;0&quot;,&quot;copyright&quot;:&quot;&quot;,&quot;focal_length&quot;:&quot;0&quot;,&quot;iso&quot;:&quot;0&quot;,&quot;shutter_speed&quot;:&quot;0&quot;,&quot;title&quot;:&quot;&quot;}\" data-image-title=\"Juan Pablo II en argentina Misa de Ramos panoramica\" data-image-description=\"\" data-image-caption=\"\" data-medium-file=\"https:\/\/i0.wp.com\/www.robertosedda.it\/wp-content\/uploads\/2013\/03\/Juan-Pablo-II-en-argentina-Misa-de-Ramos-panoramica.jpg?fit=300%2C221&amp;ssl=1\" data-large-file=\"https:\/\/i0.wp.com\/www.robertosedda.it\/wp-content\/uploads\/2013\/03\/Juan-Pablo-II-en-argentina-Misa-de-Ramos-panoramica.jpg?fit=510%2C377&amp;ssl=1\" decoding=\"async\" loading=\"lazy\" class=\"alignleft size-medium wp-image-2551\" src=\"https:\/\/i0.wp.com\/www.robertosedda.it\/wp-content\/uploads\/2013\/03\/Juan-Pablo-II-en-argentina-Misa-de-Ramos-panoramica.jpg?resize=300%2C221\" alt=\"Juan Pablo II en argentina Misa de Ramos panoramica\" width=\"300\" height=\"221\" srcset=\"https:\/\/i0.wp.com\/www.robertosedda.it\/wp-content\/uploads\/2013\/03\/Juan-Pablo-II-en-argentina-Misa-de-Ramos-panoramica.jpg?resize=300%2C221&amp;ssl=1 300w, https:\/\/i0.wp.com\/www.robertosedda.it\/wp-content\/uploads\/2013\/03\/Juan-Pablo-II-en-argentina-Misa-de-Ramos-panoramica.jpg?resize=1024%2C757&amp;ssl=1 1024w, https:\/\/i0.wp.com\/www.robertosedda.it\/wp-content\/uploads\/2013\/03\/Juan-Pablo-II-en-argentina-Misa-de-Ramos-panoramica.jpg?resize=700%2C517&amp;ssl=1 700w, https:\/\/i0.wp.com\/www.robertosedda.it\/wp-content\/uploads\/2013\/03\/Juan-Pablo-II-en-argentina-Misa-de-Ramos-panoramica.jpg?w=1544&amp;ssl=1 1544w\" sizes=\"(max-width: 300px) 100vw, 300px\" data-recalc-dims=\"1\" \/><\/a>Beh, tanto. Dal punto di vista religioso ricordo una celebrazione iniziale, allegrissima, a Nostra Signora di Luj\u00e1n, la Messa della Palme, e soprattutto una straordinaria veglia notturna il sabato delle Palme, dolceamara, emozionante.<\/p>\n<p>Dolceamara? Beh, si. Perch\u00e9 Giovanni Paolo II veniva da una visita in Cile della quale ci erano filtrati, via Italia, i sospetti di un appoggio al regime cileno, e quando nel suo discorso disse:<\/p>\n<blockquote><p>che non ci siano pi\u00f9 sequestrati n\u00e9 \u201cdesaparecidos\u201d<\/p><\/blockquote>\n<p>argentini e stranieri esplosero in un boato di liberazione. Ho sempre pensato che il viaggio cileno fosse una trappola e che in quel momento Giovanni Paolo emergesse dalla palude, ma non si poteva negare che avesse attraversato la terra dei morti.<\/p>\n<p>E poi dolceamara perch\u00e9 tutta la parte iniziale della veglia, prima delle parole del Papa, fu attraversata dal tema della <em>Conquista <\/em>&#8211; ricordo un&#8217;incredibile ricostruzione della storia di cinquecento anni di <em>latinoamerica<\/em> fatta da mascheroni <em>indios<\/em> sui trampoli &#8211; e dal rimpianto, sincero, per la distruzione delle culture precolombiane. Almeno, questo mi \u00e8 rimasto: probabilmente c&#8217;era, <em>doveva<\/em> esserci, tutto il tema dei missionari, della evangelizzazione, ma io non lo ricordo granch\u00e9.<\/p>\n<p>Lo stesso tono dolcemaro per\u00f2 ci accompagn\u00f2 nella visita alle <em>reducciones<\/em> gesuite del nord del paese. Le mie conoscenze del Muratori erano scarse e non ricordo se avessi gi\u00e0 visto <em>Mission<\/em> (penso di si), ma non c&#8217;era bisogno di tanto per giudicare la grandezza di quella esperienza e la spettralit\u00e0 delle rovine. Dolceamaro, appunto.<\/p>\n<p>Se ci ripenso, ed \u00e8 strano, non &#8220;toccammo con mano&#8221; quasi niente della chiesa argentina. Andammo in parrocchie, incontrammo gente, ma non riesco a ricordare di cosa parlammo: principalmente ricordo un sacco di rinfreschi, saluti, tramezzini, pacche sulle spalle. Anche con le ragazze che ci accompagnavano non ricordo quasi niente di discorsi tipicamente religiosi. Quel che ci rimase fu, perlopi\u00f9, una lettura episcopale e centralista della chiesa sudamericana e del suo rapporto col mondo.<\/p>\n<p>A parte qualcosa ogni tanto: Iaccarino e Colombo una sera sparirono per andare in una baraccopoli a cercare un prete che conoscevano. Al ritorno uno di loro mi disse: \u00abNon hai idea delle\u00a0porcherie che fa <em>CL<\/em> in questo paese\u00bb. Bisogna capirci: all&#8217;epoca (<em>all&#8217;epoca???<\/em>) <em>CL<\/em> per l&#8217;Azione Cattolica era la nemesi, ma certo l&#8217;intreccio che mi descrisse, fra gruppi ecclesiali, interessi politici e una sorta di <em>Compagnia delle Opere<\/em> locale non era particolarmente rassicurante &#8211; e non molto diverso da cose che in seguito abbiamo visto altrove.<\/p>\n<p>Ah, e poi mi portai via dall&#8217;Argentina l&#8217;inno: anche quello avr\u00f2 costretto il mio gruppo a cantarlo solo circa un milione di volte.<\/p>\n<div class=\"jetpack-video-wrapper\"><span class=\"embed-youtube\" style=\"text-align:center; display: block;\"><iframe class=\"youtube-player\" width=\"800\" height=\"450\" src=\"https:\/\/www.youtube.com\/embed\/SPhIUmb1jZI?version=3&#038;rel=1&#038;showsearch=0&#038;showinfo=1&#038;iv_load_policy=1&#038;fs=1&#038;hl=it-IT&#038;autohide=2&#038;wmode=transparent\" allowfullscreen=\"true\" style=\"border:0;\" sandbox=\"allow-scripts allow-same-origin allow-popups allow-presentation\"><\/iframe><\/span><\/div>\n<h3>Mica solo cose religiose<\/h3>\n<p>Le ragazze ci portarono in un <em>asador criollo<\/em>. Beh, quell&#8217;enorme distesa di braci, maialetti e quarti di bue mi dimostr\u00f2 che evidentemente gli <em>shardana<\/em> in Argentina c&#8217;erano arrivati, dopotutto. L&#8217;<em>asador<\/em> divenne una delle nostre mete preferite&#8230;<\/p>\n<p>In realt\u00e0 mi parve che gli argentini, per quanto palesemente poveri, o almeno pi\u00f9 poveri di noi, avessero due caratteristiche: che non dormissero mai e passassero una quantit\u00e0 incredibile di tempo al bar, magari a mangiare solo due spizzichini ma per stare l\u00ec, in amicizia. Per\u00f2 mi parve divertente: una sera le ragazze si misero in tiro e ci portarono in locali alla moda a bere <em>cocktail<\/em>: io e altri fuggimmo e finimmo in un bar semideserto a bere birra e mangiare noccioline americane, con quattro anziani di origine italiana che giocavano a carte. Come in Emilia: ma era mezzanotte e quelli tranquilli continuavano a giocare.<\/p>\n<p>Ripensandoci, forse mettendosi in tiro quelle povere ragazze tentavano di dirci qualcosa, e noi l\u00e0 a guardare i vecchietti&#8230; ma eravamo giovani, diciamo.<\/p>\n<p>Poi naturalmente vedemmo musei, le cascate dell&#8217;Iguaz\u00f9, la foce del Rio della Plata (in cui per la prima volta in vita mia pensai: \u00abVorrei che Maria Bonaria fosse qui\u00bb), foreste immense e spazi sterminati. E soprattutto ammirammo Buenos Aires, una citt\u00e0 bellissima e sterminata, elegante, della quale le ragazze e tutti gli abitanti erano smodatamente orgogliosi. Scoprii che il <em>Clar\u00edn<\/em> pubblicava <em>Loco Chavez<\/em>, che io avevo letto su <em>Lanciostory<\/em>, e mi sembr\u00f2 fantastico; in compenso le ragazze e gli altri argentini che conobbi apparentemente non conoscevano n\u00e9 i vecchi autori n\u00e9 i pi\u00f9 recenti: l&#8217;<em>historieta<\/em> ormai si era trasferita all&#8217;estero.<\/p>\n<p>E naturalmente imparai ad amare il <em>dulce de leche<\/em> e a non preoccuparmi di altro.<\/p>\n<p>Ma mi sono dilungato ed \u00e8 meglio chiudere. Termino con un episodio che accadde uno degli ultimi giorni, e che dimostra come fosse incomprensibile, per gli argentini, l&#8217;idea che uno che dall&#8217;Italia, dove vedi il Papa tutti i giorni, anzi certamente sei suo intimo, venga fino in Argentina per&#8230; boh, chiss\u00e0? Certamente perch\u00e9 accompagna il Papa, perch\u00e9 <em>appunto<\/em> \u00e8 suo intimo.<\/p>\n<p>Una delle ultime sere lasciai il resto del gruppo\u00a0e\u00a0delle ragazze e andai a cena per conto mio in un <em>asador<\/em>, non quello elegante in centro dove andavamo di solito ma uno vicino a dove dormivamo. C&#8217;erano pochi clienti e un cameriere che, manco a dirlo, aveva l&#8217;aria mesta e cerimoniosa e i piedi piatti.<\/p>\n<p>Alla fine della cena si avvicina e mi chiede se ero l\u00ec per la Giornata Mondiale della Giovent\u00f9. <em>Si<\/em>, rispondo.<\/p>\n<p>\u00abE mi dica\u00bb, fa lui, \u00ab\u00e8 rimasto contento il Papa? Tutto a posto?\u00bb.<\/p>\n","protected":false},"excerpt":{"rendered":"<p>Ieri a cena mia nipote, avendo mezzo sentito\u00a0i discorsi degli adulti, ha chiesto cosa volesse dire &#8220;argentino&#8221;. Le \u00e8 stato<\/p>\n","protected":false},"author":1,"featured_media":2543,"comment_status":"open","ping_status":"open","sticky":false,"template":"","format":"standard","meta":{"_mi_skip_tracking":false,"_monsterinsights_sitenote_active":false,"_monsterinsights_sitenote_note":"","_monsterinsights_sitenote_category":0,"jetpack_post_was_ever_published":false,"_jetpack_newsletter_access":"","jetpack_publicize_message":"","jetpack_is_tweetstorm":false,"jetpack_publicize_feature_enabled":true,"jetpack_social_post_already_shared":false,"jetpack_social_options":{"image_generator_settings":{"template":"highway","enabled":false}}},"categories":[52,54,62,18,16],"tags":[],"jetpack_publicize_connections":[],"jetpack_featured_media_url":"https:\/\/i0.wp.com\/www.robertosedda.it\/wp-content\/uploads\/2013\/03\/segunda-jornada-mundial-de-la-juventud-buenos-aires-1987-escudo.jpg?fit=660%2C737&ssl=1","jetpack_sharing_enabled":true,"jetpack_shortlink":"https:\/\/wp.me\/p4jV2T-EU","jetpack_likes_enabled":true,"jetpack-related-posts":[{"id":1754,"url":"https:\/\/www.robertosedda.it\/?p=1754","url_meta":{"origin":2536,"position":0},"title":"Don&#8217;t cry for me Argentina","author":"Rufus","date":"06\/02\/2013","format":false,"excerpt":"\u00c8 da un po' che raccolgo qualche link sulla situazione argentina, un paese a cui sono legato essendo l'unico posto al mondo fuori dell'Europa dove sono stato (per la Giornata Mondiale della Giovent\u00f9 del 1987 e... ma questa \u00e8 un'altra storia e sar\u00e0 raccontata un'altra volta) e che, per la\u2026","rel":"","context":"In &quot;Coordinate&quot;","block_context":{"text":"Coordinate","link":"https:\/\/www.robertosedda.it\/?cat=52"},"img":{"alt_text":"","src":"","width":0,"height":0},"classes":[]},{"id":1668,"url":"https:\/\/www.robertosedda.it\/?p=1668","url_meta":{"origin":2536,"position":1},"title":"L&#8217;Eternauta a &#8220;Oggi parliamo di libri&#8221;","author":"Rufus","date":"14\/12\/2012","format":false,"excerpt":"Quella che segue \u00e8 un po' la sintesi dei miei appunti e un po' trascrizione delle cose che ho detto ieri sull'Eternauta durante la seconda puntata di Oggi parliamo di libri. Cari ascoltatori, salve a tutti e ben ritrovati sulle frequenze di Radio Kalaritana: io sono Roberto Sedda e, come\u2026","rel":"","context":"In &quot;Coordinate&quot;","block_context":{"text":"Coordinate","link":"https:\/\/www.robertosedda.it\/?cat=52"},"img":{"alt_text":"","src":"https:\/\/i0.wp.com\/www.robertosedda.it\/wp-content\/uploads\/2012\/12\/LEternauta-500px.jpg?fit=500%2C403&ssl=1&resize=350%2C200","width":350,"height":200},"classes":[]},{"id":17315,"url":"https:\/\/www.robertosedda.it\/?p=17315","url_meta":{"origin":2536,"position":2},"title":"Gente che viene da dappertutto","author":"Rufus","date":"23\/09\/2019","format":false,"excerpt":"Nello scorso fine settimana, come avevo annunciato, sono stato a Cortes Apertas di Orani per aprire casa e accogliere i visitatori. Quiete prima della festa Essendo di corv\u00e9e non mi sono goduto il paese e la festa quasi per niente, a parte un consumo spropositato di proteine di origine animale,\u2026","rel":"","context":"In &quot;Coordinate&quot;","block_context":{"text":"Coordinate","link":"https:\/\/www.robertosedda.it\/?cat=52"},"img":{"alt_text":"","src":"https:\/\/i0.wp.com\/www.robertosedda.it\/wp-content\/uploads\/2019\/09\/Su-Postu.jpg?fit=1200%2C900&ssl=1&resize=350%2C200","width":350,"height":200,"srcset":"https:\/\/i0.wp.com\/www.robertosedda.it\/wp-content\/uploads\/2019\/09\/Su-Postu.jpg?fit=1200%2C900&ssl=1&resize=350%2C200 1x, https:\/\/i0.wp.com\/www.robertosedda.it\/wp-content\/uploads\/2019\/09\/Su-Postu.jpg?fit=1200%2C900&ssl=1&resize=700%2C400 2x, https:\/\/i0.wp.com\/www.robertosedda.it\/wp-content\/uploads\/2019\/09\/Su-Postu.jpg?fit=1200%2C900&ssl=1&resize=1050%2C600 3x"},"classes":[]},{"id":10537,"url":"https:\/\/www.robertosedda.it\/?p=10537","url_meta":{"origin":2536,"position":3},"title":"Selvagge storie di giungla urbana","author":"Rufus","date":"11\/07\/2015","format":"video","excerpt":"Storie pazzesche (Relatos salvajes, Dami\u00e1n Szifr\u00f3n, Argentina 2014) Sono un po' in imbarazzo, nel parlare di questo film recuperato nell'arena estiva di Villa Musas, perch\u00e9 qualunque cosa io dica rischio di rovinare la sorpresa dello spettatore ignaro, che \u00e8 uno dei punti di forza del film. \u00c8 davvero difficile, per\u00f2\u2026","rel":"","context":"In &quot;Coordinate&quot;","block_context":{"text":"Coordinate","link":"https:\/\/www.robertosedda.it\/?cat=52"},"img":{"alt_text":"","src":"https:\/\/i0.wp.com\/www.robertosedda.it\/wp-content\/uploads\/2015\/07\/Storie-pazzesche.jpg?fit=1200%2C675&ssl=1&resize=350%2C200","width":350,"height":200,"srcset":"https:\/\/i0.wp.com\/www.robertosedda.it\/wp-content\/uploads\/2015\/07\/Storie-pazzesche.jpg?fit=1200%2C675&ssl=1&resize=350%2C200 1x, https:\/\/i0.wp.com\/www.robertosedda.it\/wp-content\/uploads\/2015\/07\/Storie-pazzesche.jpg?fit=1200%2C675&ssl=1&resize=700%2C400 2x, https:\/\/i0.wp.com\/www.robertosedda.it\/wp-content\/uploads\/2015\/07\/Storie-pazzesche.jpg?fit=1200%2C675&ssl=1&resize=1050%2C600 3x"},"classes":[]},{"id":16231,"url":"https:\/\/www.robertosedda.it\/?p=16231","url_meta":{"origin":2536,"position":4},"title":"Repertori e cataloghi","author":"Rufus","date":"07\/02\/2019","format":false,"excerpt":"La settimana scorsa ho visto al teatro Argentina di Roma La\u00a0tragedia\u00a0del\u00a0vendicatore di Thomas Middleton, che contrariamente a quello che crede Google\u00a0non\u00a0\u00e8\u00a0un\u00a0parente\u00a0della\u00a0Duchessa\u00a0di Cambridge\u00a0ma\u00a0un autore di teatro pi\u00f9 o meno contemporaneo di Shakespeare. Parentesi: siccome Middleton \u00e8 stato attivo soprattutto dopo la morte della Regina Elisabetta non \u00e8 corretto definirlo un esponente\u2026","rel":"","context":"In &quot;Coordinate&quot;","block_context":{"text":"Coordinate","link":"https:\/\/www.robertosedda.it\/?cat=52"},"img":{"alt_text":"","src":"https:\/\/i0.wp.com\/www.robertosedda.it\/wp-content\/uploads\/2019\/02\/Middleton.jpg?fit=1200%2C900&ssl=1&resize=350%2C200","width":350,"height":200,"srcset":"https:\/\/i0.wp.com\/www.robertosedda.it\/wp-content\/uploads\/2019\/02\/Middleton.jpg?fit=1200%2C900&ssl=1&resize=350%2C200 1x, https:\/\/i0.wp.com\/www.robertosedda.it\/wp-content\/uploads\/2019\/02\/Middleton.jpg?fit=1200%2C900&ssl=1&resize=700%2C400 2x, https:\/\/i0.wp.com\/www.robertosedda.it\/wp-content\/uploads\/2019\/02\/Middleton.jpg?fit=1200%2C900&ssl=1&resize=1050%2C600 3x"},"classes":[]},{"id":3179,"url":"https:\/\/www.robertosedda.it\/?p=3179","url_meta":{"origin":2536,"position":5},"title":"Proverbi e cantautori all&#8217;Assemblea di Banca Etica (e altro&#8230;)","author":"Rufus","date":"20\/05\/2013","format":"video","excerpt":"Questo fine settimana sono stato a Firenze, insieme a un altro migliaio di persone, per l'Assemblea di Banca Etica. Fra tutti gli intervenuti c'era anche una folta delegazione spagnola: l'Assemblea sanciva l'ingresso della \"quinta area\", l'area spagnola dopo le quattro italiane, nella compagine sociale. Il venerd\u00ec notte ci siamo visti\u2026","rel":"","context":"In &quot;Coordinate&quot;","block_context":{"text":"Coordinate","link":"https:\/\/www.robertosedda.it\/?cat=52"},"img":{"alt_text":"","src":"https:\/\/i0.wp.com\/img.youtube.com\/vi\/RN3KZ35mTo8\/0.jpg?resize=350%2C200","width":350,"height":200},"classes":[]}],"_links":{"self":[{"href":"https:\/\/www.robertosedda.it\/index.php?rest_route=\/wp\/v2\/posts\/2536"}],"collection":[{"href":"https:\/\/www.robertosedda.it\/index.php?rest_route=\/wp\/v2\/posts"}],"about":[{"href":"https:\/\/www.robertosedda.it\/index.php?rest_route=\/wp\/v2\/types\/post"}],"author":[{"embeddable":true,"href":"https:\/\/www.robertosedda.it\/index.php?rest_route=\/wp\/v2\/users\/1"}],"replies":[{"embeddable":true,"href":"https:\/\/www.robertosedda.it\/index.php?rest_route=%2Fwp%2Fv2%2Fcomments&post=2536"}],"version-history":[{"count":29,"href":"https:\/\/www.robertosedda.it\/index.php?rest_route=\/wp\/v2\/posts\/2536\/revisions"}],"predecessor-version":[{"id":19292,"href":"https:\/\/www.robertosedda.it\/index.php?rest_route=\/wp\/v2\/posts\/2536\/revisions\/19292"}],"wp:featuredmedia":[{"embeddable":true,"href":"https:\/\/www.robertosedda.it\/index.php?rest_route=\/wp\/v2\/media\/2543"}],"wp:attachment":[{"href":"https:\/\/www.robertosedda.it\/index.php?rest_route=%2Fwp%2Fv2%2Fmedia&parent=2536"}],"wp:term":[{"taxonomy":"category","embeddable":true,"href":"https:\/\/www.robertosedda.it\/index.php?rest_route=%2Fwp%2Fv2%2Fcategories&post=2536"},{"taxonomy":"post_tag","embeddable":true,"href":"https:\/\/www.robertosedda.it\/index.php?rest_route=%2Fwp%2Fv2%2Ftags&post=2536"}],"curies":[{"name":"wp","href":"https:\/\/api.w.org\/{rel}","templated":true}]}}