{"id":2516,"date":"2013-03-11T12:57:20","date_gmt":"2013-03-11T11:57:20","guid":{"rendered":"http:\/\/www.robertosedda.it\/?p=2516"},"modified":"2022-03-14T16:29:50","modified_gmt":"2022-03-14T15:29:50","slug":"servizio-pubblico","status":"publish","type":"post","link":"https:\/\/www.robertosedda.it\/?p=2516","title":{"rendered":"Servizio pubblico"},"content":{"rendered":"<p>Il nostro mondo politico locale \u00e8 agitato in questi giorni, oltre che dalle solite cose, dalla ventilata nomina di Antonello Cabras alla Presidenza della <em>Fondazione Banco di Sardegna<\/em>.<\/p>\n<h2>Chi governa le <em>Fondazioni<\/em>?<\/h2>\n<p>Sulla questione ho le mie opinioni ma non mi interessa entrare nel dibattito. Siccome per\u00f2 ho visto girare affermazioni del genere<\/p>\n<blockquote><p>Stare fuori dalle banche \u00e8 un imperativo per sanare un rapporto patologico tra il mondo degli affari e della finanza e la politica<\/p><\/blockquote>\n<p>che riferite alla <em>Fondazione <\/em>in s\u00e9 sono insostenibili, spendo il mio <em>cent<\/em> a favore di un servizio pubblico di informazione per una discussione consapevole: suggerisco di leggere <a href=\"http:\/\/www.fondazionebancodisardegna.it\/dati\/StatutoBancoSardegna2008.pdf\">lo Statuto della <em>Fondazione<\/em><\/a> e le regole della composizione del Comitato di Indirizzo (artt. 25-28), nonch\u00e9 le attivit\u00e0 che la <em>Fondazione<\/em> pu\u00f2 svolgere, cos\u00ec ognuno pu\u00f2 farsi la sua idea a ragion veduta (io le ho trovate interessanti). Segnalo anche il <a href=\"http:\/\/www.altalex.com\/index.php?idnot=5211\"><em>Regolamento in materia di disciplina delle Fondazioni bancarie<\/em><\/a>, e in particolare l&#8217;art. 3<\/p>\n<blockquote><p>Organo di indirizzo<\/p>\n<p>1. Fermo restando quanto previsto al comma 6 per le fondazioni di origine associativa, l&#8217;organo di indirizzo delle fondazioni \u00e8 composto, secondo quanto previsto dagli statuti, da una prevalente e qualificata&nbsp; rappresentanza degli interessi del territorio; per la restante&nbsp; parte l&#8217;organo di indirizzo \u00e8 composto da soggetti di chiara fama e riconosciuta indipendenza in possesso di competenza ed esperienza specifica nei settori di intervento della fondazione, la cui presenza non \u00e8, comunque, in funzione della rappresentanza di interessi (&#8220;le personalit\u00e0&#8221;). Restano fermi per tutti i componenti i requisiti di cui all&#8217;articolo 4.<\/p>\n<p>2. I rappresentanti degli interessi del territorio della fondazione sono&nbsp; designati da regioni, comuni, province e, ove esistenti, citt\u00e0 metropolitane; lo&nbsp; statuto&nbsp; distribuisce i poteri di designazione in modo da riflettere il territorio.<\/p><\/blockquote>\n<p>cos\u00ec almeno sull&#8217;intreccio fra banche e politica si pu\u00f2 discutere con argomenti pi\u00f9 solidi.<\/p>\n<p>Ovviamente fra le attivit\u00e0 della <em>Fondazione<\/em> non citate nello Statuto rientra il fatto che possiede il 49% del capitale del <em>Banco di Sardegna<\/em> e ne nomina parte del CdA, ma a questo arriviamo subito.<\/p>\n<h2>A proposito di patti parasociali<\/h2>\n<p>Sono rimasto molto colpito da <a href=\"http:\/\/www.sardiniapost.it\/pronto-intervento\/fondazione-e-pd-il-nodo-si-chiama-patto-parasociale\/\">un articolo su <em>SardiniaPost <\/em><\/a>di cui per comodit\u00e0 riporto la parte pi\u00f9 significativa:<\/p>\n<blockquote><p>Riassumiamo in modo schematico (chi vorr\u00e0 conoscerne i dettagli pu\u00f2 andare ai documenti originari) nella convinzione che il ruolo dell\u2019informazione sia esattamente quello di fornire all\u2019opinione pubblica i \u2018materiali\u2019 per formarsi un\u2019idea attorno alle scelte di chi amministra la cosa pubblica.<\/p>\n<p>Scrivono Segni e Parisi che nell\u2019ottobre scorso i due soci del Banco di Sardegna, quello di minoranza (la Fondazione) e quello di maggioranza (la Banca popolare dell\u2019Emilia Romagna) hanno sottoscritto un \u2018patto parasociale\u2019 che (ribadisce Parisi nell\u2019intervista) prevede una serie di clausole da cui \u00e8 facile capire il vantaggio per la Bper, uno dei contraenti, ma non si capisce il beneficio per la Fondazione.<\/p>\n<p>Trasferiamo lo stesso concetto alla realt\u00e0 materiale, dando alle istituzioni coinvolte nell\u2019accordo i nomi dei protagonisti. Viene fuori questo: nell\u2019ottobre scorso la Fondazione del Banco di sardegna, il cui presidente \u00e8 Antonello Arru, stipulato un accordo svantaggioso con la Banca popolare dell\u2019Emilia Romagna.<\/p>\n<p>Secondo passaggio (esplicitato ancora una volta da Parisi nell\u2019intervista). Mentre sul presidente della Fondazione la Bper non ha voce in capitolo, ce l\u2019ha, eccome, sulla nomina del presidente dell\u2019Istituto. Dunque: nell\u2019ottobre scorso <strong>il presidente della Fondazione del Banco di Sardegna ha stipulato un accordo svantaggioso con chi dovr\u00e0 dire s\u00ec o no alla sua nomina al vertice dell\u2019Istituto. <\/strong><\/p><\/blockquote>\n<p>Ora. Mi permetto di dire che sono d&#8217;accordo col fatto che<\/p>\n<blockquote><p>il ruolo dell\u2019informazione sia esattamente quello di fornire all\u2019opinione pubblica i \u2018materiali\u2019 per formarsi un\u2019idea attorno alle scelte di chi amministra la cosa pubblica<\/p><\/blockquote>\n<p>solo che, vista la gravit\u00e0 delle accuse, mi sarei aspettato che l&#8217;articolo facesse nomi e cognomi, cio\u00e8 i materiali informativi li desse davvero,&nbsp;o almeno indicasse con chiarezza ci\u00f2 che c&#8217;\u00e8 di cos\u00ec svantaggioso&nbsp;per la <em>Fondazione<\/em> nel patto parasociale. Invece nulla, se non l&#8217;idea che<\/p>\n<blockquote><p>chi vorr\u00e0 conoscerne i dettagli pu\u00f2 andare ai documenti originari<\/p><\/blockquote>\n<p>cosa che io a questo punto ovviamente ho fatto, se no non sarei il vostro umile Rufus di quartiere che tutti amate appassionatamente.<\/p>\n<p>Scopro cos\u00ec che in realt\u00e0 la <em>Fondazione<\/em> e <em>BPER<\/em> (che sono i due soli soci del <em>Banco di Sardegna<\/em>) sono stati legati da un accordo parasociale, della durata di un triennio e tacitamente rinnovabile, fin dal 30 marzo 2001. Questo accordo (<a href=\"http:\/\/www.euroborsa.it\/pdf\/0043-115-2009.pdf\">che potete leggere<\/a>)&nbsp;\u00e8 stato sempre rinnovato fino allo scorso novembre, quando \u00e8 stato sostituito da un altro (<a href=\"http:\/\/www.fondazionebancodisardegna.it\/dati\/Patto_parasociale_BdS.pdf\">anche questo pubblicato, potenza della <em>Consob<\/em><\/a>).<\/p>\n<p>Lascio alla vostra curiosit\u00e0 scoprire le modifiche fra l&#8217;accordo precedente e l&#8217;attuale.<\/p>\n<p><em>Hint<\/em>: qualcosa c&#8217;\u00e8.<\/p>\n<p>Una cosa che invece <em>non<\/em> c&#8217;\u00e8, \u00e8 quel che preannunciava <a href=\"http:\/\/www.sardiniapost.it\/politica\/parisi-il-pd-non-puo-continuare-a-tacere-sul-banco-di-sardegna\/\">l&#8217;intervista di Parisi<\/a>:<\/p>\n<blockquote><p>Se nel patto si offre un diritto di prelazione alla Bper nel caso di vendita delle azioni in capo alla Fondazione, ovviamente c\u2019\u00e8 un beneficio per la Bper. Giusto? Ma cosa ci guadagna la Fondazione a concedere questa opzione alla Bper?<\/p><\/blockquote>\n<p>Ci si riferisce al punto 3.1 (<em>Trasferimento delle azioni conferite<\/em>) del nuovo accordo. Per comodit\u00e0 ve lo riporto:<\/p>\n<blockquote>\n<p align=\"left\">Bper si obbliga, per l&#8217;intera durata dell&#8217;Accordo, a non trasferire a qualsiasi titolo o comunque a non disporre, in tutto o in parte, delle Azioni Conferite.<\/p>\n<p align=\"left\">La Fondazione si obbliga, per l&#8217;intera durata dell&#8217;Accordo, a non trasferire a qualsiasi titolo o comunque a non disporre di un quantitativo di Azioni Conferite tale da ridurre la propria partecipazione al di sotto del 20% del capitale sociale del Banco avente diritto di voto in assemblea straordinaria. La Fondazione potr\u00e0 pertanto trasferire, in tutto o in parte, le Azioni Conferite che eccedono tale limite (i) a Bper ovvero (ii) a terzi, nel rispetto della procedura di prelazione indicata al successivo paragrafo e, ove i potenziali terzi acquirenti siano banche o societ\u00e0 finanziarie, ovvero soggetti controllati anche indirettamente da banche o societ\u00e0 finanziarie, previo gradimento di Bper nei confronti di tali soggetti.<\/p>\n<p align=\"left\">Qualora la Fondazione intenda trasferire, in tutto o in parte, le proprie Azioni Conferite, nei limiti indicati al precedente paragrafo, essa dovr\u00e0 offrirle a Bper che potr\u00e0 esercitare il diritto di prelazione all&#8217;acquisto dell&#8217;intero quantitativo di Azioni Conferite offerto.<\/p>\n<\/blockquote>\n<p align=\"left\">Nel vecchio accordo (invece?!) si diceva:<\/p>\n<blockquote>\n<p align=\"left\">\u201cBper\u201d si obbliga, per l&#8217;intera durata dell&#8217;Accordo, a non trasferire a qualsiasi titolo o comunque a non disporre, in tutto o in parte, delle Azioni Conferite.<\/p>\n<p align=\"left\">La \u201cFondazione\u201d si obbliga, per l&#8217;intera durata dell&#8217;Accordo, a non trasferire a qualsiasi titolo o comunque a non disporre di un quantitativo di Azioni Conferite tale da ridurre la propria partecipazione al di sotto del 20% del capitale sociale del \u201cBanco\u201d avente diritto di voto in assemblea straordinaria. La Fondazione potr\u00e0 pertanto trasferire, in tutto o in parte, le Azioni Conferite che eccedono tale limite (i) a \u201cBper\u201d ovvero (ii) a terzi, nel rispetto della procedura di prelazione indicata al successivo paragrafo e, ove i potenziali terzi acquirenti siano banche o societ\u00e0 finanziarie, ovvero soggetti controllati anche indirettamente da banche o societ\u00e0 finanziarie, previo gradimento di \u201cBper\u201d nei confronti di tali soggetti.<\/p>\n<p align=\"left\">Qualora la \u201cFondazione\u201d intenda trasferire, in tutto o in parte, le proprie Azioni Conferite, nei limiti indicati al precedente paragrafo, essa dovr\u00e0 offrirle a \u201cBper\u201d che potr\u00e0 esercitare il diritto di prelazione all&#8217;acquisto dell&#8217;intero quantitativo di Azioni Conferite offerto.<\/p>\n<\/blockquote>\n<p align=\"left\">Che non so a voi, ma a me mi pare identico.<\/p>\n<p align=\"left\">Il mio compito di servizio pubblico all&#8217;informazione si conclude qui, ma ne approfitto per congedarmi con una domanda: ma l&#8217;onorevole Parisi avr\u00e0 avuto una distrazione lunga dal 2001 a oggi, oppure fa polemica a scoppio comandato? Misteri.<\/p>\n","protected":false},"excerpt":{"rendered":"<p>Il nostro mondo politico locale \u00e8 agitato in questi giorni, oltre che dalle solite cose, dalla ventilata nomina di Antonello<\/p>\n","protected":false},"author":1,"featured_media":19263,"comment_status":"open","ping_status":"open","sticky":false,"template":"","format":"standard","meta":{"_mi_skip_tracking":false,"_monsterinsights_sitenote_active":false,"_monsterinsights_sitenote_note":"","_monsterinsights_sitenote_category":0,"jetpack_post_was_ever_published":false,"_jetpack_newsletter_access":"","jetpack_publicize_message":"","jetpack_is_tweetstorm":false,"jetpack_publicize_feature_enabled":true,"jetpack_social_post_already_shared":false,"jetpack_social_options":{"image_generator_settings":{"template":"highway","enabled":false}}},"categories":[72,52,55,17,16],"tags":[],"jetpack_publicize_connections":[],"jetpack_featured_media_url":"https:\/\/i0.wp.com\/www.robertosedda.it\/wp-content\/uploads\/2013\/03\/6464_fondazionebds.png?fit=610%2C151&ssl=1","jetpack_sharing_enabled":true,"jetpack_shortlink":"https:\/\/wp.me\/p4jV2T-EA","jetpack_likes_enabled":true,"jetpack-related-posts":[{"id":10205,"url":"https:\/\/www.robertosedda.it\/?p=10205","url_meta":{"origin":2516,"position":0},"title":"Articoli dimenticati","author":"Rufus","date":"08\/05\/2015","format":false,"excerpt":"Mi sono accorto oggi che non avevo riportato sul\u00a0blog l'articolo che ho pubblicato sul supplemento diocesano di\u00a0Avvenire\u00a0del 19 aprile 2015, dedicato a Banca Etica. Lo riposto qui: \u00e8 un articolo brevissimo e anche piuttosto anonimo (me lo dico da solo...), nel senso che occorreva prima di tutto presentare la Banca\u2026","rel":"","context":"In &quot;Banche e finanza&quot;","block_context":{"text":"Banche e finanza","link":"https:\/\/www.robertosedda.it\/?cat=72"},"img":{"alt_text":"","src":"https:\/\/i0.wp.com\/www.robertosedda.it\/wp-content\/uploads\/2015\/05\/Avvenire-Cagliari-testata.jpg?fit=648%2C218&ssl=1&resize=350%2C200","width":350,"height":200},"classes":[]},{"id":14384,"url":"https:\/\/www.robertosedda.it\/?p=14384","url_meta":{"origin":2516,"position":1},"title":"Quel che ho detto al convegno &#8220;Pace &#8211; Lavoro &#8211; Sviluppo&#8221; di Iglesias","author":"Rufus","date":"06\/12\/2017","format":false,"excerpt":"Domenica scorsa in compagnia di un po' di soci di Banca Etica sono andato al Convegno\u00a0Pace - Lavoro - Sviluppo dedicato al tema della riconversione della fabbrica di Domusnovas della RWM. Al convegno hanno preso la parola molti relatori, tanti di alto livello. Fra quelli che hanno parlato ma che\u2026","rel":"","context":"In &quot;Banche e finanza&quot;","block_context":{"text":"Banche e finanza","link":"https:\/\/www.robertosedda.it\/?cat=72"},"img":{"alt_text":"","src":"https:\/\/i0.wp.com\/www.robertosedda.it\/wp-content\/uploads\/2017\/12\/Arcobaleno.jpg?fit=510%2C458&ssl=1&resize=350%2C200","width":350,"height":200},"classes":[]},{"id":11252,"url":"https:\/\/www.robertosedda.it\/?p=11252","url_meta":{"origin":2516,"position":2},"title":"Cambiamenti climatici e clima della finanza","author":"Rufus","date":"04\/12\/2015","format":false,"excerpt":"Ripropongo anche su questo\u00a0blog la posizione di Banca Etica sulla conferenza sul clima in svolgimento in questi giorni a Parigi. Lo sapete vero che Cagliari \u00e8 fra le citt\u00e0 che si pensa possano scomparire sotto l'acqua fra poche decine d'anni? Ma l'articolo mi sembra interessante perch\u00e9 lega, come dice nelle\u2026","rel":"","context":"In &quot;Banche e finanza&quot;","block_context":{"text":"Banche e finanza","link":"https:\/\/www.robertosedda.it\/?cat=72"},"img":{"alt_text":"","src":"","width":0,"height":0},"classes":[]},{"id":1285,"url":"https:\/\/www.robertosedda.it\/?p=1285","url_meta":{"origin":2516,"position":3},"title":"Leggere la crisi con Andrea Baranes","author":"Rufus","date":"07\/11\/2012","format":false,"excerpt":"Da venerd\u00ec 9 a domenica 11 novembre, al Teatro Piccolo Auditorium di Cagliari, i Pres\u00ecdi del libro della Sardegna\u00a0propongono la rassegna Il tramonto dell'Occidente. Leggendo il programma sembra, ed \u00e8, un vero e proprio festival letterario culturale, articolato su tavole rotonde, readings e proiezioni. Tutto molto colto e profondo, forse\u2026","rel":"","context":"In &quot;Banche e finanza&quot;","block_context":{"text":"Banche e finanza","link":"https:\/\/www.robertosedda.it\/?cat=72"},"img":{"alt_text":"","src":"","width":0,"height":0},"classes":[]},{"id":14951,"url":"https:\/\/www.robertosedda.it\/?p=14951","url_meta":{"origin":2516,"position":4},"title":"Fatevi la vostra finanza etica: quel che ho detto alla Bottega &#8220;Oscar Romero&#8221;","author":"Rufus","date":"05\/04\/2018","format":false,"excerpt":"Il 19 marzo sono andato alla Bottega del commercio equo Oscar Romero di Cagliari a parlare di finanza etica. Era l'incontro conclusivo di un corso per futuri operatori della Bottega e in generale per volontari che volessero dotarsi di strumenti pi\u00f9 approfonditi, quindi non mi sembrava il caso di andare\u2026","rel":"","context":"In &quot;Banche e finanza&quot;","block_context":{"text":"Banche e finanza","link":"https:\/\/www.robertosedda.it\/?cat=72"},"img":{"alt_text":"","src":"https:\/\/i0.wp.com\/www.robertosedda.it\/wp-content\/uploads\/2018\/04\/Relaxione-finazna-etica-Oscar-Romero.jpg?fit=1200%2C828&ssl=1&resize=350%2C200","width":350,"height":200,"srcset":"https:\/\/i0.wp.com\/www.robertosedda.it\/wp-content\/uploads\/2018\/04\/Relaxione-finazna-etica-Oscar-Romero.jpg?fit=1200%2C828&ssl=1&resize=350%2C200 1x, https:\/\/i0.wp.com\/www.robertosedda.it\/wp-content\/uploads\/2018\/04\/Relaxione-finazna-etica-Oscar-Romero.jpg?fit=1200%2C828&ssl=1&resize=700%2C400 2x, https:\/\/i0.wp.com\/www.robertosedda.it\/wp-content\/uploads\/2018\/04\/Relaxione-finazna-etica-Oscar-Romero.jpg?fit=1200%2C828&ssl=1&resize=1050%2C600 3x"},"classes":[]},{"id":3435,"url":"https:\/\/www.robertosedda.it\/?p=3435","url_meta":{"origin":2516,"position":5},"title":"Dimissioni","author":"Rufus","date":"05\/06\/2013","format":false,"excerpt":"Ho avvisato oggi i Coordinatori dei gruppi dei soci dell'Area Centro Italia di Banca Etica che mi dimetto, e ho convocato una riunione il prossimo 22 per discutere le dimissioni e eleggere il nuovo Referente dei soci per il Centro Italia. In un blog pubblico mi pare opportuno specificare che\u2026","rel":"","context":"In &quot;Banche e finanza&quot;","block_context":{"text":"Banche e finanza","link":"https:\/\/www.robertosedda.it\/?cat=72"},"img":{"alt_text":"","src":"","width":0,"height":0},"classes":[]}],"_links":{"self":[{"href":"https:\/\/www.robertosedda.it\/index.php?rest_route=\/wp\/v2\/posts\/2516"}],"collection":[{"href":"https:\/\/www.robertosedda.it\/index.php?rest_route=\/wp\/v2\/posts"}],"about":[{"href":"https:\/\/www.robertosedda.it\/index.php?rest_route=\/wp\/v2\/types\/post"}],"author":[{"embeddable":true,"href":"https:\/\/www.robertosedda.it\/index.php?rest_route=\/wp\/v2\/users\/1"}],"replies":[{"embeddable":true,"href":"https:\/\/www.robertosedda.it\/index.php?rest_route=%2Fwp%2Fv2%2Fcomments&post=2516"}],"version-history":[{"count":10,"href":"https:\/\/www.robertosedda.it\/index.php?rest_route=\/wp\/v2\/posts\/2516\/revisions"}],"predecessor-version":[{"id":19264,"href":"https:\/\/www.robertosedda.it\/index.php?rest_route=\/wp\/v2\/posts\/2516\/revisions\/19264"}],"wp:featuredmedia":[{"embeddable":true,"href":"https:\/\/www.robertosedda.it\/index.php?rest_route=\/wp\/v2\/media\/19263"}],"wp:attachment":[{"href":"https:\/\/www.robertosedda.it\/index.php?rest_route=%2Fwp%2Fv2%2Fmedia&parent=2516"}],"wp:term":[{"taxonomy":"category","embeddable":true,"href":"https:\/\/www.robertosedda.it\/index.php?rest_route=%2Fwp%2Fv2%2Fcategories&post=2516"},{"taxonomy":"post_tag","embeddable":true,"href":"https:\/\/www.robertosedda.it\/index.php?rest_route=%2Fwp%2Fv2%2Ftags&post=2516"}],"curies":[{"name":"wp","href":"https:\/\/api.w.org\/{rel}","templated":true}]}}