{"id":2465,"date":"2013-03-06T12:35:42","date_gmt":"2013-03-06T11:35:42","guid":{"rendered":"http:\/\/www.robertosedda.it\/?p=2465"},"modified":"2015-03-06T14:08:54","modified_gmt":"2015-03-06T13:08:54","slug":"fahrenheit-451-a-oggi-parliamo-di-libri","status":"publish","type":"post","link":"https:\/\/www.robertosedda.it\/?p=2465","title":{"rendered":"Fahrenheit 451 a &#8220;Oggi parliamo di libri&#8221;"},"content":{"rendered":"<p>Ho messo in linea la puntata dedicata a <em>Fahrenheit 451<\/em> di Ray Bradbury.<\/p>\n<div class=\"jetpack-video-wrapper\"><span class=\"embed-youtube\" style=\"text-align:center; display: block;\"><iframe class=\"youtube-player\" width=\"800\" height=\"450\" src=\"https:\/\/www.youtube.com\/embed\/-n2ej5KtVJ0?version=3&#038;rel=1&#038;showsearch=0&#038;showinfo=1&#038;iv_load_policy=1&#038;fs=1&#038;hl=it-IT&#038;autohide=2&#038;wmode=transparent\" allowfullscreen=\"true\" style=\"border:0;\" sandbox=\"allow-scripts allow-same-origin allow-popups allow-presentation\"><\/iframe><\/span><\/div>\n<p>Non va bene farsi i compimenti da soli, ma trovo che sia stata una puntata equilibrata e priva di errori, e sono abbastanza soddisfatto.<\/p>\n<p>Per quelli che non hanno voglia di ascoltare tutta la puntata ribadisco comunque la mia tesi principale: <em>Fahrenheit 451<\/em>, riletto oggi, non \u00e8 un film sulla letteratura; \u00e8 piuttosto un film sulla dittatura e sulla possibilit\u00e0 per i regimi di controllare l&#8217;opinione pubblica tramite la televisione (in generale: tramite mezzi di comunicazione di massa unidirezionali): un tema che rende il libro una lettura\u00a0molto adatta all&#8217;oggi.<\/p>\n<p>La letteratura non \u00e8 nemmeno, per quel che capisco del pensiero di Bradbury, precisamente un <em>antidoto<\/em> alla dittaura: \u00e8 piuttosto una metafora di tutto ci\u00f2 che si oppone al totalitarismo, cio\u00e8 le voci individuali, l&#8217;aggrapparsi al sapere personale, a ci\u00f2 che si \u00e8 direttamente\u00a0sperimentato e che \u00e8 risuonato nel <em>proprio<\/em> animo<em>,<\/em> contrapposto a saperi, sentimenti e opinioni del tutto massificati. Una metafora potente, ma alla fine ci\u00f2 che interessa Bradbury \u00e8 la libert\u00e0 di <em>coscienza<\/em>, non la libert\u00e0 di <em>lettura.<\/em><\/p>\n<h3><em>Performance<\/em> di rilievo<\/h3>\n<p>Durante la puntata ho avuto modo di usare l&#8217;espressione <em>fantascienza distopica<\/em>\u00a0e perfino\u00a0<em>disagio esistenziale<\/em>, e\u00a0 ne sono molto orgoglioso. Adesso mi manca solo <em>disarcivescovocostatinopolizzasse<\/em> e poi posso ritirarmi nell&#8217;empireo radiofonico.<\/p>\n<p>Ho anche fatto un breve accenno, temo troppo\u00a0veloce e quindi un po&#8217; criptico, al tema dello <em>show, don&#8217;t tell!<\/em> come parametro di una buona scrittura di fantascienza. <em>Mostra, non raccontare!<\/em>\u00a0\u00e8 un classico della critica letteraria fantascientifica, e in Italia la porta d&#8217;ingresso verso campi di battaglia sanguinosi: per chi vuole approfondire ma predilige un approccio morbido consiglio <a href=\"http:\/\/wereharesburrow.wordpress.com\/tag\/mostra-non-raccontare\/\">il sito di questa coniglietta mannara<\/a>,\u00a0chi invece\u00a0preferisse essere scagliato al centro della mischia,\u00a0fra le maledizioni dei morenti e gli schizzi di sangue,\u00a0dovrebbe leggere <a href=\"http:\/\/fantasy.gamberi.org\/2010\/11\/18\/manuali-3-mostrare\/all-comments\/#comments\">i commenti al (buon) articolo in materia della pestifera Gamberetta<\/a>.<\/p>\n<p>L&#8217;unico aspetto che forse non ho avuto il tempo di sviscerare \u00e8 il tono apocalittico del libro, un altro tema molto attuale che costituisce un ulteriore\u00a0motivo per una rilettura (che caldamente consiglio) ma che in fondo poteva essere omesso in trasmissione.<\/p>\n<p>La musica di accompagnamento della puntata (che <em>YouTube<\/em> non mi fa includere) \u00e8 stata <em>Great balls of fire<\/em> di Jerry Lee Lewis: la ripropongo qui sotto, a parte.<\/p>\n<div class=\"jetpack-video-wrapper\"><span class=\"embed-youtube\" style=\"text-align:center; display: block;\"><iframe class=\"youtube-player\" width=\"800\" height=\"450\" src=\"https:\/\/www.youtube.com\/embed\/4bB5xL577r4?version=3&#038;rel=1&#038;showsearch=0&#038;showinfo=1&#038;iv_load_policy=1&#038;fs=1&#038;hl=it-IT&#038;autohide=2&#038;wmode=transparent\" allowfullscreen=\"true\" style=\"border:0;\" sandbox=\"allow-scripts allow-same-origin allow-popups allow-presentation\"><\/iframe><\/span><\/div>\n","protected":false},"excerpt":{"rendered":"<p>Ho messo in linea la puntata dedicata a Fahrenheit 451 di Ray Bradbury. Non va bene farsi i compimenti da<\/p>\n","protected":false},"author":1,"featured_media":0,"comment_status":"open","ping_status":"open","sticky":false,"template":"","format":"video","meta":{"_mi_skip_tracking":false,"_monsterinsights_sitenote_active":false,"_monsterinsights_sitenote_note":"","_monsterinsights_sitenote_category":0,"jetpack_post_was_ever_published":false,"_jetpack_newsletter_access":"","jetpack_publicize_message":"","jetpack_is_tweetstorm":false,"jetpack_publicize_feature_enabled":true,"jetpack_social_post_already_shared":false,"jetpack_social_options":{"image_generator_settings":{"template":"highway","enabled":false}}},"categories":[52,63,56,13,12],"tags":[],"jetpack_publicize_connections":[],"jetpack_featured_media_url":"","jetpack_sharing_enabled":true,"jetpack_shortlink":"https:\/\/wp.me\/p4jV2T-DL","jetpack_likes_enabled":true,"jetpack-related-posts":[{"id":8315,"url":"https:\/\/www.robertosedda.it\/?p=8315","url_meta":{"origin":2465,"position":0},"title":"Riparte &#8220;Oggi parliamo di libri&#8221;","author":"Rufus","date":"03\/09\/2014","format":false,"excerpt":"EDIT: scopro dalla redazione che ho fatto casino e che ripartiamo l'11 settembre. Ehm. Aggiorno. Domani gioved\u00ec 4 settembre\u00a0L'11 settembre torno in onda con Oggi parliamo di libri, la trasmissione di Radio Kalaritana nella quale, immagina un po'?, parlo di libri. Volete sapere: l'orario? Ogni gioved\u00ec alle 19.10 e in\u2026","rel":"","context":"In &quot;Coordinate&quot;","block_context":{"text":"Coordinate","link":"https:\/\/www.robertosedda.it\/?cat=52"},"img":{"alt_text":"","src":"https:\/\/i0.wp.com\/www.robertosedda.it\/wp-content\/uploads\/2014\/09\/Diapositiva10.jpg?fit=960%2C720&ssl=1&resize=350%2C200","width":350,"height":200,"srcset":"https:\/\/i0.wp.com\/www.robertosedda.it\/wp-content\/uploads\/2014\/09\/Diapositiva10.jpg?fit=960%2C720&ssl=1&resize=350%2C200 1x, https:\/\/i0.wp.com\/www.robertosedda.it\/wp-content\/uploads\/2014\/09\/Diapositiva10.jpg?fit=960%2C720&ssl=1&resize=700%2C400 2x"},"classes":[]},{"id":2853,"url":"https:\/\/www.robertosedda.it\/?p=2853","url_meta":{"origin":2465,"position":1},"title":"Una puntata conclusiva","author":"Rufus","date":"12\/04\/2013","format":"video","excerpt":"Ho messo oggi on line la puntata di Oggi parliamo di libri che concludeva il ciclo dedicatato a fantasy e fantascienza. Durante\u00a0le trasmissioni\u00a0ho presentato, nell'ordine: Lo Hobbit, L'eternauta, Il gioco di Ender, il ciclo di Conan il Barbaro, il ciclo di Harry Potter, La mano sinistra delle tenebre, i libri\u2026","rel":"","context":"In &quot;Coordinate&quot;","block_context":{"text":"Coordinate","link":"https:\/\/www.robertosedda.it\/?cat=52"},"img":{"alt_text":"","src":"https:\/\/i0.wp.com\/www.robertosedda.it\/wp-content\/uploads\/2013\/04\/Fine-fantasy.jpg?fit=1009%2C691&ssl=1&resize=350%2C200","width":350,"height":200,"srcset":"https:\/\/i0.wp.com\/www.robertosedda.it\/wp-content\/uploads\/2013\/04\/Fine-fantasy.jpg?fit=1009%2C691&ssl=1&resize=350%2C200 1x, https:\/\/i0.wp.com\/www.robertosedda.it\/wp-content\/uploads\/2013\/04\/Fine-fantasy.jpg?fit=1009%2C691&ssl=1&resize=700%2C400 2x"},"classes":[]},{"id":7487,"url":"https:\/\/www.robertosedda.it\/?p=7487","url_meta":{"origin":2465,"position":2},"title":"Cose che si scoprono facendosi consigliare libri","author":"Rufus","date":"20\/05\/2014","format":"video","excerpt":"Io non ho paura\u00a0(Niccol\u00f2 Ammaniti, Einaudi 2001) a\u00a0Oggi parliamo di libri Con\u00a0Io non ho paura, come avrete sentito, ho avviato un nuovo ciclo di puntate di\u00a0Oggi parliamo di libri, in cui presento di volta in volta il \"libro del cuore\" di diversi colleghi collaboratori della radio. \u00c8 un ciclo di\u2026","rel":"","context":"In &quot;Coordinate&quot;","block_context":{"text":"Coordinate","link":"https:\/\/www.robertosedda.it\/?cat=52"},"img":{"alt_text":"","src":"https:\/\/i0.wp.com\/img.youtube.com\/vi\/6K9kX454kQA\/0.jpg?resize=350%2C200","width":350,"height":200},"classes":[]},{"id":12472,"url":"https:\/\/www.robertosedda.it\/?p=12472","url_meta":{"origin":2465,"position":3},"title":"Cos\u00ec fin\u00ec Oggi parliamo di libri","author":"Rufus","date":"06\/09\/2016","format":false,"excerpt":"Trovate qui sotto l'ultima puntata della stagione 2015\/2016 di\u00a0Oggi parliamo di libri, dedicata a\u00a0Liol\u00e0\u00a0di Pirandello: si tratta anche dell'ultima puntata in generale della trasmissione, perch\u00e9 per l'anno prossimo mi piacerebbe molto che venisse accettata la mia proposta di parlare di giochi\u00a0(se si parte si parte ad ottobre, ma mi pare\u2026","rel":"","context":"In &quot;Coordinate&quot;","block_context":{"text":"Coordinate","link":"https:\/\/www.robertosedda.it\/?cat=52"},"img":{"alt_text":"","src":"https:\/\/i0.wp.com\/www.robertosedda.it\/wp-content\/uploads\/2016\/09\/Oggi-parliamo-di-libri-1.jpg?fit=480%2C360&ssl=1&resize=350%2C200","width":350,"height":200},"classes":[]},{"id":5433,"url":"https:\/\/www.robertosedda.it\/?p=5433","url_meta":{"origin":2465,"position":4},"title":"&#8220;Oggi parliamo di libri&#8221; ricomincia con Sherlock Holmes","author":"Rufus","date":"13\/12\/2013","format":"video","excerpt":"Il 3 ottobre (sembra gi\u00e0 un secolo fa) ho ricominciato ad andare in onda con Oggi parliamo di libri. A oggi abbiamo fatto pi\u00f9 di dieci puntate, quindi sono in ritardissimo con la pubblicazione su YouTube e qui sul blog (approfitto per ringraziare pubblicamente Fabio Figus che mi prepara i\u2026","rel":"","context":"In &quot;Coordinate&quot;","block_context":{"text":"Coordinate","link":"https:\/\/www.robertosedda.it\/?cat=52"},"img":{"alt_text":"","src":"https:\/\/i0.wp.com\/www.robertosedda.it\/wp-content\/uploads\/2013\/12\/Sherlock-Parliamo-di-libri.jpg?fit=766%2C448&ssl=1&resize=350%2C200","width":350,"height":200,"srcset":"https:\/\/i0.wp.com\/www.robertosedda.it\/wp-content\/uploads\/2013\/12\/Sherlock-Parliamo-di-libri.jpg?fit=766%2C448&ssl=1&resize=350%2C200 1x, https:\/\/i0.wp.com\/www.robertosedda.it\/wp-content\/uploads\/2013\/12\/Sherlock-Parliamo-di-libri.jpg?fit=766%2C448&ssl=1&resize=700%2C400 2x"},"classes":[]},{"id":9664,"url":"https:\/\/www.robertosedda.it\/?p=9664","url_meta":{"origin":2465,"position":5},"title":"Il diario di Bridget Jones","author":"Rufus","date":"24\/02\/2015","format":"video","excerpt":"Ho messo in linea oggi la puntata di\u00a0Oggi parliamo di libri dedicata a\u00a0Il diario di Bridget Jones. Devo dire che mi chiedo come mai le puntate che dedico a libri che non mi piacciono poi moltissimo riescano di solito meglio di quelle che trattano i miei preferiti. Anche in questo\u2026","rel":"","context":"In &quot;Coordinate&quot;","block_context":{"text":"Coordinate","link":"https:\/\/www.robertosedda.it\/?cat=52"},"img":{"alt_text":"","src":"https:\/\/i0.wp.com\/img.youtube.com\/vi\/qR4XC8QUM3o\/0.jpg?resize=350%2C200","width":350,"height":200},"classes":[]}],"_links":{"self":[{"href":"https:\/\/www.robertosedda.it\/index.php?rest_route=\/wp\/v2\/posts\/2465"}],"collection":[{"href":"https:\/\/www.robertosedda.it\/index.php?rest_route=\/wp\/v2\/posts"}],"about":[{"href":"https:\/\/www.robertosedda.it\/index.php?rest_route=\/wp\/v2\/types\/post"}],"author":[{"embeddable":true,"href":"https:\/\/www.robertosedda.it\/index.php?rest_route=\/wp\/v2\/users\/1"}],"replies":[{"embeddable":true,"href":"https:\/\/www.robertosedda.it\/index.php?rest_route=%2Fwp%2Fv2%2Fcomments&post=2465"}],"version-history":[{"count":8,"href":"https:\/\/www.robertosedda.it\/index.php?rest_route=\/wp\/v2\/posts\/2465\/revisions"}],"predecessor-version":[{"id":9749,"href":"https:\/\/www.robertosedda.it\/index.php?rest_route=\/wp\/v2\/posts\/2465\/revisions\/9749"}],"wp:attachment":[{"href":"https:\/\/www.robertosedda.it\/index.php?rest_route=%2Fwp%2Fv2%2Fmedia&parent=2465"}],"wp:term":[{"taxonomy":"category","embeddable":true,"href":"https:\/\/www.robertosedda.it\/index.php?rest_route=%2Fwp%2Fv2%2Fcategories&post=2465"},{"taxonomy":"post_tag","embeddable":true,"href":"https:\/\/www.robertosedda.it\/index.php?rest_route=%2Fwp%2Fv2%2Ftags&post=2465"}],"curies":[{"name":"wp","href":"https:\/\/api.w.org\/{rel}","templated":true}]}}