{"id":243,"date":"2012-08-21T16:01:42","date_gmt":"2012-08-21T14:01:42","guid":{"rendered":"http:\/\/www.robertosedda.it\/?p=243"},"modified":"2014-01-02T10:31:15","modified_gmt":"2014-01-02T09:31:15","slug":"primo-non-entrare-in-banca","status":"publish","type":"post","link":"https:\/\/www.robertosedda.it\/?p=243","title":{"rendered":"Primo, non entrare in banca"},"content":{"rendered":"<p>Dal mio punto di vista personale il libro (che non \u00e8 un romanzo, ma pi\u00f9 un racconto lungo) soffre un po&#8217; del fatto che molte cose raccontate, cio\u00e8 le malefatte delle banche&#8230; le sapevo gi\u00e0, sono un po&#8217; pane quotidiano, e quindi non rappresentano quello che, credo, per altri sia il motivo principale di interesse.<\/p>\n<p>Sotto questo punto di vista il giudizio appropriato sarebbe da sei e mezzo, perch\u00e9 le cose che mi sono piaciute di pi\u00f9, il rapporto con la moglie, le interazioni coi colleghi, il sottotesto sulle metafore, i corsi di formazione, gli sforzi di motivazione del personale, sono un po&#8217; trascurati e avrei voluto che venissero pi\u00f9 approfonditi: certo, richiedeva una struttura diversa del racconto, meno centrata sugli episodi di un anno vissuto pericolosamente. Non so se Gorba abbia scritto altro, sarei curioso di leggerlo quando si confronta con altri temi.<\/p>\n<p><a href=\"https:\/\/i0.wp.com\/www.robertosedda.it\/wp-content\/uploads\/2012\/08\/9788872268476.jpg\"><img data-attachment-id=\"244\" data-permalink=\"https:\/\/www.robertosedda.it\/?attachment_id=244\" data-orig-file=\"https:\/\/i0.wp.com\/www.robertosedda.it\/wp-content\/uploads\/2012\/08\/9788872268476.jpg?fit=169%2C240&amp;ssl=1\" data-orig-size=\"169,240\" data-comments-opened=\"1\" data-image-meta=\"{&quot;aperture&quot;:&quot;0&quot;,&quot;credit&quot;:&quot;&quot;,&quot;camera&quot;:&quot;&quot;,&quot;caption&quot;:&quot;&quot;,&quot;created_timestamp&quot;:&quot;0&quot;,&quot;copyright&quot;:&quot;&quot;,&quot;focal_length&quot;:&quot;0&quot;,&quot;iso&quot;:&quot;0&quot;,&quot;shutter_speed&quot;:&quot;0&quot;,&quot;title&quot;:&quot;&quot;}\" data-image-title=\"9788872268476\" data-image-description=\"\" data-image-caption=\"\" data-medium-file=\"https:\/\/i0.wp.com\/www.robertosedda.it\/wp-content\/uploads\/2012\/08\/9788872268476.jpg?fit=169%2C240&amp;ssl=1\" data-large-file=\"https:\/\/i0.wp.com\/www.robertosedda.it\/wp-content\/uploads\/2012\/08\/9788872268476.jpg?fit=169%2C240&amp;ssl=1\" decoding=\"async\" loading=\"lazy\" class=\"alignright size-full wp-image-244\" title=\"9788872268476\" alt=\"\" src=\"https:\/\/i0.wp.com\/www.robertosedda.it\/wp-content\/uploads\/2012\/08\/9788872268476.jpg?resize=169%2C240\" width=\"169\" height=\"240\" data-recalc-dims=\"1\" \/><\/a>Per un lettore pi\u00f9 &#8220;profano&#8221; invece, il valore, diciamo cos\u00ec, &#8220;documentario&#8221; \u00e8 certo maggiore, e il romanzo pu\u00f2 essere una introduzione splendida al pensare diversamente il proprio rapporto col denaro e le banche, nonch\u00e9 un utile ammonimento: <em>primo, non entrare in banca<\/em>, appunto. Neanche da cliente, forse, oltre che da dipendente. E per un tipo di lettore del genere il voto sale almeno fino al sette e mezzo.<\/p>\n<p>Progetto comunque di regalare il libro a mia sorella e mio cognato, alla mia collega di universit\u00e0 e alle altre conoscenze che lavorano in banche tradizionali: per loro, senz&#8217;altro, leggere il romanzo vorr\u00e0 dire ritrovare pezzi di vita vissuta e molte frustrazioni.<\/p>\n","protected":false},"excerpt":{"rendered":"<p>Dal mio punto di vista personale il libro (che non \u00e8 un romanzo, ma pi\u00f9 un racconto lungo) soffre un<\/p>\n","protected":false},"author":1,"featured_media":244,"comment_status":"open","ping_status":"open","sticky":false,"template":"","format":"standard","meta":{"_mi_skip_tracking":false,"_monsterinsights_sitenote_active":false,"_monsterinsights_sitenote_note":"","_monsterinsights_sitenote_category":0,"jetpack_post_was_ever_published":false,"_jetpack_newsletter_access":"","jetpack_publicize_message":"","jetpack_is_tweetstorm":false,"jetpack_publicize_feature_enabled":true,"jetpack_social_post_already_shared":false,"jetpack_social_options":{"image_generator_settings":{"template":"highway","enabled":false}}},"categories":[72,52,55,13,12],"tags":[],"jetpack_publicize_connections":[],"jetpack_featured_media_url":"https:\/\/i0.wp.com\/www.robertosedda.it\/wp-content\/uploads\/2012\/08\/9788872268476.jpg?fit=169%2C240&ssl=1","jetpack_sharing_enabled":true,"jetpack_shortlink":"https:\/\/wp.me\/p4jV2T-3V","jetpack_likes_enabled":true,"jetpack-related-posts":[{"id":20342,"url":"https:\/\/www.robertosedda.it\/?p=20342","url_meta":{"origin":243,"position":0},"title":"Il rischio reputazionale di Nigel Farage","author":"Rufus","date":"20\/07\/2023","format":false,"excerpt":"Il mio amico Domenico Licheri, fidato spacciatore di notizie d'oltre Manica, mi segnala un articolo del Guardian dedicato alla vicenda della chiusura del conto di Nigel Farage da parte della banca Coutts. Dato che si tratta di una vicenda molto inglese, forse \u00e8 utile riassumerla. Immagino che tutti sappiano che\u2026","rel":"","context":"In &quot;Banche e finanza&quot;","block_context":{"text":"Banche e finanza","link":"https:\/\/www.robertosedda.it\/?cat=72"},"img":{"alt_text":"","src":"https:\/\/i0.wp.com\/www.robertosedda.it\/wp-content\/uploads\/2023\/07\/Farage-conto.png?fit=876%2C349&ssl=1&resize=350%2C200","width":350,"height":200,"srcset":"https:\/\/i0.wp.com\/www.robertosedda.it\/wp-content\/uploads\/2023\/07\/Farage-conto.png?fit=876%2C349&ssl=1&resize=350%2C200 1x, https:\/\/i0.wp.com\/www.robertosedda.it\/wp-content\/uploads\/2023\/07\/Farage-conto.png?fit=876%2C349&ssl=1&resize=700%2C400 2x"},"classes":[]},{"id":1555,"url":"https:\/\/www.robertosedda.it\/?p=1555","url_meta":{"origin":243,"position":1},"title":"Quel che ho detto (o volevo dire) a Eben Ezer &#8211; ovvero il cristiano e la crisi","author":"Rufus","date":"12\/12\/2012","format":false,"excerpt":"Gioved\u00ec 29 novembre ho partecipato a un dibattito\u00a0dal titolo\u00a0Vivere la crisi organizzato dal centro culturale protestante, a\u00a0Eben Ezer. Ospite principale della serata era il pastore Herbert Anders, che avevo gi\u00e0\u00a0conosciuto e apprezzato quando era a Cagliari, e il fondo del dibattito era fornito dall'encomiabile sforzo che Herbert e altri vanno\u2026","rel":"","context":"In &quot;Coordinate&quot;","block_context":{"text":"Coordinate","link":"https:\/\/www.robertosedda.it\/?cat=52"},"img":{"alt_text":"","src":"","width":0,"height":0},"classes":[]},{"id":11801,"url":"https:\/\/www.robertosedda.it\/?p=11801","url_meta":{"origin":243,"position":2},"title":"Quel che ho raccontato sulla finanza etica","author":"Rufus","date":"12\/04\/2016","format":false,"excerpt":"Venerd\u00ec scorso con il compagno Stefano Sanna sono andato a\u00a0fare una lezione sulla finanza etica ai ragazzi del secondo anno della scuola di partecipazione politica del Movimento politico per l'unit\u00e0\u00a0di Cagliari.\u00a0 Naturalmente con un esordio come questo \u00e8 finita che ho citato Brecht. Non era solo perch\u00e9 io in tutte\u2026","rel":"","context":"In &quot;Banche e finanza&quot;","block_context":{"text":"Banche e finanza","link":"https:\/\/www.robertosedda.it\/?cat=72"},"img":{"alt_text":"","src":"https:\/\/i0.wp.com\/www.robertosedda.it\/wp-content\/uploads\/2016\/04\/Diapositiva10.jpg?fit=960%2C720&ssl=1&resize=350%2C200","width":350,"height":200,"srcset":"https:\/\/i0.wp.com\/www.robertosedda.it\/wp-content\/uploads\/2016\/04\/Diapositiva10.jpg?fit=960%2C720&ssl=1&resize=350%2C200 1x, https:\/\/i0.wp.com\/www.robertosedda.it\/wp-content\/uploads\/2016\/04\/Diapositiva10.jpg?fit=960%2C720&ssl=1&resize=700%2C400 2x"},"classes":[]},{"id":12559,"url":"https:\/\/www.robertosedda.it\/?p=12559","url_meta":{"origin":243,"position":3},"title":"Ormai ci siamo","author":"Rufus","date":"21\/09\/2016","format":false,"excerpt":"Phew!! Era da un po' che non lavoravo cos\u00ec, per\u00f2 ormai ci siamo: dopodomani c'\u00e8 finalmente la festa di inaugurazione della sede di Banca Etica. Il programma \u00e8 bellissimo e man mano sono anche arrivate delle perle, come una strepitosa riscrittura di La paranza di Silvestri a opera di Paolo\u2026","rel":"","context":"In &quot;Banche e finanza&quot;","block_context":{"text":"Banche e finanza","link":"https:\/\/www.robertosedda.it\/?cat=72"},"img":{"alt_text":"","src":"https:\/\/i0.wp.com\/www.robertosedda.it\/wp-content\/uploads\/2016\/09\/Locandina-normale.jpg?fit=673%2C955&ssl=1&resize=350%2C200","width":350,"height":200},"classes":[]},{"id":7896,"url":"https:\/\/www.robertosedda.it\/?p=7896","url_meta":{"origin":243,"position":4},"title":"Quel che ho detto al Consiglio comunale di Cagliari","author":"Rufus","date":"03\/07\/2014","format":false,"excerpt":"Ok, lo ammetto: il titolo dell'articolo \u00e8 leggermente fuorviante. Ieri mattina c'\u00e8 stata una seduta straordinaria del Consiglio comunale di Cagliari sul tema del diritto alla casa; nel pomeriggio nella stessa sala consiliare l'amministrazione ha convocato gli attori interessati - costruttori, sindacati, inquilini, cooperazione, ingegneri, architetti e anche, come nel\u2026","rel":"","context":"In &quot;Coordinate&quot;","block_context":{"text":"Coordinate","link":"https:\/\/www.robertosedda.it\/?cat=52"},"img":{"alt_text":"","src":"https:\/\/i0.wp.com\/www.robertosedda.it\/wp-content\/uploads\/2013\/11\/Panorama-Cagliari.jpg?fit=640%2C428&ssl=1&resize=350%2C200","width":350,"height":200},"classes":[]},{"id":15842,"url":"https:\/\/www.robertosedda.it\/?p=15842","url_meta":{"origin":243,"position":5},"title":"Gli occhi del cuor&#8230; dei soldi","author":"Rufus","date":"16\/11\/2018","format":"video","excerpt":"Mi sono accorto che questo blog ha imperdonabilmente trascurato la giornata mondiale della finanza etica (era lo scorso 8 novembre) e anche che \u00e8 uscita una nuova versione del video istituzionale di Banca Etica, questa volta addirittura una miniserie con Pietro Sermonti nella quale compare anche una realt\u00e0 sarda (sinora,\u2026","rel":"","context":"In &quot;Banche e finanza&quot;","block_context":{"text":"Banche e finanza","link":"https:\/\/www.robertosedda.it\/?cat=72"},"img":{"alt_text":"","src":"https:\/\/i0.wp.com\/www.robertosedda.it\/wp-content\/uploads\/2018\/11\/Sermonti-Banca-Etica.jpg?fit=1200%2C750&ssl=1&resize=350%2C200","width":350,"height":200,"srcset":"https:\/\/i0.wp.com\/www.robertosedda.it\/wp-content\/uploads\/2018\/11\/Sermonti-Banca-Etica.jpg?fit=1200%2C750&ssl=1&resize=350%2C200 1x, https:\/\/i0.wp.com\/www.robertosedda.it\/wp-content\/uploads\/2018\/11\/Sermonti-Banca-Etica.jpg?fit=1200%2C750&ssl=1&resize=700%2C400 2x, https:\/\/i0.wp.com\/www.robertosedda.it\/wp-content\/uploads\/2018\/11\/Sermonti-Banca-Etica.jpg?fit=1200%2C750&ssl=1&resize=1050%2C600 3x"},"classes":[]}],"_links":{"self":[{"href":"https:\/\/www.robertosedda.it\/index.php?rest_route=\/wp\/v2\/posts\/243"}],"collection":[{"href":"https:\/\/www.robertosedda.it\/index.php?rest_route=\/wp\/v2\/posts"}],"about":[{"href":"https:\/\/www.robertosedda.it\/index.php?rest_route=\/wp\/v2\/types\/post"}],"author":[{"embeddable":true,"href":"https:\/\/www.robertosedda.it\/index.php?rest_route=\/wp\/v2\/users\/1"}],"replies":[{"embeddable":true,"href":"https:\/\/www.robertosedda.it\/index.php?rest_route=%2Fwp%2Fv2%2Fcomments&post=243"}],"version-history":[{"count":6,"href":"https:\/\/www.robertosedda.it\/index.php?rest_route=\/wp\/v2\/posts\/243\/revisions"}],"predecessor-version":[{"id":5726,"href":"https:\/\/www.robertosedda.it\/index.php?rest_route=\/wp\/v2\/posts\/243\/revisions\/5726"}],"wp:featuredmedia":[{"embeddable":true,"href":"https:\/\/www.robertosedda.it\/index.php?rest_route=\/wp\/v2\/media\/244"}],"wp:attachment":[{"href":"https:\/\/www.robertosedda.it\/index.php?rest_route=%2Fwp%2Fv2%2Fmedia&parent=243"}],"wp:term":[{"taxonomy":"category","embeddable":true,"href":"https:\/\/www.robertosedda.it\/index.php?rest_route=%2Fwp%2Fv2%2Fcategories&post=243"},{"taxonomy":"post_tag","embeddable":true,"href":"https:\/\/www.robertosedda.it\/index.php?rest_route=%2Fwp%2Fv2%2Ftags&post=243"}],"curies":[{"name":"wp","href":"https:\/\/api.w.org\/{rel}","templated":true}]}}