{"id":2410,"date":"2013-03-04T09:22:56","date_gmt":"2013-03-04T08:22:56","guid":{"rendered":"http:\/\/www.robertosedda.it\/?p=2410"},"modified":"2022-03-07T11:29:41","modified_gmt":"2022-03-07T10:29:41","slug":"la-vita-cambia","status":"publish","type":"post","link":"https:\/\/www.robertosedda.it\/?p=2410","title":{"rendered":"La vita cambia"},"content":{"rendered":"<p><a href=\"https:\/\/i0.wp.com\/www.robertosedda.it\/wp-content\/uploads\/2013\/03\/ALIM2711.jpg\"><img data-attachment-id=\"2411\" data-permalink=\"https:\/\/www.robertosedda.it\/?attachment_id=2411\" data-orig-file=\"https:\/\/i0.wp.com\/www.robertosedda.it\/wp-content\/uploads\/2013\/03\/ALIM2711.jpg?fit=3264%2C2448&amp;ssl=1\" data-orig-size=\"3264,2448\" data-comments-opened=\"1\" data-image-meta=\"{&quot;aperture&quot;:&quot;3.6&quot;,&quot;credit&quot;:&quot;&quot;,&quot;camera&quot;:&quot;F8035&quot;,&quot;caption&quot;:&quot;&quot;,&quot;created_timestamp&quot;:&quot;1362320229&quot;,&quot;copyright&quot;:&quot;&quot;,&quot;focal_length&quot;:&quot;8.8&quot;,&quot;iso&quot;:&quot;257&quot;,&quot;shutter_speed&quot;:&quot;0.015835&quot;,&quot;title&quot;:&quot;YASHICA Digital Camera&quot;}\" data-image-title=\"YASHICA Digital Camera\" data-image-description=\"\" data-image-caption=\"\" data-medium-file=\"https:\/\/i0.wp.com\/www.robertosedda.it\/wp-content\/uploads\/2013\/03\/ALIM2711.jpg?fit=300%2C225&amp;ssl=1\" data-large-file=\"https:\/\/i0.wp.com\/www.robertosedda.it\/wp-content\/uploads\/2013\/03\/ALIM2711.jpg?fit=510%2C383&amp;ssl=1\" decoding=\"async\" loading=\"lazy\" class=\"alignleft size-medium wp-image-2411\" src=\"https:\/\/i0.wp.com\/www.robertosedda.it\/wp-content\/uploads\/2013\/03\/ALIM2711.jpg?resize=300%2C225\" alt=\"YASHICA Digital Camera\" width=\"300\" height=\"225\" srcset=\"https:\/\/i0.wp.com\/www.robertosedda.it\/wp-content\/uploads\/2013\/03\/ALIM2711.jpg?resize=300%2C225&amp;ssl=1 300w, https:\/\/i0.wp.com\/www.robertosedda.it\/wp-content\/uploads\/2013\/03\/ALIM2711.jpg?resize=1024%2C768&amp;ssl=1 1024w, https:\/\/i0.wp.com\/www.robertosedda.it\/wp-content\/uploads\/2013\/03\/ALIM2711.jpg?resize=268%2C200&amp;ssl=1 268w, https:\/\/i0.wp.com\/www.robertosedda.it\/wp-content\/uploads\/2013\/03\/ALIM2711.jpg?resize=700%2C525&amp;ssl=1 700w, https:\/\/i0.wp.com\/www.robertosedda.it\/wp-content\/uploads\/2013\/03\/ALIM2711.jpg?w=1600 1600w, https:\/\/i0.wp.com\/www.robertosedda.it\/wp-content\/uploads\/2013\/03\/ALIM2711.jpg?w=2400 2400w\" sizes=\"(max-width: 300px) 100vw, 300px\" data-recalc-dims=\"1\" \/><\/a>Quando ho compiuto i quarantacinque anni ho fatto, con una certa sorpresa, la riflessione di non essere poi cambiato cos\u00ec tanto rispetto ai vent&#8217;anni.<\/p>\n<p>A vent&#8217;anni stavo in Azione Cattolica: oggi &#8211; come quando ho compiuto i quarantacinque &#8211; ne faccio ancora parte, occupa ancora tanto dei miei pensieri e ancora prima di tutto mi considero un operatore di pastorale. Sono uscito, dopo una vita, dal centro diocesano, non sto pi\u00f9 nell&#8217;associazione parrocchiale di Bonaria <a href=\"http:\/\/www.robertosedda.it\/?p=44\">in cui ho imparato tante cose<\/a>, faccio parte del gruppo &#8220;La Pira&#8221;, ma non siamo poi cos\u00ec lontani, tutto sommato.<\/p>\n<p><a href=\"https:\/\/i0.wp.com\/www.robertosedda.it\/wp-content\/uploads\/2013\/03\/ALIM2712.jpg\"><img data-attachment-id=\"2412\" data-permalink=\"https:\/\/www.robertosedda.it\/?attachment_id=2412\" data-orig-file=\"https:\/\/i0.wp.com\/www.robertosedda.it\/wp-content\/uploads\/2013\/03\/ALIM2712.jpg?fit=2448%2C3264&amp;ssl=1\" data-orig-size=\"2448,3264\" data-comments-opened=\"1\" data-image-meta=\"{&quot;aperture&quot;:&quot;2.8&quot;,&quot;credit&quot;:&quot;&quot;,&quot;camera&quot;:&quot;F8035&quot;,&quot;caption&quot;:&quot;&quot;,&quot;created_timestamp&quot;:&quot;1362320258&quot;,&quot;copyright&quot;:&quot;&quot;,&quot;focal_length&quot;:&quot;5.7&quot;,&quot;iso&quot;:&quot;239&quot;,&quot;shutter_speed&quot;:&quot;0.025&quot;,&quot;title&quot;:&quot;YASHICA Digital Camera&quot;}\" data-image-title=\"YASHICA Digital Camera\" data-image-description=\"\" data-image-caption=\"\" data-medium-file=\"https:\/\/i0.wp.com\/www.robertosedda.it\/wp-content\/uploads\/2013\/03\/ALIM2712.jpg?fit=225%2C300&amp;ssl=1\" data-large-file=\"https:\/\/i0.wp.com\/www.robertosedda.it\/wp-content\/uploads\/2013\/03\/ALIM2712.jpg?fit=510%2C680&amp;ssl=1\" decoding=\"async\" loading=\"lazy\" class=\"alignright size-medium wp-image-2412\" src=\"https:\/\/i0.wp.com\/www.robertosedda.it\/wp-content\/uploads\/2013\/03\/ALIM2712.jpg?resize=225%2C300\" alt=\"YASHICA Digital Camera\" width=\"225\" height=\"300\" srcset=\"https:\/\/i0.wp.com\/www.robertosedda.it\/wp-content\/uploads\/2013\/03\/ALIM2712.jpg?resize=225%2C300&amp;ssl=1 225w, https:\/\/i0.wp.com\/www.robertosedda.it\/wp-content\/uploads\/2013\/03\/ALIM2712.jpg?resize=768%2C1024&amp;ssl=1 768w, https:\/\/i0.wp.com\/www.robertosedda.it\/wp-content\/uploads\/2013\/03\/ALIM2712.jpg?resize=700%2C933&amp;ssl=1 700w, https:\/\/i0.wp.com\/www.robertosedda.it\/wp-content\/uploads\/2013\/03\/ALIM2712.jpg?w=1600 1600w, https:\/\/i0.wp.com\/www.robertosedda.it\/wp-content\/uploads\/2013\/03\/ALIM2712.jpg?w=2400 2400w\" sizes=\"(max-width: 225px) 100vw, 225px\" data-recalc-dims=\"1\" \/><\/a>A vent&#8217;anni mi ero iscritto da poco all&#8217;universit\u00e0, in Scienze Politiche perch\u00e9 volevo &#8220;capire come funzionano le cose&#8221;, grazie al consiglio di un professore di storia e filosofia dell&#8217;ultimo anno di liceo che si chiamava Lucio Scano e a cui devo quel poco che capisco di idealismo tedesco. Invece che uno storico, per\u00f2,\u00a0avevo deciso di diventare un economista, grazie a un inaspettato professore del primo anno che si chiamava Ferretti, parlava con un finto accento inglese insopportabile e somigliava in maniera sorprendente, per quanto mi ricordo, a Oscar Giannino. O forse seguivo gi\u00e0 politica economica con Antonio Sassu, avevo gi\u00e0 studiato sul testo di Caff\u00e9 e stavo per iniziare a leggere Keynes per conto mio: senza capirci moltissimo, lo ammetto. Poi un economista non lo sono diventato, ma ancora adesso quando devo ragionare sul mondo, capire le cose o spiegarle,\u00a0mi accorgo che la mia cassetta degli attrezzi mentale ritorna alla scienza economica (magari eterodossa, o andando a pescare fra i minori, come John Stuart Mills). E poi, naturalmente, anche se non sono diventato un economista, mi occupo di finanza etica: insomma, si fanno dei giri, le cose si trasformano\u00a0ma poi ci si accorge che il centro rimane sempre pi\u00f9 o meno nello stesso punto.<\/p>\n<p><a href=\"https:\/\/i0.wp.com\/www.robertosedda.it\/wp-content\/uploads\/2013\/03\/ALIM2770.jpg\"><img data-attachment-id=\"2413\" data-permalink=\"https:\/\/www.robertosedda.it\/?attachment_id=2413\" data-orig-file=\"https:\/\/i0.wp.com\/www.robertosedda.it\/wp-content\/uploads\/2013\/03\/ALIM2770.jpg?fit=3264%2C2448&amp;ssl=1\" data-orig-size=\"3264,2448\" data-comments-opened=\"1\" data-image-meta=\"{&quot;aperture&quot;:&quot;5.1&quot;,&quot;credit&quot;:&quot;&quot;,&quot;camera&quot;:&quot;F8035&quot;,&quot;caption&quot;:&quot;&quot;,&quot;created_timestamp&quot;:&quot;1362324828&quot;,&quot;copyright&quot;:&quot;&quot;,&quot;focal_length&quot;:&quot;17.1&quot;,&quot;iso&quot;:&quot;320&quot;,&quot;shutter_speed&quot;:&quot;0.007982&quot;,&quot;title&quot;:&quot;YASHICA Digital Camera&quot;}\" data-image-title=\"YASHICA Digital Camera\" data-image-description=\"\" data-image-caption=\"\" data-medium-file=\"https:\/\/i0.wp.com\/www.robertosedda.it\/wp-content\/uploads\/2013\/03\/ALIM2770.jpg?fit=300%2C225&amp;ssl=1\" data-large-file=\"https:\/\/i0.wp.com\/www.robertosedda.it\/wp-content\/uploads\/2013\/03\/ALIM2770.jpg?fit=510%2C383&amp;ssl=1\" decoding=\"async\" loading=\"lazy\" class=\"alignleft size-medium wp-image-2413\" src=\"https:\/\/i0.wp.com\/www.robertosedda.it\/wp-content\/uploads\/2013\/03\/ALIM2770.jpg?resize=300%2C225\" alt=\"YASHICA Digital Camera\" width=\"300\" height=\"225\" srcset=\"https:\/\/i0.wp.com\/www.robertosedda.it\/wp-content\/uploads\/2013\/03\/ALIM2770.jpg?resize=300%2C225&amp;ssl=1 300w, https:\/\/i0.wp.com\/www.robertosedda.it\/wp-content\/uploads\/2013\/03\/ALIM2770.jpg?resize=1024%2C768&amp;ssl=1 1024w, https:\/\/i0.wp.com\/www.robertosedda.it\/wp-content\/uploads\/2013\/03\/ALIM2770.jpg?resize=268%2C200&amp;ssl=1 268w, https:\/\/i0.wp.com\/www.robertosedda.it\/wp-content\/uploads\/2013\/03\/ALIM2770.jpg?resize=700%2C525&amp;ssl=1 700w, https:\/\/i0.wp.com\/www.robertosedda.it\/wp-content\/uploads\/2013\/03\/ALIM2770.jpg?w=1600 1600w, https:\/\/i0.wp.com\/www.robertosedda.it\/wp-content\/uploads\/2013\/03\/ALIM2770.jpg?w=2400 2400w\" sizes=\"(max-width: 300px) 100vw, 300px\" data-recalc-dims=\"1\" \/><\/a>A vent&#8217;anni avevo una fascinazione per i temi dell&#8217;<a title=\"Che cos\u2019\u00e8 l\u2019animazione?\" href=\"http:\/\/www.robertosedda.it\/?p=128\">animazione<\/a> e della dinamica dei piccoli gruppi. Oggi rimane una parte importante dei miei ragionamenti abituali, anche se magari penso pi\u00f9 a tecniche di democrazia partecipativa come il <em>metaplan<\/em>. Nel frattempo ho attraversato l&#8217;interesse per la gestione nonviolenta dei gruppi di lavoro, per i loro cicli vitali o per i ruoli e la gestione delle <em>leadership<\/em>, ma sono sempre state diverse incarnazioni di uno stesso interesse, non sconvolgimenti del pensiero.<\/p>\n<p>Potrei continuare, ma penso di essermi spiegato.<\/p>\n<p><a href=\"https:\/\/i0.wp.com\/www.robertosedda.it\/wp-content\/uploads\/2013\/03\/ALIM2745.jpg\"><img data-attachment-id=\"2414\" data-permalink=\"https:\/\/www.robertosedda.it\/?attachment_id=2414\" data-orig-file=\"https:\/\/i0.wp.com\/www.robertosedda.it\/wp-content\/uploads\/2013\/03\/ALIM2745.jpg?fit=3264%2C2448&amp;ssl=1\" data-orig-size=\"3264,2448\" data-comments-opened=\"1\" data-image-meta=\"{&quot;aperture&quot;:&quot;3.6&quot;,&quot;credit&quot;:&quot;&quot;,&quot;camera&quot;:&quot;F8035&quot;,&quot;caption&quot;:&quot;&quot;,&quot;created_timestamp&quot;:&quot;1362321735&quot;,&quot;copyright&quot;:&quot;&quot;,&quot;focal_length&quot;:&quot;8.8&quot;,&quot;iso&quot;:&quot;145&quot;,&quot;shutter_speed&quot;:&quot;0.015835&quot;,&quot;title&quot;:&quot;YASHICA Digital Camera&quot;}\" data-image-title=\"YASHICA Digital Camera\" data-image-description=\"\" data-image-caption=\"\" data-medium-file=\"https:\/\/i0.wp.com\/www.robertosedda.it\/wp-content\/uploads\/2013\/03\/ALIM2745.jpg?fit=300%2C225&amp;ssl=1\" data-large-file=\"https:\/\/i0.wp.com\/www.robertosedda.it\/wp-content\/uploads\/2013\/03\/ALIM2745.jpg?fit=510%2C383&amp;ssl=1\" decoding=\"async\" loading=\"lazy\" class=\"alignright size-medium wp-image-2414\" src=\"https:\/\/i0.wp.com\/www.robertosedda.it\/wp-content\/uploads\/2013\/03\/ALIM2745.jpg?resize=300%2C225\" alt=\"YASHICA Digital Camera\" width=\"300\" height=\"225\" srcset=\"https:\/\/i0.wp.com\/www.robertosedda.it\/wp-content\/uploads\/2013\/03\/ALIM2745.jpg?resize=300%2C225&amp;ssl=1 300w, https:\/\/i0.wp.com\/www.robertosedda.it\/wp-content\/uploads\/2013\/03\/ALIM2745.jpg?resize=1024%2C768&amp;ssl=1 1024w, https:\/\/i0.wp.com\/www.robertosedda.it\/wp-content\/uploads\/2013\/03\/ALIM2745.jpg?resize=268%2C200&amp;ssl=1 268w, https:\/\/i0.wp.com\/www.robertosedda.it\/wp-content\/uploads\/2013\/03\/ALIM2745.jpg?resize=700%2C525&amp;ssl=1 700w, https:\/\/i0.wp.com\/www.robertosedda.it\/wp-content\/uploads\/2013\/03\/ALIM2745.jpg?w=1600 1600w, https:\/\/i0.wp.com\/www.robertosedda.it\/wp-content\/uploads\/2013\/03\/ALIM2745.jpg?w=2400 2400w\" sizes=\"(max-width: 300px) 100vw, 300px\" data-recalc-dims=\"1\" \/><\/a>Naturalmente questo non vuol dire che la vita non cambi: perdiana, vivo ancora nella stessa casa di quando avevo vent&#8217;anni, ma adesso con mia moglie. Non \u00e8 pi\u00f9 la casa dei miei genitori, \u00e8 la casa della <em>mia<\/em> famiglia. La vita cambia, anche se qualche volta non tanto.<\/p>\n<p>Ieri mia sorella, che negli ultimi trent&#8217;anni ha vissuto fuori della Sardegna, ha traslocato. \u00c8 tornata a vivere a Cagliari con la sua famiglia. Viene a stare nel nostro stesso palazzo, nello stesso pianerottolo, a fianco a noi. Non \u00e8 che prima non ci vedessimo, ma ieri ho avuto la sensazione che improvvisamente la mia famiglia si duplichi.<\/p>\n<p><a href=\"https:\/\/i0.wp.com\/www.robertosedda.it\/wp-content\/uploads\/2013\/03\/ALIM2727.jpg\"><img data-attachment-id=\"2415\" data-permalink=\"https:\/\/www.robertosedda.it\/?attachment_id=2415\" data-orig-file=\"https:\/\/i0.wp.com\/www.robertosedda.it\/wp-content\/uploads\/2013\/03\/ALIM2727.jpg?fit=3264%2C2448&amp;ssl=1\" data-orig-size=\"3264,2448\" data-comments-opened=\"1\" data-image-meta=\"{&quot;aperture&quot;:&quot;4.1&quot;,&quot;credit&quot;:&quot;&quot;,&quot;camera&quot;:&quot;F8035&quot;,&quot;caption&quot;:&quot;&quot;,&quot;created_timestamp&quot;:&quot;1362320521&quot;,&quot;copyright&quot;:&quot;&quot;,&quot;focal_length&quot;:&quot;11&quot;,&quot;iso&quot;:&quot;154&quot;,&quot;shutter_speed&quot;:&quot;0.012603&quot;,&quot;title&quot;:&quot;YASHICA Digital Camera&quot;}\" data-image-title=\"YASHICA Digital Camera\" data-image-description=\"\" data-image-caption=\"\" data-medium-file=\"https:\/\/i0.wp.com\/www.robertosedda.it\/wp-content\/uploads\/2013\/03\/ALIM2727.jpg?fit=300%2C225&amp;ssl=1\" data-large-file=\"https:\/\/i0.wp.com\/www.robertosedda.it\/wp-content\/uploads\/2013\/03\/ALIM2727.jpg?fit=510%2C383&amp;ssl=1\" decoding=\"async\" loading=\"lazy\" class=\"alignleft size-medium wp-image-2415\" src=\"https:\/\/i0.wp.com\/www.robertosedda.it\/wp-content\/uploads\/2013\/03\/ALIM2727.jpg?resize=300%2C225\" alt=\"YASHICA Digital Camera\" width=\"300\" height=\"225\" srcset=\"https:\/\/i0.wp.com\/www.robertosedda.it\/wp-content\/uploads\/2013\/03\/ALIM2727.jpg?resize=300%2C225&amp;ssl=1 300w, https:\/\/i0.wp.com\/www.robertosedda.it\/wp-content\/uploads\/2013\/03\/ALIM2727.jpg?resize=1024%2C768&amp;ssl=1 1024w, https:\/\/i0.wp.com\/www.robertosedda.it\/wp-content\/uploads\/2013\/03\/ALIM2727.jpg?resize=268%2C200&amp;ssl=1 268w, https:\/\/i0.wp.com\/www.robertosedda.it\/wp-content\/uploads\/2013\/03\/ALIM2727.jpg?resize=700%2C525&amp;ssl=1 700w, https:\/\/i0.wp.com\/www.robertosedda.it\/wp-content\/uploads\/2013\/03\/ALIM2727.jpg?w=1600 1600w, https:\/\/i0.wp.com\/www.robertosedda.it\/wp-content\/uploads\/2013\/03\/ALIM2727.jpg?w=2400 2400w\" sizes=\"(max-width: 300px) 100vw, 300px\" data-recalc-dims=\"1\" \/><\/a>Ieri abbiamo fatto una festa a sorpresa di benvenuto (a cui si riferiscono le foto di questo articolo), invitando\u00a0i parenti stretti e gli amici del mare.<\/p>\n<p>Inizia un&#8217;era di nipoti che bussano alla porta la mattina per fare colazione con gli zii. Di scambi di tachipirine sul pianerottolo. Di movimenti da una porta all&#8217;altra. Forse riusciremo perfino a mettere finalmente in ordine il terrazzo (se il Comune dopo tre anni finalmente si sveglia) per cenarci insieme d&#8217;estate.<\/p>\n<p>Qualche volta la vita cambia.<\/p>\n","protected":false},"excerpt":{"rendered":"<p>Quando ho compiuto i quarantacinque anni ho fatto, con una certa sorpresa, la riflessione di non essere poi cambiato cos\u00ec<\/p>\n","protected":false},"author":1,"featured_media":2411,"comment_status":"open","ping_status":"open","sticky":false,"template":"","format":"standard","meta":{"_mi_skip_tracking":false,"_monsterinsights_sitenote_active":false,"_monsterinsights_sitenote_note":"","_monsterinsights_sitenote_category":0,"jetpack_post_was_ever_published":false,"_jetpack_newsletter_access":"","jetpack_publicize_message":"","jetpack_is_tweetstorm":false,"jetpack_publicize_feature_enabled":true,"jetpack_social_post_already_shared":false,"jetpack_social_options":{"image_generator_settings":{"template":"highway","enabled":false}}},"categories":[52,86,53,18,16],"tags":[],"jetpack_publicize_connections":[],"jetpack_featured_media_url":"https:\/\/i0.wp.com\/www.robertosedda.it\/wp-content\/uploads\/2013\/03\/ALIM2711.jpg?fit=3264%2C2448&ssl=1","jetpack_sharing_enabled":true,"jetpack_shortlink":"https:\/\/wp.me\/p4jV2T-CS","jetpack_likes_enabled":true,"jetpack-related-posts":[{"id":16594,"url":"https:\/\/www.robertosedda.it\/?p=16594","url_meta":{"origin":2410,"position":0},"title":"Matrimoni infelici","author":"Rufus","date":"16\/04\/2019","format":false,"excerpt":"Sto ancora leggendo la Divina Commedia, ma mi \u00e8 venuta voglia di un romanzo, di una storia, quindi dopo il capitolo che rappresenta la mia preghiera laica mattutina (e talvolta in questa Quaresima, devo dire, dopo le Lodi) mi sono messo a leggere Madame Bovary, in francese. Di solito in\u2026","rel":"","context":"In &quot;Coordinate&quot;","block_context":{"text":"Coordinate","link":"https:\/\/www.robertosedda.it\/?cat=52"},"img":{"alt_text":"","src":"https:\/\/i0.wp.com\/www.robertosedda.it\/wp-content\/uploads\/2019\/04\/Madame-Bovary.jpg?fit=757%2C1200&ssl=1&resize=350%2C200","width":350,"height":200,"srcset":"https:\/\/i0.wp.com\/www.robertosedda.it\/wp-content\/uploads\/2019\/04\/Madame-Bovary.jpg?fit=757%2C1200&ssl=1&resize=350%2C200 1x, https:\/\/i0.wp.com\/www.robertosedda.it\/wp-content\/uploads\/2019\/04\/Madame-Bovary.jpg?fit=757%2C1200&ssl=1&resize=700%2C400 2x"},"classes":[]},{"id":15193,"url":"https:\/\/www.robertosedda.it\/?p=15193","url_meta":{"origin":2410,"position":1},"title":"Vent&#8217;anni dopo","author":"Rufus","date":"22\/05\/2018","format":false,"excerpt":"Sabato vado a Roma a un pranzo abbastanza particolare, il raduno pi\u00f9 o meno periodico dei frequentatori di it.arti.cinema. L'altro giorno Maria Bonaria mi ha chiesto: \u00abMa da quanto \u00e8 che fai parte di questo gruppo del cinema?\u00bb. Ho fatto due conti. Dal '97, almeno. Vent'anni. \u00c8 stato un po'\u2026","rel":"","context":"In &quot;Coordinate&quot;","block_context":{"text":"Coordinate","link":"https:\/\/www.robertosedda.it\/?cat=52"},"img":{"alt_text":"","src":"","width":0,"height":0},"classes":[]},{"id":4407,"url":"https:\/\/www.robertosedda.it\/?p=4407","url_meta":{"origin":2410,"position":2},"title":"Non ho pi\u00f9 tempo","author":"Rufus","date":"05\/09\/2013","format":false,"excerpt":"Io sono nato nel 1964. Ricordo benissimo che quando avevo dieci anni, ero in quinta elementare\u00a0e non capivo niente, un pomeriggio entrai in cucina. Mia mamma stava dando da mangiare a uno dei passerotti caduti dal nido che avevamo salvato. Aveva una faccia agghiacciata e mi disse: \u00abSai che a\u2026","rel":"","context":"In &quot;Coordinate&quot;","block_context":{"text":"Coordinate","link":"https:\/\/www.robertosedda.it\/?cat=52"},"img":{"alt_text":"","src":"https:\/\/i0.wp.com\/www.robertosedda.it\/wp-content\/uploads\/2013\/07\/Scacchi2.jpg?fit=720%2C476&ssl=1&resize=350%2C200","width":350,"height":200,"srcset":"https:\/\/i0.wp.com\/www.robertosedda.it\/wp-content\/uploads\/2013\/07\/Scacchi2.jpg?fit=720%2C476&ssl=1&resize=350%2C200 1x, https:\/\/i0.wp.com\/www.robertosedda.it\/wp-content\/uploads\/2013\/07\/Scacchi2.jpg?fit=720%2C476&ssl=1&resize=700%2C400 2x"},"classes":[]},{"id":11415,"url":"https:\/\/www.robertosedda.it\/?p=11415","url_meta":{"origin":2410,"position":3},"title":"Troppo da perdere","author":"Rufus","date":"19\/01\/2016","format":false,"excerpt":"Riflettevo in questi giorni ai tempi beati in cui non avevo il carico di nessuno. Lo dico dal punto di vista associativo o politico, naturalmente, anche se la cosa si applica anche all'ambito familiare: \u00e8 quella situazione\u00a0per la quale prima di fare una cosa ti senti costretto a considerare le\u2026","rel":"","context":"In &quot;Coordinate&quot;","block_context":{"text":"Coordinate","link":"https:\/\/www.robertosedda.it\/?cat=52"},"img":{"alt_text":"","src":"https:\/\/i0.wp.com\/www.robertosedda.it\/wp-content\/uploads\/2013\/10\/Rufus-clown.jpg?fit=604%2C415&ssl=1&resize=350%2C200","width":350,"height":200},"classes":[]},{"id":7567,"url":"https:\/\/www.robertosedda.it\/?p=7567","url_meta":{"origin":2410,"position":4},"title":"Il bookcrossing dei cinquant&#8217;anni","author":"Rufus","date":"30\/05\/2014","format":false,"excerpt":"Quando ho compiuto quarant'anni ho festeggiato facendo un\u00a0bookcrossing a casa mia. Adesso che ne ho compiuto cinquanta\u00a0ho deciso di mantenere la tradizione. E quindi l'8 giugno 2014, dalle 17, gli amici sono invitati a festeggiare i cinquant'anni del vecchio Rufus sulla terrazza, recentemente rimessa a nuovo. Per chi non sapesse\u2026","rel":"","context":"In &quot;Coordinate&quot;","block_context":{"text":"Coordinate","link":"https:\/\/www.robertosedda.it\/?cat=52"},"img":{"alt_text":"","src":"https:\/\/i0.wp.com\/www.robertosedda.it\/wp-content\/uploads\/2014\/05\/Terrazzo.jpg?fit=1200%2C858&ssl=1&resize=350%2C200","width":350,"height":200,"srcset":"https:\/\/i0.wp.com\/www.robertosedda.it\/wp-content\/uploads\/2014\/05\/Terrazzo.jpg?fit=1200%2C858&ssl=1&resize=350%2C200 1x, https:\/\/i0.wp.com\/www.robertosedda.it\/wp-content\/uploads\/2014\/05\/Terrazzo.jpg?fit=1200%2C858&ssl=1&resize=700%2C400 2x, https:\/\/i0.wp.com\/www.robertosedda.it\/wp-content\/uploads\/2014\/05\/Terrazzo.jpg?fit=1200%2C858&ssl=1&resize=1050%2C600 3x"},"classes":[]},{"id":1093,"url":"https:\/\/www.robertosedda.it\/?p=1093","url_meta":{"origin":2410,"position":5},"title":"Il Reality di Garrone","author":"Rufus","date":"22\/10\/2012","format":"video","excerpt":"Ai matrimoni\u00a0o alle altre ricorrenze di famiglia\u00a0Luciano si traveste, si maschera da vecchietta o da drag queen per far ridere i parenti. Poi, mentre gli altri ospiti escono dagli abiti della festa (in\u00a0 una scena con un bellissimo piano sequenza) lui si toglie il cerone, si strucca e torna alla\u2026","rel":"","context":"In &quot;Coordinate&quot;","block_context":{"text":"Coordinate","link":"https:\/\/www.robertosedda.it\/?cat=52"},"img":{"alt_text":"","src":"https:\/\/i0.wp.com\/img.youtube.com\/vi\/LzNbwEoBHfQ\/0.jpg?resize=350%2C200","width":350,"height":200},"classes":[]}],"_links":{"self":[{"href":"https:\/\/www.robertosedda.it\/index.php?rest_route=\/wp\/v2\/posts\/2410"}],"collection":[{"href":"https:\/\/www.robertosedda.it\/index.php?rest_route=\/wp\/v2\/posts"}],"about":[{"href":"https:\/\/www.robertosedda.it\/index.php?rest_route=\/wp\/v2\/types\/post"}],"author":[{"embeddable":true,"href":"https:\/\/www.robertosedda.it\/index.php?rest_route=\/wp\/v2\/users\/1"}],"replies":[{"embeddable":true,"href":"https:\/\/www.robertosedda.it\/index.php?rest_route=%2Fwp%2Fv2%2Fcomments&post=2410"}],"version-history":[{"count":7,"href":"https:\/\/www.robertosedda.it\/index.php?rest_route=\/wp\/v2\/posts\/2410\/revisions"}],"predecessor-version":[{"id":19231,"href":"https:\/\/www.robertosedda.it\/index.php?rest_route=\/wp\/v2\/posts\/2410\/revisions\/19231"}],"wp:featuredmedia":[{"embeddable":true,"href":"https:\/\/www.robertosedda.it\/index.php?rest_route=\/wp\/v2\/media\/2411"}],"wp:attachment":[{"href":"https:\/\/www.robertosedda.it\/index.php?rest_route=%2Fwp%2Fv2%2Fmedia&parent=2410"}],"wp:term":[{"taxonomy":"category","embeddable":true,"href":"https:\/\/www.robertosedda.it\/index.php?rest_route=%2Fwp%2Fv2%2Fcategories&post=2410"},{"taxonomy":"post_tag","embeddable":true,"href":"https:\/\/www.robertosedda.it\/index.php?rest_route=%2Fwp%2Fv2%2Ftags&post=2410"}],"curies":[{"name":"wp","href":"https:\/\/api.w.org\/{rel}","templated":true}]}}