{"id":236,"date":"2012-08-21T15:53:22","date_gmt":"2012-08-21T13:53:22","guid":{"rendered":"http:\/\/www.robertosedda.it\/?p=236"},"modified":"2012-08-22T16:25:50","modified_gmt":"2012-08-22T14:25:50","slug":"meno-bello-di-quanto-mi-ricordassi","status":"publish","type":"post","link":"https:\/\/www.robertosedda.it\/?p=236","title":{"rendered":"Meno bello di quanto mi ricordassi"},"content":{"rendered":"<p><a href=\"https:\/\/i0.wp.com\/www.robertosedda.it\/wp-content\/uploads\/2012\/08\/1008272-so_45_2005.jpg\"><img data-attachment-id=\"237\" data-permalink=\"https:\/\/www.robertosedda.it\/?attachment_id=237\" data-orig-file=\"https:\/\/i0.wp.com\/www.robertosedda.it\/wp-content\/uploads\/2012\/08\/1008272-so_45_2005.jpg?fit=1075%2C1532&amp;ssl=1\" data-orig-size=\"1075,1532\" data-comments-opened=\"1\" data-image-meta=\"{&quot;aperture&quot;:&quot;0&quot;,&quot;credit&quot;:&quot;&quot;,&quot;camera&quot;:&quot;&quot;,&quot;caption&quot;:&quot;&quot;,&quot;created_timestamp&quot;:&quot;0&quot;,&quot;copyright&quot;:&quot;&quot;,&quot;focal_length&quot;:&quot;0&quot;,&quot;iso&quot;:&quot;0&quot;,&quot;shutter_speed&quot;:&quot;0&quot;,&quot;title&quot;:&quot;&quot;}\" data-image-title=\"1008272-so_45_2005\" data-image-description=\"\" data-image-caption=\"\" data-medium-file=\"https:\/\/i0.wp.com\/www.robertosedda.it\/wp-content\/uploads\/2012\/08\/1008272-so_45_2005.jpg?fit=210%2C300&amp;ssl=1\" data-large-file=\"https:\/\/i0.wp.com\/www.robertosedda.it\/wp-content\/uploads\/2012\/08\/1008272-so_45_2005.jpg?fit=510%2C727&amp;ssl=1\" decoding=\"async\" loading=\"lazy\" class=\"alignright size-medium wp-image-237\" title=\"1008272-so_45_2005\" src=\"https:\/\/i0.wp.com\/www.robertosedda.it\/wp-content\/uploads\/2012\/08\/1008272-so_45_2005.jpg?resize=210%2C300\" alt=\"\" width=\"210\" height=\"300\" srcset=\"https:\/\/i0.wp.com\/www.robertosedda.it\/wp-content\/uploads\/2012\/08\/1008272-so_45_2005.jpg?resize=210%2C300&amp;ssl=1 210w, https:\/\/i0.wp.com\/www.robertosedda.it\/wp-content\/uploads\/2012\/08\/1008272-so_45_2005.jpg?resize=718%2C1024&amp;ssl=1 718w, https:\/\/i0.wp.com\/www.robertosedda.it\/wp-content\/uploads\/2012\/08\/1008272-so_45_2005.jpg?resize=700%2C997&amp;ssl=1 700w, https:\/\/i0.wp.com\/www.robertosedda.it\/wp-content\/uploads\/2012\/08\/1008272-so_45_2005.jpg?w=1075&amp;ssl=1 1075w\" sizes=\"(max-width: 210px) 100vw, 210px\" data-recalc-dims=\"1\" \/><\/a>L&#8217;avevo letto a puntate sui settimanali Eura e mi sono concesso una rilettura estiva con grandi aspettative.<\/p>\n<p>Devo dire che se l&#8217;impianto complessivo rimane di valore assoluto e il disegno bellissimo, invece le singole storie scontentano un po&#8217;, anzi pi\u00f9 di un po&#8217;, rivelando qui e l\u00e0 delle banalit\u00e0 e degli stereotipi che costano alla recensione almeno una stellina. L&#8217;unica storia veramente affascinante \u00e8 in realt\u00e0 la seconda, quella di Margrit (che rimane anche in seguito uno dei personaggi migliori e il vero motore della serie, che infatti andata via lei perde molto).<\/p>\n","protected":false},"excerpt":{"rendered":"<p>L&#8217;avevo letto a puntate sui settimanali Eura e mi sono concesso una rilettura estiva con grandi aspettative. Devo dire che<\/p>\n","protected":false},"author":1,"featured_media":237,"comment_status":"open","ping_status":"open","sticky":false,"template":"","format":"standard","meta":{"_mi_skip_tracking":false,"_monsterinsights_sitenote_active":false,"_monsterinsights_sitenote_note":"","_monsterinsights_sitenote_category":0,"jetpack_post_was_ever_published":false,"_jetpack_newsletter_access":"","jetpack_publicize_message":"","jetpack_is_tweetstorm":false,"jetpack_publicize_feature_enabled":true,"jetpack_social_post_already_shared":false,"jetpack_social_options":{"image_generator_settings":{"template":"highway","enabled":false}}},"categories":[70,52,20,56,12],"tags":[],"jetpack_publicize_connections":[],"jetpack_featured_media_url":"https:\/\/i0.wp.com\/www.robertosedda.it\/wp-content\/uploads\/2012\/08\/1008272-so_45_2005.jpg?fit=1075%2C1532&ssl=1","jetpack_sharing_enabled":true,"jetpack_shortlink":"https:\/\/wp.me\/p4jV2T-3O","jetpack_likes_enabled":true,"jetpack-related-posts":[{"id":546,"url":"https:\/\/www.robertosedda.it\/?p=546","url_meta":{"origin":236,"position":0},"title":"The jewels of Aptor","author":"Rufus","date":"22\/08\/2012","format":false,"excerpt":"Bene, i Gioielli di Aptor \u00e8 rimasto nella mia libreria, senza mai essere toccato, per vent'anni. Prenderlo in mano adesso \u00e8 stato come sentirsi raccontare storie da un vecchio zio che mette in fila aneddoti divertenti e sorprendenti della sua giovinezza, cose che per\u00f2 non ti riguardano e non ti\u2026","rel":"","context":"In &quot;Coordinate&quot;","block_context":{"text":"Coordinate","link":"https:\/\/www.robertosedda.it\/?cat=52"},"img":{"alt_text":"","src":"https:\/\/i0.wp.com\/www.robertosedda.it\/wp-content\/uploads\/2012\/08\/delany_jewels.jpg?fit=295%2C493&ssl=1&resize=350%2C200","width":350,"height":200},"classes":[]},{"id":10290,"url":"https:\/\/www.robertosedda.it\/?p=10290","url_meta":{"origin":236,"position":1},"title":"L&#8217;Agnata sarebbe un magnifico protagonista","author":"Rufus","date":"29\/05\/2015","format":"video","excerpt":"Sono andato ieri a vedere il documentario di Gianfranco Cabiddu\u00a0Faber\u00a0in Sardegna, a cui era associato un lunghissimo spezzone del concerto al Teatro Brancaccio di Roma,\u00a0L'ultimo concerto di Fabrizio De Andr\u00e9\u00a0(la scheda dei\u00a0film la trovate qui). L'unione dei due spezzoni \u00e8 in realt\u00e0 un po' strana: vedo da qualche parte che\u2026","rel":"","context":"In &quot;Biografie&quot;","block_context":{"text":"Biografie","link":"https:\/\/www.robertosedda.it\/?cat=83"},"img":{"alt_text":"","src":"https:\/\/i0.wp.com\/img.youtube.com\/vi\/v4k379zPWGc\/0.jpg?resize=350%2C200","width":350,"height":200},"classes":[]},{"id":8620,"url":"https:\/\/www.robertosedda.it\/?p=8620","url_meta":{"origin":236,"position":2},"title":"L&#8217;innegabile fascino di Dracula il vampiro","author":"Rufus","date":"10\/10\/2014","format":"video","excerpt":"Ho caricato oggi la puntata di\u00a0Oggi parliamo di libri caricata a Dracula di Bram Stoker. Avevo deciso da moltissimo tempo che se avessi fatto un ciclo di puntate dedicato alla letteratura\u00a0sentimentale e alle storie d'amore avrei incluso\u00a0Dracula: durante la puntata ho giustificato la scelta, in\u00a0parte, con il collegamento al \"catalogo\"\u2026","rel":"","context":"In &quot;Coordinate&quot;","block_context":{"text":"Coordinate","link":"https:\/\/www.robertosedda.it\/?cat=52"},"img":{"alt_text":"lettori","src":"https:\/\/i0.wp.com\/www.robertosedda.it\/wp-content\/uploads\/2014\/10\/lettori.jpg?resize=350%2C200","width":350,"height":200,"srcset":"https:\/\/i0.wp.com\/www.robertosedda.it\/wp-content\/uploads\/2014\/10\/lettori.jpg?resize=350%2C200 1x, https:\/\/i0.wp.com\/www.robertosedda.it\/wp-content\/uploads\/2014\/10\/lettori.jpg?resize=700%2C400 2x, https:\/\/i0.wp.com\/www.robertosedda.it\/wp-content\/uploads\/2014\/10\/lettori.jpg?resize=1050%2C600 3x"},"classes":[]},{"id":10300,"url":"https:\/\/www.robertosedda.it\/?p=10300","url_meta":{"origin":236,"position":3},"title":"Mad Max: Fury Road, o dello sfuggire al controllo","author":"Rufus","date":"03\/06\/2015","format":false,"excerpt":"Dice mia sorella che io passo al pettine fitto i film d'autore bogandone pinnicche, come direbbero al mercato di San Benedetto, trovandoci dentro mille difetti e difettucci, e poi mi faccio piacere filmacci come\u00a0Mad Max: Fury Road. Ora, affrontare seriamente questa critica vorrebbe dire entrare in una discussione su cosa\u2026","rel":"","context":"In &quot;Coordinate&quot;","block_context":{"text":"Coordinate","link":"https:\/\/www.robertosedda.it\/?cat=52"},"img":{"alt_text":"","src":"https:\/\/i0.wp.com\/www.robertosedda.it\/wp-content\/uploads\/2015\/06\/MAd-Max-cintura-di-castit\u00e0.jpg?fit=1200%2C504&ssl=1&resize=350%2C200","width":350,"height":200,"srcset":"https:\/\/i0.wp.com\/www.robertosedda.it\/wp-content\/uploads\/2015\/06\/MAd-Max-cintura-di-castit\u00e0.jpg?fit=1200%2C504&ssl=1&resize=350%2C200 1x, https:\/\/i0.wp.com\/www.robertosedda.it\/wp-content\/uploads\/2015\/06\/MAd-Max-cintura-di-castit\u00e0.jpg?fit=1200%2C504&ssl=1&resize=700%2C400 2x, https:\/\/i0.wp.com\/www.robertosedda.it\/wp-content\/uploads\/2015\/06\/MAd-Max-cintura-di-castit\u00e0.jpg?fit=1200%2C504&ssl=1&resize=1050%2C600 3x"},"classes":[]},{"id":991,"url":"https:\/\/www.robertosedda.it\/?p=991","url_meta":{"origin":236,"position":4},"title":"Tutti i santi giorni","author":"Rufus","date":"09\/10\/2012","format":"video","excerpt":"https:\/\/www.youtube.com\/watch?v=yqtfywGOI80 La settimana scorsa per la prima volta in vita mia ho vinto un concorso a premi. Non era un\u00a0 concorso molto difficile, e in ogni caso ho improbabilmente azzeccato che la quasi velina mora si chiama Nausicaa e non Calipso o Minerva o... Comunque... I biglietti messi in palio\u2026","rel":"","context":"In &quot;Coordinate&quot;","block_context":{"text":"Coordinate","link":"https:\/\/www.robertosedda.it\/?cat=52"},"img":{"alt_text":"","src":"https:\/\/i0.wp.com\/img.youtube.com\/vi\/yqtfywGOI80\/0.jpg?resize=350%2C200","width":350,"height":200},"classes":[]},{"id":8453,"url":"https:\/\/www.robertosedda.it\/?p=8453","url_meta":{"origin":236,"position":5},"title":"Noiosi divertimenti","author":"Rufus","date":"17\/09\/2014","format":"video","excerpt":"Grand Budapest Hotel (Wes Anderson, 2014) Pu\u00f2 darsi che io e Maria Bonaria non l'abbiamo visto nelle condizioni migliori (sebbene il panino che io avevo arrangiato con\u00a0pecorino e fichi fosse senz'altro delizioso) ma mi aspettavo molto di pi\u00f9 da questo\u00a0Grand Budapest Hotel che invece ho trovato noiosetto anzichen\u00f2. Dapprima sembra\u2026","rel":"","context":"In &quot;Cappe e spade&quot;","block_context":{"text":"Cappe e spade","link":"https:\/\/www.robertosedda.it\/?cat=70"},"img":{"alt_text":"","src":"https:\/\/i0.wp.com\/img.youtube.com\/vi\/y02CyAOpAWE\/0.jpg?resize=350%2C200","width":350,"height":200},"classes":[]}],"_links":{"self":[{"href":"https:\/\/www.robertosedda.it\/index.php?rest_route=\/wp\/v2\/posts\/236"}],"collection":[{"href":"https:\/\/www.robertosedda.it\/index.php?rest_route=\/wp\/v2\/posts"}],"about":[{"href":"https:\/\/www.robertosedda.it\/index.php?rest_route=\/wp\/v2\/types\/post"}],"author":[{"embeddable":true,"href":"https:\/\/www.robertosedda.it\/index.php?rest_route=\/wp\/v2\/users\/1"}],"replies":[{"embeddable":true,"href":"https:\/\/www.robertosedda.it\/index.php?rest_route=%2Fwp%2Fv2%2Fcomments&post=236"}],"version-history":[{"count":6,"href":"https:\/\/www.robertosedda.it\/index.php?rest_route=\/wp\/v2\/posts\/236\/revisions"}],"predecessor-version":[{"id":484,"href":"https:\/\/www.robertosedda.it\/index.php?rest_route=\/wp\/v2\/posts\/236\/revisions\/484"}],"wp:featuredmedia":[{"embeddable":true,"href":"https:\/\/www.robertosedda.it\/index.php?rest_route=\/wp\/v2\/media\/237"}],"wp:attachment":[{"href":"https:\/\/www.robertosedda.it\/index.php?rest_route=%2Fwp%2Fv2%2Fmedia&parent=236"}],"wp:term":[{"taxonomy":"category","embeddable":true,"href":"https:\/\/www.robertosedda.it\/index.php?rest_route=%2Fwp%2Fv2%2Fcategories&post=236"},{"taxonomy":"post_tag","embeddable":true,"href":"https:\/\/www.robertosedda.it\/index.php?rest_route=%2Fwp%2Fv2%2Ftags&post=236"}],"curies":[{"name":"wp","href":"https:\/\/api.w.org\/{rel}","templated":true}]}}