{"id":2205,"date":"2013-02-12T18:35:04","date_gmt":"2013-02-12T17:35:04","guid":{"rendered":"http:\/\/www.robertosedda.it\/?p=2205"},"modified":"2026-02-12T15:55:31","modified_gmt":"2026-02-12T14:55:31","slug":"ok-ne-parlo-anchio","status":"publish","type":"post","link":"https:\/\/www.robertosedda.it\/?p=2205","title":{"rendered":"Ok, ne parlo anch&#8217;io"},"content":{"rendered":"<p>Non \u00e8 proprio un obbligo, e anzi a voler per forza dire la propria opinione si corre il rischio di essere un po&#8217; pomposi, ma insomma: questo \u00e8\u00a0il <em>blog<\/em> di un cattolico, quindi parlare di Harry Potter (come pensavo di fare oggi) mentre ovunque si discute delle dimissioni di Benedetto XVI mi \u00e8 sembrato schivare una responsabilit\u00e0.<\/p>\n<p>Non\u00a0pretendo di atteggarmi a <em>ma\u00eetre-\u00e0-penser<\/em>, quindi vi racconto solo come mi sento io. Se qualcuno che passa di qui vuole dirmi come si sente lui, mi far\u00e0 piacere.<\/p>\n<h2>Io l&#8217;ho sempre saputo. Cio\u00e8, intendo dire&#8230;<\/h2>\n<p>Non che il Papa si sarebbe dimesso, naturalmente. Ma piuttosto che il Papa si <em>pu\u00f2<\/em> dimettere: me l&#8217;hanno insegnato al catechismo.<\/p>\n<p>Quindi devo dire che non mi sento stupito, o turbato: se una cosa \u00e8 prevista, almeno in teoria, vuol dire che pu\u00f2 avvenire; e il fatto che non succeda da molto tempo non aggiunge granch\u00e9. Credo che sia per questo che se esamino me stesso mi sento abaastanza tranquillo, e mi sembra di percepire lo stesso atteggiamento nella maggior parte dei cristiani impegnati che conosco: un atteggiamento, devo dire, molto pi\u00f9 sereno dell&#8217;isteria collettiva dei mezzi di comunicazione di massa.<\/p>\n<p>Forse \u00e8 questo &#8220;grado di separazione&#8221; che mi impedisce di appassionarmi alle dietrologie che pure vedo iniziare a imperversare. Il che non vuol dire che dietro la decisione del Papa non possa esserci malattia, sofferenza, scandalo, divisioni nella Curia, in una parola: il &#8220;peccato&#8221;. Pu\u00f2 essere, naturalmente: ma non sono arrivato a quasi cinquant&#8217;anni senza sapere che anche nella Chiesa si possa scoprire il peccato. E d&#8217;altra parte: \u00e8 una decisione di grande coraggio, di innovazione, di riconoscimento della propria debolezza, di umilt\u00e0? Certamente. Ma anche qui: \u00e8 una nuova pagina di una storia pi\u00f9 grande che la Chiesa vive da duemila anni.<\/p>\n<p>Mi sento insomma molto sereno: credo che una buona coscienza ecclesiale depositi anche questo momento, come tutti quelli che la Chiesa vive, nella fiducia nei disegni dello Spirito Santo. \u00c8 in questo senso, per esempio, che mi \u00e8 piaciuto un <a href=\"http:\/\/www.facebook.com\/RobertoSedda#!\/photo.php?fbid=263474363785430&amp;set=a.227502104049323.58234.227058477427019&amp;type=1&amp;theater\">commento di don Alberto Pistolesi<\/a>: io non mi sarei forse spinto a definire il papato di Benedetto XVII &#8220;intensissimo e luminoso&#8221;, ma \u00e8 il senso spirituale generale che condivido (ed un po&#8217; anche il <a href=\"http:\/\/ultimotriennio.wordpress.com\/2013\/02\/12\/preghiera-riflessione-fiducia\/\">senso dell&#8217;articolo su <em>ultimotriennio<\/em><\/a>).<\/p>\n<h2>Adesso, per favore non incominciamo<\/h2>\n<p>Se trovo salda, per il momento, la mia comunit\u00e0 cristiana, non \u00e8 che la decisione di Benedetto XVI non si presti a strumentalizzazioni, che possono alla lunga creare sconcerto. Negli ultimi anni spesso il dibattito interno alla Chiesa \u00e8 stato, in realt\u00e0, eterodiretto: sotto temi religiosi si sono celate tensioni politiche, insicurezze personali e di gruppo riguardanti il rapporto con la modernit\u00e0, e mille altre cose. Se adesso (per dire) il temuto <em>Pontifex<\/em> se ne uscisse con proclami di fedelt\u00e0 al Papa dimissionario senza se e senza ma, o se da qualche altra parte si inneggiasse alla possibilit\u00e0 di riprendere il filo della fedelt\u00e0 al Concilio interrotta da questo Papa (a-hem) o insomma si cogliesse l&#8217;occasione per riposizionarsi politicamente e promuovere le proprie posizioni di parte&#8230; si sarebbe persa un&#8217;occasione buona per tacere.\u00a0Quindi spero <em>veramente<\/em> nel salto di qualit\u00e0 nella riflessione sulla Chiesa e il suo rapporto col mondo, dentro e fuori della comunit\u00e0 ecclesiale.<\/p>\n<h2><a href=\"http:\/\/www.inrete.ch\/cult\/FAVOLE\/Fedro\/Fedro-Il%20vecchio%20leone,%20il%20cinghiale,%20il%20toro%20e%20l'asino.htm\">Il calcio dell&#8217;asino<\/a><\/h2>\n<p>Un altro atteggiamento, speculare, che mi infastidisce un po&#8217; sono quelli che hanno gi\u00e0 iniziato a dire che loro Ratzinger non l&#8217;hanno mai sopportato, che ha fatto questo e quello prima e dopo di diventare Papa, e mettiamo bene le cose in chiaro e i puntini sulle i. \u00c8 un&#8217;ansia da regolamento di conti degna di miglior causa, speculare probabilmente all&#8217;atteggiamento di chi si spender\u00e0 in lodi sperticate, ma \u00e8 anche vero che Ratzinger compie un gesto di cui palesemnte di assume direttamente tutte le responsabilit\u00e0. Poi per carit\u00e0 ognuno pu\u00f2 avere la propria opinione, per\u00f2 mi pare che questo \u00e8 un momento di passaggio <em>ecclesiale<\/em>, in cui concentrasi sulla figura personale di Ratzinger porta fuori strada: ci sar\u00e0 tmepo con calma per fare un bilancio del suo papato: affrettarsi ora a farsi contare fra quelli che esultano per la liberazione assomiglia un po&#8217; al calcio dell&#8217;asino della fiaba di Fedro, appunto.<\/p>\n","protected":false},"excerpt":{"rendered":"<p>Non \u00e8 proprio un obbligo, e anzi a voler per forza dire la propria opinione si corre il rischio di<\/p>\n","protected":false},"author":1,"featured_media":16613,"comment_status":"open","ping_status":"open","sticky":false,"template":"","format":"standard","meta":{"_mi_skip_tracking":false,"_monsterinsights_sitenote_active":false,"_monsterinsights_sitenote_note":"","_monsterinsights_sitenote_category":0,"jetpack_post_was_ever_published":false,"_jetpack_newsletter_access":"","jetpack_publicize_message":"","jetpack_is_tweetstorm":false,"jetpack_publicize_feature_enabled":true,"jetpack_social_post_already_shared":false,"jetpack_social_options":{"image_generator_settings":{"template":"highway","enabled":false}}},"categories":[52,54,17,201,16,74],"tags":[],"jetpack_publicize_connections":[],"jetpack_featured_media_url":"https:\/\/i0.wp.com\/www.robertosedda.it\/wp-content\/uploads\/2019\/04\/Ratzinger-5.jpg?fit=512%2C430&ssl=1","jetpack_sharing_enabled":true,"jetpack_shortlink":"https:\/\/wp.me\/p4jV2T-zz","jetpack_likes_enabled":true,"jetpack-related-posts":[{"id":11134,"url":"https:\/\/www.robertosedda.it\/?p=11134","url_meta":{"origin":2205,"position":0},"title":"Cose da nulla che si dimenticano, tipo la vita eterna","author":"Rufus","date":"06\/11\/2015","format":false,"excerpt":"Ieri mentre uscivo di casa e andavo al lavoro mi \u00e8 venuto un pensiero, suggerito da qualche cronaca recente riguardante corvi e cornacchie che si aggirano intorno a San Pietro. Il pensiero era: \u00abMa questi, alla vita eterna, non ci credono?\u00bb. Dove questi erano le figure delle quali\u00a0di volta in\u2026","rel":"","context":"In &quot;Coordinate&quot;","block_context":{"text":"Coordinate","link":"https:\/\/www.robertosedda.it\/?cat=52"},"img":{"alt_text":"","src":"https:\/\/i0.wp.com\/www.robertosedda.it\/wp-content\/uploads\/2015\/11\/Maest\u00e0-di-Duccio.jpg?fit=1041%2C1000&ssl=1&resize=350%2C200","width":350,"height":200,"srcset":"https:\/\/i0.wp.com\/www.robertosedda.it\/wp-content\/uploads\/2015\/11\/Maest\u00e0-di-Duccio.jpg?fit=1041%2C1000&ssl=1&resize=350%2C200 1x, https:\/\/i0.wp.com\/www.robertosedda.it\/wp-content\/uploads\/2015\/11\/Maest\u00e0-di-Duccio.jpg?fit=1041%2C1000&ssl=1&resize=700%2C400 2x"},"classes":[]},{"id":4489,"url":"https:\/\/www.robertosedda.it\/?p=4489","url_meta":{"origin":2205,"position":1},"title":"La mia vita con il Papa &#8211; le premesse","author":"Rufus","date":"22\/09\/2013","format":false,"excerpt":"Il Papa in Sardegna. A Cagliari. A Bonaria. Cio\u00e8... da me. Come tutti sanno domani il Papa viene a Cagliari. Forse non tutti invece sanno che casa mia \u00e8 esattamente al centro della zona focale della visita del Papa. Due mesi fa la cosa sembrava tanto carina: ci affacceremo al\u2026","rel":"","context":"In &quot;Coordinate&quot;","block_context":{"text":"Coordinate","link":"https:\/\/www.robertosedda.it\/?cat=52"},"img":{"alt_text":"","src":"https:\/\/i0.wp.com\/www.robertosedda.it\/wp-content\/uploads\/2013\/09\/ALIM3040.jpg?fit=1200%2C900&ssl=1&resize=350%2C200","width":350,"height":200,"srcset":"https:\/\/i0.wp.com\/www.robertosedda.it\/wp-content\/uploads\/2013\/09\/ALIM3040.jpg?fit=1200%2C900&ssl=1&resize=350%2C200 1x, https:\/\/i0.wp.com\/www.robertosedda.it\/wp-content\/uploads\/2013\/09\/ALIM3040.jpg?fit=1200%2C900&ssl=1&resize=700%2C400 2x, https:\/\/i0.wp.com\/www.robertosedda.it\/wp-content\/uploads\/2013\/09\/ALIM3040.jpg?fit=1200%2C900&ssl=1&resize=1050%2C600 3x"},"classes":[]},{"id":16871,"url":"https:\/\/www.robertosedda.it\/?p=16871","url_meta":{"origin":2205,"position":2},"title":"Bizzarri rotocalchi cattolici","author":"Rufus","date":"26\/06\/2019","format":false,"excerpt":"Per motivi che non mi sono del tutto chiari - token, cookie o un comune utilizzo di Wordpress - ogni volta che apro Chrome ricevo la segnalazione di un nuovo articolo pubblicato su Aleteia, che si autodefinisce una rete cattolica mondiale per condividere risorse sulla fede con quanti cercano la\u2026","rel":"","context":"In &quot;Coordinate&quot;","block_context":{"text":"Coordinate","link":"https:\/\/www.robertosedda.it\/?cat=52"},"img":{"alt_text":"","src":"https:\/\/i0.wp.com\/www.robertosedda.it\/wp-content\/uploads\/2019\/06\/Aleteia-3.png?fit=495%2C330&ssl=1&resize=350%2C200","width":350,"height":200},"classes":[]},{"id":15771,"url":"https:\/\/www.robertosedda.it\/?p=15771","url_meta":{"origin":2205,"position":3},"title":"Seguire l&#8217;antipatia","author":"Rufus","date":"25\/10\/2018","format":false,"excerpt":"La settimana scorsa, durante l'incontro sulla Grecia organizzato da\u00a0Laboratorio 28 e che faceva anche parte della tappa cagliaritana delle Scuole Popolari di Economia a un certo punto la scrittrice e antropologa ospite, Monia Cappuccini, ha raccontato che a un certo punto della sua ricerca sul campo ha avuto una specie\u2026","rel":"","context":"In &quot;Antropologia&quot;","block_context":{"text":"Antropologia","link":"https:\/\/www.robertosedda.it\/?cat=97"},"img":{"alt_text":"","src":"https:\/\/i0.wp.com\/www.robertosedda.it\/wp-content\/uploads\/2018\/10\/60e47c0797b50f513f4c25c5dabaf4cb.jpg?fit=1200%2C750&ssl=1&resize=350%2C200","width":350,"height":200,"srcset":"https:\/\/i0.wp.com\/www.robertosedda.it\/wp-content\/uploads\/2018\/10\/60e47c0797b50f513f4c25c5dabaf4cb.jpg?fit=1200%2C750&ssl=1&resize=350%2C200 1x, https:\/\/i0.wp.com\/www.robertosedda.it\/wp-content\/uploads\/2018\/10\/60e47c0797b50f513f4c25c5dabaf4cb.jpg?fit=1200%2C750&ssl=1&resize=700%2C400 2x, https:\/\/i0.wp.com\/www.robertosedda.it\/wp-content\/uploads\/2018\/10\/60e47c0797b50f513f4c25c5dabaf4cb.jpg?fit=1200%2C750&ssl=1&resize=1050%2C600 3x"},"classes":[]},{"id":15358,"url":"https:\/\/www.robertosedda.it\/?p=15358","url_meta":{"origin":2205,"position":4},"title":"Lupi mannari e corruttori","author":"Rufus","date":"14\/06\/2018","format":false,"excerpt":"Una discussione di ieri sulla responsabilit\u00e0 politica (che \u00e8 cosa diversa da quella giudiziaria) a proposito degli arresti nella faccenda del nuovo stadio della Roma mi ha fatto tornare in mente una cosa che volevo dire tempo fa quando si \u00e8 discusso della proposta di Davigo (e altri) di utilizzare\u2026","rel":"","context":"In &quot;Coordinate&quot;","block_context":{"text":"Coordinate","link":"https:\/\/www.robertosedda.it\/?cat=52"},"img":{"alt_text":"","src":"https:\/\/i0.wp.com\/www.robertosedda.it\/wp-content\/uploads\/2018\/06\/Lupo-cattivo-con-cappello-Titti.jpeg?fit=959%2C1200&ssl=1&resize=350%2C200","width":350,"height":200,"srcset":"https:\/\/i0.wp.com\/www.robertosedda.it\/wp-content\/uploads\/2018\/06\/Lupo-cattivo-con-cappello-Titti.jpeg?fit=959%2C1200&ssl=1&resize=350%2C200 1x, https:\/\/i0.wp.com\/www.robertosedda.it\/wp-content\/uploads\/2018\/06\/Lupo-cattivo-con-cappello-Titti.jpeg?fit=959%2C1200&ssl=1&resize=700%2C400 2x"},"classes":[]},{"id":4528,"url":"https:\/\/www.robertosedda.it\/?p=4528","url_meta":{"origin":2205,"position":5},"title":"La mia vita con il Papa &#8211; L&#8217;evento (2)","author":"Rufus","date":"09\/10\/2013","format":false,"excerpt":"\u00c8 ormai passato un po' di tempo\u00a0e qualcuno mi ha fatto notare che non ho finito di raccontare del Papa, quindi posto questo articolo che per qualche giorno \u00e8 rimasto in bozza. L'incontro coi lavoratori in Largo Carlo Felice Ci eravamo lasciati col gruppo \"La Pira\" in attesa del Papa\u2026","rel":"","context":"In &quot;Coordinate&quot;","block_context":{"text":"Coordinate","link":"https:\/\/www.robertosedda.it\/?cat=52"},"img":{"alt_text":"","src":"https:\/\/i0.wp.com\/www.robertosedda.it\/wp-content\/uploads\/2013\/10\/2013-09-22-15.32.14.jpg?fit=1200%2C900&ssl=1&resize=350%2C200","width":350,"height":200,"srcset":"https:\/\/i0.wp.com\/www.robertosedda.it\/wp-content\/uploads\/2013\/10\/2013-09-22-15.32.14.jpg?fit=1200%2C900&ssl=1&resize=350%2C200 1x, https:\/\/i0.wp.com\/www.robertosedda.it\/wp-content\/uploads\/2013\/10\/2013-09-22-15.32.14.jpg?fit=1200%2C900&ssl=1&resize=700%2C400 2x, https:\/\/i0.wp.com\/www.robertosedda.it\/wp-content\/uploads\/2013\/10\/2013-09-22-15.32.14.jpg?fit=1200%2C900&ssl=1&resize=1050%2C600 3x"},"classes":[]}],"_links":{"self":[{"href":"https:\/\/www.robertosedda.it\/index.php?rest_route=\/wp\/v2\/posts\/2205"}],"collection":[{"href":"https:\/\/www.robertosedda.it\/index.php?rest_route=\/wp\/v2\/posts"}],"about":[{"href":"https:\/\/www.robertosedda.it\/index.php?rest_route=\/wp\/v2\/types\/post"}],"author":[{"embeddable":true,"href":"https:\/\/www.robertosedda.it\/index.php?rest_route=\/wp\/v2\/users\/1"}],"replies":[{"embeddable":true,"href":"https:\/\/www.robertosedda.it\/index.php?rest_route=%2Fwp%2Fv2%2Fcomments&post=2205"}],"version-history":[{"count":9,"href":"https:\/\/www.robertosedda.it\/index.php?rest_route=\/wp\/v2\/posts\/2205\/revisions"}],"predecessor-version":[{"id":20974,"href":"https:\/\/www.robertosedda.it\/index.php?rest_route=\/wp\/v2\/posts\/2205\/revisions\/20974"}],"wp:featuredmedia":[{"embeddable":true,"href":"https:\/\/www.robertosedda.it\/index.php?rest_route=\/wp\/v2\/media\/16613"}],"wp:attachment":[{"href":"https:\/\/www.robertosedda.it\/index.php?rest_route=%2Fwp%2Fv2%2Fmedia&parent=2205"}],"wp:term":[{"taxonomy":"category","embeddable":true,"href":"https:\/\/www.robertosedda.it\/index.php?rest_route=%2Fwp%2Fv2%2Fcategories&post=2205"},{"taxonomy":"post_tag","embeddable":true,"href":"https:\/\/www.robertosedda.it\/index.php?rest_route=%2Fwp%2Fv2%2Ftags&post=2205"}],"curies":[{"name":"wp","href":"https:\/\/api.w.org\/{rel}","templated":true}]}}