{"id":219,"date":"2012-08-21T15:07:15","date_gmt":"2012-08-21T13:07:15","guid":{"rendered":"http:\/\/www.robertosedda.it\/?p=219"},"modified":"2017-08-25T13:48:51","modified_gmt":"2017-08-25T11:48:51","slug":"la-cucina-ebraica","status":"publish","type":"post","link":"https:\/\/www.robertosedda.it\/?p=219","title":{"rendered":"Vari ricettari pi\u00f9 o meno esotici"},"content":{"rendered":"<h2 style=\"text-align: left;\"><em>Ricettario di cucina araba<\/em><\/h2>\n<p><a href=\"https:\/\/i0.wp.com\/www.robertosedda.it\/wp-content\/uploads\/2012\/08\/image_bookCA8E7QKC.jpg\"><img data-attachment-id=\"300\" data-permalink=\"https:\/\/www.robertosedda.it\/?attachment_id=300\" data-orig-file=\"https:\/\/i0.wp.com\/www.robertosedda.it\/wp-content\/uploads\/2012\/08\/image_bookCA8E7QKC.jpg?fit=120%2C168&amp;ssl=1\" data-orig-size=\"120,168\" data-comments-opened=\"1\" data-image-meta=\"{&quot;aperture&quot;:&quot;0&quot;,&quot;credit&quot;:&quot;&quot;,&quot;camera&quot;:&quot;&quot;,&quot;caption&quot;:&quot;&quot;,&quot;created_timestamp&quot;:&quot;0&quot;,&quot;copyright&quot;:&quot;&quot;,&quot;focal_length&quot;:&quot;0&quot;,&quot;iso&quot;:&quot;0&quot;,&quot;shutter_speed&quot;:&quot;0&quot;,&quot;title&quot;:&quot;&quot;}\" data-image-title=\"image_bookCA8E7QKC\" data-image-description=\"\" data-image-caption=\"\" data-medium-file=\"https:\/\/i0.wp.com\/www.robertosedda.it\/wp-content\/uploads\/2012\/08\/image_bookCA8E7QKC.jpg?fit=120%2C168&amp;ssl=1\" data-large-file=\"https:\/\/i0.wp.com\/www.robertosedda.it\/wp-content\/uploads\/2012\/08\/image_bookCA8E7QKC.jpg?fit=120%2C168&amp;ssl=1\" decoding=\"async\" loading=\"lazy\" class=\"alignleft size-full wp-image-300\" title=\"image_bookCA8E7QKC\" src=\"https:\/\/i0.wp.com\/www.robertosedda.it\/wp-content\/uploads\/2012\/08\/image_bookCA8E7QKC.jpg?resize=120%2C168\" alt=\"\" width=\"120\" height=\"168\" data-recalc-dims=\"1\" \/><\/a>Devo dire che non sono cos\u00ec esperto di cucina araba da capire se questo libro \u00e8 fatto bene e quanto adatti le ricette originali al gusto nostrano (penso poco), ma a me \u00e8 sempre piaciuto molto.<\/p>\n<p>Lo uso principalmente per i <em>cuscus<\/em> (di cui sono proposte diverse variet\u00e0), le polpette e il <em>kebab<\/em> e altre ricette relativamente semplici come l&#8217;<em>hummus<\/em>, ma mi \u00e8 stato molto utile leggerlo tutto e capire la filosofia generale, anche in riferimento a ricette che non far\u00f2 probabilmente mai. Ci sono anche alcune sezioni sulle preparazioni di base (alcune paste, alcune salse) che penso siano utili, anche se magari si possono trovare le stesse cose gi\u00e0 confezionate.<\/p>\n<p>Le ricette sono spiegate chiaramente e con il solito apparato fotografico usuale in questi casi. In confronto ad altri libri di cucina mediorientale e ebraica, mi sembra che questo si concentri su ricette relativamente semplici e su sapori ben identificabili.<\/p>\n<h2><em>La cucina ebraica<\/em><\/h2>\n<p>Il libro si apre con un aneddoto fulminante:<\/p>\n<blockquote><p><a href=\"https:\/\/i0.wp.com\/www.robertosedda.it\/wp-content\/uploads\/2012\/08\/image_164.jpg\"><img data-attachment-id=\"220\" data-permalink=\"https:\/\/www.robertosedda.it\/?attachment_id=220\" data-orig-file=\"https:\/\/i0.wp.com\/www.robertosedda.it\/wp-content\/uploads\/2012\/08\/image_164.jpg?fit=600%2C677&amp;ssl=1\" data-orig-size=\"600,677\" data-comments-opened=\"1\" data-image-meta=\"{&quot;aperture&quot;:&quot;0&quot;,&quot;credit&quot;:&quot;&quot;,&quot;camera&quot;:&quot;&quot;,&quot;caption&quot;:&quot;&quot;,&quot;created_timestamp&quot;:&quot;0&quot;,&quot;copyright&quot;:&quot;&quot;,&quot;focal_length&quot;:&quot;0&quot;,&quot;iso&quot;:&quot;0&quot;,&quot;shutter_speed&quot;:&quot;0&quot;,&quot;title&quot;:&quot;&quot;}\" data-image-title=\"image_164\" data-image-description=\"\" data-image-caption=\"\" data-medium-file=\"https:\/\/i0.wp.com\/www.robertosedda.it\/wp-content\/uploads\/2012\/08\/image_164.jpg?fit=265%2C300&amp;ssl=1\" data-large-file=\"https:\/\/i0.wp.com\/www.robertosedda.it\/wp-content\/uploads\/2012\/08\/image_164.jpg?fit=510%2C575&amp;ssl=1\" decoding=\"async\" loading=\"lazy\" class=\"alignright size-medium wp-image-220\" title=\"image_164\" src=\"https:\/\/i0.wp.com\/www.robertosedda.it\/wp-content\/uploads\/2012\/08\/image_164.jpg?resize=265%2C300\" alt=\"\" width=\"265\" height=\"300\" srcset=\"https:\/\/i0.wp.com\/www.robertosedda.it\/wp-content\/uploads\/2012\/08\/image_164.jpg?resize=265%2C300&amp;ssl=1 265w, https:\/\/i0.wp.com\/www.robertosedda.it\/wp-content\/uploads\/2012\/08\/image_164.jpg?w=600&amp;ssl=1 600w\" sizes=\"(max-width: 265px) 100vw, 265px\" data-recalc-dims=\"1\" \/><\/a>una madre ebrea sta insegnando alla figlia a preparare il petto di tacchino. Dispone la carne su un tagliere e con un colpo di coltello separa la punta del petto, che mette da parte. \u00abMamma\u00bb, domanda la figlia, \u00abperch\u00e9 elimini la punta del petto?\u00bb. La madre si ferma, pensierosa. \u00abSai che non lo so? L&#8217;ho sempre visto fare a tua nonna ma non le ho mai chiesto il motivo\u00bb. Allora prende il telefono che sta in cucina e chiama la mamma: \u00abSenti, stavo preparando il petto di tacchino e la piccola mi ha chiesto perch\u00e9 taglio via la punta e non ho saputo dirle il perch\u00e9. Me lo spieghi?\u00bb. Dall&#8217;altra parte segue un silenzio imbarazzato. \u00abVeramente me l&#8217;ha insegnato mamma, ma io non ho mai saputo perch\u00e9 si debba fare cos\u00ec\u00bb. A questo punto le tre donne sono curiose, cos\u00ec tutte insieme si recano alla casa di riposo dove si \u00e8 ritirata l&#8217;anziana bisavola, e dopo averla salutata, le chiedono: \u00abMamma, sai quando si prepara il petto di tacchino? Perch\u00e9 tagliamo via la punta?\u00bb. La vecchia le guarda e risponde: \u00abVoi, non so. Io perch\u00e9 avevo una pentola troppo piccola\u00bb.<\/p><\/blockquote>\n<p>Purtroppo questo tono di indagine scanzonata dentro una tradizione familiare e culturale, prima ancora che gastronomica, nel resto del libro un po&#8217; si perde. L&#8217;idea di intervistare diversi ebrei in giro per il mondo e di raccogliere le loro ricette preferite poteva essere interessante, ma dopo un po&#8217; si fa fatica a individuare un filo comune nelle varie ricette e a riconoscerle come parte di un insieme comune. Allo stesso modo non tutti i personaggi e i luoghi visitati mantengono la promessa di familiarit\u00e0, interesse, e divertimento evocata dall&#8217;aneddoto iniziale, e alla fine sembra di ritrovarsi in una guida per turisti americani, che notoriamente non godono la fama di essere fra i viaggiatori pi\u00f9 colti, informati e capaci di discernere dell&#8217;universo.<\/p>\n<h2><em>Cucinare nel mondo<\/em><\/h2>\n<p><a href=\"https:\/\/i0.wp.com\/www.robertosedda.it\/wp-content\/uploads\/2012\/08\/unilibro-libro-9788809018907g.jpg\"><img data-attachment-id=\"305\" data-permalink=\"https:\/\/www.robertosedda.it\/?attachment_id=305\" data-orig-file=\"https:\/\/i0.wp.com\/www.robertosedda.it\/wp-content\/uploads\/2012\/08\/unilibro-libro-9788809018907g.jpg?fit=150%2C226&amp;ssl=1\" data-orig-size=\"150,226\" data-comments-opened=\"1\" data-image-meta=\"{&quot;aperture&quot;:&quot;0&quot;,&quot;credit&quot;:&quot;&quot;,&quot;camera&quot;:&quot;&quot;,&quot;caption&quot;:&quot;&quot;,&quot;created_timestamp&quot;:&quot;0&quot;,&quot;copyright&quot;:&quot;&quot;,&quot;focal_length&quot;:&quot;0&quot;,&quot;iso&quot;:&quot;0&quot;,&quot;shutter_speed&quot;:&quot;0&quot;,&quot;title&quot;:&quot;&quot;}\" data-image-title=\"unilibro-libro-9788809018907g\" data-image-description=\"\" data-image-caption=\"\" data-medium-file=\"https:\/\/i0.wp.com\/www.robertosedda.it\/wp-content\/uploads\/2012\/08\/unilibro-libro-9788809018907g.jpg?fit=150%2C226&amp;ssl=1\" data-large-file=\"https:\/\/i0.wp.com\/www.robertosedda.it\/wp-content\/uploads\/2012\/08\/unilibro-libro-9788809018907g.jpg?fit=150%2C226&amp;ssl=1\" decoding=\"async\" loading=\"lazy\" class=\"alignleft size-full wp-image-305\" title=\"unilibro-libro-9788809018907g\" src=\"https:\/\/i0.wp.com\/www.robertosedda.it\/wp-content\/uploads\/2012\/08\/unilibro-libro-9788809018907g.jpg?resize=150%2C226\" alt=\"\" width=\"150\" height=\"226\" data-recalc-dims=\"1\" \/><\/a>Molte delle ricette riportate sono fuori dai miei gusti, e altre sono impraticabili per gli ingredienti complicati o per altri motivi, quindi questo libro mi \u00e8 sempre stato poco utile come raccolta di ricette.<\/p>\n<p>In compenso \u00e8 un libro meraviglioso dal punto di vista grafico, e le varie cucine nazionali sono presentate in maniera certamente affascinante: non prover\u00f2 nessuna delle tre ricette russe (o thailandesi, o norvegesi), ma quando lo leggo mi verrebbe voglia di farmele preparare da qualcun altro.<\/p>\n<p>Un libro da portarsi sul divano in una sera d&#8217;inverno, non in cucina.<\/p>\n<figure id=\"attachment_307\" aria-describedby=\"caption-attachment-307\" style=\"width: 173px\" class=\"wp-caption alignright\"><a href=\"https:\/\/i0.wp.com\/www.robertosedda.it\/wp-content\/uploads\/2012\/08\/imageCoperte.jpg\"><img data-attachment-id=\"307\" data-permalink=\"https:\/\/www.robertosedda.it\/?attachment_id=307\" data-orig-file=\"https:\/\/i0.wp.com\/www.robertosedda.it\/wp-content\/uploads\/2012\/08\/imageCoperte.jpg?fit=173%2C230&amp;ssl=1\" data-orig-size=\"173,230\" data-comments-opened=\"1\" data-image-meta=\"{&quot;aperture&quot;:&quot;0&quot;,&quot;credit&quot;:&quot;&quot;,&quot;camera&quot;:&quot;&quot;,&quot;caption&quot;:&quot;&quot;,&quot;created_timestamp&quot;:&quot;0&quot;,&quot;copyright&quot;:&quot;&quot;,&quot;focal_length&quot;:&quot;0&quot;,&quot;iso&quot;:&quot;0&quot;,&quot;shutter_speed&quot;:&quot;0&quot;,&quot;title&quot;:&quot;&quot;}\" data-image-title=\"imageCoperte\" data-image-description=\"\" data-image-caption=\"&lt;p&gt;Nell&#8217;ultima edizione Bonechi il libro da &#8220;turco&#8221; diventa &#8220;arabo&#8221;, chiss\u00e0 perch\u00e9&#8230;&lt;\/p&gt;\n\" data-medium-file=\"https:\/\/i0.wp.com\/www.robertosedda.it\/wp-content\/uploads\/2012\/08\/imageCoperte.jpg?fit=173%2C230&amp;ssl=1\" data-large-file=\"https:\/\/i0.wp.com\/www.robertosedda.it\/wp-content\/uploads\/2012\/08\/imageCoperte.jpg?fit=173%2C230&amp;ssl=1\" decoding=\"async\" loading=\"lazy\" class=\"size-full wp-image-307\" title=\"imageCoperte\" src=\"https:\/\/i0.wp.com\/www.robertosedda.it\/wp-content\/uploads\/2012\/08\/imageCoperte.jpg?resize=173%2C230\" alt=\"\" width=\"173\" height=\"230\" data-recalc-dims=\"1\" \/><\/a><figcaption id=\"caption-attachment-307\" class=\"wp-caption-text\">Nell&#8217;ultima edizione Bonechi il libro da &#8220;turco&#8221; diventa &#8220;arabo&#8221;, chiss\u00e0 perch\u00e9&#8230;<\/figcaption><\/figure>\n<h2><em>La cucina turca<\/em><\/h2>\n<p>Sar\u00f2 sempre grato agli amici che regalandomi questo libro mi hanno iniziato alla cucina araba (che qui assume pi\u00f9 esattamente i contorni di un libro di cucina mediorientale).<\/p>\n<p>Le ricette sono tutte buone o molto buone e relativamente facili, quando non <em>veramente<\/em> facili. Rispetto ad altri libri di cucina araba, qui le ricette sono mediamente pi\u00f9 elaborate e complesse, con maggiore variet\u00e0 di ingredienti e forse anche di spezie, probabilmente perch\u00e9 gli ambienti di riferimento erano pi\u00f9 ricchi e pi\u00f9 inseriti in traffici globali. L&#8217;apparato iconografico, di solito abbondante in questi libri di cucina, \u00e8 del genere &#8220;la ricetta passo passo&#8221;.<\/p>\n<p>&nbsp;<\/p>\n","protected":false},"excerpt":{"rendered":"<p>Ricettario di cucina araba Devo dire che non sono cos\u00ec esperto di cucina araba da capire se questo libro \u00e8<\/p>\n","protected":false},"author":1,"featured_media":307,"comment_status":"open","ping_status":"open","sticky":false,"template":"","format":"standard","meta":{"_mi_skip_tracking":false,"_monsterinsights_sitenote_active":false,"_monsterinsights_sitenote_note":"","_monsterinsights_sitenote_category":0,"jetpack_post_was_ever_published":false,"_jetpack_newsletter_access":"","jetpack_publicize_message":"","jetpack_is_tweetstorm":false,"jetpack_publicize_feature_enabled":true,"jetpack_social_post_already_shared":false,"jetpack_social_options":{"image_generator_settings":{"template":"highway","enabled":false}}},"categories":[71,52,55,13,12],"tags":[],"jetpack_publicize_connections":[],"jetpack_featured_media_url":"https:\/\/i0.wp.com\/www.robertosedda.it\/wp-content\/uploads\/2012\/08\/imageCoperte.jpg?fit=173%2C230&ssl=1","jetpack_sharing_enabled":true,"jetpack_shortlink":"https:\/\/wp.me\/p4jV2T-3x","jetpack_likes_enabled":true,"jetpack-related-posts":[{"id":1849,"url":"https:\/\/www.robertosedda.it\/?p=1849","url_meta":{"origin":219,"position":0},"title":"Arrosto alla sarda","author":"Rufus","date":"07\/01\/2013","format":false,"excerpt":"Mi racconta un amico dei festeggiamenti per il Capodanno, in una villetta al mare. Tra le altre cose hanno arrostito uno splendido maialetto, nel barbecue costruito in giardino. \u00abChi ha arrostito, Walter?\u00bb, chiedo, facendo riferimento all'amico macellaio di fiducia e fornitore del maialetto. \u00abNo, Walter \u00e8 arrivato tardi. C'erano due\u2026","rel":"","context":"In &quot;Cibo e cucine&quot;","block_context":{"text":"Cibo e cucine","link":"https:\/\/www.robertosedda.it\/?cat=71"},"img":{"alt_text":"","src":"https:\/\/i0.wp.com\/www.robertosedda.it\/wp-content\/uploads\/2013\/01\/216448_1028038313102_8896_n.jpg?fit=604%2C453&ssl=1&resize=350%2C200","width":350,"height":200},"classes":[]},{"id":17010,"url":"https:\/\/www.robertosedda.it\/?p=17010","url_meta":{"origin":219,"position":1},"title":"Gli spaghetti degli altri","author":"Rufus","date":"17\/08\/2019","format":false,"excerpt":"La rivista americana Bon Appetit dedica un articolo a cinquantacinque ricette di pasta alternative alla solita pasta al sugo (specificando che non c'\u00e8 la marinara, qualunque cosa essa sia). Secondo me \u00e8 una lettura interessante per diversi motivi. Intanto, consente di esercitarsi nei soliti stereotipi e provare ogni tanto il\u2026","rel":"","context":"In &quot;Cibo e cucine&quot;","block_context":{"text":"Cibo e cucine","link":"https:\/\/www.robertosedda.it\/?cat=71"},"img":{"alt_text":"","src":"https:\/\/i0.wp.com\/www.robertosedda.it\/wp-content\/uploads\/2019\/08\/creamy-pasta-with-peas-and-mint.jpg?fit=800%2C800&ssl=1&resize=350%2C200","width":350,"height":200,"srcset":"https:\/\/i0.wp.com\/www.robertosedda.it\/wp-content\/uploads\/2019\/08\/creamy-pasta-with-peas-and-mint.jpg?fit=800%2C800&ssl=1&resize=350%2C200 1x, https:\/\/i0.wp.com\/www.robertosedda.it\/wp-content\/uploads\/2019\/08\/creamy-pasta-with-peas-and-mint.jpg?fit=800%2C800&ssl=1&resize=700%2C400 2x"},"classes":[]},{"id":1600,"url":"https:\/\/www.robertosedda.it\/?p=1600","url_meta":{"origin":219,"position":2},"title":"Se non \u00e8 zuppa&#8230;","author":"Rufus","date":"08\/12\/2012","format":false,"excerpt":"Un\u00a0pomeriggio del d\u00ec di festa in cui sono impegnato a digerire un ottimo risotto ai porri con crema di topinambour e funghi (la ricetta \u00e8 dello chef Capano, il cui blog \u00e8 molto seguito in famiglia) mi invita a\u00a0due segnalazioni di lettura in stile, adatte anche al periodo invernale. Sconti\u2026","rel":"","context":"In &quot;Cibo e cucine&quot;","block_context":{"text":"Cibo e cucine","link":"https:\/\/www.robertosedda.it\/?cat=71"},"img":{"alt_text":"","src":"https:\/\/i0.wp.com\/www.robertosedda.it\/wp-content\/uploads\/2012\/12\/zuppe_m.jpg?fit=200%2C207&ssl=1&resize=350%2C200","width":350,"height":200},"classes":[]},{"id":14885,"url":"https:\/\/www.robertosedda.it\/?p=14885","url_meta":{"origin":219,"position":3},"title":"La consolazione nella patata","author":"Rufus","date":"22\/03\/2018","format":false,"excerpt":"Dev'essere perch\u00e9 questi giorni sono un poco depresso che mi ha fatto sorridere scoprire che fra i Mormoni dello Utah esiste un tipico piatto, diciamo cos\u00ec,\u00a0consolatorio, che si chiama\u00a0patate del funerale e che \u00e8, sostanzialmente un incrocio fra due piatti che mia nonna Iole aveva perfezionato fino a renderli il\u2026","rel":"","context":"In &quot;Cibo e cucine&quot;","block_context":{"text":"Cibo e cucine","link":"https:\/\/www.robertosedda.it\/?cat=71"},"img":{"alt_text":"","src":"https:\/\/i0.wp.com\/www.robertosedda.it\/wp-content\/uploads\/2018\/03\/Patate-tipi.png?fit=692%2C295&ssl=1&resize=350%2C200","width":350,"height":200},"classes":[]},{"id":10103,"url":"https:\/\/www.robertosedda.it\/?p=10103","url_meta":{"origin":219,"position":4},"title":"Posti dove vado a mangiare e bere","author":"Rufus","date":"24\/04\/2015","format":false,"excerpt":"Dopo la volta della degustazione dei vini mi \u00e8 capitato di tornare da Cucina.eat per una degustazione di birre della Barley. Stasera ci torno per un'altra degustazione. Siccome sono fermamente intenzionato a non permettere che questo blog diventi un ricettacolo di recensioni e ricette e descrizioni di eventi, ma d'altra\u2026","rel":"","context":"In &quot;Cibo e cucine&quot;","block_context":{"text":"Cibo e cucine","link":"https:\/\/www.robertosedda.it\/?cat=71"},"img":{"alt_text":"","src":"https:\/\/i0.wp.com\/www.robertosedda.it\/wp-content\/uploads\/2013\/08\/ALIM3009.jpg?fit=1200%2C900&ssl=1&resize=350%2C200","width":350,"height":200,"srcset":"https:\/\/i0.wp.com\/www.robertosedda.it\/wp-content\/uploads\/2013\/08\/ALIM3009.jpg?fit=1200%2C900&ssl=1&resize=350%2C200 1x, https:\/\/i0.wp.com\/www.robertosedda.it\/wp-content\/uploads\/2013\/08\/ALIM3009.jpg?fit=1200%2C900&ssl=1&resize=700%2C400 2x, https:\/\/i0.wp.com\/www.robertosedda.it\/wp-content\/uploads\/2013\/08\/ALIM3009.jpg?fit=1200%2C900&ssl=1&resize=1050%2C600 3x"},"classes":[]},{"id":5323,"url":"https:\/\/www.robertosedda.it\/?p=5323","url_meta":{"origin":219,"position":5},"title":"Come Proust (esagerato!!)","author":"Rufus","date":"05\/12\/2013","format":false,"excerpt":"In un vecchio articolo prima dell'estate avevo detto di avere intenzione di aggiungere al blog delle nuove sezioni approfittando della pausa estiva. \u00c8 una prova di come l'inferno sia lastricato di buone intenzione il fatto che solo adesso, a dicembre, mi decida a pubblicare l'inizio della nuova sezione, e solo\u2026","rel":"","context":"In &quot;Famiglia&quot;","block_context":{"text":"Famiglia","link":"https:\/\/www.robertosedda.it\/?cat=86"},"img":{"alt_text":"","src":"https:\/\/i0.wp.com\/www.robertosedda.it\/wp-content\/uploads\/2013\/08\/ALIM3009.jpg?fit=1200%2C900&ssl=1&resize=350%2C200","width":350,"height":200,"srcset":"https:\/\/i0.wp.com\/www.robertosedda.it\/wp-content\/uploads\/2013\/08\/ALIM3009.jpg?fit=1200%2C900&ssl=1&resize=350%2C200 1x, https:\/\/i0.wp.com\/www.robertosedda.it\/wp-content\/uploads\/2013\/08\/ALIM3009.jpg?fit=1200%2C900&ssl=1&resize=700%2C400 2x, https:\/\/i0.wp.com\/www.robertosedda.it\/wp-content\/uploads\/2013\/08\/ALIM3009.jpg?fit=1200%2C900&ssl=1&resize=1050%2C600 3x"},"classes":[]}],"_links":{"self":[{"href":"https:\/\/www.robertosedda.it\/index.php?rest_route=\/wp\/v2\/posts\/219"}],"collection":[{"href":"https:\/\/www.robertosedda.it\/index.php?rest_route=\/wp\/v2\/posts"}],"about":[{"href":"https:\/\/www.robertosedda.it\/index.php?rest_route=\/wp\/v2\/types\/post"}],"author":[{"embeddable":true,"href":"https:\/\/www.robertosedda.it\/index.php?rest_route=\/wp\/v2\/users\/1"}],"replies":[{"embeddable":true,"href":"https:\/\/www.robertosedda.it\/index.php?rest_route=%2Fwp%2Fv2%2Fcomments&post=219"}],"version-history":[{"count":15,"href":"https:\/\/www.robertosedda.it\/index.php?rest_route=\/wp\/v2\/posts\/219\/revisions"}],"predecessor-version":[{"id":14090,"href":"https:\/\/www.robertosedda.it\/index.php?rest_route=\/wp\/v2\/posts\/219\/revisions\/14090"}],"wp:featuredmedia":[{"embeddable":true,"href":"https:\/\/www.robertosedda.it\/index.php?rest_route=\/wp\/v2\/media\/307"}],"wp:attachment":[{"href":"https:\/\/www.robertosedda.it\/index.php?rest_route=%2Fwp%2Fv2%2Fmedia&parent=219"}],"wp:term":[{"taxonomy":"category","embeddable":true,"href":"https:\/\/www.robertosedda.it\/index.php?rest_route=%2Fwp%2Fv2%2Fcategories&post=219"},{"taxonomy":"post_tag","embeddable":true,"href":"https:\/\/www.robertosedda.it\/index.php?rest_route=%2Fwp%2Fv2%2Ftags&post=219"}],"curies":[{"name":"wp","href":"https:\/\/api.w.org\/{rel}","templated":true}]}}