{"id":2153,"date":"2013-02-01T17:40:15","date_gmt":"2013-02-01T16:40:15","guid":{"rendered":"http:\/\/www.robertosedda.it\/?p=2153"},"modified":"2014-02-05T16:52:40","modified_gmt":"2014-02-05T15:52:40","slug":"sono-su-youtube","status":"publish","type":"post","link":"https:\/\/www.robertosedda.it\/?p=2153","title":{"rendered":"Sono su Youtube!"},"content":{"rendered":"<p>Bella gente, grandi novit\u00e0!<\/p>\n<p>L&#8217;impegno che mi ero preso, di <a title=\"Radio Days\" href=\"http:\/\/www.robertosedda.it\/?p=1551\">trascrivere volta per volta le puntate di <em>Oggi parliamo di libri<\/em><\/a>, si sta rivelando troppo oneroso: sono rimasto alla quarta puntata e ne sono state trasmesse gi\u00e0 nove, ogni &#8220;sbobinatura&#8221; prende tempo e non sembra probabile che possa facilmente recuperare il ritardo. Quindi mi sono messo alla ricerca di un&#8217;alternativa.<\/p>\n<p>Devo ringraziare gli amici di <a href=\"http:\/\/www.radiokalaritana.it\/\"><em>Radio Kalaritana<\/em><\/a> che con molta cortesia nell&#8217;attesa del <em>podcast<\/em> mi hanno permesso di mettere liberamente in circolazione le puntate.<\/p>\n<p>Per\u00f2 le registrazioni sono troppo &#8220;pesanti&#8221; per essere semplicemente pubblicate qui sul <em>blog<\/em>. \u00c8 per questo che, su suggerimento di Andrea Salidu, <a href=\"http:\/\/www.youtube.com\/channel\/UC37IP50YwIadpe6Wqz4RpEw\">ho aperto un canale su <em>YouTube<\/em><\/a> sul quale pubblicher\u00f2 con cadenza molto pi\u00f9 veloce le registrazioni delle puntate.<\/p>\n<p>Per il momento ho caricato la prima, quella dello <em>Hobbit<\/em>, di cui vi ho gi\u00e0 raccontato. Cercher\u00f2 adesso di mettere in linea in un colpo solo tutte le altre di cui ho gi\u00e0 trascritto il testo, successivamente quelle arretrate e poi ho intenzione di pubblicare le nuove puntate tre o quattro giorni dopo la loro messa in onda, aggiungendo qui sul\u00a0<em>blog<\/em> un po&#8217; di commenti e di integrazioni.<\/p>\n<div class=\"jetpack-video-wrapper\"><span class=\"embed-youtube\" style=\"text-align:center; display: block;\"><iframe class=\"youtube-player\" width=\"800\" height=\"450\" src=\"https:\/\/www.youtube.com\/embed\/mN9gq-HwVBA?version=3&#038;rel=1&#038;showsearch=0&#038;showinfo=1&#038;iv_load_policy=1&#038;fs=1&#038;hl=it-IT&#038;autohide=2&#038;wmode=transparent\" allowfullscreen=\"true\" style=\"border:0;\" sandbox=\"allow-scripts allow-same-origin allow-popups allow-presentation\"><\/iframe><\/span><\/div>\n<h3>Certo la rete un po&#8217; ti fagocita<\/h3>\n<p>A margine di tutta questa storia sto riflettendo su come la rete, anche per persone che sono sostanzialmente dei dilettanti come me, sia ormai una palude che risucchia senza scampo: a me piaceva stare su <em>Facebook<\/em> (e <em>Anobii<\/em>): i materiali che pubblicavo l\u00e0, per\u00f2, non erano sotto il mio controllo, potevano sparire o altro, e quindi mi sono aperto il <em>blog<\/em>. Per avvisare degli aggiornamenti sul <em>blog<\/em> mi sono fatto un\u00a0<em>account su Twitter<\/em>. Ora un canale <em>YouTube<\/em>&#8230; c&#8217;\u00e8 una morale in tutto questo, anche se non so bene come definirla: \u00e8 tutto normale, ovvio, oppure no? Chiss\u00e0: per il momento ci rifletto sopra.<\/p>\n","protected":false},"excerpt":{"rendered":"<p>Bella gente, grandi novit\u00e0! L&#8217;impegno che mi ero preso, di trascrivere volta per volta le puntate di Oggi parliamo di<\/p>\n","protected":false},"author":1,"featured_media":0,"comment_status":"open","ping_status":"open","sticky":false,"template":"","format":"video","meta":{"_mi_skip_tracking":false,"_monsterinsights_sitenote_active":false,"_monsterinsights_sitenote_note":"","_monsterinsights_sitenote_category":0,"jetpack_post_was_ever_published":false,"_jetpack_newsletter_access":"","jetpack_publicize_message":"","jetpack_is_tweetstorm":false,"jetpack_publicize_feature_enabled":true,"jetpack_social_post_already_shared":false,"jetpack_social_options":{"image_generator_settings":{"template":"highway","enabled":false}}},"categories":[52,64,55,13,12],"tags":[],"jetpack_publicize_connections":[],"jetpack_featured_media_url":"","jetpack_sharing_enabled":true,"jetpack_shortlink":"https:\/\/wp.me\/p4jV2T-yJ","jetpack_likes_enabled":true,"jetpack-related-posts":[{"id":7791,"url":"https:\/\/www.robertosedda.it\/?p=7791","url_meta":{"origin":2153,"position":0},"title":"Volte che sono contento di me","author":"Rufus","date":"16\/06\/2014","format":"video","excerpt":"La fine \u00e8 il mio inizio (Tiziano Terzani,\u00a0Longanesi 2006) Ho affrontato la puntata su\u00a0La fine \u00e8 il mio inizio\u00a0di Oggi parliamo di libri\u00a0con alcune perplessit\u00e0. A fronte di tante cose interessanti (in particolare quelle di cui ho poi parlato in trasmissione, il Vietnam, il percorso di crescita e di riflessione\u2026","rel":"","context":"In &quot;Biografie&quot;","block_context":{"text":"Biografie","link":"https:\/\/www.robertosedda.it\/?cat=83"},"img":{"alt_text":"","src":"https:\/\/i0.wp.com\/www.robertosedda.it\/wp-content\/uploads\/2014\/06\/Terzani.png?fit=757%2C425&ssl=1&resize=350%2C200","width":350,"height":200,"srcset":"https:\/\/i0.wp.com\/www.robertosedda.it\/wp-content\/uploads\/2014\/06\/Terzani.png?fit=757%2C425&ssl=1&resize=350%2C200 1x, https:\/\/i0.wp.com\/www.robertosedda.it\/wp-content\/uploads\/2014\/06\/Terzani.png?fit=757%2C425&ssl=1&resize=700%2C400 2x"},"classes":[]},{"id":2188,"url":"https:\/\/www.robertosedda.it\/?p=2188","url_meta":{"origin":2153,"position":1},"title":"Altre tre puntate di &#8220;Oggi parliamo di libri&#8221; in linea","author":"Rufus","date":"08\/02\/2013","format":"video","excerpt":"Ho aggiunto ieri su YouTube altre tre puntate di Oggi parliamo di libri. Con queste ho ultimato il gruppo delle puntate che avevo gi\u00e0 trascritto; prossimamente inizier\u00f2 a mettere quelle pi\u00f9 recenti. Seconda puntata, L'Eternauta Incursione nel mondo del fumetto, della puntata ho gi\u00e0 parlato qui. L'Eternauta mi ha dato\u2026","rel":"","context":"In &quot;Coordinate&quot;","block_context":{"text":"Coordinate","link":"https:\/\/www.robertosedda.it\/?cat=52"},"img":{"alt_text":"","src":"https:\/\/i0.wp.com\/img.youtube.com\/vi\/YEArVX5rwfw\/0.jpg?resize=350%2C200","width":350,"height":200},"classes":[]},{"id":2512,"url":"https:\/\/www.robertosedda.it\/?p=2512","url_meta":{"origin":2153,"position":2},"title":"La storia infinita a &#8220;Oggi parliamo di libri&#8221;","author":"Rufus","date":"10\/03\/2013","format":"video","excerpt":"Ho pubblicato oggi la puntata di Oggi parliamo di libri dedicata a La storia infinita. Questa era la puntata del 21 febbraio, quindi ho quasi smaltito l'arretrato: presto sar\u00f2 in grado di pubblicare le puntate volta per volta (e voi non sarete pi\u00f9 subissati di post con le registrazioni). Sono\u2026","rel":"","context":"In &quot;Coordinate&quot;","block_context":{"text":"Coordinate","link":"https:\/\/www.robertosedda.it\/?cat=52"},"img":{"alt_text":"","src":"https:\/\/i0.wp.com\/img.youtube.com\/vi\/JBrr-FbFUew\/0.jpg?resize=350%2C200","width":350,"height":200},"classes":[]},{"id":8315,"url":"https:\/\/www.robertosedda.it\/?p=8315","url_meta":{"origin":2153,"position":3},"title":"Riparte &#8220;Oggi parliamo di libri&#8221;","author":"Rufus","date":"03\/09\/2014","format":false,"excerpt":"EDIT: scopro dalla redazione che ho fatto casino e che ripartiamo l'11 settembre. Ehm. Aggiorno. Domani gioved\u00ec 4 settembre\u00a0L'11 settembre torno in onda con Oggi parliamo di libri, la trasmissione di Radio Kalaritana nella quale, immagina un po'?, parlo di libri. Volete sapere: l'orario? Ogni gioved\u00ec alle 19.10 e in\u2026","rel":"","context":"In &quot;Coordinate&quot;","block_context":{"text":"Coordinate","link":"https:\/\/www.robertosedda.it\/?cat=52"},"img":{"alt_text":"","src":"https:\/\/i0.wp.com\/www.robertosedda.it\/wp-content\/uploads\/2014\/09\/Diapositiva10.jpg?fit=960%2C720&ssl=1&resize=350%2C200","width":350,"height":200,"srcset":"https:\/\/i0.wp.com\/www.robertosedda.it\/wp-content\/uploads\/2014\/09\/Diapositiva10.jpg?fit=960%2C720&ssl=1&resize=350%2C200 1x, https:\/\/i0.wp.com\/www.robertosedda.it\/wp-content\/uploads\/2014\/09\/Diapositiva10.jpg?fit=960%2C720&ssl=1&resize=700%2C400 2x"},"classes":[]},{"id":9735,"url":"https:\/\/www.robertosedda.it\/?p=9735","url_meta":{"origin":2153,"position":4},"title":"Il romanzo di Rut","author":"Rufus","date":"05\/03\/2015","format":"video","excerpt":"Ho gi\u00e0 accennato al fatto\u00a0che ho dedicato una puntata recente di\u00a0Oggi parliamo di libri al Libro di Rut, uno dei testi\u00a0minori dell'Antico Testamento. Pu\u00f2 stupirsi\u00a0della sua inclusione in un ciclo di puntate dedicate alle grandi storie d'amore solo chi non conosce l'enorme variet\u00e0 di registri narrativi e di generi letterari\u2026","rel":"","context":"In &quot;Coordinate&quot;","block_context":{"text":"Coordinate","link":"https:\/\/www.robertosedda.it\/?cat=52"},"img":{"alt_text":"","src":"https:\/\/i0.wp.com\/img.youtube.com\/vi\/iX3b0-kQaT4\/0.jpg?resize=350%2C200","width":350,"height":200},"classes":[]},{"id":2398,"url":"https:\/\/www.robertosedda.it\/?p=2398","url_meta":{"origin":2153,"position":5},"title":"La mano sinistra delle tenebre","author":"Rufus","date":"01\/03\/2013","format":"video","excerpt":"Ho messo in linea una nuova puntata di Oggi parliamo di libri, quella dedicata a La mano sinistra delle tenebre di Ursula K. LeGuin. Riascoltando la puntata mi accorgo, come gi\u00e0 subito dopo la trasmissione, che ho fatto un bel po' di pasticci terminologici, in una occasione in cui scegliere\u2026","rel":"","context":"In &quot;Coordinate&quot;","block_context":{"text":"Coordinate","link":"https:\/\/www.robertosedda.it\/?cat=52"},"img":{"alt_text":"","src":"https:\/\/i0.wp.com\/www.robertosedda.it\/wp-content\/uploads\/2013\/03\/WeirdTales-Feb36-205x300.jpg?resize=350%2C200","width":350,"height":200},"classes":[]}],"_links":{"self":[{"href":"https:\/\/www.robertosedda.it\/index.php?rest_route=\/wp\/v2\/posts\/2153"}],"collection":[{"href":"https:\/\/www.robertosedda.it\/index.php?rest_route=\/wp\/v2\/posts"}],"about":[{"href":"https:\/\/www.robertosedda.it\/index.php?rest_route=\/wp\/v2\/types\/post"}],"author":[{"embeddable":true,"href":"https:\/\/www.robertosedda.it\/index.php?rest_route=\/wp\/v2\/users\/1"}],"replies":[{"embeddable":true,"href":"https:\/\/www.robertosedda.it\/index.php?rest_route=%2Fwp%2Fv2%2Fcomments&post=2153"}],"version-history":[{"count":8,"href":"https:\/\/www.robertosedda.it\/index.php?rest_route=\/wp\/v2\/posts\/2153\/revisions"}],"predecessor-version":[{"id":6196,"href":"https:\/\/www.robertosedda.it\/index.php?rest_route=\/wp\/v2\/posts\/2153\/revisions\/6196"}],"wp:attachment":[{"href":"https:\/\/www.robertosedda.it\/index.php?rest_route=%2Fwp%2Fv2%2Fmedia&parent=2153"}],"wp:term":[{"taxonomy":"category","embeddable":true,"href":"https:\/\/www.robertosedda.it\/index.php?rest_route=%2Fwp%2Fv2%2Fcategories&post=2153"},{"taxonomy":"post_tag","embeddable":true,"href":"https:\/\/www.robertosedda.it\/index.php?rest_route=%2Fwp%2Fv2%2Ftags&post=2153"}],"curies":[{"name":"wp","href":"https:\/\/api.w.org\/{rel}","templated":true}]}}