{"id":20874,"date":"2026-01-27T10:40:29","date_gmt":"2026-01-27T09:40:29","guid":{"rendered":"https:\/\/www.robertosedda.it\/?p=20874"},"modified":"2026-01-27T10:41:15","modified_gmt":"2026-01-27T09:41:15","slug":"non-perdete-dark-winds","status":"publish","type":"post","link":"https:\/\/www.robertosedda.it\/?p=20874","title":{"rendered":"Non perdete Dark Winds"},"content":{"rendered":"\n<p>Sto guardando <em>Dark Winds<\/em>, serie <em>Netflix<\/em> che trasferisce su video i gialli di Tony Hillermann dedicati ai poliziotti della <em>Navajo Tribal Police<\/em>; nella serie ai due poliziotti dei romanzi, Joe Leaphorn e Jim Chee, viene affiancata Bernadette Manuelito, un personaggio creato dalla figila di Hillerman, Anne, che ha ripreso i personaggi del padre.<\/p>\n\n\n\n<figure class=\"wp-block-embed is-type-video is-provider-youtube wp-block-embed-youtube wp-embed-aspect-16-9 wp-has-aspect-ratio\"><div class=\"wp-block-embed__wrapper\">\n<span class=\"embed-youtube\" style=\"text-align:center; display: block;\"><iframe loading=\"lazy\" class=\"youtube-player\" width=\"800\" height=\"450\" src=\"https:\/\/www.youtube.com\/embed\/KU9X4Xyb8JE?version=3&#038;rel=1&#038;showsearch=0&#038;showinfo=1&#038;iv_load_policy=1&#038;fs=1&#038;hl=it-IT&#038;autohide=2&#038;wmode=transparent\" allowfullscreen=\"true\" style=\"border:0;\" sandbox=\"allow-scripts allow-same-origin allow-popups allow-presentation\"><\/iframe><\/span>\n<\/div><\/figure>\n\n\n\n<p>Hillerman \u00e8 una mia vecchia passione, del quale avevo parlato gi\u00e0 ai tempi di <em><a href=\"https:\/\/www.robertosedda.it\/?p=5667\" data-type=\"post\" data-id=\"5667\">Oggi parliamo di libri<\/a><\/em>, dove sono stato addirittura profetico: <\/p>\n\n\n\n<blockquote class=\"wp-block-quote\">\n<p>Se avessi dovuto seguire rigidamente le regole che mi sono dato per le trasmissioni difficilmente questi gialli sarebbero comparsi, perch\u00e9 attualmente non ce n\u2019\u00e8 nemmeno uno disponibile in italiano. Ma vedo che l\u2019attenzione degli editori per Hillerman ritorna periodicamente, magari con migrazioni da una casa editrice all\u2019altra, e cos\u00ec ho deciso di lasciare un po\u2019 pi\u00f9 di spazio alla soddisfazione dei miei gusti personali, nella convinzione che chi fosse interessato prima o poi trover\u00e0 occasione per leggerli.<\/p>\n<\/blockquote>\n\n\n\n<p>Dopo il traino di <em>Netflix<\/em>, non dubito che i romanzi siano gi\u00e0 ampiamenti disponibili.<\/p>\n\n\n\n<p>Questa \u00e8 una segnalazione veloce e non so se far\u00f2 una recensione completa, per\u00f2 la serie merita aldil\u00e0 della mia passione: c&#8217;\u00e8 un pesante aggiornamento di trame e personaggi rispetto ai romanzi e diminuisce la dimensione puntuale di illustrazione della cultura navajo (Chee non \u00e8 pi\u00f9 uno sciamano\/uomo della medicina, anzi un incredulo), ma in compenso c&#8217;\u00e8 un&#8217;ottima scrittura, un cast di attori bravissimi spesso sconosciuti e largamente nativi, un set di personaggi notevole, una ottima ricostruzione d&#8217;ambiente degli anni &#8217;60 e una colonna sonora grandiosa e spesso diegetica in maniera davvero divertente. Regia e fotografia sono all&#8217;altezza e i panorami, come si pu\u00f2 immaginare, fantastici. Ciliegina sulla torta, un pizzico di sana critica al trattamento dei nativi (e dei latini) da parte dei &#8220;bianchi&#8221; (non eccederei nei complimenti perch\u00e9 ha talvolta tratti superficiali, ma c&#8217;\u00e8 ed \u00e8 evidente, ed in ogni caso: <em><a href=\"https:\/\/www.robertosedda.it\/?p=20630\" data-type=\"post\" data-id=\"20630\">avercene<\/a><\/em>).<\/p>\n\n\n\n<p>La visone \u00e8 necessariamante da fare in inglese, perch\u00e9 altrimenti l&#8217;impasto linguistico texicano\/navajo si perde completamente. Peraltro il tutto \u00e8 masticato senza piet\u00e0, quindi servono i sottotitoli. <\/p>\n","protected":false},"excerpt":{"rendered":"<p>Sto guardando Dark Winds, serie Netflix che trasferisce su video i gialli di Tony Hillermann dedicati ai poliziotti della Navajo<\/p>\n","protected":false},"author":1,"featured_media":20876,"comment_status":"open","ping_status":"open","sticky":false,"template":"","format":"standard","meta":{"_mi_skip_tracking":false,"_monsterinsights_sitenote_active":false,"_monsterinsights_sitenote_note":"","_monsterinsights_sitenote_category":0,"jetpack_post_was_ever_published":false,"_jetpack_newsletter_access":"","jetpack_publicize_message":"","jetpack_is_tweetstorm":false,"jetpack_publicize_feature_enabled":true,"jetpack_social_post_already_shared":true,"jetpack_social_options":{"image_generator_settings":{"template":"highway","enabled":false}}},"categories":[52,56,68,15,12,95,16],"tags":[],"jetpack_publicize_connections":[],"jetpack_featured_media_url":"https:\/\/i0.wp.com\/www.robertosedda.it\/wp-content\/uploads\/2026\/01\/Dark-Winds-2.jpg?fit=301%2C167&ssl=1","jetpack_sharing_enabled":true,"jetpack_shortlink":"https:\/\/wp.me\/p4jV2T-5qG","jetpack_likes_enabled":true,"jetpack-related-posts":[{"id":20883,"url":"https:\/\/www.robertosedda.it\/?p=20883","url_meta":{"origin":20874,"position":0},"title":"Indiani e pionieri","author":"Rufus","date":"28\/01\/2026","format":false,"excerpt":"Ieri, segnalando Dark Winds, ho raccontato con un certo scetticismo del suo tono anticoloniale o comunque critico riguardo al trattamento, negli anni '60 del secolo scorso, non nel '700 e '800, dei nativi americani (quelli che in Canada e Australia sono definiti Primi Popoli). Mi sono chiesto, dopo aver pubblicato\u2026","rel":"","context":"In &quot;Coordinate&quot;","block_context":{"text":"Coordinate","link":"https:\/\/www.robertosedda.it\/?cat=52"},"img":{"alt_text":"","src":"https:\/\/i0.wp.com\/www.robertosedda.it\/wp-content\/uploads\/2026\/01\/MV5BNWUxYzAxZmQtMDcyMC00ZjhmLTljZWItZGI5MWNkM2ViYjE1XkEyXkFqcGc@._V1_-scaled.jpg?resize=350%2C200&ssl=1","width":350,"height":200,"srcset":"https:\/\/i0.wp.com\/www.robertosedda.it\/wp-content\/uploads\/2026\/01\/MV5BNWUxYzAxZmQtMDcyMC00ZjhmLTljZWItZGI5MWNkM2ViYjE1XkEyXkFqcGc@._V1_-scaled.jpg?resize=350%2C200&ssl=1 1x, https:\/\/i0.wp.com\/www.robertosedda.it\/wp-content\/uploads\/2026\/01\/MV5BNWUxYzAxZmQtMDcyMC00ZjhmLTljZWItZGI5MWNkM2ViYjE1XkEyXkFqcGc@._V1_-scaled.jpg?resize=700%2C400&ssl=1 2x, https:\/\/i0.wp.com\/www.robertosedda.it\/wp-content\/uploads\/2026\/01\/MV5BNWUxYzAxZmQtMDcyMC00ZjhmLTljZWItZGI5MWNkM2ViYjE1XkEyXkFqcGc@._V1_-scaled.jpg?resize=1050%2C600&ssl=1 3x, https:\/\/i0.wp.com\/www.robertosedda.it\/wp-content\/uploads\/2026\/01\/MV5BNWUxYzAxZmQtMDcyMC00ZjhmLTljZWItZGI5MWNkM2ViYjE1XkEyXkFqcGc@._V1_-scaled.jpg?resize=1400%2C800&ssl=1 4x"},"classes":[]},{"id":5825,"url":"https:\/\/www.robertosedda.it\/?p=5825","url_meta":{"origin":20874,"position":1},"title":"Lucas Davenport, giocatore di ruolo incompreso","author":"Rufus","date":"09\/01\/2014","format":"video","excerpt":"Credo che la puntata su Lucas Davenport e sul suo creatore John Sandford non sia male, ma riascoltandola ho avuto un attimo di rimpianto per avere scelto di concentrarmi su tematiche generali che riguardano soprattutto il funzionamento del mercato editoriale - il titolo dei libri\u00a0che rispecchia il fatto che un\u2026","rel":"","context":"In &quot;Coordinate&quot;","block_context":{"text":"Coordinate","link":"https:\/\/www.robertosedda.it\/?cat=52"},"img":{"alt_text":"","src":"https:\/\/i0.wp.com\/www.robertosedda.it\/wp-content\/uploads\/2014\/01\/Sandford-Shadow-Prey.jpg?fit=303%2C475&ssl=1&resize=350%2C200","width":350,"height":200},"classes":[]},{"id":4594,"url":"https:\/\/www.robertosedda.it\/?p=4594","url_meta":{"origin":20874,"position":2},"title":"La musica che metter\u00f2, se me la consigliate","author":"Rufus","date":"10\/10\/2013","format":false,"excerpt":"Sono ripartite su Radio Kalaritana le trasmissioni di Oggi parliamo di libri. Ok, breve riassunto pubblicitario: vado in onda il gioved\u00ec alle 19,10 e in replica il venerd\u00ec alle 8,30 del mattino sui 97.5 FM (o in streaming). La trasmissione ha anche una sua pagina Facebook che dopo la pausa\u2026","rel":"","context":"In &quot;Coordinate&quot;","block_context":{"text":"Coordinate","link":"https:\/\/www.robertosedda.it\/?cat=52"},"img":{"alt_text":"","src":"https:\/\/i0.wp.com\/www.robertosedda.it\/wp-content\/uploads\/2013\/03\/535033_144686819023383_216259237_n.jpg?fit=960%2C960&ssl=1&resize=350%2C200","width":350,"height":200,"srcset":"https:\/\/i0.wp.com\/www.robertosedda.it\/wp-content\/uploads\/2013\/03\/535033_144686819023383_216259237_n.jpg?fit=960%2C960&ssl=1&resize=350%2C200 1x, https:\/\/i0.wp.com\/www.robertosedda.it\/wp-content\/uploads\/2013\/03\/535033_144686819023383_216259237_n.jpg?fit=960%2C960&ssl=1&resize=700%2C400 2x"},"classes":[]},{"id":5667,"url":"https:\/\/www.robertosedda.it\/?p=5667","url_meta":{"origin":20874,"position":3},"title":"Una coppia di detective navajo","author":"Rufus","date":"31\/12\/2013","format":"video","excerpt":"Ho voluto dedicare una puntata di Oggi parliamo di libri ai gialli in cui Tony Hillerman mette in scena le avventure degli agenti della Polizia Tribale Navajo prima di tutto perch\u00e9 mi piacciono molto: se avessi dovuto seguire rigidamente le regole che mi sono dato per le trasmissioni difficilmente questi\u2026","rel":"","context":"In &quot;Coordinate&quot;","block_context":{"text":"Coordinate","link":"https:\/\/www.robertosedda.it\/?cat=52"},"img":{"alt_text":"","src":"https:\/\/i0.wp.com\/www.robertosedda.it\/wp-content\/uploads\/2013\/12\/Skinwalkers-Leaphorn-and-Chee.jpg?fit=863%2C583&ssl=1&resize=350%2C200","width":350,"height":200,"srcset":"https:\/\/i0.wp.com\/www.robertosedda.it\/wp-content\/uploads\/2013\/12\/Skinwalkers-Leaphorn-and-Chee.jpg?fit=863%2C583&ssl=1&resize=350%2C200 1x, https:\/\/i0.wp.com\/www.robertosedda.it\/wp-content\/uploads\/2013\/12\/Skinwalkers-Leaphorn-and-Chee.jpg?fit=863%2C583&ssl=1&resize=700%2C400 2x"},"classes":[]},{"id":1835,"url":"https:\/\/www.robertosedda.it\/?p=1835","url_meta":{"origin":20874,"position":4},"title":"Libri che ho letto nel 2012","author":"Rufus","date":"04\/01\/2013","format":false,"excerpt":"Rigorosamente nell'ordine in cui li ho conclusi. Non metto pareri: se qualcuno \u00e8 curioso, si faccia vivo nei commenti qui sotto! Omelie di Natale, del solito gruppo di autori del Centro Aletti (Rupnik, Spidl\u00eck e altri), Lipa Lyonesse, Jack Vance, ? (e-book) The Green Pearl, Jack Vance, ? (e-book) Madouc,\u2026","rel":"","context":"In &quot;Coordinate&quot;","block_context":{"text":"Coordinate","link":"https:\/\/www.robertosedda.it\/?cat=52"},"img":{"alt_text":"","src":"","width":0,"height":0},"classes":[]},{"id":4971,"url":"https:\/\/www.robertosedda.it\/?p=4971","url_meta":{"origin":20874,"position":5},"title":"Due rangers del Texas","author":"Rufus","date":"08\/11\/2013","format":false,"excerpt":"Saguaro numero 18,\u00a0La trib\u00f9 del cielo (Sergio Bonelli Editore ottobre 2013, Mignacco\/Foder\u00e0) Ho l'impressione che molti lettori di fumetti, pubblicati dalla Bonelli e no, snobbino un pochino Saguaro, ma devo dire che a me piace, anche abbastanza. Sono sicuramente di parte perch\u00e9 amo molto i gialli di Tony Hillerman ambientati\u2026","rel":"","context":"In &quot;Cappe e spade&quot;","block_context":{"text":"Cappe e spade","link":"https:\/\/www.robertosedda.it\/?cat=70"},"img":{"alt_text":"","src":"https:\/\/i0.wp.com\/www.robertosedda.it\/wp-content\/uploads\/2013\/11\/Saguaro-18-ottobre-2013.jpg?fit=227%2C300&ssl=1&resize=350%2C200","width":350,"height":200},"classes":[]}],"_links":{"self":[{"href":"https:\/\/www.robertosedda.it\/index.php?rest_route=\/wp\/v2\/posts\/20874"}],"collection":[{"href":"https:\/\/www.robertosedda.it\/index.php?rest_route=\/wp\/v2\/posts"}],"about":[{"href":"https:\/\/www.robertosedda.it\/index.php?rest_route=\/wp\/v2\/types\/post"}],"author":[{"embeddable":true,"href":"https:\/\/www.robertosedda.it\/index.php?rest_route=\/wp\/v2\/users\/1"}],"replies":[{"embeddable":true,"href":"https:\/\/www.robertosedda.it\/index.php?rest_route=%2Fwp%2Fv2%2Fcomments&post=20874"}],"version-history":[{"count":2,"href":"https:\/\/www.robertosedda.it\/index.php?rest_route=\/wp\/v2\/posts\/20874\/revisions"}],"predecessor-version":[{"id":20878,"href":"https:\/\/www.robertosedda.it\/index.php?rest_route=\/wp\/v2\/posts\/20874\/revisions\/20878"}],"wp:featuredmedia":[{"embeddable":true,"href":"https:\/\/www.robertosedda.it\/index.php?rest_route=\/wp\/v2\/media\/20876"}],"wp:attachment":[{"href":"https:\/\/www.robertosedda.it\/index.php?rest_route=%2Fwp%2Fv2%2Fmedia&parent=20874"}],"wp:term":[{"taxonomy":"category","embeddable":true,"href":"https:\/\/www.robertosedda.it\/index.php?rest_route=%2Fwp%2Fv2%2Fcategories&post=20874"},{"taxonomy":"post_tag","embeddable":true,"href":"https:\/\/www.robertosedda.it\/index.php?rest_route=%2Fwp%2Fv2%2Ftags&post=20874"}],"curies":[{"name":"wp","href":"https:\/\/api.w.org\/{rel}","templated":true}]}}