{"id":20864,"date":"2026-01-26T12:12:17","date_gmt":"2026-01-26T11:12:17","guid":{"rendered":"https:\/\/www.robertosedda.it\/?p=20864"},"modified":"2026-01-26T12:12:20","modified_gmt":"2026-01-26T11:12:20","slug":"diritto-alla-casa","status":"publish","type":"post","link":"https:\/\/www.robertosedda.it\/?p=20864","title":{"rendered":"Diritto alla casa"},"content":{"rendered":"\n<p>Segnalo un interessante ciclo di incontri sul diritto all&#8217;abitare organizzati da <em>Mesu<\/em>, l&#8217;associaizone ecologista e bottega di quartiere di Villanova.<\/p>\n\n\n\n<p>Trovate il programma qui sotto: va notato che le attivit\u00e0 con Stefano Portelli (che diversi hanno gi\u00e0 incontrato a Cagliari l&#8217;anno scorso al <em>Laboratorio28<\/em>), che erano previste per la settimana scorsa e sono state annullate per l&#8217;allerta meteo, sono state riprogrammate per il 16-18 febbraio.<\/p>\n\n\n\n<div class=\"wp-block-jetpack-slideshow aligncenter\" data-effect=\"slide\"><div class=\"wp-block-jetpack-slideshow_container swiper-container\"><ul class=\"wp-block-jetpack-slideshow_swiper-wrapper swiper-wrapper\"><li class=\"wp-block-jetpack-slideshow_slide swiper-slide\"><figure><img decoding=\"async\" loading=\"lazy\" width=\"510\" height=\"721\" alt=\"\" class=\"wp-block-jetpack-slideshow_image wp-image-20866\" data-id=\"20866\" src=\"https:\/\/i0.wp.com\/www.robertosedda.it\/wp-content\/uploads\/2026\/01\/WhatsApp-Image-2026-01-13-at-18.34.13-3.jpeg?resize=510%2C721\" srcset=\"https:\/\/i0.wp.com\/www.robertosedda.it\/wp-content\/uploads\/2026\/01\/WhatsApp-Image-2026-01-13-at-18.34.13-3.jpeg?resize=510%2C721&amp;ssl=1 510w, https:\/\/i0.wp.com\/www.robertosedda.it\/wp-content\/uploads\/2026\/01\/WhatsApp-Image-2026-01-13-at-18.34.13-3.jpeg?resize=212%2C300&amp;ssl=1 212w, https:\/\/i0.wp.com\/www.robertosedda.it\/wp-content\/uploads\/2026\/01\/WhatsApp-Image-2026-01-13-at-18.34.13-3.jpeg?resize=106%2C150&amp;ssl=1 106w, https:\/\/i0.wp.com\/www.robertosedda.it\/wp-content\/uploads\/2026\/01\/WhatsApp-Image-2026-01-13-at-18.34.13-3.jpeg?resize=1086%2C1536&amp;ssl=1 1086w, https:\/\/i0.wp.com\/www.robertosedda.it\/wp-content\/uploads\/2026\/01\/WhatsApp-Image-2026-01-13-at-18.34.13-3.jpeg?w=1131&amp;ssl=1 1131w\" sizes=\"(max-width: 510px) 100vw, 510px\" data-recalc-dims=\"1\" \/><\/figure><\/li><li class=\"wp-block-jetpack-slideshow_slide swiper-slide\"><figure><img decoding=\"async\" loading=\"lazy\" width=\"510\" height=\"638\" alt=\"\" class=\"wp-block-jetpack-slideshow_image wp-image-20868\" data-id=\"20868\" src=\"https:\/\/i0.wp.com\/www.robertosedda.it\/wp-content\/uploads\/2026\/01\/WhatsApp-Image-2026-01-13-at-18.34.13-5.jpeg?resize=510%2C638\" srcset=\"https:\/\/i0.wp.com\/www.robertosedda.it\/wp-content\/uploads\/2026\/01\/WhatsApp-Image-2026-01-13-at-18.34.13-5.jpeg?resize=510%2C638&amp;ssl=1 510w, https:\/\/i0.wp.com\/www.robertosedda.it\/wp-content\/uploads\/2026\/01\/WhatsApp-Image-2026-01-13-at-18.34.13-5.jpeg?resize=240%2C300&amp;ssl=1 240w, https:\/\/i0.wp.com\/www.robertosedda.it\/wp-content\/uploads\/2026\/01\/WhatsApp-Image-2026-01-13-at-18.34.13-5.jpeg?resize=120%2C150&amp;ssl=1 120w, https:\/\/i0.wp.com\/www.robertosedda.it\/wp-content\/uploads\/2026\/01\/WhatsApp-Image-2026-01-13-at-18.34.13-5.jpeg?resize=1228%2C1536&amp;ssl=1 1228w, https:\/\/i0.wp.com\/www.robertosedda.it\/wp-content\/uploads\/2026\/01\/WhatsApp-Image-2026-01-13-at-18.34.13-5.jpeg?w=1279&amp;ssl=1 1279w\" sizes=\"(max-width: 510px) 100vw, 510px\" data-recalc-dims=\"1\" \/><\/figure><\/li><li class=\"wp-block-jetpack-slideshow_slide swiper-slide\"><figure><img decoding=\"async\" loading=\"lazy\" width=\"510\" height=\"638\" alt=\"\" class=\"wp-block-jetpack-slideshow_image wp-image-20865\" data-id=\"20865\" src=\"https:\/\/i0.wp.com\/www.robertosedda.it\/wp-content\/uploads\/2026\/01\/WhatsApp-Image-2026-01-13-at-18.34.13-4.jpeg?resize=510%2C638\" srcset=\"https:\/\/i0.wp.com\/www.robertosedda.it\/wp-content\/uploads\/2026\/01\/WhatsApp-Image-2026-01-13-at-18.34.13-4.jpeg?resize=510%2C638&amp;ssl=1 510w, https:\/\/i0.wp.com\/www.robertosedda.it\/wp-content\/uploads\/2026\/01\/WhatsApp-Image-2026-01-13-at-18.34.13-4.jpeg?resize=240%2C300&amp;ssl=1 240w, https:\/\/i0.wp.com\/www.robertosedda.it\/wp-content\/uploads\/2026\/01\/WhatsApp-Image-2026-01-13-at-18.34.13-4.jpeg?resize=120%2C150&amp;ssl=1 120w, https:\/\/i0.wp.com\/www.robertosedda.it\/wp-content\/uploads\/2026\/01\/WhatsApp-Image-2026-01-13-at-18.34.13-4.jpeg?resize=1228%2C1536&amp;ssl=1 1228w, https:\/\/i0.wp.com\/www.robertosedda.it\/wp-content\/uploads\/2026\/01\/WhatsApp-Image-2026-01-13-at-18.34.13-4.jpeg?resize=1638%2C2048&amp;ssl=1 1638w, https:\/\/i0.wp.com\/www.robertosedda.it\/wp-content\/uploads\/2026\/01\/WhatsApp-Image-2026-01-13-at-18.34.13-4.jpeg?w=2047&amp;ssl=1 2047w\" sizes=\"(max-width: 510px) 100vw, 510px\" data-recalc-dims=\"1\" \/><\/figure><\/li><\/ul><a class=\"wp-block-jetpack-slideshow_button-prev swiper-button-prev swiper-button-white\" role=\"button\"><\/a><a class=\"wp-block-jetpack-slideshow_button-next swiper-button-next swiper-button-white\" role=\"button\"><\/a><a aria-label=\"Pause Slideshow\" class=\"wp-block-jetpack-slideshow_button-pause\" role=\"button\"><\/a><div class=\"wp-block-jetpack-slideshow_pagination swiper-pagination swiper-pagination-white\"><\/div><\/div><\/div>\n","protected":false},"excerpt":{"rendered":"<p>Spazio Mesu organizza un ciclo di incontri sul diritto all&#8217;abitare.<\/p>\n","protected":false},"author":1,"featured_media":20870,"comment_status":"open","ping_status":"open","sticky":false,"template":"","format":"standard","meta":{"_mi_skip_tracking":false,"_monsterinsights_sitenote_active":false,"_monsterinsights_sitenote_note":"","_monsterinsights_sitenote_category":0,"jetpack_post_was_ever_published":false,"_jetpack_newsletter_access":"","jetpack_publicize_message":"Spazio Mesu organizza un ciclo di incontri sul diritto all'abitare.","jetpack_is_tweetstorm":false,"jetpack_publicize_feature_enabled":true,"jetpack_social_post_already_shared":false,"jetpack_social_options":{"image_generator_settings":{"template":"highway","enabled":false}}},"categories":[52,55,77,95,16],"tags":[],"jetpack_publicize_connections":[],"jetpack_featured_media_url":"https:\/\/i0.wp.com\/www.robertosedda.it\/wp-content\/uploads\/2026\/01\/WhatsApp-Image-2026-01-13-at-18.34.14-1.jpeg?fit=1279%2C1600&ssl=1","jetpack_sharing_enabled":true,"jetpack_shortlink":"https:\/\/wp.me\/p4jV2T-5qw","jetpack_likes_enabled":true,"jetpack-related-posts":[{"id":7997,"url":"https:\/\/www.robertosedda.it\/?p=7997","url_meta":{"origin":20864,"position":0},"title":"Appello per un cambiamento coraggioso","author":"Rufus","date":"23\/07\/2014","format":false,"excerpt":"Come avevo accennato alcuni giorni fa la commissione Iustitia et pax della Conferenza episcopale dei Vescovi della Terra Santa ha pubblicato un documento sulla situazione bellica di Gaza, che si intitola Appello per un cambiamento coraggioso. L'ho tradotto, nella speranza che possa essere utile: l'originale, in francese, \u00e8 pubblicato sul\u2026","rel":"","context":"In &quot;Coordinate&quot;","block_context":{"text":"Coordinate","link":"https:\/\/www.robertosedda.it\/?cat=52"},"img":{"alt_text":"","src":"https:\/\/i0.wp.com\/www.robertosedda.it\/wp-content\/uploads\/2014\/07\/iustitia-et-pax-holy-land.jpeg?fit=960%2C720&ssl=1&resize=350%2C200","width":350,"height":200,"srcset":"https:\/\/i0.wp.com\/www.robertosedda.it\/wp-content\/uploads\/2014\/07\/iustitia-et-pax-holy-land.jpeg?fit=960%2C720&ssl=1&resize=350%2C200 1x, https:\/\/i0.wp.com\/www.robertosedda.it\/wp-content\/uploads\/2014\/07\/iustitia-et-pax-holy-land.jpeg?fit=960%2C720&ssl=1&resize=700%2C400 2x"},"classes":[]},{"id":15651,"url":"https:\/\/www.robertosedda.it\/?p=15651","url_meta":{"origin":20864,"position":1},"title":"Seminari africani","author":"Rufus","date":"06\/09\/2018","format":false,"excerpt":"Segnalo un ciclo di seminari all'Universit\u00e0 che, soprattutto in questo periodo, mi pare oltremodo interessante (detto in altro modo, magari qualcuno potrebbe dire meno sciocchezze - o credere a meno schiocchezze). I seminari si terranno nell'Aula CM 7 del Campus Aresu, in via S. Giorgio 12. Ciclo di seminari di\u2026","rel":"","context":"In &quot;Coordinate&quot;","block_context":{"text":"Coordinate","link":"https:\/\/www.robertosedda.it\/?cat=52"},"img":{"alt_text":"","src":"https:\/\/i0.wp.com\/www.robertosedda.it\/wp-content\/uploads\/2018\/09\/Seminari-Africa.jpg?fit=606%2C855&ssl=1&resize=350%2C200","width":350,"height":200},"classes":[]},{"id":16784,"url":"https:\/\/www.robertosedda.it\/?p=16784","url_meta":{"origin":20864,"position":2},"title":"A proposito del porta a porta","author":"Rufus","date":"06\/06\/2019","format":false,"excerpt":"Vedo un grande dibattito sul porta a porta in citt\u00e0. Devo dire che lo noto con una certa sorpresa, dato che la raccolta \u00e8 iniziata in citt\u00e0 da almeno un anno e ha interessato da subito quartieri anche molto popolosi, senza che ci fossero state sinora grandi prese di posizione\u2026","rel":"","context":"In &quot;Coordinate&quot;","block_context":{"text":"Coordinate","link":"https:\/\/www.robertosedda.it\/?cat=52"},"img":{"alt_text":"","src":"https:\/\/i0.wp.com\/www.robertosedda.it\/wp-content\/uploads\/2019\/06\/Rifiuti-1.jpg?fit=600%2C498&ssl=1&resize=350%2C200","width":350,"height":200},"classes":[]},{"id":7896,"url":"https:\/\/www.robertosedda.it\/?p=7896","url_meta":{"origin":20864,"position":3},"title":"Quel che ho detto al Consiglio comunale di Cagliari","author":"Rufus","date":"03\/07\/2014","format":false,"excerpt":"Ok, lo ammetto: il titolo dell'articolo \u00e8 leggermente fuorviante. Ieri mattina c'\u00e8 stata una seduta straordinaria del Consiglio comunale di Cagliari sul tema del diritto alla casa; nel pomeriggio nella stessa sala consiliare l'amministrazione ha convocato gli attori interessati - costruttori, sindacati, inquilini, cooperazione, ingegneri, architetti e anche, come nel\u2026","rel":"","context":"In &quot;Coordinate&quot;","block_context":{"text":"Coordinate","link":"https:\/\/www.robertosedda.it\/?cat=52"},"img":{"alt_text":"","src":"https:\/\/i0.wp.com\/www.robertosedda.it\/wp-content\/uploads\/2013\/11\/Panorama-Cagliari.jpg?fit=640%2C428&ssl=1&resize=350%2C200","width":350,"height":200},"classes":[]},{"id":17177,"url":"https:\/\/www.robertosedda.it\/?p=17177","url_meta":{"origin":20864,"position":4},"title":"Prati insostenibili e insopportabili","author":"Rufus","date":"09\/09\/2019","format":false,"excerpt":"Il New York Times racconta l''accuratamente programmata ascesa di un mito americano: il prato all'inglese davanti alla villetta. @nytimes","rel":"","context":"In &quot;Coordinate&quot;","block_context":{"text":"Coordinate","link":"https:\/\/www.robertosedda.it\/?cat=52"},"img":{"alt_text":"","src":"https:\/\/i0.wp.com\/www.robertosedda.it\/wp-content\/uploads\/2019\/09\/Prato-NYTimes.png?fit=1200%2C531&ssl=1&resize=350%2C200","width":350,"height":200,"srcset":"https:\/\/i0.wp.com\/www.robertosedda.it\/wp-content\/uploads\/2019\/09\/Prato-NYTimes.png?fit=1200%2C531&ssl=1&resize=350%2C200 1x, https:\/\/i0.wp.com\/www.robertosedda.it\/wp-content\/uploads\/2019\/09\/Prato-NYTimes.png?fit=1200%2C531&ssl=1&resize=700%2C400 2x, https:\/\/i0.wp.com\/www.robertosedda.it\/wp-content\/uploads\/2019\/09\/Prato-NYTimes.png?fit=1200%2C531&ssl=1&resize=1050%2C600 3x"},"classes":[]},{"id":14599,"url":"https:\/\/www.robertosedda.it\/?p=14599","url_meta":{"origin":20864,"position":5},"title":"REBLOG: L&#8217;Africa colonizzata","author":"Rufus","date":"30\/01\/2018","format":false,"excerpt":"Nel mese di Febraio, nella Facolt\u00e0 di Scienze Giuridiche, Economiche e Politiche, un ciclo di seminari fondamentale per chi vuole capire di pi\u00f9 della storia dell'Africa per capire anche quella di oggi. Queste le informazioni pubblicate sul sito dell'Universit\u00e0 di Cagliari: Nel mese di febbraio, il Corso di laurea magistrale\u2026","rel":"","context":"In &quot;Coordinate&quot;","block_context":{"text":"Coordinate","link":"https:\/\/www.robertosedda.it\/?cat=52"},"img":{"alt_text":"","src":"https:\/\/i0.wp.com\/www.robertosedda.it\/wp-content\/uploads\/2018\/01\/e681315ed8808619c289866076491a32_d0-300x300.jpg?resize=350%2C200","width":350,"height":200},"classes":[]}],"_links":{"self":[{"href":"https:\/\/www.robertosedda.it\/index.php?rest_route=\/wp\/v2\/posts\/20864"}],"collection":[{"href":"https:\/\/www.robertosedda.it\/index.php?rest_route=\/wp\/v2\/posts"}],"about":[{"href":"https:\/\/www.robertosedda.it\/index.php?rest_route=\/wp\/v2\/types\/post"}],"author":[{"embeddable":true,"href":"https:\/\/www.robertosedda.it\/index.php?rest_route=\/wp\/v2\/users\/1"}],"replies":[{"embeddable":true,"href":"https:\/\/www.robertosedda.it\/index.php?rest_route=%2Fwp%2Fv2%2Fcomments&post=20864"}],"version-history":[{"count":3,"href":"https:\/\/www.robertosedda.it\/index.php?rest_route=\/wp\/v2\/posts\/20864\/revisions"}],"predecessor-version":[{"id":20871,"href":"https:\/\/www.robertosedda.it\/index.php?rest_route=\/wp\/v2\/posts\/20864\/revisions\/20871"}],"wp:featuredmedia":[{"embeddable":true,"href":"https:\/\/www.robertosedda.it\/index.php?rest_route=\/wp\/v2\/media\/20870"}],"wp:attachment":[{"href":"https:\/\/www.robertosedda.it\/index.php?rest_route=%2Fwp%2Fv2%2Fmedia&parent=20864"}],"wp:term":[{"taxonomy":"category","embeddable":true,"href":"https:\/\/www.robertosedda.it\/index.php?rest_route=%2Fwp%2Fv2%2Fcategories&post=20864"},{"taxonomy":"post_tag","embeddable":true,"href":"https:\/\/www.robertosedda.it\/index.php?rest_route=%2Fwp%2Fv2%2Ftags&post=20864"}],"curies":[{"name":"wp","href":"https:\/\/api.w.org\/{rel}","templated":true}]}}