{"id":20578,"date":"2025-04-30T13:33:57","date_gmt":"2025-04-30T11:33:57","guid":{"rendered":"https:\/\/www.robertosedda.it\/?p=20578"},"modified":"2025-08-22T15:16:57","modified_gmt":"2025-08-22T13:16:57","slug":"decisioni-improvvise","status":"publish","type":"post","link":"https:\/\/www.robertosedda.it\/?p=20578","title":{"rendered":"Decisioni improvvise"},"content":{"rendered":"\n<figure class=\"wp-block-image alignright size-large is-resized\"><img data-attachment-id=\"20579\" data-permalink=\"https:\/\/www.robertosedda.it\/?attachment_id=20579\" data-orig-file=\"https:\/\/i0.wp.com\/www.robertosedda.it\/wp-content\/uploads\/2025\/04\/WhatsApp-Image-2025-04-30-at-12.24.57.jpeg?fit=923%2C1177&amp;ssl=1\" data-orig-size=\"923,1177\" data-comments-opened=\"1\" data-image-meta=\"{&quot;aperture&quot;:&quot;0&quot;,&quot;credit&quot;:&quot;&quot;,&quot;camera&quot;:&quot;&quot;,&quot;caption&quot;:&quot;&quot;,&quot;created_timestamp&quot;:&quot;0&quot;,&quot;copyright&quot;:&quot;&quot;,&quot;focal_length&quot;:&quot;0&quot;,&quot;iso&quot;:&quot;0&quot;,&quot;shutter_speed&quot;:&quot;0&quot;,&quot;title&quot;:&quot;&quot;,&quot;orientation&quot;:&quot;0&quot;}\" data-image-title=\"WhatsApp-Image-2025-04-30-at-12.24.57\" data-image-description=\"\" data-image-caption=\"\" data-medium-file=\"https:\/\/i0.wp.com\/www.robertosedda.it\/wp-content\/uploads\/2025\/04\/WhatsApp-Image-2025-04-30-at-12.24.57.jpeg?fit=235%2C300&amp;ssl=1\" data-large-file=\"https:\/\/i0.wp.com\/www.robertosedda.it\/wp-content\/uploads\/2025\/04\/WhatsApp-Image-2025-04-30-at-12.24.57.jpeg?fit=510%2C650&amp;ssl=1\" decoding=\"async\" loading=\"lazy\" src=\"https:\/\/i0.wp.com\/www.robertosedda.it\/wp-content\/uploads\/2025\/04\/WhatsApp-Image-2025-04-30-at-12.24.57-510x650.jpeg?resize=383%2C488&#038;ssl=1\" alt=\"\" class=\"wp-image-20579\" width=\"383\" height=\"488\" srcset=\"https:\/\/i0.wp.com\/www.robertosedda.it\/wp-content\/uploads\/2025\/04\/WhatsApp-Image-2025-04-30-at-12.24.57.jpeg?resize=510%2C650&amp;ssl=1 510w, https:\/\/i0.wp.com\/www.robertosedda.it\/wp-content\/uploads\/2025\/04\/WhatsApp-Image-2025-04-30-at-12.24.57.jpeg?resize=235%2C300&amp;ssl=1 235w, https:\/\/i0.wp.com\/www.robertosedda.it\/wp-content\/uploads\/2025\/04\/WhatsApp-Image-2025-04-30-at-12.24.57.jpeg?resize=118%2C150&amp;ssl=1 118w, https:\/\/i0.wp.com\/www.robertosedda.it\/wp-content\/uploads\/2025\/04\/WhatsApp-Image-2025-04-30-at-12.24.57.jpeg?w=923&amp;ssl=1 923w\" sizes=\"(max-width: 383px) 100vw, 383px\" data-recalc-dims=\"1\" \/><\/figure>\n\n\n\n<p>Lo scorso 25 aprile mi sono iscritto all&#8217;ANPI, devo dire: non so bene perch\u00e9.<\/p>\n\n\n\n<p>Nel senso: ci sono certamente pi\u00f9 e pi\u00f9 buone ragioni per iscriversi all&#8217;ANPI, tanto pi\u00f9 di questi tempi, per\u00f2 io non ci avevo mai pensato. Poi, alla manifestazione del 25 aprile ho incontrato un&#8217;amica carissima che sfoggiava il fazzoletto dell&#8217;ANPI, e ho pensato: <em>sai che c&#8217;\u00e8? Lo faccio anch&#8217;io<\/em>.<\/p>\n\n\n\n<p>Un po&#8217; sono rimasto deluso che non mi hanno dato il fazzoletto: quello lo devo cercare a parte, a quanto pare.<\/p>\n\n\n\n<p>Scherzo, anche per tenermi accuratamente lontano da ogni rischio retorico, o dalla possibilit\u00e0 di dare l&#8217;impressione di aver voluto fare chiss\u00e0 quale dichiarazione o scelta di campo: spero che per chi mi conosce non sia necessario che io mi iscriva all&#8217;ANPI per capire certe cose di me.<\/p>\n\n\n\n<p>Per\u00f2 \u00e8 stato veramente l&#8217;impulso di un momento, che tra l&#8217;altro contraddice un&#8217;abitudine, negli ultimi anni abbastanza consolidata nella mia vita, di scegliere con cura i luoghi a cui appartenere o dove impegnarmi: ovviamente ho (molta) stima dell&#8217;ANPI in senso generale, ma concretamente non conosco quasi nessuno dei soci locali, non so niente della sua vita interna e, per dire, un&#8217;associazione che sul sito si definisce <em>combattentistica<\/em> dovrebbe imporre un attimo di pausa a un obiettore come me. <\/p>\n\n\n\n<p>E quindi: \u00e8 stato l&#8217;impulso di un momento, senza grandissime spiegazioni. <\/p>\n\n\n\n<p>Forse potremmo dire che doveva arrivare ed \u00e8 arrivato. D&#8217;altra parte, molte cose belle della mia vita sono dipese da scelte improvvise e non ponderate, quindi direi che va bene, anzi: va molto bene. E l&#8217;ex obiettore sa anche benissimo che un paio di zii e diversi dei variegati santi protettori del gruppo <em>La Pira<\/em> la Resistenza l&#8217;hanno fatta davvero.<\/p>\n\n\n\n<p>E quindi non ho (ancora) il fazzoletto, per\u00f2 ho la tessera: come potete vedere, sono fiero di esibirla. <\/p>\n","protected":false},"excerpt":{"rendered":"<p>Lo scorso 25 aprile mi sono iscritto all&#8217;ANPI, devo dire: non so bene perch\u00e9. Nel senso: ci sono certamente pi\u00f9<\/p>\n","protected":false},"author":1,"featured_media":20579,"comment_status":"open","ping_status":"open","sticky":false,"template":"","format":"standard","meta":{"_mi_skip_tracking":false,"_monsterinsights_sitenote_active":false,"_monsterinsights_sitenote_note":"","_monsterinsights_sitenote_category":0,"jetpack_post_was_ever_published":false,"_jetpack_newsletter_access":"","jetpack_publicize_message":"","jetpack_is_tweetstorm":false,"jetpack_publicize_feature_enabled":true,"jetpack_social_post_already_shared":true,"jetpack_social_options":{"image_generator_settings":{"template":"highway","enabled":false}}},"categories":[52,53,195],"tags":[],"jetpack_publicize_connections":[],"jetpack_featured_media_url":"https:\/\/i0.wp.com\/www.robertosedda.it\/wp-content\/uploads\/2025\/04\/WhatsApp-Image-2025-04-30-at-12.24.57.jpeg?fit=923%2C1177&ssl=1","jetpack_sharing_enabled":true,"jetpack_shortlink":"https:\/\/wp.me\/p4jV2T-5lU","jetpack_likes_enabled":true,"jetpack-related-posts":[{"id":7184,"url":"https:\/\/www.robertosedda.it\/?p=7184","url_meta":{"origin":20578,"position":0},"title":"Tempi difficili, compagni","author":"Rufus","date":"25\/04\/2014","format":"gallery","excerpt":"Il 25 aprile mio e di Maria Bonaria si apre con una semplice convinzione: prima andremo a fare a spesa al mercato di San Benedetto, ch\u00e9 si festeggia con un bel pesce, oggi, e poi si va alla manifestazione. Che tanto inizia alle 10, inizia. Il primo granellino nell'ingranaggio lo\u2026","rel":"","context":"In &quot;Coordinate&quot;","block_context":{"text":"Coordinate","link":"https:\/\/www.robertosedda.it\/?cat=52"},"img":{"alt_text":"","src":"https:\/\/i0.wp.com\/www.robertosedda.it\/wp-content\/uploads\/2014\/04\/ALIM3410.jpg?fit=1200%2C900&ssl=1&resize=350%2C200","width":350,"height":200,"srcset":"https:\/\/i0.wp.com\/www.robertosedda.it\/wp-content\/uploads\/2014\/04\/ALIM3410.jpg?fit=1200%2C900&ssl=1&resize=350%2C200 1x, https:\/\/i0.wp.com\/www.robertosedda.it\/wp-content\/uploads\/2014\/04\/ALIM3410.jpg?fit=1200%2C900&ssl=1&resize=700%2C400 2x, https:\/\/i0.wp.com\/www.robertosedda.it\/wp-content\/uploads\/2014\/04\/ALIM3410.jpg?fit=1200%2C900&ssl=1&resize=1050%2C600 3x"},"classes":[]},{"id":19837,"url":"https:\/\/www.robertosedda.it\/?p=19837","url_meta":{"origin":20578,"position":1},"title":"I rei non fanno il miracolo","author":"Rufus","date":"19\/07\/2022","format":false,"excerpt":"Sono andato l'altra sera, nella cornice del Cagliari FIlm Festival ospitato dalla Fondazione Siotto a vedere Il miracolo dei rei, documentario di Alessandra Usai sulla fondazione della colonia penale di Castiadas. C'era, nella volont\u00e0 di vedere il documentario, un piccolo motivo di famiglia: il bisnonno di Maria Bonaria era una\u2026","rel":"","context":"In &quot;Coordinate&quot;","block_context":{"text":"Coordinate","link":"https:\/\/www.robertosedda.it\/?cat=52"},"img":{"alt_text":"","src":"https:\/\/i0.wp.com\/www.robertosedda.it\/wp-content\/uploads\/2022\/07\/Cagliari-film-festival2.png?fit=1075%2C729&ssl=1&resize=350%2C200","width":350,"height":200,"srcset":"https:\/\/i0.wp.com\/www.robertosedda.it\/wp-content\/uploads\/2022\/07\/Cagliari-film-festival2.png?fit=1075%2C729&ssl=1&resize=350%2C200 1x, https:\/\/i0.wp.com\/www.robertosedda.it\/wp-content\/uploads\/2022\/07\/Cagliari-film-festival2.png?fit=1075%2C729&ssl=1&resize=700%2C400 2x, https:\/\/i0.wp.com\/www.robertosedda.it\/wp-content\/uploads\/2022\/07\/Cagliari-film-festival2.png?fit=1075%2C729&ssl=1&resize=1050%2C600 3x"},"classes":[]},{"id":3274,"url":"https:\/\/www.robertosedda.it\/?p=3274","url_meta":{"origin":20578,"position":2},"title":"Personale viaggiante","author":"Rufus","date":"27\/05\/2013","format":false,"excerpt":"Sabato sono andato a Bologna (e poi a Roma) per questioni varie di Banca Etica, fra le quali un invito del C.R.E.S.E.R. (Coordinamento Regionale per l'Economia Solidale Emilia-Romagna) a fare un intervento a una tavola rotonda in occasione di Terra Equa, dove erano tutti pi\u00f9 importanti di me e dove\u2026","rel":"","context":"In &quot;Coordinate&quot;","block_context":{"text":"Coordinate","link":"https:\/\/www.robertosedda.it\/?cat=52"},"img":{"alt_text":"","src":"https:\/\/i0.wp.com\/www.robertosedda.it\/wp-content\/uploads\/2013\/05\/2012-04-05_Stazione_VVFF_Roma_Ostiense-scaled.jpg?fit=1200%2C899&ssl=1&resize=350%2C200","width":350,"height":200,"srcset":"https:\/\/i0.wp.com\/www.robertosedda.it\/wp-content\/uploads\/2013\/05\/2012-04-05_Stazione_VVFF_Roma_Ostiense-scaled.jpg?fit=1200%2C899&ssl=1&resize=350%2C200 1x, https:\/\/i0.wp.com\/www.robertosedda.it\/wp-content\/uploads\/2013\/05\/2012-04-05_Stazione_VVFF_Roma_Ostiense-scaled.jpg?fit=1200%2C899&ssl=1&resize=700%2C400 2x, https:\/\/i0.wp.com\/www.robertosedda.it\/wp-content\/uploads\/2013\/05\/2012-04-05_Stazione_VVFF_Roma_Ostiense-scaled.jpg?fit=1200%2C899&ssl=1&resize=1050%2C600 3x"},"classes":[]},{"id":18506,"url":"https:\/\/www.robertosedda.it\/?p=18506","url_meta":{"origin":20578,"position":3},"title":"Occhi di lince in casa Sedda-Loi","author":"Rufus","date":"27\/04\/2021","format":false,"excerpt":"L'altro giorno stavamo guardando una puntata di Via dei Matti n. 0 (per l'esattezza quella del 12 aprile) quando Maria Bonaria ha detto: \u00abBollani ha perso un bottone\u00bb. Io mi sono girato a guardarla, un filino sorpreso, diciamo, e lei ha ripetuto: \u00abHa perso un bottone. Dalla manica della giacca.\u2026","rel":"","context":"In &quot;Coordinate&quot;","block_context":{"text":"Coordinate","link":"https:\/\/www.robertosedda.it\/?cat=52"},"img":{"alt_text":"","src":"https:\/\/i0.wp.com\/www.robertosedda.it\/wp-content\/uploads\/2021\/04\/Bollani-uno.png?fit=1200%2C569&ssl=1&resize=350%2C200","width":350,"height":200,"srcset":"https:\/\/i0.wp.com\/www.robertosedda.it\/wp-content\/uploads\/2021\/04\/Bollani-uno.png?fit=1200%2C569&ssl=1&resize=350%2C200 1x, https:\/\/i0.wp.com\/www.robertosedda.it\/wp-content\/uploads\/2021\/04\/Bollani-uno.png?fit=1200%2C569&ssl=1&resize=700%2C400 2x, https:\/\/i0.wp.com\/www.robertosedda.it\/wp-content\/uploads\/2021\/04\/Bollani-uno.png?fit=1200%2C569&ssl=1&resize=1050%2C600 3x"},"classes":[]},{"id":19755,"url":"https:\/\/www.robertosedda.it\/?p=19755","url_meta":{"origin":20578,"position":4},"title":"Musica e lutto","author":"Rufus","date":"16\/06\/2022","format":false,"excerpt":"Forse per caso, forse perch\u00e9 davvero l'algoritmo capisce tutto, l'altro giorno il fidato aggregatore di notizie mi ha suggerito un articolo sul New Statesman intitolato Come mi sono sentito quando \u00e8 morto mio pap\u00e0? La musica mi ha aiutato a capirlo. L'autore \u00e8 uno scrittore e giornalista musicale di origine\u2026","rel":"","context":"In &quot;Coordinate&quot;","block_context":{"text":"Coordinate","link":"https:\/\/www.robertosedda.it\/?cat=52"},"img":{"alt_text":"","src":"https:\/\/i0.wp.com\/www.robertosedda.it\/wp-content\/uploads\/2022\/06\/rTmMRwPE_400x400.jpg?fit=400%2C400&ssl=1&resize=350%2C200","width":350,"height":200},"classes":[]},{"id":2787,"url":"https:\/\/www.robertosedda.it\/?p=2787","url_meta":{"origin":20578,"position":5},"title":"Tessere altre economie","author":"Rufus","date":"03\/04\/2013","format":false,"excerpt":"Domani, 4 aprile 2013,\u00a0alle ore 16 sar\u00f2 al Liceo Siotto per parlare a un corso di aggiornamento di insegnanti, come se fossi una persona seria. Il tema che mi hanno assegnato (a dir la verit\u00e0 il titolo l'ho suggerito io, ehm) \u00e8: Tessere altre economie. Un po' il titolo \u00e8\u2026","rel":"","context":"In &quot;Coordinate&quot;","block_context":{"text":"Coordinate","link":"https:\/\/www.robertosedda.it\/?cat=52"},"img":{"alt_text":"","src":"","width":0,"height":0},"classes":[]}],"_links":{"self":[{"href":"https:\/\/www.robertosedda.it\/index.php?rest_route=\/wp\/v2\/posts\/20578"}],"collection":[{"href":"https:\/\/www.robertosedda.it\/index.php?rest_route=\/wp\/v2\/posts"}],"about":[{"href":"https:\/\/www.robertosedda.it\/index.php?rest_route=\/wp\/v2\/types\/post"}],"author":[{"embeddable":true,"href":"https:\/\/www.robertosedda.it\/index.php?rest_route=\/wp\/v2\/users\/1"}],"replies":[{"embeddable":true,"href":"https:\/\/www.robertosedda.it\/index.php?rest_route=%2Fwp%2Fv2%2Fcomments&post=20578"}],"version-history":[{"count":3,"href":"https:\/\/www.robertosedda.it\/index.php?rest_route=\/wp\/v2\/posts\/20578\/revisions"}],"predecessor-version":[{"id":20582,"href":"https:\/\/www.robertosedda.it\/index.php?rest_route=\/wp\/v2\/posts\/20578\/revisions\/20582"}],"wp:featuredmedia":[{"embeddable":true,"href":"https:\/\/www.robertosedda.it\/index.php?rest_route=\/wp\/v2\/media\/20579"}],"wp:attachment":[{"href":"https:\/\/www.robertosedda.it\/index.php?rest_route=%2Fwp%2Fv2%2Fmedia&parent=20578"}],"wp:term":[{"taxonomy":"category","embeddable":true,"href":"https:\/\/www.robertosedda.it\/index.php?rest_route=%2Fwp%2Fv2%2Fcategories&post=20578"},{"taxonomy":"post_tag","embeddable":true,"href":"https:\/\/www.robertosedda.it\/index.php?rest_route=%2Fwp%2Fv2%2Ftags&post=20578"}],"curies":[{"name":"wp","href":"https:\/\/api.w.org\/{rel}","templated":true}]}}