{"id":20498,"date":"2024-05-09T16:49:50","date_gmt":"2024-05-09T14:49:50","guid":{"rendered":"https:\/\/www.robertosedda.it\/?p=20498"},"modified":"2025-05-08T16:34:56","modified_gmt":"2025-05-08T14:34:56","slug":"laltra-altra-meta-del-cielo","status":"publish","type":"post","link":"https:\/\/www.robertosedda.it\/?p=20498","title":{"rendered":"L&#8217;altra altra met\u00e0 del cielo"},"content":{"rendered":"\n<figure class=\"wp-block-image alignleft size-large\"><img data-attachment-id=\"20499\" data-permalink=\"https:\/\/www.robertosedda.it\/?attachment_id=20499\" data-orig-file=\"https:\/\/i0.wp.com\/www.robertosedda.it\/wp-content\/uploads\/2024\/05\/Guardian-boys.jpg?fit=625%2C191&amp;ssl=1\" data-orig-size=\"625,191\" data-comments-opened=\"1\" data-image-meta=\"{&quot;aperture&quot;:&quot;0&quot;,&quot;credit&quot;:&quot;Admin&quot;,&quot;camera&quot;:&quot;&quot;,&quot;caption&quot;:&quot;&quot;,&quot;created_timestamp&quot;:&quot;1715271716&quot;,&quot;copyright&quot;:&quot;&quot;,&quot;focal_length&quot;:&quot;0&quot;,&quot;iso&quot;:&quot;0&quot;,&quot;shutter_speed&quot;:&quot;0&quot;,&quot;title&quot;:&quot;&quot;,&quot;orientation&quot;:&quot;0&quot;}\" data-image-title=\"Guardian-boys\" data-image-description=\"\" data-image-caption=\"\" data-medium-file=\"https:\/\/i0.wp.com\/www.robertosedda.it\/wp-content\/uploads\/2024\/05\/Guardian-boys.jpg?fit=300%2C92&amp;ssl=1\" data-large-file=\"https:\/\/i0.wp.com\/www.robertosedda.it\/wp-content\/uploads\/2024\/05\/Guardian-boys.jpg?fit=510%2C156&amp;ssl=1\" decoding=\"async\" loading=\"lazy\" width=\"510\" height=\"156\" src=\"https:\/\/i0.wp.com\/www.robertosedda.it\/wp-content\/uploads\/2024\/05\/Guardian-boys-510x156.jpg?resize=510%2C156&#038;ssl=1\" alt=\"\" class=\"wp-image-20499\" srcset=\"https:\/\/i0.wp.com\/www.robertosedda.it\/wp-content\/uploads\/2024\/05\/Guardian-boys.jpg?resize=510%2C156&amp;ssl=1 510w, https:\/\/i0.wp.com\/www.robertosedda.it\/wp-content\/uploads\/2024\/05\/Guardian-boys.jpg?resize=300%2C92&amp;ssl=1 300w, https:\/\/i0.wp.com\/www.robertosedda.it\/wp-content\/uploads\/2024\/05\/Guardian-boys.jpg?resize=150%2C46&amp;ssl=1 150w, https:\/\/i0.wp.com\/www.robertosedda.it\/wp-content\/uploads\/2024\/05\/Guardian-boys.jpg?w=625&amp;ssl=1 625w\" sizes=\"(max-width: 510px) 100vw, 510px\" data-recalc-dims=\"1\" \/><\/figure>\n\n\n\n<p>Molti anni fa, quando ero vicepresidente del Settore giovani di AC, organizzai una giornata di formazione per adolescenti sui temi, pi\u00f9 o meno, della sessualit\u00e0, e preparai le cose in modo che ci fossero momenti di discussione separati per giovanissimi e giovanissime (14-17 anni, sostanzialmente).<\/p>\n\n\n\n<p>Oh, ho usato la prima persona singolare perch\u00e9 ricordo benissimo che nell&#8217;architettura di quel percorso formativo c&#8217;era parecchio di mia mano personale, ma ovviamente c&#8217;era tutta una <em>\u00e9quipe<\/em> di lavoro &#8211; molto brava, fra l&#8217;altro &#8211; quindi non voglio accampare troppo protagonismo. Se lo riferisco facendo ricorso all&#8217;io \u00e8 perch\u00e9 ricordo che ci fu una certa resistenza alla separazione, non nell&#8217;<em>\u00e9quipe<\/em> ma negli animatori parrocchiali, in qualche altro responsabile e anche fra i giovanissimi e le giovanissime, e io e Laura Todde che era vicepresidente con me dovemmo gettare un po&#8217; del peso della carica sulla bilancia della discussione per tagliare corto.<\/p>\n\n\n\n<p>Non \u00e8 che dipendesse da chiss\u00e0 quale grande riflessione sul genere, all&#8217;epoca, certamente non nei termini di oggi e in ogni caso ce n&#8217;era poca nell&#8217;associazione, nonostante fino a relativamente pochi anni prima fosse stata divisa in <em>rami<\/em> maschili e femminili, sia giovani che adulti. Ancora una decina d&#8217;anni dopo, quando divenni vicepresidente adulti, ricordo che a un convegno nazionale ci furono presentate delle statistiche da cui si vedeva che il novanta per cento del Settore adulti era costituito da socie (le eredi dell&#8217;antica <em>Giovent\u00f9 Femminile,<\/em> direi) e io chiesi a Giuseppina Paterniti che presiedeva il dibattito se questo dato non avrebbe dovuto stimolare a una riflessione di genere nell&#8217;Associazione. \u00abIn che senso, genere?\u00bb, mi chiese. \u00abGenere <em>maschile<\/em> e genere <em>femminile<\/em>\u00bb, risposi dal fondo della sala. \u00abIl genere \u00e8 un&#8217;altra cosa\u00bb, sentenzi\u00f2, e doveva saperlo per forza, perch\u00e9 la prima volta che ci fu presentata, al mio primo campo nazionale giovani, ci raccont\u00f2 che lei si era tolta il gusto, un giorno a Roma, di andare a discutere <em>con le femministe<\/em>, e lo disse con lo stesso tono stupito che oggi ci aspetteremmo se Crosetto andasse a una cena di pacifisti e ci raccontasse di averli trovati inaspettatamente senzienti.<\/p>\n\n\n\n<p>Ma, come spesso mi accade, divago. L&#8217;idea della separazione fra giovanissimi e giovanissime, in realt\u00e0, derivava dalla consapevolezza che fra adolescenti maschi e femmine una discussione sulla sessualit\u00e0, per quanto edulcorata potesse essere in quel contesto, volta a far emergere dubbi, tensioni, insicurezze, avesse bisogno di semplificare l&#8217;ambiente (oggi si parlerebbe, probabilmente, di <em>contesti protetti<\/em>, ma mi sembra eccessivo rispetto a quella realt\u00e0), e la presenza di adolescenti di sesso diverso, invece di semplificare, complicava. Essendosi aperta meno di vent&#8217;anni prima in associazione l&#8217;epoca della coeducazione, la scelta di dividere, anche se per un momento solo dell&#8217;incontro, andava a toccare un tab\u00f9 nei responsabili e di qui la resistenza, e tuttavia sono ancora convinto che quella fosse l&#8217;impostazione giusta &#8211; per un certo numero dei giovanissimi e giovanissime la separazione, semplificando, toglieva invece un velo dietro cui camuffarsi ed evitare un argomento potenzialmente imbarazzante, e da qui la loro resistenza, e anche in questo caso la scelta era corretta.<\/p>\n\n\n\n<p>Mi \u00e8 tornato in mente quel vecchio episodio leggendo l&#8217;altro giorno <a href=\"https:\/\/www.theguardian.com\/society\/article\/2024\/may\/05\/from-doomscrolling-to-sex-being-a-boy-in-2024\">un articolo sul <em>Guardian<\/em><\/a> in cui si preannunciava <a href=\"https:\/\/www.bbc.co.uk\/programmes\/m001ypz3\">una trasmissione della <em>BBC<\/em><\/a> (in cinque puntate) per la quale si sono intervistati, su una serie di argomenti fra i quali eminentemente il sesso e l&#8217;educazione sentimentale, un paio di centinaia di ragazzi inglesi fra i 13 e i 19 anni. Mi ha attirato inizialmente il titolo del <em>Guardian<\/em>, <em>Dallo scrolling compulsivo al sesso: essere un ragazzo nel 2024<\/em>, ma devo dire che poi alla fine l&#8217;articolo si concentra molto pi\u00f9 sul sesso che sullo <em>scrolling<\/em>, rivelando anche una serie di imbarazzi dell&#8217;autrice della trasmissione, che fra l&#8217;altro \u00e8 anche madre di due ragazzi di quella fascia di et\u00e0. <\/p>\n\n\n\n<p>Il punto di partenza \u00e8 la preoccupazione che una certa generalizzazione sui comportamenti maschili abbia finito per impattare in maniera imprevista sulla vita degli adolescenti maschi:<\/p>\n\n\n\n<blockquote class=\"wp-block-quote\">\n<p>Vorrei chiarire assolutamente che io penso che qualunque cosa che aiuti a ridurre la violenza contro le donne. Entrambi questi movimenti [il riferimento \u00e8 alla campagna <em>MeToo<\/em> e a un&#8217;altra volta a far emergere abusi e violenze a scuola, NdRufus] sono stati <em>davvero<\/em> positivi. Come le donne della mia generazione sanno fin troppo bene, prima di queste due campagne era molto difficile parlarne. Lo pu\u00f2 essere ancora. Ma una volta che ho iniziato a parlare con altre madri dei loro figli, \u00e8 stato chiaro che le discussioni riguardante le violenze sessuali li avevano intimoriti rispetto ai rapporti sessuali e alle relazioni. <\/p>\n<\/blockquote>\n\n\n\n<p><em>Intimorire<\/em> \u00e8 un eufemismo. Il punto di partenza sono adolescenti che filmano la partner durante il rapporto pi\u00f9 volte, per farle dichiarare il consenso per ogni singola fase. Al di l\u00e0 del valore aneddotico, sono comportamenti che se generalizzati rivelerebbero un&#8217;ansia diffusa fino a un livello patologico.<\/p>\n\n\n\n<p>Il punto di arrivo sembra essere la sorpresa per il fatto che i ragazzi non sono, beh, stereotipicamente <em>maschi<\/em>: <\/p>\n\n\n\n<blockquote class=\"wp-block-quote\">\n<p>Sono stata stupita dell&#8217;apertura, consapevolezza, onest\u00e0 e vulnerabilit\u00e0 dimostrata dai ragazzi. Alcuni di loro hanno confessato che non si erano mai chiesti, prima che glielo chiedessi, \u00abcosa vuol dire essere un uomo\u00bb. o che avrebbero voluto che qualcuno ascoltasse cosa voglia dire essere un ragazzo nel 2024. Una volta che ho formulato la domanda, hanno mostrato <em>tanta<\/em> voglia di parlare. \u00abLa gente pensa che i ragazzi siano fastidiosi, viziati, disgustosi&#8230; e anche maleducati\u00bb, mi ha detto uno. \u00abNon \u00e8 vero\u00bb.<\/p>\n<\/blockquote>\n\n\n\n<p>E un po&#8217; mi sono chiesto (non ho ascoltato ancora le puntate, che sicuramente avranno una profondit\u00e0 maggiore del breve articolo del <em>Guardian<\/em>), se non si eluda il problema che una parte del disagio dei ragazzini abbia origine, anche, nel modo con cui li si guarda.<\/p>\n\n\n\n<p>Anche con questi limiti l&#8217;articolo \u00e8 molto interessante e anche provocatorio e volevo segnalarlo a genitori, educatori e altre persone che hanno a che fare con gli adolescenti. Anche le puntate della trasmissione, con l&#8217;ovvio limite della conoscenza dell&#8217;inglese, devono essere molto interessanti (non mi sono ancora avventurato).<\/p>\n\n\n\n<figure class=\"wp-block-image aligncenter size-full\"><img data-attachment-id=\"20501\" data-permalink=\"https:\/\/www.robertosedda.it\/?attachment_id=20501\" data-orig-file=\"https:\/\/i0.wp.com\/www.robertosedda.it\/wp-content\/uploads\/2024\/05\/About-the-boys.jpg?fit=1262%2C308&amp;ssl=1\" data-orig-size=\"1262,308\" data-comments-opened=\"1\" data-image-meta=\"{&quot;aperture&quot;:&quot;0&quot;,&quot;credit&quot;:&quot;Admin&quot;,&quot;camera&quot;:&quot;&quot;,&quot;caption&quot;:&quot;&quot;,&quot;created_timestamp&quot;:&quot;1715271998&quot;,&quot;copyright&quot;:&quot;&quot;,&quot;focal_length&quot;:&quot;0&quot;,&quot;iso&quot;:&quot;0&quot;,&quot;shutter_speed&quot;:&quot;0&quot;,&quot;title&quot;:&quot;&quot;,&quot;orientation&quot;:&quot;0&quot;}\" data-image-title=\"About-the-boys\" data-image-description=\"\" data-image-caption=\"\" data-medium-file=\"https:\/\/i0.wp.com\/www.robertosedda.it\/wp-content\/uploads\/2024\/05\/About-the-boys.jpg?fit=300%2C73&amp;ssl=1\" data-large-file=\"https:\/\/i0.wp.com\/www.robertosedda.it\/wp-content\/uploads\/2024\/05\/About-the-boys.jpg?fit=510%2C124&amp;ssl=1\" decoding=\"async\" loading=\"lazy\" width=\"800\" height=\"195\" src=\"https:\/\/i0.wp.com\/www.robertosedda.it\/wp-content\/uploads\/2024\/05\/About-the-boys.jpg?resize=800%2C195&#038;ssl=1\" alt=\"\" class=\"wp-image-20501\" srcset=\"https:\/\/i0.wp.com\/www.robertosedda.it\/wp-content\/uploads\/2024\/05\/About-the-boys.jpg?w=1262&amp;ssl=1 1262w, https:\/\/i0.wp.com\/www.robertosedda.it\/wp-content\/uploads\/2024\/05\/About-the-boys.jpg?resize=300%2C73&amp;ssl=1 300w, https:\/\/i0.wp.com\/www.robertosedda.it\/wp-content\/uploads\/2024\/05\/About-the-boys.jpg?resize=510%2C124&amp;ssl=1 510w, https:\/\/i0.wp.com\/www.robertosedda.it\/wp-content\/uploads\/2024\/05\/About-the-boys.jpg?resize=150%2C37&amp;ssl=1 150w\" sizes=\"(max-width: 800px) 100vw, 800px\" data-recalc-dims=\"1\" \/><\/figure>\n\n\n\n<p>L&#8217;ultima riflessione che facevo, dopo aver finito di leggere l&#8217;articolo, era ambivalente. Da una parte, mi veniva da pensare che, se una cosa che tutti i ragazzini intervistati unanimemente lamentano \u00e8 che vorrebbero essere ascoltati di pi\u00f9, o meglio: avere pi\u00f9 adulti con cui parlare, questa \u00e8 l&#8217;ennesima prova del problema sociale del fatto che non ci siano pi\u00f9 ambienti &#8211; parrocchia, associazioni, partiti, sindacati, famiglie allargate, in cui il dialogo intergenerazionale \u00e8 possibile. Lo prova il fatto che tutte le interviste, come nota anche l&#8217;autrice, si sono svolte in contesti in qualche modo aggregativi e legati alla presenza di un adulto: centri sportivi, scuole, istituti, centri giovanili, associazioni eccetera, in cui in ogni caso una presenza adulta \u00e8 comunque garantita: nessuno \u00e8 stato intervistato dopo essere stato trovato per caso per strada. Se i ragazzini di questi ambienti lamentano l&#8217;esigenza di un dialogo con gli adulti, figuriamoci quelli che non li frequentano.<\/p>\n\n\n\n<p>Pi\u00f9 dialogo intergenerazionale. Ma anche: pi\u00f9 dialogo, senza specificazioni. E questo \u00e8 l&#8217;altro corno della mia riflessione: se ci\u00f2 che lamentano i ragazzi sono le stereotipizzazioni di genere, il dilemma di essere stretti fra vecchie visioni di maschilit\u00e0 e nuove idee di apertura e sensibilit\u00e0, sarei disposto a mettere la mano sul fuoco sul fatto che una campagna di interviste alle adolescenti rivelerebbe preoccupazioni simili (simili, evidentemente, non vuol dire <em>identiche<\/em>). E comunque: non \u00e8 un tipo di problema che si risolve parlandone solo fra maschi &#8211; o fra femmine. E mi sono chiesto, vecchio animatore che sono, se in questo caso non servirebbero spazi di discussione in cui l&#8217;identit\u00e0 di genere non si ignori, ma si metta un secondo fra parentesi. Se non sarebbe il caso di provare a fare formazione sull&#8217;educazione sentimentale in cui si prova a porsi obiettivi simili per tutti, indipendentemente dal genere. Per esempio, se il problema non sia risolvere l&#8217;ansia da prestazione, che \u00e8 tipica dell&#8217;adolescenza e che la sensibilit\u00e0 attuale acutizza oltre il sopportabile, e se l&#8217;ansia da prestazione non sia, tematicamente, un problema analogo per maschi e femmine e ogni altro genere. <\/p>\n\n\n\n<p>Detto in altro modo, se dovessi oggi rifare un incontro per il Settore giovani, li dividerei ancora per genere? O forse non sarebbe opportuno, oggi, buttare sul tavolo il peso della carica per fare i momenti di discussione <em>insieme<\/em>?<\/p>\n\n\n\n<p>Domanda interessante. <\/p>\n","protected":false},"excerpt":{"rendered":"<p>Su BBC Radio4 un ciclo interessante sugli adolescenti maschi.<\/p>\n","protected":false},"author":1,"featured_media":20499,"comment_status":"open","ping_status":"open","sticky":false,"template":"","format":"standard","meta":{"_mi_skip_tracking":false,"_monsterinsights_sitenote_active":false,"_monsterinsights_sitenote_note":"","_monsterinsights_sitenote_category":0,"jetpack_post_was_ever_published":false,"_jetpack_newsletter_access":"","jetpack_publicize_message":"","jetpack_is_tweetstorm":false,"jetpack_publicize_feature_enabled":true,"jetpack_social_post_already_shared":true,"jetpack_social_options":{"image_generator_settings":{"template":"highway","enabled":false}}},"categories":[97,52,57,95,16],"tags":[],"jetpack_publicize_connections":[],"jetpack_featured_media_url":"https:\/\/i0.wp.com\/www.robertosedda.it\/wp-content\/uploads\/2024\/05\/Guardian-boys.jpg?fit=625%2C191&ssl=1","jetpack_sharing_enabled":true,"jetpack_shortlink":"https:\/\/wp.me\/p4jV2T-5kC","jetpack_likes_enabled":true,"jetpack-related-posts":[{"id":44,"url":"https:\/\/www.robertosedda.it\/?p=44","url_meta":{"origin":20498,"position":0},"title":"Adolescenti e parrocchie","author":"Rufus","date":"26\/07\/2012","format":false,"excerpt":"ATTENZIONE: contiene turpiloquio, rivelazioni sconcertanti e mooolta melassa. Per evitare il tutto, non leggere o andare direttamente alla fine. *** I neofascisti del Dettori avevano chiamato la sera prima a casa mia. \u00abTi spacchiamo il culo\u00bb, avevano detto. Era estate. La mattina il gruppo giovanissimi andava al mare, la sera\u2026","rel":"","context":"In &quot;Coordinate&quot;","block_context":{"text":"Coordinate","link":"https:\/\/www.robertosedda.it\/?cat=52"},"img":{"alt_text":"","src":"","width":0,"height":0},"classes":[]},{"id":8746,"url":"https:\/\/www.robertosedda.it\/?p=8746","url_meta":{"origin":20498,"position":1},"title":"Romeo e Giulietta, i conflitti e gli adolescenti inconsapevoli","author":"Rufus","date":"23\/10\/2014","format":"video","excerpt":"Quel che in trasmissione c'era Sono abbastanza soddisfatto della puntata su\u00a0Romeo e Giulietta di\u00a0Oggi parliamo di libri, soprattutto perch\u00e9 sono convinto che la chiave di lettura proposta, nel mio piccolo di critico dilettante, \u00e8 corretta o perlomeno interessante: l'idea di leggere il dramma come se fosse una\u00a0storia che parla dei\u2026","rel":"","context":"In &quot;Coordinate&quot;","block_context":{"text":"Coordinate","link":"https:\/\/www.robertosedda.it\/?cat=52"},"img":{"alt_text":"","src":"https:\/\/i0.wp.com\/img.youtube.com\/vi\/mMipcfjp6AY\/0.jpg?resize=350%2C200","width":350,"height":200},"classes":[]},{"id":10582,"url":"https:\/\/www.robertosedda.it\/?p=10582","url_meta":{"origin":20498,"position":2},"title":"Avventure per adulti adolescenti","author":"Rufus","date":"30\/07\/2015","format":false,"excerpt":"Ho finito di leggere con qualche perplessit\u00e0 un libro di avventure per ragazzi,\u00a0Operation Red Jericho di Joshua Mowll, un romanzo\u00a0parecchio premiato in patria alla sua uscita e poi molto tradotto e pubblicato in giro per il mondo (in Italia \u00e8 pubblicato da\u00a0Fabbri come\u00a0Operazione Red Jericho). Operation Red Jericho (Joshua Mowll,\u2026","rel":"","context":"In &quot;Cappe e spade&quot;","block_context":{"text":"Cappe e spade","link":"https:\/\/www.robertosedda.it\/?cat=70"},"img":{"alt_text":"","src":"https:\/\/i0.wp.com\/www.robertosedda.it\/wp-content\/uploads\/2015\/07\/Operation-Red-Jericho-site.jpg?fit=1200%2C886&ssl=1&resize=350%2C200","width":350,"height":200,"srcset":"https:\/\/i0.wp.com\/www.robertosedda.it\/wp-content\/uploads\/2015\/07\/Operation-Red-Jericho-site.jpg?fit=1200%2C886&ssl=1&resize=350%2C200 1x, https:\/\/i0.wp.com\/www.robertosedda.it\/wp-content\/uploads\/2015\/07\/Operation-Red-Jericho-site.jpg?fit=1200%2C886&ssl=1&resize=700%2C400 2x, https:\/\/i0.wp.com\/www.robertosedda.it\/wp-content\/uploads\/2015\/07\/Operation-Red-Jericho-site.jpg?fit=1200%2C886&ssl=1&resize=1050%2C600 3x"},"classes":[]},{"id":15799,"url":"https:\/\/www.robertosedda.it\/?p=15799","url_meta":{"origin":20498,"position":3},"title":"Cambio di immagine","author":"Rufus","date":"02\/11\/2018","format":false,"excerpt":"Marted\u00ec sera sono andato a sentire gli Scrittori da panico\u00a0 al Babeuf\u00a0(Dario Dess\u00ec e Lalla Careddu sugli scudi, insieme a un racconto sul calcetto dopo i quarant'anni di cui non ricordo l'autore ma che faceva\u00a0paurissima) e Riccardo Atzeni, che sul palco faceva disegni...\u00a0da panico, mi ha fatto questa caricatura di\u2026","rel":"","context":"In &quot;Coordinate&quot;","block_context":{"text":"Coordinate","link":"https:\/\/www.robertosedda.it\/?cat=52"},"img":{"alt_text":"","src":"https:\/\/i0.wp.com\/www.robertosedda.it\/wp-content\/uploads\/2018\/10\/Rufus.png?fit=834%2C820&ssl=1&resize=350%2C200","width":350,"height":200,"srcset":"https:\/\/i0.wp.com\/www.robertosedda.it\/wp-content\/uploads\/2018\/10\/Rufus.png?fit=834%2C820&ssl=1&resize=350%2C200 1x, https:\/\/i0.wp.com\/www.robertosedda.it\/wp-content\/uploads\/2018\/10\/Rufus.png?fit=834%2C820&ssl=1&resize=700%2C400 2x"},"classes":[]},{"id":11702,"url":"https:\/\/www.robertosedda.it\/?p=11702","url_meta":{"origin":20498,"position":4},"title":"Fare i propri errori","author":"Rufus","date":"18\/03\/2016","format":false,"excerpt":"Sono su un autobus della linea 8 e dietro di me, proprio sul fondo, sono sedute due ragazzine: avranno al massimo quattordici anni, quindi vuol dire che si sentono estremamente mature. Infatti una fa all'altra: \u00ab... e capito, siamo adolescenti, \u00e8 anche normale\u00bb. \u00abEh si, cio\u00e8 non siamo pi\u00f9 bambine\u00bb.\u2026","rel":"","context":"In &quot;Coordinate&quot;","block_context":{"text":"Coordinate","link":"https:\/\/www.robertosedda.it\/?cat=52"},"img":{"alt_text":"","src":"https:\/\/i0.wp.com\/www.robertosedda.it\/wp-content\/uploads\/2016\/03\/Due-ragazze.jpg?fit=354%2C500&ssl=1&resize=350%2C200","width":350,"height":200},"classes":[]},{"id":777,"url":"https:\/\/www.robertosedda.it\/?p=777","url_meta":{"origin":20498,"position":5},"title":"Lords of dogtown","author":"Rufus","date":"27\/08\/2012","format":false,"excerpt":"California, anni '70. Mentre il movimento hippy si spegne fra tavole da surf lanciate sulle onde e colossali sbronze che servono a far scordare il fallimento di un'intera generazione, un gruppo di adolescenti della parte pi\u00f9 povera di Venice Beach (dogtown) si trova nella spiacevole posizione di essere arrivato tardi:\u2026","rel":"","context":"In &quot;Biografie&quot;","block_context":{"text":"Biografie","link":"https:\/\/www.robertosedda.it\/?cat=83"},"img":{"alt_text":"","src":"https:\/\/i0.wp.com\/www.robertosedda.it\/wp-content\/uploads\/2012\/08\/Heath_Ledger_in_Lords_of_Dogtown_Wallpaper_5_1280.jpg?fit=1200%2C960&ssl=1&resize=350%2C200","width":350,"height":200,"srcset":"https:\/\/i0.wp.com\/www.robertosedda.it\/wp-content\/uploads\/2012\/08\/Heath_Ledger_in_Lords_of_Dogtown_Wallpaper_5_1280.jpg?fit=1200%2C960&ssl=1&resize=350%2C200 1x, https:\/\/i0.wp.com\/www.robertosedda.it\/wp-content\/uploads\/2012\/08\/Heath_Ledger_in_Lords_of_Dogtown_Wallpaper_5_1280.jpg?fit=1200%2C960&ssl=1&resize=700%2C400 2x, https:\/\/i0.wp.com\/www.robertosedda.it\/wp-content\/uploads\/2012\/08\/Heath_Ledger_in_Lords_of_Dogtown_Wallpaper_5_1280.jpg?fit=1200%2C960&ssl=1&resize=1050%2C600 3x"},"classes":[]}],"_links":{"self":[{"href":"https:\/\/www.robertosedda.it\/index.php?rest_route=\/wp\/v2\/posts\/20498"}],"collection":[{"href":"https:\/\/www.robertosedda.it\/index.php?rest_route=\/wp\/v2\/posts"}],"about":[{"href":"https:\/\/www.robertosedda.it\/index.php?rest_route=\/wp\/v2\/types\/post"}],"author":[{"embeddable":true,"href":"https:\/\/www.robertosedda.it\/index.php?rest_route=\/wp\/v2\/users\/1"}],"replies":[{"embeddable":true,"href":"https:\/\/www.robertosedda.it\/index.php?rest_route=%2Fwp%2Fv2%2Fcomments&post=20498"}],"version-history":[{"count":5,"href":"https:\/\/www.robertosedda.it\/index.php?rest_route=\/wp\/v2\/posts\/20498\/revisions"}],"predecessor-version":[{"id":20660,"href":"https:\/\/www.robertosedda.it\/index.php?rest_route=\/wp\/v2\/posts\/20498\/revisions\/20660"}],"wp:featuredmedia":[{"embeddable":true,"href":"https:\/\/www.robertosedda.it\/index.php?rest_route=\/wp\/v2\/media\/20499"}],"wp:attachment":[{"href":"https:\/\/www.robertosedda.it\/index.php?rest_route=%2Fwp%2Fv2%2Fmedia&parent=20498"}],"wp:term":[{"taxonomy":"category","embeddable":true,"href":"https:\/\/www.robertosedda.it\/index.php?rest_route=%2Fwp%2Fv2%2Fcategories&post=20498"},{"taxonomy":"post_tag","embeddable":true,"href":"https:\/\/www.robertosedda.it\/index.php?rest_route=%2Fwp%2Fv2%2Ftags&post=20498"}],"curies":[{"name":"wp","href":"https:\/\/api.w.org\/{rel}","templated":true}]}}