{"id":20459,"date":"2024-01-16T18:50:20","date_gmt":"2024-01-16T17:50:20","guid":{"rendered":"https:\/\/www.robertosedda.it\/?p=20459"},"modified":"2026-01-28T13:05:15","modified_gmt":"2026-01-28T12:05:15","slug":"al-comando-di-una-nave-militare","status":"publish","type":"post","link":"https:\/\/www.robertosedda.it\/?p=20459","title":{"rendered":"Al comando di una nave militare"},"content":{"rendered":"\n<p>L&#8217;altra notte ho sognato che mi avevano dato il comando di una nave militare. <\/p>\n\n\n\n<p>Una bella nave, grande come una fregata o un cacciatorpediniere, che nel sogno aveva l&#8217;aspetto di questa, che ho visto dipinta sul muro di una vecchia casermetta dell&#8217;antiaerea.<\/p>\n\n\n\n<figure class=\"wp-block-image aligncenter size-full\"><img data-attachment-id=\"20460\" data-permalink=\"https:\/\/www.robertosedda.it\/?attachment_id=20460\" data-orig-file=\"https:\/\/i0.wp.com\/www.robertosedda.it\/wp-content\/uploads\/2024\/01\/La-mia-nave.jpg?fit=1225%2C554&amp;ssl=1\" data-orig-size=\"1225,554\" data-comments-opened=\"1\" data-image-meta=\"{&quot;aperture&quot;:&quot;0&quot;,&quot;credit&quot;:&quot;&quot;,&quot;camera&quot;:&quot;&quot;,&quot;caption&quot;:&quot;&quot;,&quot;created_timestamp&quot;:&quot;0&quot;,&quot;copyright&quot;:&quot;&quot;,&quot;focal_length&quot;:&quot;0&quot;,&quot;iso&quot;:&quot;0&quot;,&quot;shutter_speed&quot;:&quot;0&quot;,&quot;title&quot;:&quot;&quot;,&quot;orientation&quot;:&quot;0&quot;}\" data-image-title=\"La-mia-nave\" data-image-description=\"\" data-image-caption=\"\" data-medium-file=\"https:\/\/i0.wp.com\/www.robertosedda.it\/wp-content\/uploads\/2024\/01\/La-mia-nave.jpg?fit=300%2C136&amp;ssl=1\" data-large-file=\"https:\/\/i0.wp.com\/www.robertosedda.it\/wp-content\/uploads\/2024\/01\/La-mia-nave.jpg?fit=510%2C231&amp;ssl=1\" decoding=\"async\" loading=\"lazy\" width=\"800\" height=\"362\" src=\"https:\/\/i0.wp.com\/www.robertosedda.it\/wp-content\/uploads\/2024\/01\/La-mia-nave.jpg?resize=800%2C362&#038;ssl=1\" alt=\"\" class=\"wp-image-20460\" srcset=\"https:\/\/i0.wp.com\/www.robertosedda.it\/wp-content\/uploads\/2024\/01\/La-mia-nave.jpg?w=1225&amp;ssl=1 1225w, https:\/\/i0.wp.com\/www.robertosedda.it\/wp-content\/uploads\/2024\/01\/La-mia-nave.jpg?resize=300%2C136&amp;ssl=1 300w, https:\/\/i0.wp.com\/www.robertosedda.it\/wp-content\/uploads\/2024\/01\/La-mia-nave.jpg?resize=510%2C231&amp;ssl=1 510w, https:\/\/i0.wp.com\/www.robertosedda.it\/wp-content\/uploads\/2024\/01\/La-mia-nave.jpg?resize=150%2C68&amp;ssl=1 150w\" sizes=\"(max-width: 800px) 100vw, 800px\" data-recalc-dims=\"1\" \/><\/figure>\n\n\n\n<p>Per\u00f2 meno fascista, ovvio.<\/p>\n\n\n\n<p>Nel sogno ero proprio io: cio\u00e8 non era il sogno su un qualche personaggio che io interpretavo; ero proprio Roberto con tutte le sue caratteristiche. Solo che, per motivi che sicuramente erano spiegati nella parte precedente del sogno, che non mi ricordo, mi avevano dato il comando di questa nave militare.<\/p>\n\n\n\n<p>Io ero molto contento: finalmente una nave tutta mia da comandare, con un equipaggio da forgiare e con cui correre i mari, dominando le onde dalla sala di comando. <\/p>\n\n\n\n<p>Ero gi\u00e0 andato a vedere la nave, ma solo da fuori, e stavo progettando tutte le operazioni per prendere effettivamente il comando, quando un dubbio terribile mi assaliva: ma con la Segreteria come dovevo fare?<\/p>\n\n\n\n<p>Perch\u00e9, come ho gi\u00e0 detto, ero proprio io, che continuavo a lavorare in Segreteria ma comandavo anche una nave militare.<\/p>\n\n\n\n<p>Nel sogno, mi rassicuravo: potevo forse prendere il part time e comandare la nave militare solo di sera, e lavorare la mattina.<\/p>\n\n\n\n<p>Poi ho pensato che se la nave militare faceva viaggi lunghi magari la mattina non potevo arrivare facilmente al lavoro; certo, c&#8217;era lo smart working, ma avevo l&#8217;impressione che non mi avrebbero concesso facilmente il part time con motivazione: nave militare.<\/p>\n\n\n\n<p>Pazienza, ho pensato: comandare una nave militare non capita tutti i giorni; prendo l&#8217;aspettativa per tre mesi e poi, se supero il periodo di prova sulla nave militare, do le dimissioni dalla Segreteria.<\/p>\n\n\n\n<p>Solo che a quel punto mi \u00e8 venuto un pensiero atroce: non c&#8217;\u00e8 solo il lavoro, ci sono anche tutti gli altri miei impegni.<\/p>\n\n\n\n<p>Compreso Banca Etica.<\/p>\n\n\n\n<p>Banca Etica! Come ho fatto a non pensarci prima?! Banca Etica \u00e8 contro le armi: non posso comandare una nave militare e stare anche in Banca Etica.<\/p>\n\n\n\n<p>Cazzo, ho pensato, bisogna che avvisi che purtroppo per questioni di coscienza devo rinunciare al comando della nave militare.<\/p>\n\n\n\n<p>Solo che mi diranno: me ne sono accorto adesso? Come mai non ci ho pensato prima, potevo avvisare che avrei rinunciato. Adesso dove lo troveranno un altro per comandare la nave militare?<\/p>\n\n\n\n<p>E allora, l\u00ec dove eravamo, per motivi che sicuramente erano spiegati nella parte di sogno precedente, eravamo in una specie di centro congressi, in una grande corridoio o una hall fuori della sala vera e propria, allora io andavo da Marco Carlizzi, che chiss\u00e0 perch\u00e9 era l\u00ec elegantissimo come sempre che parlava con della gente e io gli dicevo, scusa Marco, puoi venire un attimo che ti devo dire una cosa e lui veniva da parte e io gli dicevo: ma ti rendi conto? Ho capito solo adesso che non posso comandare la nave militare perch\u00e9 \u00e8 incompatibile coi nostri valori e loro mi diranno ma non li potevo avvisare prima? Cio\u00e8 ti rendi conto, che figura di merda?! Questi mi danno la nave militare e io all&#8217;ultimo gli dico che no, la nave militare non la voglio, e Marco mi diceva ma no dai, vedrai, e tu la nave militare non la vuoi, che sar\u00e0 mai, e io per\u00f2 non ero molto convinto.<\/p>\n\n\n\n<p>A me sembrava di pi\u00f9 una figura di merda.<\/p>\n\n\n\n<p>Comunque, non so perch\u00e9  ma, dato che ormai la frittata era fatta, decidevo che a quelli che danno le navi militari alla gente, io, di tutta questa storia che rinunciavo al comando della nave militare glielo avrei detto con calma, domani, quando tanto devo andare al porto, e stasera, che c&#8217;era questa specie di festa al centro congressi per i comandanti di navi militari, che io invece la nave militare non la volevo non glielo avrei detto, perch\u00e9 insomma era un po&#8217; brutto e gi\u00e0 poi li mettevo nei casini il giorno dopo che chiss\u00e0 dove poi lo trovavano un altro comandante di nave militare al posto mio, e insomma entravo in questa grande aula ovale a anfiteatro tipo la Albert Hall e quando entravo, nella galleria in alto, tutti mi vedevano e si alzavano in piedi e mi applaudivano, e io cielo che imbarazzo, che questi mi applaudono e io invece la nave militare non la voglio, che figura di merda epocale, e c&#8217;erano dei tizi tipo altri comandanti di navi militari che mi dicevano di venire che mi presentavano all&#8217;ammiraglio.<\/p>\n\n\n\n<p>Ora, non so perch\u00e9, ma oltre a decidere di dirlo il giorno dopo, che non volevo la nave militare, e dopo avere deciso di andare comunque alla festa per comandanti di navi militari, mi ero pure messo in divisa.<\/p>\n\n\n\n<p>Impeccabile. Splendente.<\/p>\n\n\n\n<p>E quindi con qualche imbarazzo mi portavano a questo tavolino in mezzo alla folla della  galleria superiore dove c&#8217;era della gente che beveva champagne e fra loro c&#8217;era questo tizio vestito con un abito chiaro e un maglioncino dolcevita bianco, tipo Indro Montanelli, e io gli stringevo la mano e lui ridacchiava e mi diceva che comunque loro, per queste occasioni, non si mettevano mica in divisa, usiamo essere informali, e ridacchiavano tutti perch\u00e9 io invece ero in divisa e non col dolcevita bianco come loro, ma non ti preoccupare, dicevano, abbiamo avuto anche noi il nostro primo comando di una nave militare, e ridacchiavano.<\/p>\n\n\n\n<p>Altra figura di merda.<\/p>\n\n\n\n<p>Epocale. <\/p>\n\n\n\n<p>Comunque, il giorno dopo andavo al porto e non c&#8217;era nessuno. Cio\u00e8, c&#8217;era la mia nave militare con tutto l&#8217;equipaggio ma gente a cui dire che io mi dimettevo dal comando della nave militare non c &#8216;era nessuno, e quindi l&#8217;equipaggio aspettava e io per forza dovevo salire l\u00e0, sulla nave militare, e dare degli ordini.<\/p>\n\n\n\n<p>Ora, non so perch\u00e9 ma dovevamo fare delle sperimentazioni, o forse la nave militare non aveva mai navigato e dovevamo provarla, e con molto orgoglio io, dopo che avevano acceso le macchine, io proprio io comandante di nave militare non vedevo l&#8217;ora di volare sulle onde e quindi dicevo con voce che voleva essere indimenticabile: bene, quartiermastro, facciamola correre, e quello con voce gelida mi diceva non \u00e8 mica una macchina, noi sulle navi militari non diciamo cos\u00ec, cosa vuole, anche la pista? I box? Il cambio gomme?<\/p>\n\n\n\n<p>Altra figura di merda.<\/p>\n\n\n\n<p>Comunque per recuperare volevo fare qualcosa di grande, una figata tipo Russell Crowe che in <em>Master and commander<\/em> si calcola i venti, lo scarroccio, la corrente del Golfo, gli alisei, i monsoni e le maree e fa tutti i giri col compasso e alla fine arrivano dritti dietro la nave francese col vantaggio del vento e tutti fanno <em>oooh<\/em>, che grande comandante di navi militari Russell Crowe.<\/p>\n\n\n\n<p>E io ero l\u00ec che sudavo col compasso e annunciavo esultante che se i miei calcoli sono esatti troveremo la nave francese proprio qui, indicando un punto sulla mappa, arrivandoci alla cieca grazie ai miei calcoli, ammesso che la corrente abbia la velocit\u00e0 prevista di dieci nodi, esattamente nella posizione pi\u00f9 vantaggiosa alle loro spalle, un esordio splendido per la mia nave militare, <em>ah-ah<\/em>! e il quartiermastro mi guardava con aperto disprezzo e mi diceva guardi che adesso non funziona pi\u00f9 cos\u00ec, adesso questa \u00e8 una nave militare che ha il radar e dove sta la nave francese lo sappiamo benissimo anche a distanza. E poi andiamo a motore.<\/p>\n\n\n\n<p>Figura di merda.<\/p>\n\n\n\n<p>Che incubo.<\/p>\n","protected":false},"excerpt":{"rendered":"<p>L&#8217;altra notte ho sognato che mi avevano dato il comando di una nave militare. Una bella nave, grande come una<\/p>\n","protected":false},"author":1,"featured_media":20460,"comment_status":"open","ping_status":"open","sticky":false,"template":"","format":"standard","meta":{"_mi_skip_tracking":false,"_monsterinsights_sitenote_active":false,"_monsterinsights_sitenote_note":"","_monsterinsights_sitenote_category":0,"jetpack_post_was_ever_published":false,"_jetpack_newsletter_access":"","jetpack_publicize_message":"La volta che ho rinunciato al comando di una nave militare per motivi di coscienza e altre storie.","jetpack_is_tweetstorm":false,"jetpack_publicize_feature_enabled":true,"jetpack_social_post_already_shared":false,"jetpack_social_options":{"image_generator_settings":{"template":"highway","enabled":false}}},"categories":[52,56,18,61,16],"tags":[],"jetpack_publicize_connections":[],"jetpack_featured_media_url":"https:\/\/i0.wp.com\/www.robertosedda.it\/wp-content\/uploads\/2024\/01\/La-mia-nave.jpg?fit=1225%2C554&ssl=1","jetpack_sharing_enabled":true,"jetpack_shortlink":"https:\/\/wp.me\/p4jV2T-5jZ","jetpack_likes_enabled":true,"jetpack-related-posts":[{"id":14273,"url":"https:\/\/www.robertosedda.it\/?p=14273","url_meta":{"origin":20459,"position":0},"title":"Interfaccia di controllo","author":"Rufus","date":"09\/11\/2017","format":false,"excerpt":"Ho letto casualmente su Ars Technica un interessante articolo che riporta i risultati dell'inchiesta della Marina statunitense sulla collisione, avvenuta lo scorso 21 agosto, fra il cacciatorpediniere John S. McCain e un mercantile nello stretto di Singapore. A parte la mia passione per lo studio del funzionamento dei gruppi, devo\u2026","rel":"","context":"In &quot;Coordinate&quot;","block_context":{"text":"Coordinate","link":"https:\/\/www.robertosedda.it\/?cat=52"},"img":{"alt_text":"","src":"https:\/\/i0.wp.com\/www.robertosedda.it\/wp-content\/uploads\/2017\/11\/McCain.jpg?fit=850%2C425&ssl=1&resize=350%2C200","width":350,"height":200,"srcset":"https:\/\/i0.wp.com\/www.robertosedda.it\/wp-content\/uploads\/2017\/11\/McCain.jpg?fit=850%2C425&ssl=1&resize=350%2C200 1x, https:\/\/i0.wp.com\/www.robertosedda.it\/wp-content\/uploads\/2017\/11\/McCain.jpg?fit=850%2C425&ssl=1&resize=700%2C400 2x"},"classes":[]},{"id":6572,"url":"https:\/\/www.robertosedda.it\/?p=6572","url_meta":{"origin":20459,"position":1},"title":"Willoughby si \u00e8 poi arruolato in Marina?","author":"Rufus","date":"03\/03\/2014","format":false,"excerpt":"Come sa chi mi conosce bene sono un grande appassionato dei romanzi di Jane Austen e anche della serie di avventure marinaro-napoleoniche scritte da Patrick O'Brian. Immaginate quindi la mia soddisfazione quando sul sito della JASNA, la societ\u00e0 austeniana del Nord America, ho trovato un articolo che esplora le relazioni,\u2026","rel":"","context":"In &quot;Cappe e spade&quot;","block_context":{"text":"Cappe e spade","link":"https:\/\/www.robertosedda.it\/?cat=70"},"img":{"alt_text":"","src":"https:\/\/i0.wp.com\/www.robertosedda.it\/wp-content\/uploads\/2014\/03\/Vascelli-Aubrey-Maturin.jpg?fit=283%2C266&ssl=1&resize=350%2C200","width":350,"height":200},"classes":[]},{"id":8157,"url":"https:\/\/www.robertosedda.it\/?p=8157","url_meta":{"origin":20459,"position":2},"title":"Piccola nota per gli amanti di cose sarde (e anche no)","author":"Rufus","date":"06\/08\/2014","format":false,"excerpt":"Sto leggendo The road to Hel proprio cos\u00ec, con una sola \"l\", perch\u00e9 Hel non \u00e8 l'inferno ma la dimora dei morti nella concezione dei popoli del Nord Europa, quelli che noi chiamiamo comunemente vichinghi. L'autrice \u00e8 Hilda Roderick Ellis Davidson, una grande esperta della cultura medievale scandinava, di cui\u2026","rel":"","context":"In &quot;Coordinate&quot;","block_context":{"text":"Coordinate","link":"https:\/\/www.robertosedda.it\/?cat=52"},"img":{"alt_text":"","src":"https:\/\/i0.wp.com\/www.robertosedda.it\/wp-content\/uploads\/2014\/08\/navicella-nuragica.jpeg?fit=584%2C430&ssl=1&resize=350%2C200","width":350,"height":200},"classes":[]},{"id":16549,"url":"https:\/\/www.robertosedda.it\/?p=16549","url_meta":{"origin":20459,"position":3},"title":"Neolingue","author":"Rufus","date":"09\/04\/2019","format":false,"excerpt":"Sabato, mentre cercavo di chiarirmi un dubbio sulla esercitazione prevista alla caserma Monfenera (ero convinto, chiss\u00e0 perch\u00e9, che non si potessero svolgere esercitazioni militari a fuoco nei centri abitati) mi sono imbattuto sul sito della Difesa in un articolo, del tutto scollegato, che mi ha fatto fare molte riflessioni sul\u2026","rel":"","context":"In &quot;Coordinate&quot;","block_context":{"text":"Coordinate","link":"https:\/\/www.robertosedda.it\/?cat=52"},"img":{"alt_text":"","src":"https:\/\/i0.wp.com\/www.robertosedda.it\/wp-content\/uploads\/2019\/04\/Briefing-in-area-addestrativa.jpg?fit=1200%2C801&ssl=1&resize=350%2C200","width":350,"height":200,"srcset":"https:\/\/i0.wp.com\/www.robertosedda.it\/wp-content\/uploads\/2019\/04\/Briefing-in-area-addestrativa.jpg?fit=1200%2C801&ssl=1&resize=350%2C200 1x, https:\/\/i0.wp.com\/www.robertosedda.it\/wp-content\/uploads\/2019\/04\/Briefing-in-area-addestrativa.jpg?fit=1200%2C801&ssl=1&resize=700%2C400 2x, https:\/\/i0.wp.com\/www.robertosedda.it\/wp-content\/uploads\/2019\/04\/Briefing-in-area-addestrativa.jpg?fit=1200%2C801&ssl=1&resize=1050%2C600 3x"},"classes":[]},{"id":18217,"url":"https:\/\/www.robertosedda.it\/?p=18217","url_meta":{"origin":20459,"position":4},"title":"Il grande amore del suo cuore","author":"Rufus","date":"21\/07\/2020","format":false,"excerpt":"Tempo fa mi \u00e8 capitato di imbattermi nel Racconto di marzo di Neil Gaiman. \u00c8 un racconto brevissimo, e fa parte di un progetto collaborativo col pubblico sponsorizzato da Blackberry anni fa. Al tempo Gaiman ha scritto una serie di tweet, uno per ogni mese, facendo delle domande ai lettori:\u2026","rel":"","context":"In &quot;Cappe e spade&quot;","block_context":{"text":"Cappe e spade","link":"https:\/\/www.robertosedda.it\/?cat=70"},"img":{"alt_text":"","src":"https:\/\/i0.wp.com\/www.robertosedda.it\/wp-content\/uploads\/2020\/07\/March-tale-inspiration.png?fit=445%2C406&ssl=1&resize=350%2C200","width":350,"height":200},"classes":[]},{"id":16885,"url":"https:\/\/www.robertosedda.it\/?p=16885","url_meta":{"origin":20459,"position":5},"title":"Sulle regole","author":"Rufus","date":"04\/07\/2019","format":false,"excerpt":"Il mio amico e compagno Antonio Messina mi ha segnalato su Facebook una disamina dal punto di vista legale di alcuni fatti legati alla nota vicenda della Sea Watch fatta da Fabio Sabatini (che non conosco). Le argomentazioni riportate sono convincenti, corrispondono alle cose che so e che ho studiato\u2026","rel":"","context":"In &quot;Coordinate&quot;","block_context":{"text":"Coordinate","link":"https:\/\/www.robertosedda.it\/?cat=52"},"img":{"alt_text":"","src":"https:\/\/i0.wp.com\/www.robertosedda.it\/wp-content\/uploads\/2019\/07\/Re-Sole-2.jpg?fit=995%2C565&ssl=1&resize=350%2C200","width":350,"height":200,"srcset":"https:\/\/i0.wp.com\/www.robertosedda.it\/wp-content\/uploads\/2019\/07\/Re-Sole-2.jpg?fit=995%2C565&ssl=1&resize=350%2C200 1x, https:\/\/i0.wp.com\/www.robertosedda.it\/wp-content\/uploads\/2019\/07\/Re-Sole-2.jpg?fit=995%2C565&ssl=1&resize=700%2C400 2x"},"classes":[]}],"_links":{"self":[{"href":"https:\/\/www.robertosedda.it\/index.php?rest_route=\/wp\/v2\/posts\/20459"}],"collection":[{"href":"https:\/\/www.robertosedda.it\/index.php?rest_route=\/wp\/v2\/posts"}],"about":[{"href":"https:\/\/www.robertosedda.it\/index.php?rest_route=\/wp\/v2\/types\/post"}],"author":[{"embeddable":true,"href":"https:\/\/www.robertosedda.it\/index.php?rest_route=\/wp\/v2\/users\/1"}],"replies":[{"embeddable":true,"href":"https:\/\/www.robertosedda.it\/index.php?rest_route=%2Fwp%2Fv2%2Fcomments&post=20459"}],"version-history":[{"count":4,"href":"https:\/\/www.robertosedda.it\/index.php?rest_route=\/wp\/v2\/posts\/20459\/revisions"}],"predecessor-version":[{"id":20673,"href":"https:\/\/www.robertosedda.it\/index.php?rest_route=\/wp\/v2\/posts\/20459\/revisions\/20673"}],"wp:featuredmedia":[{"embeddable":true,"href":"https:\/\/www.robertosedda.it\/index.php?rest_route=\/wp\/v2\/media\/20460"}],"wp:attachment":[{"href":"https:\/\/www.robertosedda.it\/index.php?rest_route=%2Fwp%2Fv2%2Fmedia&parent=20459"}],"wp:term":[{"taxonomy":"category","embeddable":true,"href":"https:\/\/www.robertosedda.it\/index.php?rest_route=%2Fwp%2Fv2%2Fcategories&post=20459"},{"taxonomy":"post_tag","embeddable":true,"href":"https:\/\/www.robertosedda.it\/index.php?rest_route=%2Fwp%2Fv2%2Ftags&post=20459"}],"curies":[{"name":"wp","href":"https:\/\/api.w.org\/{rel}","templated":true}]}}