{"id":20339,"date":"2023-07-20T10:29:39","date_gmt":"2023-07-20T08:29:39","guid":{"rendered":"http:\/\/www.robertosedda.it\/?p=20339"},"modified":"2024-04-24T11:36:14","modified_gmt":"2024-04-24T09:36:14","slug":"labirinti-peccati-e-cantori","status":"publish","type":"post","link":"https:\/\/www.robertosedda.it\/?p=20339","title":{"rendered":"Labirinti, peccati e cantori"},"content":{"rendered":"\n<figure class=\"wp-block-image alignright size-large\"><img data-attachment-id=\"20340\" data-permalink=\"https:\/\/www.robertosedda.it\/?attachment_id=20340\" data-orig-file=\"https:\/\/i0.wp.com\/www.robertosedda.it\/wp-content\/uploads\/2023\/07\/Ombra-fuoco-Pau.jpg?fit=1080%2C1080&amp;ssl=1\" data-orig-size=\"1080,1080\" data-comments-opened=\"1\" data-image-meta=\"{&quot;aperture&quot;:&quot;0&quot;,&quot;credit&quot;:&quot;&quot;,&quot;camera&quot;:&quot;&quot;,&quot;caption&quot;:&quot;&quot;,&quot;created_timestamp&quot;:&quot;0&quot;,&quot;copyright&quot;:&quot;&quot;,&quot;focal_length&quot;:&quot;0&quot;,&quot;iso&quot;:&quot;0&quot;,&quot;shutter_speed&quot;:&quot;0&quot;,&quot;title&quot;:&quot;&quot;,&quot;orientation&quot;:&quot;0&quot;}\" data-image-title=\"Ombra-fuoco-Pau\" data-image-description=\"\" data-image-caption=\"\" data-medium-file=\"https:\/\/i0.wp.com\/www.robertosedda.it\/wp-content\/uploads\/2023\/07\/Ombra-fuoco-Pau.jpg?fit=300%2C300&amp;ssl=1\" data-large-file=\"https:\/\/i0.wp.com\/www.robertosedda.it\/wp-content\/uploads\/2023\/07\/Ombra-fuoco-Pau.jpg?fit=510%2C510&amp;ssl=1\" decoding=\"async\" loading=\"lazy\" width=\"510\" height=\"510\" src=\"https:\/\/i0.wp.com\/www.robertosedda.it\/wp-content\/uploads\/2023\/07\/Ombra-fuoco-Pau.jpg?resize=510%2C510\" alt=\"\" class=\"wp-image-20340\" srcset=\"https:\/\/i0.wp.com\/www.robertosedda.it\/wp-content\/uploads\/2023\/07\/Ombra-fuoco-Pau.jpg?resize=510%2C510&amp;ssl=1 510w, https:\/\/i0.wp.com\/www.robertosedda.it\/wp-content\/uploads\/2023\/07\/Ombra-fuoco-Pau.jpg?resize=300%2C300&amp;ssl=1 300w, https:\/\/i0.wp.com\/www.robertosedda.it\/wp-content\/uploads\/2023\/07\/Ombra-fuoco-Pau.jpg?resize=150%2C150&amp;ssl=1 150w, https:\/\/i0.wp.com\/www.robertosedda.it\/wp-content\/uploads\/2023\/07\/Ombra-fuoco-Pau.jpg?w=1080&amp;ssl=1 1080w\" sizes=\"(max-width: 510px) 100vw, 510px\" data-recalc-dims=\"1\" \/><\/figure>\n\n\n\n<p>Ho visto avantieri, nella rassegna all&#8217;aperto del cinema <em>Odissea<\/em>, il documentario <em>L&#8217;ombra del fuco <\/em>di Enrico Pau, dedicato all&#8217;incendio che ha distrutto il Montiferru nel 2021.<\/p>\n\n\n\n<p>Nel dibattito successivo il regista diceva di essere rimasto a lungo perplesso, mentre il materiale girato gli cresceva fra le mani e diventava sempre pi\u00f9 importante anche dal punto di vista del contenuto, nel non sapere esattamente che forma finale dargli.<\/p>\n\n\n\n<p>La mia impressione, devo dire, \u00e8 che Pau non sia riuscito a uscire per bene dal labirinto e che l&#8217;avere deciso di inzuppare il film in un liricismo sardista (o in un sardismo liricistico, non saprei bene come dire) non abbia aiutato, ma naturalmente il film ha vinto il premio del MUSE a Trento, quindi sono sicuramente io che non capisco, e pazienza.<\/p>\n\n\n\n<p>Restano un paio di cose interessanti: i <em>Cantores <\/em>di Cuglieri, bravissimi, e la continua lettura dell&#8217;incendio come punizione dei peccati della comunit\u00e0, una lettura evidentemente spontanea che il documentario si limita a registrare senza averla suggerita, e che inserisce l&#8217;episodio specifico in una dimensione quasi cosmica che \u00e8 ben intonata al clima da apocalisse imminente che tutti sentiamo in sottofondo e alla pure dimensioni dell&#8217;incendio, cos\u00ec colossale che si fatica comprenderlo. \u00c8 un&#8217;idea che solleva tante domande: perch\u00e9 un peccato cos\u00ec grande, cos\u00ec collettivo, cos\u00ec indeterminato, cos\u00ec confusamente sentito, finisce per essere paradossalmente autoassolutorio, nel senso che non invita a nessun diverso comportamento personale o cambio di paradigma della comunit\u00e0 &#8211; anche questo \u00e8 molto in linea coi dilemmi ambientali che viviamo di questi tempi. Il film indaga poco questa dimensioni, preferendo scegliere un registro di rinascita della natura che rifiorisce nella primavera successiva, e tant&#8217;\u00e8: purtroppo \u00e8 Pasqua quando c&#8217;\u00e8 redenzione dal peccato, e non basta solo il ripetersi del ciclo delle stagioni, nel quale fatalmente si ripeter\u00e0 anche il peccato (del resto, viene <em>esattamente<\/em> evocato il grande incendio precedente del 1984, dopo il quale, appunto, non si \u00e8 fatto nulla).<\/p>\n\n\n\n<p>Notevole, infine, il fatto che l&#8217;idea (giusta) che sia necessario indagare le conseguenze terribili che l&#8217;incendio ha non solo sulla vita degli umani ma di tutte le specie &#8211; vegetali e animali &#8211; della zona, sia risolta (male) facendo finta che a parlare sia la natura stessa e non umani che si immaginano cosa deve pensare la natura e le mettono in bocca le <em>loro<\/em> parole, una idea davvero bizzarra come nel monologo dell&#8217;asino, povera bestia commovente e martoriata &#8211; uno dei momenti pi\u00f9 beceri di tutto il film.<\/p>\n","protected":false},"excerpt":{"rendered":"<p>Ho visto avantieri, nella rassegna all&#8217;aperto del cinema Odissea, il documentario L&#8217;ombra del fuco di Enrico Pau, dedicato all&#8217;incendio che<\/p>\n","protected":false},"author":1,"featured_media":20340,"comment_status":"open","ping_status":"open","sticky":false,"template":"","format":"standard","meta":{"_mi_skip_tracking":false,"_monsterinsights_sitenote_active":false,"_monsterinsights_sitenote_note":"","_monsterinsights_sitenote_category":0,"jetpack_post_was_ever_published":false,"_jetpack_newsletter_access":"","jetpack_publicize_message":"Il documentaio sull'incendio del Montiferru del 2021","jetpack_is_tweetstorm":false,"jetpack_publicize_feature_enabled":true,"jetpack_social_post_already_shared":false,"jetpack_social_options":{"image_generator_settings":{"template":"highway","enabled":false}}},"categories":[52,14,56,82,12],"tags":[],"jetpack_publicize_connections":[],"jetpack_featured_media_url":"https:\/\/i0.wp.com\/www.robertosedda.it\/wp-content\/uploads\/2023\/07\/Ombra-fuoco-Pau.jpg?fit=1080%2C1080&ssl=1","jetpack_sharing_enabled":true,"jetpack_shortlink":"https:\/\/wp.me\/p4jV2T-5i3","jetpack_likes_enabled":true,"jetpack-related-posts":[{"id":18291,"url":"https:\/\/www.robertosedda.it\/?p=18291","url_meta":{"origin":20339,"position":0},"title":"Battaglie perse","author":"Rufus","date":"09\/09\/2020","format":false,"excerpt":"https:\/\/www.youtube.com\/watch?v=AL8chWFuM-s Ho visto l'altro giorno alla Manifattura Tabacchi L'agnello di Mario Piredda, un film che ultimamente in Sardegna sta riempiendo le sale ovunque venga proiettato. Mi ha fatto molto piacere vedere nel film due persone che conosco benissimo come Piero Marcialis e Michele Dr Drer Atzori, tutti e due impegnati\u2026","rel":"","context":"In &quot;Coordinate&quot;","block_context":{"text":"Coordinate","link":"https:\/\/www.robertosedda.it\/?cat=52"},"img":{"alt_text":"","src":"https:\/\/i0.wp.com\/www.robertosedda.it\/wp-content\/uploads\/2020\/09\/Lagnello.jpg?fit=1200%2C675&ssl=1&resize=350%2C200","width":350,"height":200,"srcset":"https:\/\/i0.wp.com\/www.robertosedda.it\/wp-content\/uploads\/2020\/09\/Lagnello.jpg?fit=1200%2C675&ssl=1&resize=350%2C200 1x, https:\/\/i0.wp.com\/www.robertosedda.it\/wp-content\/uploads\/2020\/09\/Lagnello.jpg?fit=1200%2C675&ssl=1&resize=700%2C400 2x, https:\/\/i0.wp.com\/www.robertosedda.it\/wp-content\/uploads\/2020\/09\/Lagnello.jpg?fit=1200%2C675&ssl=1&resize=1050%2C600 3x"},"classes":[]},{"id":6599,"url":"https:\/\/www.robertosedda.it\/?p=6599","url_meta":{"origin":20339,"position":1},"title":"Sono di nuovo alla caccia di suggerimenti musicali: fatevi avanti!","author":"Rufus","date":"27\/02\/2014","format":"video","excerpt":"A met\u00e0 marzo inizier\u00f2 un nuovo ciclo di trasmissioni di Oggi parliamo di libri in cui parler\u00f2 dei libri del cuore di tutti noi che lavoriamo alla radio: tecnici, giornalisti e tutti quelli che curano i programmi dedicati alla comunicazione, i viaggi, la salute, l'arte sacra e cos\u00ec via e\u2026","rel":"","context":"In &quot;Coordinate&quot;","block_context":{"text":"Coordinate","link":"https:\/\/www.robertosedda.it\/?cat=52"},"img":{"alt_text":"","src":"https:\/\/i0.wp.com\/img.youtube.com\/vi\/7dtn9Gk4Q_E\/0.jpg?resize=350%2C200","width":350,"height":200},"classes":[]},{"id":3092,"url":"https:\/\/www.robertosedda.it\/?p=3092","url_meta":{"origin":20339,"position":2},"title":"Miele","author":"Rufus","date":"14\/05\/2013","format":"video","excerpt":"ATTENZIONE: contiene anticipazioni sulla trama. Siete avvisati. Se in Italia ci fosse giustizia, e un sistema industriale cinematografico adeguato, Jasmine Trinca farebbe un remake locale di Nikita. O interpreterebbe un bel thriller spionistico, una roba di silenzi e parole accennate, di posizioni ambigue e figure che dicono tutto meno che\u2026","rel":"","context":"In &quot;Coordinate&quot;","block_context":{"text":"Coordinate","link":"https:\/\/www.robertosedda.it\/?cat=52"},"img":{"alt_text":"","src":"https:\/\/i0.wp.com\/img.youtube.com\/vi\/_pBwiXZ5gN4\/0.jpg?resize=350%2C200","width":350,"height":200},"classes":[]},{"id":9470,"url":"https:\/\/www.robertosedda.it\/?p=9470","url_meta":{"origin":20339,"position":3},"title":"Persi nel labirinto: &#8220;Il minotauro&#8221; di Tammuz","author":"Rufus","date":"27\/01\/2015","format":"video","excerpt":"Ho messo oggi in linea la puntata di\u00a0Oggi parliamo di libri dedicata a\u00a0Il minotauro di Benjamin Tammuz. La puntata mi soddisfa abbastanza, ma prima di parlarne vi inviterei a entrare nell'atmosfera con il brano musicale che abbiamo usato come pausa che in realt\u00e0 non c'entra niente direttamente (appena appena l'idea\u2026","rel":"","context":"In &quot;Cappe e spade&quot;","block_context":{"text":"Cappe e spade","link":"https:\/\/www.robertosedda.it\/?cat=70"},"img":{"alt_text":"","src":"https:\/\/i0.wp.com\/www.robertosedda.it\/wp-content\/uploads\/2015\/01\/Il-minotauro.jpeg?fit=407%2C600&ssl=1&resize=350%2C200","width":350,"height":200},"classes":[]},{"id":9305,"url":"https:\/\/www.robertosedda.it\/?p=9305","url_meta":{"origin":20339,"position":4},"title":"Come diceva don Milani&#8230; o Guccini?","author":"Rufus","date":"02\/01\/2015","format":"video","excerpt":"Jimmy's Hall (Ken Loach, UK, Francia, Irlanda 2014) Ken Loach riprende il filo del suo racconto della storia d'Irlanda mettendo in scena una storia che si colloca dieci anni esatti dopo la fine degli eventi de Il vento che accarezza l'erba, nel 1932. Al governo sono arrivati i Repubblicani di\u2026","rel":"","context":"In &quot;Biografie&quot;","block_context":{"text":"Biografie","link":"https:\/\/www.robertosedda.it\/?cat=83"},"img":{"alt_text":"","src":"https:\/\/i0.wp.com\/img.youtube.com\/vi\/g0-mD_Lfjl4\/0.jpg?resize=350%2C200","width":350,"height":200},"classes":[]},{"id":1569,"url":"https:\/\/www.robertosedda.it\/?p=1569","url_meta":{"origin":20339,"position":5},"title":"Vero o falso (Tolkien e Howard)","author":"Rufus","date":"05\/12\/2012","format":false,"excerpt":"Il seguente articolo \u00e8 stato pubblicato su it.arti.fantasy il 10 marzo del 2005: l'ho ritrovato adesso nelle profondit\u00e0 cavernose del disco rigido mentre cercavo di prepararmi per Oggi parliamo di libri. Lo ripubblico adesso, con un sorriso che spero condividiate anche voi. \u00abSto rileggendo con grande divertimento la saga di\u2026","rel":"","context":"In &quot;Coordinate&quot;","block_context":{"text":"Coordinate","link":"https:\/\/www.robertosedda.it\/?cat=52"},"img":{"alt_text":"","src":"","width":0,"height":0},"classes":[]}],"_links":{"self":[{"href":"https:\/\/www.robertosedda.it\/index.php?rest_route=\/wp\/v2\/posts\/20339"}],"collection":[{"href":"https:\/\/www.robertosedda.it\/index.php?rest_route=\/wp\/v2\/posts"}],"about":[{"href":"https:\/\/www.robertosedda.it\/index.php?rest_route=\/wp\/v2\/types\/post"}],"author":[{"embeddable":true,"href":"https:\/\/www.robertosedda.it\/index.php?rest_route=\/wp\/v2\/users\/1"}],"replies":[{"embeddable":true,"href":"https:\/\/www.robertosedda.it\/index.php?rest_route=%2Fwp%2Fv2%2Fcomments&post=20339"}],"version-history":[{"count":1,"href":"https:\/\/www.robertosedda.it\/index.php?rest_route=\/wp\/v2\/posts\/20339\/revisions"}],"predecessor-version":[{"id":20341,"href":"https:\/\/www.robertosedda.it\/index.php?rest_route=\/wp\/v2\/posts\/20339\/revisions\/20341"}],"wp:featuredmedia":[{"embeddable":true,"href":"https:\/\/www.robertosedda.it\/index.php?rest_route=\/wp\/v2\/media\/20340"}],"wp:attachment":[{"href":"https:\/\/www.robertosedda.it\/index.php?rest_route=%2Fwp%2Fv2%2Fmedia&parent=20339"}],"wp:term":[{"taxonomy":"category","embeddable":true,"href":"https:\/\/www.robertosedda.it\/index.php?rest_route=%2Fwp%2Fv2%2Fcategories&post=20339"},{"taxonomy":"post_tag","embeddable":true,"href":"https:\/\/www.robertosedda.it\/index.php?rest_route=%2Fwp%2Fv2%2Ftags&post=20339"}],"curies":[{"name":"wp","href":"https:\/\/api.w.org\/{rel}","templated":true}]}}